{"id":12195,"date":"2015-01-22T12:02:20","date_gmt":"2015-01-22T11:02:20","guid":{"rendered":"https:\/\/vosgesinfo.fr\/gerardmerinfo\/2015\/01\/deces-de-mme-claire-bedel-centenaire-geromoise\/"},"modified":"2015-01-22T12:02:20","modified_gmt":"2015-01-22T11:02:20","slug":"deces-de-mme-claire-bedel-centenaire-geromoise","status":"publish","type":"post","link":"https:\/\/vosgesinfo.fr\/gerardmerinfo\/2015\/01\/deces-de-mme-claire-bedel-centenaire-geromoise\/","title":{"rendered":"D\u00e9c\u00e8s de Mme Claire B\u00e9del, centenaire G\u00e9r\u00f4moise"},"content":{"rendered":"<p>&nbsp;<\/p>\n<p><strong>Nous venons d\u2019apprendre le d\u00e9c\u00e8s dans sa 105\u00e8me ann\u00e9e de Madame Claire B\u00e9del, domicili\u00e9e Rue de la Roche \u00e0 G\u00e9rardmer et h\u00e9berg\u00e9e depuis 2 ann\u00e9es \u00e0 la Maison de retraite de Charmes.<\/strong><\/p>\n<p>N\u00e9e \u00e0 Bellefontaine (88) le 9 avril 1910, brodeuse \u00e0 domicile pour de grandes maisons de couture apr\u00e8s un certificat d\u2019\u00e9tudes brillament r\u00e9ussi, elle avait \u00e9pous\u00e9 en 1930 le g\u00e9romois Pierre B\u00e9del, alors Instituteur de son village, veuf depuis 1927 et p\u00e8re de 4 enfants.<\/p>\n<p>Sept enfants sont n\u00e9s de leur mariage , entre 1934 et 1944, dont une fille d\u00e9c\u00e9d\u00e9e en bas \u00e2ge en 1940, des suites d\u2019une broncho-pneumonie.<\/p>\n<p>Claire B\u00e9del a donc \u00e9lev\u00e9 et \u00e9duqu\u00e9 dix enfants en ces p\u00e9riodes difficiles en compagnie de son mari, ancien combattant de la guerre 1914\/18, et Directeur de l\u2019Ecole de gar\u00e7ons d\u2019Eloyes.<\/p>\n<p>A la retraite de celui-ci en 1945, le couple s\u2019installera \u00e0 Rebeuville (54), jusqu\u2019au d\u00e9c\u00e8s de Pierre en 1977, \u00e0 l\u2019\u00e2ge de 88 ans.<\/p>\n<p>Fin 1978, Madame B\u00e9del s\u2019installera alors dans la maison familiale de celui-ci, rue de la Roche \u00e0 G\u00e9rardmer. Elle ne la quittera qu\u2019en 2013 pour s\u2019installer \u00e0 la Maison de Retraite de Charmes.<\/p>\n<p>Dot\u00e9e d\u2019un solide caract\u00e8re, aimant beaucoup les contacts humains, s\u2019int\u00e9ressant et participant jusqu\u2019au bout \u00e0 la vie sociale et politique de de notre Pays, entretenant des contacts permanents avec tous les membres de sa grande famille, enfants, petits et arri\u00e8res petits-enfants, autonome jusqu\u2019\u00e0 ses derniers jours, sa disparition laissera un grand vide pour tous ceux qui la connaissaient et l\u2019appr\u00e9ciaient.<\/p>\n<p>Elle repose au fun\u00e9rarium Colinmaire, 36 all\u00e9e des Rapailles \u00e0 Epinal, o\u00f9 un dernier hommage lui sera rendu samedi 24 janvier \u00e0 15 heures.<\/p>\n","protected":false},"excerpt":{"rendered":"<p>&nbsp; Nous venons d\u2019apprendre le d\u00e9c\u00e8s dans sa 105\u00e8me ann\u00e9e de Madame Claire B\u00e9del, domicili\u00e9e Rue de la Roche \u00e0 [&hellip;]<\/p>\n","protected":false},"author":1,"featured_media":0,"comment_status":"open","ping_status":"open","sticky":false,"template":"","format":"standard","meta":{"footnotes":""},"categories":[25,43,18],"tags":[],"class_list":["post-12195","post","type-post","status-publish","format-standard","hentry","category-gerardmer","category-necrologie","category-vosges"],"acf":[],"yoast_head":"<!-- This site is optimized with the Yoast SEO plugin v22.5 - https:\/\/yoast.com\/wordpress\/plugins\/seo\/ -->\n<title>D\u00e9c\u00e8s de Mme Claire B\u00e9del, centenaire G\u00e9r\u00f4moise - Gerardmer Info<\/title>\n<meta name=\"robots\" content=\"index, follow, max-snippet:-1, max-image-preview:large, max-video-preview:-1\" \/>\n<link rel=\"canonical\" href=\"https:\/\/vosgesinfo.fr\/gerardmerinfo\/2015\/01\/deces-de-mme-claire-bedel-centenaire-geromoise\/\" \/>\n<meta name=\"twitter:card\" content=\"summary_large_image\" \/>\n<meta name=\"twitter:title\" content=\"D\u00e9c\u00e8s de Mme Claire B\u00e9del, centenaire G\u00e9r\u00f4moise - Gerardmer Info\" \/>\n<meta name=\"twitter:description\" content=\"&nbsp; Nous venons d\u2019apprendre le d\u00e9c\u00e8s dans sa 105\u00e8me ann\u00e9e de Madame Claire B\u00e9del, domicili\u00e9e Rue de la Roche \u00e0 [&hellip;]\" \/>\n<meta name=\"twitter:creator\" content=\"@VosgesInfo88\" \/>\n<meta name=\"twitter:site\" content=\"@VosgesInfo88\" \/>\n<meta name=\"twitter:label1\" content=\"\u00c9crit par\" \/>\n\t<meta name=\"twitter:data1\" content=\"qs_admin\" \/>\n\t<meta name=\"twitter:label2\" content=\"Dur\u00e9e de lecture estim\u00e9e\" \/>\n\t<meta name=\"twitter:data2\" content=\"1 minute\" \/>\n<script type=\"application\/ld+json\" class=\"yoast-schema-graph\">{\"@context\":\"https:\/\/schema.org\",\"@graph\":[{\"@type\":\"Article\",\"@id\":\"https:\/\/vosgesinfo.fr\/gerardmerinfo\/2015\/01\/deces-de-mme-claire-bedel-centenaire-geromoise\/#article\",\"isPartOf\":{\"@id\":\"https:\/\/vosgesinfo.fr\/gerardmerinfo\/2015\/01\/deces-de-mme-claire-bedel-centenaire-geromoise\/\"},\"author\":{\"name\":\"qs_admin\",\"@id\":\"https:\/\/vosgesinfo.fr\/gerardmerinfo\/#\/schema\/person\/bc5d02d71e6932e81b6dadb7386667b1\"},\"headline\":\"D\u00e9c\u00e8s de Mme Claire B\u00e9del, centenaire G\u00e9r\u00f4moise\",\"datePublished\":\"2015-01-22T11:02:20+00:00\",\"dateModified\":\"2015-01-22T11:02:20+00:00\",\"mainEntityOfPage\":{\"@id\":\"https:\/\/vosgesinfo.fr\/gerardmerinfo\/2015\/01\/deces-de-mme-claire-bedel-centenaire-geromoise\/\"},\"wordCount\":303,\"commentCount\":0,\"publisher\":{\"@id\":\"https:\/\/vosgesinfo.fr\/gerardmerinfo\/#organization\"},\"articleSection\":[\"G\u00e9rardmer\",\"N\u00e9crologie\",\"Vosges\"],\"inLanguage\":\"fr-FR\",\"potentialAction\":[{\"@type\":\"CommentAction\",\"name\":\"Comment\",\"target\":[\"https:\/\/vosgesinfo.fr\/gerardmerinfo\/2015\/01\/deces-de-mme-claire-bedel-centenaire-geromoise\/#respond\"]}]},{\"@type\":\"WebPage\",\"@id\":\"https:\/\/vosgesinfo.fr\/gerardmerinfo\/2015\/01\/deces-de-mme-claire-bedel-centenaire-geromoise\/\",\"url\":\"https:\/\/vosgesinfo.fr\/gerardmerinfo\/2015\/01\/deces-de-mme-claire-bedel-centenaire-geromoise\/\",\"name\":\"D\u00e9c\u00e8s de Mme Claire B\u00e9del, centenaire G\u00e9r\u00f4moise - Gerardmer Info\",\"isPartOf\":{\"@id\":\"https:\/\/vosgesinfo.fr\/gerardmerinfo\/#website\"},\"datePublished\":\"2015-01-22T11:02:20+00:00\",\"dateModified\":\"2015-01-22T11:02:20+00:00\",\"breadcrumb\":{\"@id\":\"https:\/\/vosgesinfo.fr\/gerardmerinfo\/2015\/01\/deces-de-mme-claire-bedel-centenaire-geromoise\/#breadcrumb\"},\"inLanguage\":\"fr-FR\",\"potentialAction\":[{\"@type\":\"ReadAction\",\"target\":[\"https:\/\/vosgesinfo.fr\/gerardmerinfo\/2015\/01\/deces-de-mme-claire-bedel-centenaire-geromoise\/\"]}]},{\"@type\":\"BreadcrumbList\",\"@id\":\"https:\/\/vosgesinfo.fr\/gerardmerinfo\/2015\/01\/deces-de-mme-claire-bedel-centenaire-geromoise\/#breadcrumb\",\"itemListElement\":[{\"@type\":\"ListItem\",\"position\":1,\"name\":\"Home\",\"item\":\"https:\/\/vosgesinfo.fr\/gerardmerinfo\/\"},{\"@type\":\"ListItem\",\"position\":2,\"name\":\"D\u00e9c\u00e8s de Mme Claire B\u00e9del, centenaire G\u00e9r\u00f4moise\"}]},{\"@type\":\"WebSite\",\"@id\":\"https:\/\/vosgesinfo.fr\/gerardmerinfo\/#website\",\"url\":\"https:\/\/vosgesinfo.fr\/gerardmerinfo\/\",\"name\":\"Gerardmer Info\",\"description\":\"Toute l&#039;actualit\u00e9 de G\u00e9rardmer\",\"publisher\":{\"@id\":\"https:\/\/vosgesinfo.fr\/gerardmerinfo\/#organization\"},\"alternateName\":\"Toute l'actualit\u00e9 de G\u00e9rardmer\",\"potentialAction\":[{\"@type\":\"SearchAction\",\"target\":{\"@type\":\"EntryPoint\",\"urlTemplate\":\"https:\/\/vosgesinfo.fr\/gerardmerinfo\/?s={search_term_string}\"},\"query-input\":\"required name=search_term_string\"}],\"inLanguage\":\"fr-FR\"},{\"@type\":\"Organization\",\"@id\":\"https:\/\/vosgesinfo.fr\/gerardmerinfo\/#organization\",\"name\":\"Gerardmer Info\",\"url\":\"https:\/\/vosgesinfo.fr\/gerardmerinfo\/\",\"logo\":{\"@type\":\"ImageObject\",\"inLanguage\":\"fr-FR\",\"@id\":\"https:\/\/vosgesinfo.fr\/gerardmerinfo\/#\/schema\/logo\/image\/\",\"url\":\"https:\/\/vosgesinfo.fr\/app\/uploads\/sites\/6\/2023\/08\/favicon-gerardmerinfo.png\",\"contentUrl\":\"https:\/\/vosgesinfo.fr\/app\/uploads\/sites\/6\/2023\/08\/favicon-gerardmerinfo.png\",\"width\":512,\"height\":512,\"caption\":\"Gerardmer Info\"},\"image\":{\"@id\":\"https:\/\/vosgesinfo.fr\/gerardmerinfo\/#\/schema\/logo\/image\/\"},\"sameAs\":[\"https:\/\/www.facebook.com\/profile.php?id=100049475262660\",\"https:\/\/x.com\/VosgesInfo88\",\"https:\/\/www.youtube.com\/@vosgesinfo\"]},{\"@type\":\"Person\",\"@id\":\"https:\/\/vosgesinfo.fr\/gerardmerinfo\/#\/schema\/person\/bc5d02d71e6932e81b6dadb7386667b1\",\"name\":\"qs_admin\",\"image\":{\"@type\":\"ImageObject\",\"inLanguage\":\"fr-FR\",\"@id\":\"https:\/\/vosgesinfo.fr\/gerardmerinfo\/#\/schema\/person\/image\/\",\"url\":\"https:\/\/secure.gravatar.com\/avatar\/94b18ee0ed79e4a42ea2f2931277b6841a8999fc6fde214600c78057cf1fe1de?s=96&d=mm&r=g\",\"contentUrl\":\"https:\/\/secure.gravatar.com\/avatar\/94b18ee0ed79e4a42ea2f2931277b6841a8999fc6fde214600c78057cf1fe1de?s=96&d=mm&r=g\",\"caption\":\"qs_admin\"},\"sameAs\":[\"https:\/\/vosgesinfo.fr\/wp\"],\"url\":\"https:\/\/vosgesinfo.fr\/gerardmerinfo\/author\/qs_admin\/\"}]}<\/script>\n<!-- \/ Yoast SEO plugin. -->","yoast_head_json":{"title":"D\u00e9c\u00e8s de Mme Claire B\u00e9del, centenaire G\u00e9r\u00f4moise - Gerardmer Info","robots":{"index":"index","follow":"follow","max-snippet":"max-snippet:-1","max-image-preview":"max-image-preview:large","max-video-preview":"max-video-preview:-1"},"canonical":"https:\/\/vosgesinfo.fr\/gerardmerinfo\/2015\/01\/deces-de-mme-claire-bedel-centenaire-geromoise\/","twitter_card":"summary_large_image","twitter_title":"D\u00e9c\u00e8s de Mme Claire B\u00e9del, centenaire G\u00e9r\u00f4moise - Gerardmer Info","twitter_description":"&nbsp; Nous venons d\u2019apprendre le d\u00e9c\u00e8s dans sa 105\u00e8me ann\u00e9e de Madame Claire B\u00e9del, domicili\u00e9e Rue de la Roche \u00e0 [&hellip;]","twitter_creator":"@VosgesInfo88","twitter_site":"@VosgesInfo88","twitter_misc":{"\u00c9crit par":"qs_admin","Dur\u00e9e de lecture estim\u00e9e":"1 minute"},"schema":{"@context":"https:\/\/schema.org","@graph":[{"@type":"Article","@id":"https:\/\/vosgesinfo.fr\/gerardmerinfo\/2015\/01\/deces-de-mme-claire-bedel-centenaire-geromoise\/#article","isPartOf":{"@id":"https:\/\/vosgesinfo.fr\/gerardmerinfo\/2015\/01\/deces-de-mme-claire-bedel-centenaire-geromoise\/"},"author":{"name":"qs_admin","@id":"https:\/\/vosgesinfo.fr\/gerardmerinfo\/#\/schema\/person\/bc5d02d71e6932e81b6dadb7386667b1"},"headline":"D\u00e9c\u00e8s de Mme Claire B\u00e9del, centenaire G\u00e9r\u00f4moise","datePublished":"2015-01-22T11:02:20+00:00","dateModified":"2015-01-22T11:02:20+00:00","mainEntityOfPage":{"@id":"https:\/\/vosgesinfo.fr\/gerardmerinfo\/2015\/01\/deces-de-mme-claire-bedel-centenaire-geromoise\/"},"wordCount":303,"commentCount":0,"publisher":{"@id":"https:\/\/vosgesinfo.fr\/gerardmerinfo\/#organization"},"articleSection":["G\u00e9rardmer","N\u00e9crologie","Vosges"],"inLanguage":"fr-FR","potentialAction":[{"@type":"CommentAction","name":"Comment","target":["https:\/\/vosgesinfo.fr\/gerardmerinfo\/2015\/01\/deces-de-mme-claire-bedel-centenaire-geromoise\/#respond"]}]},{"@type":"WebPage","@id":"https:\/\/vosgesinfo.fr\/gerardmerinfo\/2015\/01\/deces-de-mme-claire-bedel-centenaire-geromoise\/","url":"https:\/\/vosgesinfo.fr\/gerardmerinfo\/2015\/01\/deces-de-mme-claire-bedel-centenaire-geromoise\/","name":"D\u00e9c\u00e8s de Mme Claire B\u00e9del, centenaire G\u00e9r\u00f4moise - Gerardmer Info","isPartOf":{"@id":"https:\/\/vosgesinfo.fr\/gerardmerinfo\/#website"},"datePublished":"2015-01-22T11:02:20+00:00","dateModified":"2015-01-22T11:02:20+00:00","breadcrumb":{"@id":"https:\/\/vosgesinfo.fr\/gerardmerinfo\/2015\/01\/deces-de-mme-claire-bedel-centenaire-geromoise\/#breadcrumb"},"inLanguage":"fr-FR","potentialAction":[{"@type":"ReadAction","target":["https:\/\/vosgesinfo.fr\/gerardmerinfo\/2015\/01\/deces-de-mme-claire-bedel-centenaire-geromoise\/"]}]},{"@type":"BreadcrumbList","@id":"https:\/\/vosgesinfo.fr\/gerardmerinfo\/2015\/01\/deces-de-mme-claire-bedel-centenaire-geromoise\/#breadcrumb","itemListElement":[{"@type":"ListItem","position":1,"name":"Home","item":"https:\/\/vosgesinfo.fr\/gerardmerinfo\/"},{"@type":"ListItem","position":2,"name":"D\u00e9c\u00e8s de Mme Claire B\u00e9del, centenaire G\u00e9r\u00f4moise"}]},{"@type":"WebSite","@id":"https:\/\/vosgesinfo.fr\/gerardmerinfo\/#website","url":"https:\/\/vosgesinfo.fr\/gerardmerinfo\/","name":"Gerardmer Info","description":"Toute l&#039;actualit\u00e9 de G\u00e9rardmer","publisher":{"@id":"https:\/\/vosgesinfo.fr\/gerardmerinfo\/#organization"},"alternateName":"Toute l'actualit\u00e9 de G\u00e9rardmer","potentialAction":[{"@type":"SearchAction","target":{"@type":"EntryPoint","urlTemplate":"https:\/\/vosgesinfo.fr\/gerardmerinfo\/?s={search_term_string}"},"query-input":"required name=search_term_string"}],"inLanguage":"fr-FR"},{"@type":"Organization","@id":"https:\/\/vosgesinfo.fr\/gerardmerinfo\/#organization","name":"Gerardmer Info","url":"https:\/\/vosgesinfo.fr\/gerardmerinfo\/","logo":{"@type":"ImageObject","inLanguage":"fr-FR","@id":"https:\/\/vosgesinfo.fr\/gerardmerinfo\/#\/schema\/logo\/image\/","url":"https:\/\/vosgesinfo.fr\/app\/uploads\/sites\/6\/2023\/08\/favicon-gerardmerinfo.png","contentUrl":"https:\/\/vosgesinfo.fr\/app\/uploads\/sites\/6\/2023\/08\/favicon-gerardmerinfo.png","width":512,"height":512,"caption":"Gerardmer Info"},"image":{"@id":"https:\/\/vosgesinfo.fr\/gerardmerinfo\/#\/schema\/logo\/image\/"},"sameAs":["https:\/\/www.facebook.com\/profile.php?id=100049475262660","https:\/\/x.com\/VosgesInfo88","https:\/\/www.youtube.com\/@vosgesinfo"]},{"@type":"Person","@id":"https:\/\/vosgesinfo.fr\/gerardmerinfo\/#\/schema\/person\/bc5d02d71e6932e81b6dadb7386667b1","name":"qs_admin","image":{"@type":"ImageObject","inLanguage":"fr-FR","@id":"https:\/\/vosgesinfo.fr\/gerardmerinfo\/#\/schema\/person\/image\/","url":"https:\/\/secure.gravatar.com\/avatar\/94b18ee0ed79e4a42ea2f2931277b6841a8999fc6fde214600c78057cf1fe1de?s=96&d=mm&r=g","contentUrl":"https:\/\/secure.gravatar.com\/avatar\/94b18ee0ed79e4a42ea2f2931277b6841a8999fc6fde214600c78057cf1fe1de?s=96&d=mm&r=g","caption":"qs_admin"},"sameAs":["https:\/\/vosgesinfo.fr\/wp"],"url":"https:\/\/vosgesinfo.fr\/gerardmerinfo\/author\/qs_admin\/"}]}},"_links":{"self":[{"href":"https:\/\/vosgesinfo.fr\/gerardmerinfo\/wp-json\/wp\/v2\/posts\/12195","targetHints":{"allow":["GET"]}}],"collection":[{"href":"https:\/\/vosgesinfo.fr\/gerardmerinfo\/wp-json\/wp\/v2\/posts"}],"about":[{"href":"https:\/\/vosgesinfo.fr\/gerardmerinfo\/wp-json\/wp\/v2\/types\/post"}],"author":[{"embeddable":true,"href":"https:\/\/vosgesinfo.fr\/gerardmerinfo\/wp-json\/wp\/v2\/users\/1"}],"replies":[{"embeddable":true,"href":"https:\/\/vosgesinfo.fr\/gerardmerinfo\/wp-json\/wp\/v2\/comments?post=12195"}],"version-history":[{"count":0,"href":"https:\/\/vosgesinfo.fr\/gerardmerinfo\/wp-json\/wp\/v2\/posts\/12195\/revisions"}],"wp:attachment":[{"href":"https:\/\/vosgesinfo.fr\/gerardmerinfo\/wp-json\/wp\/v2\/media?parent=12195"}],"wp:term":[{"taxonomy":"category","embeddable":true,"href":"https:\/\/vosgesinfo.fr\/gerardmerinfo\/wp-json\/wp\/v2\/categories?post=12195"},{"taxonomy":"post_tag","embeddable":true,"href":"https:\/\/vosgesinfo.fr\/gerardmerinfo\/wp-json\/wp\/v2\/tags?post=12195"}],"curies":[{"name":"wp","href":"https:\/\/api.w.org\/{rel}","templated":true}]}}