{"id":12199,"date":"2015-01-22T17:35:17","date_gmt":"2015-01-22T16:35:17","guid":{"rendered":"https:\/\/vosgesinfo.fr\/gerardmerinfo\/2015\/01\/fred-dieudonne-victime-dun-malaise-fatal\/"},"modified":"2015-01-22T17:35:17","modified_gmt":"2015-01-22T16:35:17","slug":"fred-dieudonne-victime-dun-malaise-fatal","status":"publish","type":"post","link":"https:\/\/vosgesinfo.fr\/gerardmerinfo\/2015\/01\/fred-dieudonne-victime-dun-malaise-fatal\/","title":{"rendered":"Fred  Dieudonn\u00e9 victime d&rsquo;un malaise fatal"},"content":{"rendered":" <span style=\"color: #ff0000;\">Fred Dieudonn\u00e9 \u00e9tait tr\u00e8s pr\u00e9sent dans la vie associative locale<\/span>\n<p>C&rsquo;est un v\u00e9ritable coup de massue qui s&rsquo;est abattu ce jeudi sur la population g\u00e9r\u00f4moise apr\u00e8s le d\u00e9c\u00e8s annonc\u00e9 de Fred Dieudonn\u00e9. Parti en d\u00e9but d\u2019apr\u00e8s-midi faire du ski de fond sur les pistes du Tanet,\u00a0 il \u00e9tait victime d&rsquo;un malaise cardiaque qui lui \u00e9tait fatal. Malgr\u00e9 la pr\u00e9sence d&rsquo;un m\u00e9decin\u00a0 qui lui portait les premiers secours\u00a0 avant m\u00eame l&rsquo; intervention du peloton de gendarmerie de Xonrupt et des pompiers de G\u00e9rardmer,\u00a0 Fred n&rsquo;a malheureusement\u00a0 pu \u00eatre r\u00e9anim\u00e9 alors que rien ne semblait le pr\u00e9disposer \u00e0 un tel malaise.<\/p>\n<p>Fred Dieudonn\u00e9 \u00e9tait une vraie figure locale qui \u00e9tait investi dans le monde du sport depuis toujours.\u00a0 Basketteur de bon niveau, triathl\u00e8te \u00e9m\u00e9rite, il touchait un peu \u00e0 toutes les disciples et devenait, il y a quelques ann\u00e9es, pr\u00e9sident du club de volley succ\u00e9dant \u00e0 une autre figure locale disparue pr\u00e9matur\u00e9ment Philippe David.<\/p>\n<p>Fred, qui \u00e9tait n\u00e9 en 1966,\u00a0 \u00e9tait depuis peu maitre nageur \u00e0 la piscine municipale apr\u00e8s avoir \u00e9t\u00e9 tr\u00e8s longtemps employ\u00e9 au service des eaux de la commune. Sa disparition fait \u00e9cho bien au del\u00e0 du monde du sport. Le d\u00e9funt \u00e9tait un homme int\u00e8gre, honn\u00eate, tranchant toujours au service des causes qu&rsquo;il servait avec passion. \u00ab\u00a0Q<em>uelqu&rsquo;un de bien<\/em> \u00ab\u00a0pr\u00e9cise le maire Stessy Speissmann qui s&rsquo;est rendu en fin d&rsquo;apr\u00e8s-midi aupr\u00e8s de sa famille. Nous reviendrons plus en d\u00e9tail sur la vie du g\u00e9r\u00f4mois qui demeurait aux Gouttridos.<\/p>\n<p>Dans ses moments particuli\u00e8rement p\u00e9nibles, nous pensons \u00e0 son \u00e9pouse Nathalie, et ses 3 enfants Lo\u00efc, Mathieu et Lily.<\/p>\n<p>&nbsp;<\/p>\n","protected":false},"excerpt":{"rendered":"<p>C&rsquo;est un v\u00e9ritable coup de massue qui s&rsquo;est abattu ce jeudi sur la population g\u00e9r\u00f4moise apr\u00e8s le d\u00e9c\u00e8s annonc\u00e9 de [&hellip;]<\/p>\n","protected":false},"author":1,"featured_media":0,"comment_status":"open","ping_status":"open","sticky":false,"template":"","format":"standard","meta":{"footnotes":""},"categories":[8,14,17],"tags":[],"class_list":["post-12199","post","type-post","status-publish","format-standard","hentry","category-faits-divers","category-sport","category-vie-associative"],"acf":[],"yoast_head":"<!-- This site is optimized with the Yoast SEO plugin v22.5 - https:\/\/yoast.com\/wordpress\/plugins\/seo\/ -->\n<title>Fred Dieudonn\u00e9 victime d&#039;un malaise fatal - Gerardmer Info<\/title>\n<meta name=\"robots\" content=\"index, follow, max-snippet:-1, max-image-preview:large, max-video-preview:-1\" \/>\n<link rel=\"canonical\" href=\"https:\/\/vosgesinfo.fr\/gerardmerinfo\/2015\/01\/fred-dieudonne-victime-dun-malaise-fatal\/\" \/>\n<meta name=\"twitter:card\" content=\"summary_large_image\" \/>\n<meta name=\"twitter:title\" content=\"Fred Dieudonn\u00e9 victime d&#039;un malaise fatal - Gerardmer Info\" \/>\n<meta name=\"twitter:description\" content=\"C&rsquo;est un v\u00e9ritable coup de massue qui s&rsquo;est abattu ce jeudi sur la population g\u00e9r\u00f4moise apr\u00e8s le d\u00e9c\u00e8s annonc\u00e9 de [&hellip;]\" \/>\n<meta name=\"twitter:creator\" content=\"@VosgesInfo88\" \/>\n<meta name=\"twitter:site\" content=\"@VosgesInfo88\" \/>\n<meta name=\"twitter:label1\" content=\"\u00c9crit par\" \/>\n\t<meta name=\"twitter:data1\" content=\"qs_admin\" \/>\n\t<meta name=\"twitter:label2\" content=\"Dur\u00e9e de lecture estim\u00e9e\" \/>\n\t<meta name=\"twitter:data2\" content=\"1 minute\" \/>\n<script type=\"application\/ld+json\" class=\"yoast-schema-graph\">{\"@context\":\"https:\/\/schema.org\",\"@graph\":[{\"@type\":\"Article\",\"@id\":\"https:\/\/vosgesinfo.fr\/gerardmerinfo\/2015\/01\/fred-dieudonne-victime-dun-malaise-fatal\/#article\",\"isPartOf\":{\"@id\":\"https:\/\/vosgesinfo.fr\/gerardmerinfo\/2015\/01\/fred-dieudonne-victime-dun-malaise-fatal\/\"},\"author\":{\"name\":\"qs_admin\",\"@id\":\"https:\/\/vosgesinfo.fr\/gerardmerinfo\/#\/schema\/person\/bc5d02d71e6932e81b6dadb7386667b1\"},\"headline\":\"Fred Dieudonn\u00e9 victime d&rsquo;un malaise fatal\",\"datePublished\":\"2015-01-22T16:35:17+00:00\",\"dateModified\":\"2015-01-22T16:35:17+00:00\",\"mainEntityOfPage\":{\"@id\":\"https:\/\/vosgesinfo.fr\/gerardmerinfo\/2015\/01\/fred-dieudonne-victime-dun-malaise-fatal\/\"},\"wordCount\":314,\"commentCount\":0,\"publisher\":{\"@id\":\"https:\/\/vosgesinfo.fr\/gerardmerinfo\/#organization\"},\"articleSection\":[\"Faits-divers\",\"Sport\",\"Vie Associative\"],\"inLanguage\":\"fr-FR\",\"potentialAction\":[{\"@type\":\"CommentAction\",\"name\":\"Comment\",\"target\":[\"https:\/\/vosgesinfo.fr\/gerardmerinfo\/2015\/01\/fred-dieudonne-victime-dun-malaise-fatal\/#respond\"]}]},{\"@type\":\"WebPage\",\"@id\":\"https:\/\/vosgesinfo.fr\/gerardmerinfo\/2015\/01\/fred-dieudonne-victime-dun-malaise-fatal\/\",\"url\":\"https:\/\/vosgesinfo.fr\/gerardmerinfo\/2015\/01\/fred-dieudonne-victime-dun-malaise-fatal\/\",\"name\":\"Fred Dieudonn\u00e9 victime d'un malaise fatal - Gerardmer Info\",\"isPartOf\":{\"@id\":\"https:\/\/vosgesinfo.fr\/gerardmerinfo\/#website\"},\"datePublished\":\"2015-01-22T16:35:17+00:00\",\"dateModified\":\"2015-01-22T16:35:17+00:00\",\"breadcrumb\":{\"@id\":\"https:\/\/vosgesinfo.fr\/gerardmerinfo\/2015\/01\/fred-dieudonne-victime-dun-malaise-fatal\/#breadcrumb\"},\"inLanguage\":\"fr-FR\",\"potentialAction\":[{\"@type\":\"ReadAction\",\"target\":[\"https:\/\/vosgesinfo.fr\/gerardmerinfo\/2015\/01\/fred-dieudonne-victime-dun-malaise-fatal\/\"]}]},{\"@type\":\"BreadcrumbList\",\"@id\":\"https:\/\/vosgesinfo.fr\/gerardmerinfo\/2015\/01\/fred-dieudonne-victime-dun-malaise-fatal\/#breadcrumb\",\"itemListElement\":[{\"@type\":\"ListItem\",\"position\":1,\"name\":\"Home\",\"item\":\"https:\/\/vosgesinfo.fr\/gerardmerinfo\/\"},{\"@type\":\"ListItem\",\"position\":2,\"name\":\"Fred Dieudonn\u00e9 victime d&rsquo;un malaise fatal\"}]},{\"@type\":\"WebSite\",\"@id\":\"https:\/\/vosgesinfo.fr\/gerardmerinfo\/#website\",\"url\":\"https:\/\/vosgesinfo.fr\/gerardmerinfo\/\",\"name\":\"Gerardmer Info\",\"description\":\"Toute l&#039;actualit\u00e9 de G\u00e9rardmer\",\"publisher\":{\"@id\":\"https:\/\/vosgesinfo.fr\/gerardmerinfo\/#organization\"},\"alternateName\":\"Toute l'actualit\u00e9 de G\u00e9rardmer\",\"potentialAction\":[{\"@type\":\"SearchAction\",\"target\":{\"@type\":\"EntryPoint\",\"urlTemplate\":\"https:\/\/vosgesinfo.fr\/gerardmerinfo\/?s={search_term_string}\"},\"query-input\":\"required name=search_term_string\"}],\"inLanguage\":\"fr-FR\"},{\"@type\":\"Organization\",\"@id\":\"https:\/\/vosgesinfo.fr\/gerardmerinfo\/#organization\",\"name\":\"Gerardmer Info\",\"url\":\"https:\/\/vosgesinfo.fr\/gerardmerinfo\/\",\"logo\":{\"@type\":\"ImageObject\",\"inLanguage\":\"fr-FR\",\"@id\":\"https:\/\/vosgesinfo.fr\/gerardmerinfo\/#\/schema\/logo\/image\/\",\"url\":\"https:\/\/vosgesinfo.fr\/app\/uploads\/sites\/6\/2023\/08\/favicon-gerardmerinfo.png\",\"contentUrl\":\"https:\/\/vosgesinfo.fr\/app\/uploads\/sites\/6\/2023\/08\/favicon-gerardmerinfo.png\",\"width\":512,\"height\":512,\"caption\":\"Gerardmer Info\"},\"image\":{\"@id\":\"https:\/\/vosgesinfo.fr\/gerardmerinfo\/#\/schema\/logo\/image\/\"},\"sameAs\":[\"https:\/\/www.facebook.com\/profile.php?id=100049475262660\",\"https:\/\/x.com\/VosgesInfo88\",\"https:\/\/www.youtube.com\/@vosgesinfo\"]},{\"@type\":\"Person\",\"@id\":\"https:\/\/vosgesinfo.fr\/gerardmerinfo\/#\/schema\/person\/bc5d02d71e6932e81b6dadb7386667b1\",\"name\":\"qs_admin\",\"image\":{\"@type\":\"ImageObject\",\"inLanguage\":\"fr-FR\",\"@id\":\"https:\/\/vosgesinfo.fr\/gerardmerinfo\/#\/schema\/person\/image\/\",\"url\":\"https:\/\/secure.gravatar.com\/avatar\/94b18ee0ed79e4a42ea2f2931277b6841a8999fc6fde214600c78057cf1fe1de?s=96&d=mm&r=g\",\"contentUrl\":\"https:\/\/secure.gravatar.com\/avatar\/94b18ee0ed79e4a42ea2f2931277b6841a8999fc6fde214600c78057cf1fe1de?s=96&d=mm&r=g\",\"caption\":\"qs_admin\"},\"sameAs\":[\"https:\/\/vosgesinfo.fr\/wp\"],\"url\":\"https:\/\/vosgesinfo.fr\/gerardmerinfo\/author\/qs_admin\/\"}]}<\/script>\n<!-- \/ Yoast SEO plugin. -->","yoast_head_json":{"title":"Fred Dieudonn\u00e9 victime d'un malaise fatal - Gerardmer Info","robots":{"index":"index","follow":"follow","max-snippet":"max-snippet:-1","max-image-preview":"max-image-preview:large","max-video-preview":"max-video-preview:-1"},"canonical":"https:\/\/vosgesinfo.fr\/gerardmerinfo\/2015\/01\/fred-dieudonne-victime-dun-malaise-fatal\/","twitter_card":"summary_large_image","twitter_title":"Fred Dieudonn\u00e9 victime d'un malaise fatal - Gerardmer Info","twitter_description":"C&rsquo;est un v\u00e9ritable coup de massue qui s&rsquo;est abattu ce jeudi sur la population g\u00e9r\u00f4moise apr\u00e8s le d\u00e9c\u00e8s annonc\u00e9 de [&hellip;]","twitter_creator":"@VosgesInfo88","twitter_site":"@VosgesInfo88","twitter_misc":{"\u00c9crit par":"qs_admin","Dur\u00e9e de lecture estim\u00e9e":"1 minute"},"schema":{"@context":"https:\/\/schema.org","@graph":[{"@type":"Article","@id":"https:\/\/vosgesinfo.fr\/gerardmerinfo\/2015\/01\/fred-dieudonne-victime-dun-malaise-fatal\/#article","isPartOf":{"@id":"https:\/\/vosgesinfo.fr\/gerardmerinfo\/2015\/01\/fred-dieudonne-victime-dun-malaise-fatal\/"},"author":{"name":"qs_admin","@id":"https:\/\/vosgesinfo.fr\/gerardmerinfo\/#\/schema\/person\/bc5d02d71e6932e81b6dadb7386667b1"},"headline":"Fred Dieudonn\u00e9 victime d&rsquo;un malaise fatal","datePublished":"2015-01-22T16:35:17+00:00","dateModified":"2015-01-22T16:35:17+00:00","mainEntityOfPage":{"@id":"https:\/\/vosgesinfo.fr\/gerardmerinfo\/2015\/01\/fred-dieudonne-victime-dun-malaise-fatal\/"},"wordCount":314,"commentCount":0,"publisher":{"@id":"https:\/\/vosgesinfo.fr\/gerardmerinfo\/#organization"},"articleSection":["Faits-divers","Sport","Vie Associative"],"inLanguage":"fr-FR","potentialAction":[{"@type":"CommentAction","name":"Comment","target":["https:\/\/vosgesinfo.fr\/gerardmerinfo\/2015\/01\/fred-dieudonne-victime-dun-malaise-fatal\/#respond"]}]},{"@type":"WebPage","@id":"https:\/\/vosgesinfo.fr\/gerardmerinfo\/2015\/01\/fred-dieudonne-victime-dun-malaise-fatal\/","url":"https:\/\/vosgesinfo.fr\/gerardmerinfo\/2015\/01\/fred-dieudonne-victime-dun-malaise-fatal\/","name":"Fred Dieudonn\u00e9 victime d'un malaise fatal - Gerardmer Info","isPartOf":{"@id":"https:\/\/vosgesinfo.fr\/gerardmerinfo\/#website"},"datePublished":"2015-01-22T16:35:17+00:00","dateModified":"2015-01-22T16:35:17+00:00","breadcrumb":{"@id":"https:\/\/vosgesinfo.fr\/gerardmerinfo\/2015\/01\/fred-dieudonne-victime-dun-malaise-fatal\/#breadcrumb"},"inLanguage":"fr-FR","potentialAction":[{"@type":"ReadAction","target":["https:\/\/vosgesinfo.fr\/gerardmerinfo\/2015\/01\/fred-dieudonne-victime-dun-malaise-fatal\/"]}]},{"@type":"BreadcrumbList","@id":"https:\/\/vosgesinfo.fr\/gerardmerinfo\/2015\/01\/fred-dieudonne-victime-dun-malaise-fatal\/#breadcrumb","itemListElement":[{"@type":"ListItem","position":1,"name":"Home","item":"https:\/\/vosgesinfo.fr\/gerardmerinfo\/"},{"@type":"ListItem","position":2,"name":"Fred Dieudonn\u00e9 victime d&rsquo;un malaise fatal"}]},{"@type":"WebSite","@id":"https:\/\/vosgesinfo.fr\/gerardmerinfo\/#website","url":"https:\/\/vosgesinfo.fr\/gerardmerinfo\/","name":"Gerardmer Info","description":"Toute l&#039;actualit\u00e9 de G\u00e9rardmer","publisher":{"@id":"https:\/\/vosgesinfo.fr\/gerardmerinfo\/#organization"},"alternateName":"Toute l'actualit\u00e9 de G\u00e9rardmer","potentialAction":[{"@type":"SearchAction","target":{"@type":"EntryPoint","urlTemplate":"https:\/\/vosgesinfo.fr\/gerardmerinfo\/?s={search_term_string}"},"query-input":"required name=search_term_string"}],"inLanguage":"fr-FR"},{"@type":"Organization","@id":"https:\/\/vosgesinfo.fr\/gerardmerinfo\/#organization","name":"Gerardmer Info","url":"https:\/\/vosgesinfo.fr\/gerardmerinfo\/","logo":{"@type":"ImageObject","inLanguage":"fr-FR","@id":"https:\/\/vosgesinfo.fr\/gerardmerinfo\/#\/schema\/logo\/image\/","url":"https:\/\/vosgesinfo.fr\/app\/uploads\/sites\/6\/2023\/08\/favicon-gerardmerinfo.png","contentUrl":"https:\/\/vosgesinfo.fr\/app\/uploads\/sites\/6\/2023\/08\/favicon-gerardmerinfo.png","width":512,"height":512,"caption":"Gerardmer Info"},"image":{"@id":"https:\/\/vosgesinfo.fr\/gerardmerinfo\/#\/schema\/logo\/image\/"},"sameAs":["https:\/\/www.facebook.com\/profile.php?id=100049475262660","https:\/\/x.com\/VosgesInfo88","https:\/\/www.youtube.com\/@vosgesinfo"]},{"@type":"Person","@id":"https:\/\/vosgesinfo.fr\/gerardmerinfo\/#\/schema\/person\/bc5d02d71e6932e81b6dadb7386667b1","name":"qs_admin","image":{"@type":"ImageObject","inLanguage":"fr-FR","@id":"https:\/\/vosgesinfo.fr\/gerardmerinfo\/#\/schema\/person\/image\/","url":"https:\/\/secure.gravatar.com\/avatar\/94b18ee0ed79e4a42ea2f2931277b6841a8999fc6fde214600c78057cf1fe1de?s=96&d=mm&r=g","contentUrl":"https:\/\/secure.gravatar.com\/avatar\/94b18ee0ed79e4a42ea2f2931277b6841a8999fc6fde214600c78057cf1fe1de?s=96&d=mm&r=g","caption":"qs_admin"},"sameAs":["https:\/\/vosgesinfo.fr\/wp"],"url":"https:\/\/vosgesinfo.fr\/gerardmerinfo\/author\/qs_admin\/"}]}},"_links":{"self":[{"href":"https:\/\/vosgesinfo.fr\/gerardmerinfo\/wp-json\/wp\/v2\/posts\/12199","targetHints":{"allow":["GET"]}}],"collection":[{"href":"https:\/\/vosgesinfo.fr\/gerardmerinfo\/wp-json\/wp\/v2\/posts"}],"about":[{"href":"https:\/\/vosgesinfo.fr\/gerardmerinfo\/wp-json\/wp\/v2\/types\/post"}],"author":[{"embeddable":true,"href":"https:\/\/vosgesinfo.fr\/gerardmerinfo\/wp-json\/wp\/v2\/users\/1"}],"replies":[{"embeddable":true,"href":"https:\/\/vosgesinfo.fr\/gerardmerinfo\/wp-json\/wp\/v2\/comments?post=12199"}],"version-history":[{"count":0,"href":"https:\/\/vosgesinfo.fr\/gerardmerinfo\/wp-json\/wp\/v2\/posts\/12199\/revisions"}],"wp:attachment":[{"href":"https:\/\/vosgesinfo.fr\/gerardmerinfo\/wp-json\/wp\/v2\/media?parent=12199"}],"wp:term":[{"taxonomy":"category","embeddable":true,"href":"https:\/\/vosgesinfo.fr\/gerardmerinfo\/wp-json\/wp\/v2\/categories?post=12199"},{"taxonomy":"post_tag","embeddable":true,"href":"https:\/\/vosgesinfo.fr\/gerardmerinfo\/wp-json\/wp\/v2\/tags?post=12199"}],"curies":[{"name":"wp","href":"https:\/\/api.w.org\/{rel}","templated":true}]}}