{"id":12219,"date":"2015-01-26T18:05:01","date_gmt":"2015-01-26T17:05:01","guid":{"rendered":"https:\/\/vosgesinfo.fr\/gerardmerinfo\/2015\/01\/pour-ou-contre-la-corrida\/"},"modified":"2015-01-26T18:05:01","modified_gmt":"2015-01-26T17:05:01","slug":"pour-ou-contre-la-corrida","status":"publish","type":"post","link":"https:\/\/vosgesinfo.fr\/gerardmerinfo\/2015\/01\/pour-ou-contre-la-corrida\/","title":{"rendered":"Pour ou contre la corrida ?"},"content":{"rendered":" Le tirage au sort en a voulu ainsi : les G\u00e9r\u00f4mois Faustine et Ma\u00ebl devront d\u00e9fendre la corrida dans cette premi\u00e8re \u00e9preuve du concours.\n<p><span style=\"color: #000000;\"><span style=\"font-family: 'Times New Roman', serif;\"><span style=\"font-size: medium;\">Vendredi dernier avait lieu la premi\u00e8re \u00e9preuve du Concours d&rsquo;Eloquence du Rotary Club de G\u00e9rard mer \u00e0 la salle des Armes de l&rsquo;H\u00f4tel de Ville.<br \/>\nUne rencontre qui a oppos\u00e9 une \u00e9quipe compos\u00e9e d&rsquo;\u00e9l\u00e8ves du Lyc\u00e9e de la Haie Griselle \u00e0 une autre compos\u00e9e d&rsquo;\u00e9l\u00e8ves du Lyc\u00e9e St Pierre Fourrier de Lun\u00e9ville, \u00e9tablissement qui signait l\u00e0 sa premi\u00e8re participation au Concours d&rsquo;Eloquence. <\/span><\/span><\/span><\/p>\n Premi\u00e8re participation pour le lyc\u00e9e Fourier de Lun\u00e9ville repr\u00e9sent\u00e9 par les \u00e9l\u00e8ves de 2de Valentine et Ylena\n<p><span style=\"color: #000000;\"><span style=\"font-family: 'Times New Roman', serif;\"><span style=\"font-size: medium;\">A cette occasion, pr\u00e9cisons que des membres du Rotary Lun\u00e9villois avaient \u00e9galement fait le d\u00e9placement en compagnie de la d\u00e9l\u00e9gation du lyc\u00e9e Saint-Pierre Fourier. Celle-ci \u00e9tait emmen\u00e9e par le professeur de Lettres Delphine Vinkler et sa classe de seconde\u00a0; le proviseur Magali Alison, ainsi que le professeur d&rsquo;Anglais Ginette Gauthier. Tous \u00e9taient pr\u00e9sents afin de soutenir leur \u00e9quipe compos\u00e9e de Valentine Neusch et Ylena Seyler. <\/span><\/span><\/span><\/p>\n Le duo de la Haie-Griselle compos\u00e9 de \u00a0Faustine Imbert \u00a0et Ma\u00ebl Flanot a remport\u00e9 ce duel qui s&rsquo;est d\u00e9roul\u00e9 \u00e0 la salle des Armes de l&rsquo;H\u00f4tel de Ville. Quoi de plus naturel pour une joute&#8230;verbale !\n<p><span style=\"color: #000000;\"><span style=\"font-family: 'Times New Roman', serif;\"><span style=\"font-size: medium;\">Du c\u00f4t\u00e9 de la Haie-Griselle, on retrouvait l&rsquo;inalt\u00e9rable professeur de lettres Michel Joly accompagn\u00e9 de ses \u00e9l\u00e8ves de TL dont font partie le duo qui participe au concours\u00a0: Faustine Imbert et Ma\u00ebl Flanot. Quant au ma\u00eetre de c\u00e9r\u00e9monie de rendez-vous culturel et conviviale o\u00f9 la plume pr\u00e9vaut toujours sur l&rsquo;\u00e9p\u00e9e, on ne le pr\u00e9sente plus, il s&rsquo;agissait bien entendu de Fran\u00e7ois Laubascher. <\/span><\/span><\/span><\/p>\n<p><span style=\"color: #000000;\"><span style=\"font-family: 'Times New Roman', serif;\"><span style=\"font-size: medium;\">Ce dernier rappellera d&rsquo;ailleurs avant le d\u00e9but de l&rsquo;\u00e9preuve qu&rsquo;il est encore bon de pouvoir se r\u00e9unir pour pouvoir discuter et d\u00e9battre de tout, en toute libert\u00e9, simplement et pour le plaisir et l&rsquo;amour du bon mot, pour la verve, pour l&rsquo;\u00e9loquence\u00a0!<\/span><\/span><\/span><\/p>\n Chaque \u00e9tablissement avait fait le d\u00e9placement avec ses supporters\n<p><span style=\"color: #000000;\"><span style=\"font-family: 'Times New Roman', serif;\"><span style=\"font-size: medium;\">Pour les novices, rappelons qu&rsquo;une premi\u00e8re \u00e9preuve \u00e9tait comme toujours pr\u00e9vue sur un sujet connu \u00e0 l&rsquo;avance par les deux \u00e9quipes mais dont la position \u00e0 d\u00e9fendre \u00e9tait tir\u00e9 au sort juste avant le d\u00e9but de la joute verbale histoire de pimenter un peu tout cela&#8230; Le sujet retenu cette ann\u00e9e\u00a0: \u00ab\u00a0Pour ou contre la corrida ?\u00a0\u00bb.<\/span><\/span><\/span><span style=\"color: #000000;\"><span style=\"font-family: 'Times New Roman', serif;\"><span style=\"font-size: medium;\"><br \/>\nL&rsquo;\u00e9preuve s&rsquo;est enfin conclue sur ce que les cr\u00e9ateurs du concours ont nomm\u00e9 les<\/span><\/span><\/span><span style=\"color: #000000;\"><span style=\"font-family: 'Times New Roman', serif;\"><span style=\"font-size: medium;\"> \u00ab\u00a0Jonquilles\u00a0\u00bb, ces questions loufoques inconnues tir\u00e9es au sort et trait\u00e9es dans la foul\u00e9e en 5 minutes chrono. Chaque \u00e9quipe tire une jonquille et, comme pour la question \u00e0 d\u00e9battre, le public est pr\u00e9sent pour poser ses questions, relancer le d\u00e9bat, ou faire choir l&rsquo;\u00e9quipe adverse\u00a0!!<\/span><\/span><\/span><span style=\"color: #000000;\"><span style=\"font-family: 'Times New Roman', serif;\"><span style=\"font-size: medium;\"><br \/>\n<\/span><\/span><\/span><\/p>\n Un jury compos\u00e9 de membres du Rotary et d&rsquo;amis du club service G\u00e9r\u00f4mois et Lun\u00e9villois\n<p><span style=\"color: #000000;\"><span style=\"font-family: 'Times New Roman', serif;\"><span style=\"font-size: medium;\">Et \u00e0 ce petit jeu, c&rsquo;est le bin\u00f4me g\u00e9r\u00f4mois qui s&rsquo;est montr\u00e9 le plus flamboyant. Il faut dire que l&rsquo;\u00e9quipe \u00e9tait un peu plus exp\u00e9riment\u00e9e puisqu&rsquo;\u00e9voluant en terminale. Pour leur premi\u00e8re prestation, les deux demoiselles du lyc\u00e9e lun\u00e9villois ont cependant fait tr\u00e8s bonne impression aupr\u00e8s du public comme du jury \u00ab\u00a0d&rsquo;experts&rsquo;, membres du Rotary ou amis du club service.<\/span><\/span><\/span><\/p>\n<p><span style=\"color: #000000;\"><span style=\"font-family: 'Times New Roman', serif;\"><span style=\"font-size: medium;\">Notez enfin que la grande <\/span><\/span><\/span><span style=\"color: #000000;\"><span style=\"font-family: 'Times New Roman', serif;\"><span style=\"font-size: medium;\">finale\u00a0 du concours aura lieu le 27 mars \u00e0 18 h 00 \u00e0 l\u2019Espace Lac<\/span><\/span><\/span><span style=\"color: #000000;\"><span style=\"font-family: 'Times New Roman', serif;\"><span style=\"font-size: medium;\"> de G\u00e9rardmer.<\/span><\/span><\/span><\/p>\n","protected":false},"excerpt":{"rendered":"<p>Vendredi dernier avait lieu la premi\u00e8re \u00e9preuve du Concours d&rsquo;Eloquence du Rotary Club de G\u00e9rard mer \u00e0 la salle des [&hellip;]<\/p>\n","protected":false},"author":42,"featured_media":0,"comment_status":"open","ping_status":"open","sticky":false,"template":"","format":"standard","meta":{"footnotes":""},"categories":[4],"tags":[],"class_list":["post-12219","post","type-post","status-publish","format-standard","hentry","category-culture"],"acf":[],"yoast_head":"<!-- This site is optimized with the Yoast SEO plugin v22.5 - https:\/\/yoast.com\/wordpress\/plugins\/seo\/ -->\n<title>Pour ou contre la corrida ? - Gerardmer Info<\/title>\n<meta name=\"robots\" content=\"index, follow, max-snippet:-1, max-image-preview:large, max-video-preview:-1\" \/>\n<link rel=\"canonical\" href=\"https:\/\/vosgesinfo.fr\/gerardmerinfo\/2015\/01\/pour-ou-contre-la-corrida\/\" \/>\n<meta name=\"twitter:card\" content=\"summary_large_image\" \/>\n<meta name=\"twitter:title\" content=\"Pour ou contre la corrida ? - Gerardmer Info\" \/>\n<meta name=\"twitter:description\" content=\"Vendredi dernier avait lieu la premi\u00e8re \u00e9preuve du Concours d&rsquo;Eloquence du Rotary Club de G\u00e9rard mer \u00e0 la salle des [&hellip;]\" \/>\n<meta name=\"twitter:creator\" content=\"@VosgesInfo88\" \/>\n<meta name=\"twitter:site\" content=\"@VosgesInfo88\" \/>\n<meta name=\"twitter:label1\" content=\"\u00c9crit par\" \/>\n\t<meta name=\"twitter:data1\" content=\"QG\" \/>\n\t<meta name=\"twitter:label2\" content=\"Dur\u00e9e de lecture estim\u00e9e\" \/>\n\t<meta name=\"twitter:data2\" content=\"3 minutes\" \/>\n<script type=\"application\/ld+json\" class=\"yoast-schema-graph\">{\"@context\":\"https:\/\/schema.org\",\"@graph\":[{\"@type\":\"Article\",\"@id\":\"https:\/\/vosgesinfo.fr\/gerardmerinfo\/2015\/01\/pour-ou-contre-la-corrida\/#article\",\"isPartOf\":{\"@id\":\"https:\/\/vosgesinfo.fr\/gerardmerinfo\/2015\/01\/pour-ou-contre-la-corrida\/\"},\"author\":{\"name\":\"QG\",\"@id\":\"https:\/\/vosgesinfo.fr\/gerardmerinfo\/#\/schema\/person\/db5605779a843dad16b5368f3e7613a5\"},\"headline\":\"Pour ou contre la corrida ?\",\"datePublished\":\"2015-01-26T17:05:01+00:00\",\"dateModified\":\"2015-01-26T17:05:01+00:00\",\"mainEntityOfPage\":{\"@id\":\"https:\/\/vosgesinfo.fr\/gerardmerinfo\/2015\/01\/pour-ou-contre-la-corrida\/\"},\"wordCount\":656,\"commentCount\":0,\"publisher\":{\"@id\":\"https:\/\/vosgesinfo.fr\/gerardmerinfo\/#organization\"},\"articleSection\":[\"Culture\"],\"inLanguage\":\"fr-FR\",\"potentialAction\":[{\"@type\":\"CommentAction\",\"name\":\"Comment\",\"target\":[\"https:\/\/vosgesinfo.fr\/gerardmerinfo\/2015\/01\/pour-ou-contre-la-corrida\/#respond\"]}]},{\"@type\":\"WebPage\",\"@id\":\"https:\/\/vosgesinfo.fr\/gerardmerinfo\/2015\/01\/pour-ou-contre-la-corrida\/\",\"url\":\"https:\/\/vosgesinfo.fr\/gerardmerinfo\/2015\/01\/pour-ou-contre-la-corrida\/\",\"name\":\"Pour ou contre la corrida ? - Gerardmer Info\",\"isPartOf\":{\"@id\":\"https:\/\/vosgesinfo.fr\/gerardmerinfo\/#website\"},\"datePublished\":\"2015-01-26T17:05:01+00:00\",\"dateModified\":\"2015-01-26T17:05:01+00:00\",\"breadcrumb\":{\"@id\":\"https:\/\/vosgesinfo.fr\/gerardmerinfo\/2015\/01\/pour-ou-contre-la-corrida\/#breadcrumb\"},\"inLanguage\":\"fr-FR\",\"potentialAction\":[{\"@type\":\"ReadAction\",\"target\":[\"https:\/\/vosgesinfo.fr\/gerardmerinfo\/2015\/01\/pour-ou-contre-la-corrida\/\"]}]},{\"@type\":\"BreadcrumbList\",\"@id\":\"https:\/\/vosgesinfo.fr\/gerardmerinfo\/2015\/01\/pour-ou-contre-la-corrida\/#breadcrumb\",\"itemListElement\":[{\"@type\":\"ListItem\",\"position\":1,\"name\":\"Home\",\"item\":\"https:\/\/vosgesinfo.fr\/gerardmerinfo\/\"},{\"@type\":\"ListItem\",\"position\":2,\"name\":\"Pour ou contre la corrida ?\"}]},{\"@type\":\"WebSite\",\"@id\":\"https:\/\/vosgesinfo.fr\/gerardmerinfo\/#website\",\"url\":\"https:\/\/vosgesinfo.fr\/gerardmerinfo\/\",\"name\":\"Gerardmer Info\",\"description\":\"Toute l&#039;actualit\u00e9 de G\u00e9rardmer\",\"publisher\":{\"@id\":\"https:\/\/vosgesinfo.fr\/gerardmerinfo\/#organization\"},\"alternateName\":\"Toute l'actualit\u00e9 de G\u00e9rardmer\",\"potentialAction\":[{\"@type\":\"SearchAction\",\"target\":{\"@type\":\"EntryPoint\",\"urlTemplate\":\"https:\/\/vosgesinfo.fr\/gerardmerinfo\/?s={search_term_string}\"},\"query-input\":\"required name=search_term_string\"}],\"inLanguage\":\"fr-FR\"},{\"@type\":\"Organization\",\"@id\":\"https:\/\/vosgesinfo.fr\/gerardmerinfo\/#organization\",\"name\":\"Gerardmer Info\",\"url\":\"https:\/\/vosgesinfo.fr\/gerardmerinfo\/\",\"logo\":{\"@type\":\"ImageObject\",\"inLanguage\":\"fr-FR\",\"@id\":\"https:\/\/vosgesinfo.fr\/gerardmerinfo\/#\/schema\/logo\/image\/\",\"url\":\"https:\/\/vosgesinfo.fr\/app\/uploads\/sites\/6\/2023\/08\/favicon-gerardmerinfo.png\",\"contentUrl\":\"https:\/\/vosgesinfo.fr\/app\/uploads\/sites\/6\/2023\/08\/favicon-gerardmerinfo.png\",\"width\":512,\"height\":512,\"caption\":\"Gerardmer Info\"},\"image\":{\"@id\":\"https:\/\/vosgesinfo.fr\/gerardmerinfo\/#\/schema\/logo\/image\/\"},\"sameAs\":[\"https:\/\/www.facebook.com\/profile.php?id=100049475262660\",\"https:\/\/x.com\/VosgesInfo88\",\"https:\/\/www.youtube.com\/@vosgesinfo\"]},{\"@type\":\"Person\",\"@id\":\"https:\/\/vosgesinfo.fr\/gerardmerinfo\/#\/schema\/person\/db5605779a843dad16b5368f3e7613a5\",\"name\":\"QG\",\"image\":{\"@type\":\"ImageObject\",\"inLanguage\":\"fr-FR\",\"@id\":\"https:\/\/vosgesinfo.fr\/gerardmerinfo\/#\/schema\/person\/image\/\",\"url\":\"https:\/\/secure.gravatar.com\/avatar\/ea80c42c204b534408512832fde52504ecabb9706bcb6151cf6175e5b64e6793?s=96&d=mm&r=g\",\"contentUrl\":\"https:\/\/secure.gravatar.com\/avatar\/ea80c42c204b534408512832fde52504ecabb9706bcb6151cf6175e5b64e6793?s=96&d=mm&r=g\",\"caption\":\"QG\"},\"url\":\"https:\/\/vosgesinfo.fr\/gerardmerinfo\/author\/quentin88\/\"}]}<\/script>\n<!-- \/ Yoast SEO plugin. -->","yoast_head_json":{"title":"Pour ou contre la corrida ? - Gerardmer Info","robots":{"index":"index","follow":"follow","max-snippet":"max-snippet:-1","max-image-preview":"max-image-preview:large","max-video-preview":"max-video-preview:-1"},"canonical":"https:\/\/vosgesinfo.fr\/gerardmerinfo\/2015\/01\/pour-ou-contre-la-corrida\/","twitter_card":"summary_large_image","twitter_title":"Pour ou contre la corrida ? - Gerardmer Info","twitter_description":"Vendredi dernier avait lieu la premi\u00e8re \u00e9preuve du Concours d&rsquo;Eloquence du Rotary Club de G\u00e9rard mer \u00e0 la salle des [&hellip;]","twitter_creator":"@VosgesInfo88","twitter_site":"@VosgesInfo88","twitter_misc":{"\u00c9crit par":"QG","Dur\u00e9e de lecture estim\u00e9e":"3 minutes"},"schema":{"@context":"https:\/\/schema.org","@graph":[{"@type":"Article","@id":"https:\/\/vosgesinfo.fr\/gerardmerinfo\/2015\/01\/pour-ou-contre-la-corrida\/#article","isPartOf":{"@id":"https:\/\/vosgesinfo.fr\/gerardmerinfo\/2015\/01\/pour-ou-contre-la-corrida\/"},"author":{"name":"QG","@id":"https:\/\/vosgesinfo.fr\/gerardmerinfo\/#\/schema\/person\/db5605779a843dad16b5368f3e7613a5"},"headline":"Pour ou contre la corrida ?","datePublished":"2015-01-26T17:05:01+00:00","dateModified":"2015-01-26T17:05:01+00:00","mainEntityOfPage":{"@id":"https:\/\/vosgesinfo.fr\/gerardmerinfo\/2015\/01\/pour-ou-contre-la-corrida\/"},"wordCount":656,"commentCount":0,"publisher":{"@id":"https:\/\/vosgesinfo.fr\/gerardmerinfo\/#organization"},"articleSection":["Culture"],"inLanguage":"fr-FR","potentialAction":[{"@type":"CommentAction","name":"Comment","target":["https:\/\/vosgesinfo.fr\/gerardmerinfo\/2015\/01\/pour-ou-contre-la-corrida\/#respond"]}]},{"@type":"WebPage","@id":"https:\/\/vosgesinfo.fr\/gerardmerinfo\/2015\/01\/pour-ou-contre-la-corrida\/","url":"https:\/\/vosgesinfo.fr\/gerardmerinfo\/2015\/01\/pour-ou-contre-la-corrida\/","name":"Pour ou contre la corrida ? - Gerardmer Info","isPartOf":{"@id":"https:\/\/vosgesinfo.fr\/gerardmerinfo\/#website"},"datePublished":"2015-01-26T17:05:01+00:00","dateModified":"2015-01-26T17:05:01+00:00","breadcrumb":{"@id":"https:\/\/vosgesinfo.fr\/gerardmerinfo\/2015\/01\/pour-ou-contre-la-corrida\/#breadcrumb"},"inLanguage":"fr-FR","potentialAction":[{"@type":"ReadAction","target":["https:\/\/vosgesinfo.fr\/gerardmerinfo\/2015\/01\/pour-ou-contre-la-corrida\/"]}]},{"@type":"BreadcrumbList","@id":"https:\/\/vosgesinfo.fr\/gerardmerinfo\/2015\/01\/pour-ou-contre-la-corrida\/#breadcrumb","itemListElement":[{"@type":"ListItem","position":1,"name":"Home","item":"https:\/\/vosgesinfo.fr\/gerardmerinfo\/"},{"@type":"ListItem","position":2,"name":"Pour ou contre la corrida ?"}]},{"@type":"WebSite","@id":"https:\/\/vosgesinfo.fr\/gerardmerinfo\/#website","url":"https:\/\/vosgesinfo.fr\/gerardmerinfo\/","name":"Gerardmer Info","description":"Toute l&#039;actualit\u00e9 de G\u00e9rardmer","publisher":{"@id":"https:\/\/vosgesinfo.fr\/gerardmerinfo\/#organization"},"alternateName":"Toute l'actualit\u00e9 de G\u00e9rardmer","potentialAction":[{"@type":"SearchAction","target":{"@type":"EntryPoint","urlTemplate":"https:\/\/vosgesinfo.fr\/gerardmerinfo\/?s={search_term_string}"},"query-input":"required name=search_term_string"}],"inLanguage":"fr-FR"},{"@type":"Organization","@id":"https:\/\/vosgesinfo.fr\/gerardmerinfo\/#organization","name":"Gerardmer Info","url":"https:\/\/vosgesinfo.fr\/gerardmerinfo\/","logo":{"@type":"ImageObject","inLanguage":"fr-FR","@id":"https:\/\/vosgesinfo.fr\/gerardmerinfo\/#\/schema\/logo\/image\/","url":"https:\/\/vosgesinfo.fr\/app\/uploads\/sites\/6\/2023\/08\/favicon-gerardmerinfo.png","contentUrl":"https:\/\/vosgesinfo.fr\/app\/uploads\/sites\/6\/2023\/08\/favicon-gerardmerinfo.png","width":512,"height":512,"caption":"Gerardmer Info"},"image":{"@id":"https:\/\/vosgesinfo.fr\/gerardmerinfo\/#\/schema\/logo\/image\/"},"sameAs":["https:\/\/www.facebook.com\/profile.php?id=100049475262660","https:\/\/x.com\/VosgesInfo88","https:\/\/www.youtube.com\/@vosgesinfo"]},{"@type":"Person","@id":"https:\/\/vosgesinfo.fr\/gerardmerinfo\/#\/schema\/person\/db5605779a843dad16b5368f3e7613a5","name":"QG","image":{"@type":"ImageObject","inLanguage":"fr-FR","@id":"https:\/\/vosgesinfo.fr\/gerardmerinfo\/#\/schema\/person\/image\/","url":"https:\/\/secure.gravatar.com\/avatar\/ea80c42c204b534408512832fde52504ecabb9706bcb6151cf6175e5b64e6793?s=96&d=mm&r=g","contentUrl":"https:\/\/secure.gravatar.com\/avatar\/ea80c42c204b534408512832fde52504ecabb9706bcb6151cf6175e5b64e6793?s=96&d=mm&r=g","caption":"QG"},"url":"https:\/\/vosgesinfo.fr\/gerardmerinfo\/author\/quentin88\/"}]}},"_links":{"self":[{"href":"https:\/\/vosgesinfo.fr\/gerardmerinfo\/wp-json\/wp\/v2\/posts\/12219","targetHints":{"allow":["GET"]}}],"collection":[{"href":"https:\/\/vosgesinfo.fr\/gerardmerinfo\/wp-json\/wp\/v2\/posts"}],"about":[{"href":"https:\/\/vosgesinfo.fr\/gerardmerinfo\/wp-json\/wp\/v2\/types\/post"}],"author":[{"embeddable":true,"href":"https:\/\/vosgesinfo.fr\/gerardmerinfo\/wp-json\/wp\/v2\/users\/42"}],"replies":[{"embeddable":true,"href":"https:\/\/vosgesinfo.fr\/gerardmerinfo\/wp-json\/wp\/v2\/comments?post=12219"}],"version-history":[{"count":0,"href":"https:\/\/vosgesinfo.fr\/gerardmerinfo\/wp-json\/wp\/v2\/posts\/12219\/revisions"}],"wp:attachment":[{"href":"https:\/\/vosgesinfo.fr\/gerardmerinfo\/wp-json\/wp\/v2\/media?parent=12219"}],"wp:term":[{"taxonomy":"category","embeddable":true,"href":"https:\/\/vosgesinfo.fr\/gerardmerinfo\/wp-json\/wp\/v2\/categories?post=12219"},{"taxonomy":"post_tag","embeddable":true,"href":"https:\/\/vosgesinfo.fr\/gerardmerinfo\/wp-json\/wp\/v2\/tags?post=12219"}],"curies":[{"name":"wp","href":"https:\/\/api.w.org\/{rel}","templated":true}]}}