{"id":12222,"date":"2015-01-27T08:01:30","date_gmt":"2015-01-27T07:01:30","guid":{"rendered":"https:\/\/vosgesinfo.fr\/gerardmerinfo\/2015\/01\/elections-departementales-lump-delivre-ses-investitures-ce-lundi-soir\/"},"modified":"2015-01-27T08:01:30","modified_gmt":"2015-01-27T07:01:30","slug":"elections-departementales-lump-delivre-ses-investitures-ce-lundi-soir","status":"publish","type":"post","link":"https:\/\/vosgesinfo.fr\/gerardmerinfo\/2015\/01\/elections-departementales-lump-delivre-ses-investitures-ce-lundi-soir\/","title":{"rendered":"\u00c9lections d\u00e9partementales : l\u2019UMP a d\u00e9livr\u00e9 ses investitures ce lundi soir"},"content":{"rendered":"<p><strong>Dimanche 22 et dimanche 29 mars 2015, les Vosgiens sont appel\u00e9s devant les urnes pour \u00e9lire les conseillers d\u00e9partementaux des 17 nouveaux cantons du d\u00e9partement. Ce lundi soir, le comit\u00e9 d\u00e9partemental de l\u2019UMP s\u2019est r\u00e9uni sous la pr\u00e9sidence du d\u00e9put\u00e9 Fran\u00e7ois Vannson pour accorder les investitures aux candidats qui les avaient sollicit\u00e9es.<\/strong><\/p>\n<p>Ces investitures ont \u00e9t\u00e9 sollicit\u00e9es dans quatre cantons sur les 17 que compte donc d\u00e9sormais le d\u00e9partement des Vosges. Elles ont \u00e9t\u00e9 d\u00e9livr\u00e9es aux candidats ci dessous.<\/p>\n<p>Dans le canton d\u2019Epinal 2, le comit\u00e9 d\u00e9partemental a tranch\u00e9, \u00e0 l\u2019issue d\u2019un vote, entre deux candidats \u00e0 l\u2019investiture. C\u2019est finalement Beno\u00eet Jourdain et Brigitte B\u00e9gel qui ont \u00e9t\u00e9 investis.<\/p>\n<p>Dans le canton de Remiremont, l\u2019investiture coulait de source pour Fran\u00e7ois Vannson et Val\u00e9rie Jankowski.<\/p>\n<p>Dans le canton de La Bresse, J\u00e9r\u00f4me Mathieu et Brigitte Vanson partiront \u00e9galement en campagne sous l\u2019\u00e9tiquette de l\u2019UMP.<\/p>\n<p>Dans le canton de Mirecourt, Guy Sauvage et Nathalie Babouhot d\u00e9fendront eux aussi les couleurs de l\u2019UMP.<\/p>\n<p><strong>Les candidats investis par l\u2019UMP dans les Vosges.<\/strong><\/p>\n<p>Canton de La Bresse : J\u00e9r\u00f4me Mathieu et Brigitte Vanson.<\/p>\n<p>Canton d\u2019Epinal 2 : Beno\u00eet Jourdain et Brigitte B\u00e9gel.<\/p>\n<p>Canton de Mirecourt : Guy Sauvage et Nathalie Babouhot.<\/p>\n<p>Canton de Remiremont : Fran\u00e7ois Vannson et Val\u00e9rie Jankowski.<\/p>\n","protected":false},"excerpt":{"rendered":"<p>Dimanche 22 et dimanche 29 mars 2015, les Vosgiens sont appel\u00e9s devant les urnes pour \u00e9lire les conseillers d\u00e9partementaux des [&hellip;]<\/p>\n","protected":false},"author":1,"featured_media":0,"comment_status":"open","ping_status":"open","sticky":false,"template":"","format":"standard","meta":{"footnotes":""},"categories":[10,18],"tags":[],"class_list":["post-12222","post","type-post","status-publish","format-standard","hentry","category-politique","category-vosges"],"acf":[],"yoast_head":"<!-- This site is optimized with the Yoast SEO plugin v22.5 - https:\/\/yoast.com\/wordpress\/plugins\/seo\/ -->\n<title>\u00c9lections d\u00e9partementales : l\u2019UMP a d\u00e9livr\u00e9 ses investitures ce lundi soir - Gerardmer Info<\/title>\n<meta name=\"robots\" content=\"index, follow, max-snippet:-1, max-image-preview:large, max-video-preview:-1\" \/>\n<link rel=\"canonical\" href=\"https:\/\/vosgesinfo.fr\/gerardmerinfo\/2015\/01\/elections-departementales-lump-delivre-ses-investitures-ce-lundi-soir\/\" \/>\n<meta name=\"twitter:card\" content=\"summary_large_image\" \/>\n<meta name=\"twitter:title\" content=\"\u00c9lections d\u00e9partementales : l\u2019UMP a d\u00e9livr\u00e9 ses investitures ce lundi soir - Gerardmer Info\" \/>\n<meta name=\"twitter:description\" content=\"Dimanche 22 et dimanche 29 mars 2015, les Vosgiens sont appel\u00e9s devant les urnes pour \u00e9lire les conseillers d\u00e9partementaux des [&hellip;]\" \/>\n<meta name=\"twitter:creator\" content=\"@VosgesInfo88\" \/>\n<meta name=\"twitter:site\" content=\"@VosgesInfo88\" \/>\n<meta name=\"twitter:label1\" content=\"\u00c9crit par\" \/>\n\t<meta name=\"twitter:data1\" content=\"qs_admin\" \/>\n\t<meta name=\"twitter:label2\" content=\"Dur\u00e9e de lecture estim\u00e9e\" \/>\n\t<meta name=\"twitter:data2\" content=\"1 minute\" \/>\n<script type=\"application\/ld+json\" class=\"yoast-schema-graph\">{\"@context\":\"https:\/\/schema.org\",\"@graph\":[{\"@type\":\"Article\",\"@id\":\"https:\/\/vosgesinfo.fr\/gerardmerinfo\/2015\/01\/elections-departementales-lump-delivre-ses-investitures-ce-lundi-soir\/#article\",\"isPartOf\":{\"@id\":\"https:\/\/vosgesinfo.fr\/gerardmerinfo\/2015\/01\/elections-departementales-lump-delivre-ses-investitures-ce-lundi-soir\/\"},\"author\":{\"name\":\"qs_admin\",\"@id\":\"https:\/\/vosgesinfo.fr\/gerardmerinfo\/#\/schema\/person\/bc5d02d71e6932e81b6dadb7386667b1\"},\"headline\":\"\u00c9lections d\u00e9partementales : l\u2019UMP a d\u00e9livr\u00e9 ses investitures ce lundi soir\",\"datePublished\":\"2015-01-27T07:01:30+00:00\",\"dateModified\":\"2015-01-27T07:01:30+00:00\",\"mainEntityOfPage\":{\"@id\":\"https:\/\/vosgesinfo.fr\/gerardmerinfo\/2015\/01\/elections-departementales-lump-delivre-ses-investitures-ce-lundi-soir\/\"},\"wordCount\":246,\"commentCount\":0,\"publisher\":{\"@id\":\"https:\/\/vosgesinfo.fr\/gerardmerinfo\/#organization\"},\"articleSection\":[\"Politique\",\"Vosges\"],\"inLanguage\":\"fr-FR\",\"potentialAction\":[{\"@type\":\"CommentAction\",\"name\":\"Comment\",\"target\":[\"https:\/\/vosgesinfo.fr\/gerardmerinfo\/2015\/01\/elections-departementales-lump-delivre-ses-investitures-ce-lundi-soir\/#respond\"]}]},{\"@type\":\"WebPage\",\"@id\":\"https:\/\/vosgesinfo.fr\/gerardmerinfo\/2015\/01\/elections-departementales-lump-delivre-ses-investitures-ce-lundi-soir\/\",\"url\":\"https:\/\/vosgesinfo.fr\/gerardmerinfo\/2015\/01\/elections-departementales-lump-delivre-ses-investitures-ce-lundi-soir\/\",\"name\":\"\u00c9lections d\u00e9partementales : l\u2019UMP a d\u00e9livr\u00e9 ses investitures ce lundi soir - Gerardmer Info\",\"isPartOf\":{\"@id\":\"https:\/\/vosgesinfo.fr\/gerardmerinfo\/#website\"},\"datePublished\":\"2015-01-27T07:01:30+00:00\",\"dateModified\":\"2015-01-27T07:01:30+00:00\",\"breadcrumb\":{\"@id\":\"https:\/\/vosgesinfo.fr\/gerardmerinfo\/2015\/01\/elections-departementales-lump-delivre-ses-investitures-ce-lundi-soir\/#breadcrumb\"},\"inLanguage\":\"fr-FR\",\"potentialAction\":[{\"@type\":\"ReadAction\",\"target\":[\"https:\/\/vosgesinfo.fr\/gerardmerinfo\/2015\/01\/elections-departementales-lump-delivre-ses-investitures-ce-lundi-soir\/\"]}]},{\"@type\":\"BreadcrumbList\",\"@id\":\"https:\/\/vosgesinfo.fr\/gerardmerinfo\/2015\/01\/elections-departementales-lump-delivre-ses-investitures-ce-lundi-soir\/#breadcrumb\",\"itemListElement\":[{\"@type\":\"ListItem\",\"position\":1,\"name\":\"Home\",\"item\":\"https:\/\/vosgesinfo.fr\/gerardmerinfo\/\"},{\"@type\":\"ListItem\",\"position\":2,\"name\":\"\u00c9lections d\u00e9partementales : l\u2019UMP a d\u00e9livr\u00e9 ses investitures ce lundi soir\"}]},{\"@type\":\"WebSite\",\"@id\":\"https:\/\/vosgesinfo.fr\/gerardmerinfo\/#website\",\"url\":\"https:\/\/vosgesinfo.fr\/gerardmerinfo\/\",\"name\":\"Gerardmer Info\",\"description\":\"Toute l&#039;actualit\u00e9 de G\u00e9rardmer\",\"publisher\":{\"@id\":\"https:\/\/vosgesinfo.fr\/gerardmerinfo\/#organization\"},\"alternateName\":\"Toute l'actualit\u00e9 de G\u00e9rardmer\",\"potentialAction\":[{\"@type\":\"SearchAction\",\"target\":{\"@type\":\"EntryPoint\",\"urlTemplate\":\"https:\/\/vosgesinfo.fr\/gerardmerinfo\/?s={search_term_string}\"},\"query-input\":\"required name=search_term_string\"}],\"inLanguage\":\"fr-FR\"},{\"@type\":\"Organization\",\"@id\":\"https:\/\/vosgesinfo.fr\/gerardmerinfo\/#organization\",\"name\":\"Gerardmer Info\",\"url\":\"https:\/\/vosgesinfo.fr\/gerardmerinfo\/\",\"logo\":{\"@type\":\"ImageObject\",\"inLanguage\":\"fr-FR\",\"@id\":\"https:\/\/vosgesinfo.fr\/gerardmerinfo\/#\/schema\/logo\/image\/\",\"url\":\"https:\/\/vosgesinfo.fr\/app\/uploads\/sites\/6\/2023\/08\/favicon-gerardmerinfo.png\",\"contentUrl\":\"https:\/\/vosgesinfo.fr\/app\/uploads\/sites\/6\/2023\/08\/favicon-gerardmerinfo.png\",\"width\":512,\"height\":512,\"caption\":\"Gerardmer Info\"},\"image\":{\"@id\":\"https:\/\/vosgesinfo.fr\/gerardmerinfo\/#\/schema\/logo\/image\/\"},\"sameAs\":[\"https:\/\/www.facebook.com\/profile.php?id=100049475262660\",\"https:\/\/x.com\/VosgesInfo88\",\"https:\/\/www.youtube.com\/@vosgesinfo\"]},{\"@type\":\"Person\",\"@id\":\"https:\/\/vosgesinfo.fr\/gerardmerinfo\/#\/schema\/person\/bc5d02d71e6932e81b6dadb7386667b1\",\"name\":\"qs_admin\",\"image\":{\"@type\":\"ImageObject\",\"inLanguage\":\"fr-FR\",\"@id\":\"https:\/\/vosgesinfo.fr\/gerardmerinfo\/#\/schema\/person\/image\/\",\"url\":\"https:\/\/secure.gravatar.com\/avatar\/94b18ee0ed79e4a42ea2f2931277b6841a8999fc6fde214600c78057cf1fe1de?s=96&d=mm&r=g\",\"contentUrl\":\"https:\/\/secure.gravatar.com\/avatar\/94b18ee0ed79e4a42ea2f2931277b6841a8999fc6fde214600c78057cf1fe1de?s=96&d=mm&r=g\",\"caption\":\"qs_admin\"},\"sameAs\":[\"https:\/\/vosgesinfo.fr\/wp\"],\"url\":\"https:\/\/vosgesinfo.fr\/gerardmerinfo\/author\/qs_admin\/\"}]}<\/script>\n<!-- \/ Yoast SEO plugin. -->","yoast_head_json":{"title":"\u00c9lections d\u00e9partementales : l\u2019UMP a d\u00e9livr\u00e9 ses investitures ce lundi soir - Gerardmer Info","robots":{"index":"index","follow":"follow","max-snippet":"max-snippet:-1","max-image-preview":"max-image-preview:large","max-video-preview":"max-video-preview:-1"},"canonical":"https:\/\/vosgesinfo.fr\/gerardmerinfo\/2015\/01\/elections-departementales-lump-delivre-ses-investitures-ce-lundi-soir\/","twitter_card":"summary_large_image","twitter_title":"\u00c9lections d\u00e9partementales : l\u2019UMP a d\u00e9livr\u00e9 ses investitures ce lundi soir - Gerardmer Info","twitter_description":"Dimanche 22 et dimanche 29 mars 2015, les Vosgiens sont appel\u00e9s devant les urnes pour \u00e9lire les conseillers d\u00e9partementaux des [&hellip;]","twitter_creator":"@VosgesInfo88","twitter_site":"@VosgesInfo88","twitter_misc":{"\u00c9crit par":"qs_admin","Dur\u00e9e de lecture estim\u00e9e":"1 minute"},"schema":{"@context":"https:\/\/schema.org","@graph":[{"@type":"Article","@id":"https:\/\/vosgesinfo.fr\/gerardmerinfo\/2015\/01\/elections-departementales-lump-delivre-ses-investitures-ce-lundi-soir\/#article","isPartOf":{"@id":"https:\/\/vosgesinfo.fr\/gerardmerinfo\/2015\/01\/elections-departementales-lump-delivre-ses-investitures-ce-lundi-soir\/"},"author":{"name":"qs_admin","@id":"https:\/\/vosgesinfo.fr\/gerardmerinfo\/#\/schema\/person\/bc5d02d71e6932e81b6dadb7386667b1"},"headline":"\u00c9lections d\u00e9partementales : l\u2019UMP a d\u00e9livr\u00e9 ses investitures ce lundi soir","datePublished":"2015-01-27T07:01:30+00:00","dateModified":"2015-01-27T07:01:30+00:00","mainEntityOfPage":{"@id":"https:\/\/vosgesinfo.fr\/gerardmerinfo\/2015\/01\/elections-departementales-lump-delivre-ses-investitures-ce-lundi-soir\/"},"wordCount":246,"commentCount":0,"publisher":{"@id":"https:\/\/vosgesinfo.fr\/gerardmerinfo\/#organization"},"articleSection":["Politique","Vosges"],"inLanguage":"fr-FR","potentialAction":[{"@type":"CommentAction","name":"Comment","target":["https:\/\/vosgesinfo.fr\/gerardmerinfo\/2015\/01\/elections-departementales-lump-delivre-ses-investitures-ce-lundi-soir\/#respond"]}]},{"@type":"WebPage","@id":"https:\/\/vosgesinfo.fr\/gerardmerinfo\/2015\/01\/elections-departementales-lump-delivre-ses-investitures-ce-lundi-soir\/","url":"https:\/\/vosgesinfo.fr\/gerardmerinfo\/2015\/01\/elections-departementales-lump-delivre-ses-investitures-ce-lundi-soir\/","name":"\u00c9lections d\u00e9partementales : l\u2019UMP a d\u00e9livr\u00e9 ses investitures ce lundi soir - Gerardmer Info","isPartOf":{"@id":"https:\/\/vosgesinfo.fr\/gerardmerinfo\/#website"},"datePublished":"2015-01-27T07:01:30+00:00","dateModified":"2015-01-27T07:01:30+00:00","breadcrumb":{"@id":"https:\/\/vosgesinfo.fr\/gerardmerinfo\/2015\/01\/elections-departementales-lump-delivre-ses-investitures-ce-lundi-soir\/#breadcrumb"},"inLanguage":"fr-FR","potentialAction":[{"@type":"ReadAction","target":["https:\/\/vosgesinfo.fr\/gerardmerinfo\/2015\/01\/elections-departementales-lump-delivre-ses-investitures-ce-lundi-soir\/"]}]},{"@type":"BreadcrumbList","@id":"https:\/\/vosgesinfo.fr\/gerardmerinfo\/2015\/01\/elections-departementales-lump-delivre-ses-investitures-ce-lundi-soir\/#breadcrumb","itemListElement":[{"@type":"ListItem","position":1,"name":"Home","item":"https:\/\/vosgesinfo.fr\/gerardmerinfo\/"},{"@type":"ListItem","position":2,"name":"\u00c9lections d\u00e9partementales : l\u2019UMP a d\u00e9livr\u00e9 ses investitures ce lundi soir"}]},{"@type":"WebSite","@id":"https:\/\/vosgesinfo.fr\/gerardmerinfo\/#website","url":"https:\/\/vosgesinfo.fr\/gerardmerinfo\/","name":"Gerardmer Info","description":"Toute l&#039;actualit\u00e9 de G\u00e9rardmer","publisher":{"@id":"https:\/\/vosgesinfo.fr\/gerardmerinfo\/#organization"},"alternateName":"Toute l'actualit\u00e9 de G\u00e9rardmer","potentialAction":[{"@type":"SearchAction","target":{"@type":"EntryPoint","urlTemplate":"https:\/\/vosgesinfo.fr\/gerardmerinfo\/?s={search_term_string}"},"query-input":"required name=search_term_string"}],"inLanguage":"fr-FR"},{"@type":"Organization","@id":"https:\/\/vosgesinfo.fr\/gerardmerinfo\/#organization","name":"Gerardmer Info","url":"https:\/\/vosgesinfo.fr\/gerardmerinfo\/","logo":{"@type":"ImageObject","inLanguage":"fr-FR","@id":"https:\/\/vosgesinfo.fr\/gerardmerinfo\/#\/schema\/logo\/image\/","url":"https:\/\/vosgesinfo.fr\/app\/uploads\/sites\/6\/2023\/08\/favicon-gerardmerinfo.png","contentUrl":"https:\/\/vosgesinfo.fr\/app\/uploads\/sites\/6\/2023\/08\/favicon-gerardmerinfo.png","width":512,"height":512,"caption":"Gerardmer Info"},"image":{"@id":"https:\/\/vosgesinfo.fr\/gerardmerinfo\/#\/schema\/logo\/image\/"},"sameAs":["https:\/\/www.facebook.com\/profile.php?id=100049475262660","https:\/\/x.com\/VosgesInfo88","https:\/\/www.youtube.com\/@vosgesinfo"]},{"@type":"Person","@id":"https:\/\/vosgesinfo.fr\/gerardmerinfo\/#\/schema\/person\/bc5d02d71e6932e81b6dadb7386667b1","name":"qs_admin","image":{"@type":"ImageObject","inLanguage":"fr-FR","@id":"https:\/\/vosgesinfo.fr\/gerardmerinfo\/#\/schema\/person\/image\/","url":"https:\/\/secure.gravatar.com\/avatar\/94b18ee0ed79e4a42ea2f2931277b6841a8999fc6fde214600c78057cf1fe1de?s=96&d=mm&r=g","contentUrl":"https:\/\/secure.gravatar.com\/avatar\/94b18ee0ed79e4a42ea2f2931277b6841a8999fc6fde214600c78057cf1fe1de?s=96&d=mm&r=g","caption":"qs_admin"},"sameAs":["https:\/\/vosgesinfo.fr\/wp"],"url":"https:\/\/vosgesinfo.fr\/gerardmerinfo\/author\/qs_admin\/"}]}},"_links":{"self":[{"href":"https:\/\/vosgesinfo.fr\/gerardmerinfo\/wp-json\/wp\/v2\/posts\/12222","targetHints":{"allow":["GET"]}}],"collection":[{"href":"https:\/\/vosgesinfo.fr\/gerardmerinfo\/wp-json\/wp\/v2\/posts"}],"about":[{"href":"https:\/\/vosgesinfo.fr\/gerardmerinfo\/wp-json\/wp\/v2\/types\/post"}],"author":[{"embeddable":true,"href":"https:\/\/vosgesinfo.fr\/gerardmerinfo\/wp-json\/wp\/v2\/users\/1"}],"replies":[{"embeddable":true,"href":"https:\/\/vosgesinfo.fr\/gerardmerinfo\/wp-json\/wp\/v2\/comments?post=12222"}],"version-history":[{"count":0,"href":"https:\/\/vosgesinfo.fr\/gerardmerinfo\/wp-json\/wp\/v2\/posts\/12222\/revisions"}],"wp:attachment":[{"href":"https:\/\/vosgesinfo.fr\/gerardmerinfo\/wp-json\/wp\/v2\/media?parent=12222"}],"wp:term":[{"taxonomy":"category","embeddable":true,"href":"https:\/\/vosgesinfo.fr\/gerardmerinfo\/wp-json\/wp\/v2\/categories?post=12222"},{"taxonomy":"post_tag","embeddable":true,"href":"https:\/\/vosgesinfo.fr\/gerardmerinfo\/wp-json\/wp\/v2\/tags?post=12222"}],"curies":[{"name":"wp","href":"https:\/\/api.w.org\/{rel}","templated":true}]}}