{"id":12244,"date":"2015-01-30T13:26:24","date_gmt":"2015-01-30T12:26:24","guid":{"rendered":"https:\/\/vosgesinfo.fr\/gerardmerinfo\/2015\/01\/le-cine-en-partie-une-affaire-de-famille-pour-robert-rodriguez\/"},"modified":"2015-01-30T13:26:24","modified_gmt":"2015-01-30T12:26:24","slug":"le-cine-en-partie-une-affaire-de-famille-pour-robert-rodriguez","status":"publish","type":"post","link":"https:\/\/vosgesinfo.fr\/gerardmerinfo\/2015\/01\/le-cine-en-partie-une-affaire-de-famille-pour-robert-rodriguez\/","title":{"rendered":"Le cin\u00e9 : en partie une affaire de famille pour Robert Rodriguez"},"content":{"rendered":"<p><b>Invit\u00e9 d&rsquo;honneur du 22\u00e8me Festival de G\u00e9rardmer, le r\u00e9alisateur d&rsquo;origine mexicaine \u00e9tait pr\u00e9sent au Grand Salon de l&rsquo;H\u00f4tel de Ville ce jeudi. L&rsquo;occasion de vous parler de son cin\u00e9ma, \u00e9minemment fantastique, musical et&#8230; familial.<\/b><\/p>\n<p>En effet, pour Robert Rodriguez, le cin\u00e9ma est aussi une histoire de famille. Issu d&rsquo;une fratrie de 10 enfants, il en poss\u00e8de 5 lui-m\u00eame et en tant que 3\u00e8me dans la hi\u00e9rarchie familiale, il a ainsi largement contribu\u00e9 \u00e0 \u00e9lever une partie de la troupe qui le lui a bien rendu. En effet, les frangins et frangines ont plus ou moins \u00e9t\u00e9 les premiers acteurs qu&rsquo;il a dirig\u00e9 et ils ont r\u00e9pondu pr\u00e9sent \u00e0 la technique sur ses toutes premi\u00e8res r\u00e9alisations, dans les premi\u00e8res heures o\u00f9 Robert s&rsquo;est saisi d&rsquo;une cam\u00e9ra.<\/p>\n<p><b>Des personnages inspir\u00e9s de sa famille<\/b><\/p>\n<p>L&rsquo;homme est donc fortement impr\u00e9gn\u00e9 de valeur familiale, un th\u00e8me qui transpara\u00eet tout d&rsquo;abord dans sa BD \u00ab\u00a0Los Hooligans\u00a0\u00bb dont les personnages et l&rsquo;histoire s&rsquo;inspirent en partie de sa famille. Th\u00e8me qui reviendra dans plusieurs de ses films, \u00e0 l&rsquo;image de \u00ab\u00a0Une nuit en enfer\u00a0\u00bb et le lien tr\u00e8s fort qui uni les personnages incarn\u00e9s par George Clooney et Quentin Tarantino, ou plus r\u00e9cemment dans \u00ab\u00a0Spy kids\u00a0\u00bb qui en est \u00e0 son 4\u00e8me \u00e9pisode&#8230;<\/p>\n<p>On pourrait extrapoler en constatant que le r\u00e9alisateur aime s&rsquo;entourer de techniciens et acteurs avec qui il a ses petites habitudes, ses sensations, ce feeling. C&rsquo;est en quelque sorte sa petite famille du cin\u00e9 \u00e0 l&rsquo;image de ce bon vieux Danny Trejo, Antonio Banderas, Jessica Alba ou encore Cheech Marin pour ne citer qu&rsquo;eux. Ah oui, il y a aussi Quentin Tarantino, \u00e7a vous dit quelque chose non\u00a0?!<\/p>\n<p>Le cin\u00e9 selon Rodriguez, c&rsquo;est aussi de la musique, souvent compos\u00e9e par le r\u00e9alisateur lui-m\u00eame qui consid\u00e8re \u00e0 juste titre qu&rsquo;une bonne bande son apporte une r\u00e9elle plus-value \u00e0 un film. \u00ab\u00a0On a pas toujours assez d&rsquo;argent pour s&rsquo;attacher les services d&rsquo;un compositeur. Et souvent, malheureusement, lorsqu&rsquo;il faut faire des coupes dans le budget parce qu&rsquo;il y a des impr\u00e9vus, c&rsquo;est au niveau de la musique que \u00e7a retombe\u00a0\u00bb, explique le r\u00e9alisateur.<\/p>\n<p><b>Une guitare sur le plateau<\/b><\/p>\n<p>Pour autant, ce dernier n&rsquo;adopte pas une attitude r\u00e9sign\u00e9e par rapport \u00e0 ce ph\u00e9nom\u00e8ne, bien au contraire. \u00ab\u00a0J&rsquo;apporte tr\u00e8s souvent ma guitare sur les plateaux. Entre les prises, je joue quelques notes en me demandant par exemple comment sonnerait tel ou tel personnage. Et sans m&rsquo;en apercevoir, je suis parfois en train de composer la musique du film. G\u00e9n\u00e9ralement, les com\u00e9diens aiment cet environnement musical, ces ambiances que je leur communique avec la musique et dont ils peuvent s&rsquo;inspirer\u00a0\u00bb, ajoute Rodriguez.<\/p>\n<p>Une musique qui donne ainsi un go\u00fbt particulier au tournage, et donc eu film de mani\u00e8re g\u00e9n\u00e9rale, c&rsquo;est essentiel aux yeux de celui qui a adapt\u00e9 l&rsquo;oeuvre de Franck Miller Sin City avec une r\u00e9ussite \u00e9poustouflante, presque insolente. Jamais une BD n&rsquo;avait sans doute \u00e9tait aussi bien adapt\u00e9e sur grand \u00e9cran. Quand le cin\u00e9, la BD, la musique et le fantastique s&rsquo;entrechoquent, c&rsquo;est tout ce que Rodriguez aime, et les cin\u00e9philes aussi\u00a0!<\/p>\n<p><b>\u00ab\u00a0C&rsquo;est n&rsquo;importe quoi\u00a0!\u00a0\u00bb<\/b><\/p>\n<p>Car n&rsquo;oublions pas que s&rsquo;il \u00e9tait l&rsquo;invit\u00e9 d&rsquo;honneur du festival, c&rsquo;est bien car son univers est d\u00e9finitivement fantastique. Un cin\u00e9ma ou chaque ann\u00e9e, un ou plusieurs r\u00e9alisateurs apportent un petit plus, une petite nouveaut\u00e9 qui permet de renouveler le genre. Et si ce n&rsquo;est pas le cin\u00e9ma, ce sera les jeux vid\u00e9os, les nouvelles technologies ou la BD qui apporteront ce petit plus.<\/p>\n<p>Le fantastique\u00a0: \u00ab\u00a0mon univers au sens le plus large du terme\u00a0\u00bb pour Rodriguez. \u00ab\u00a0J&rsquo;aime surtout les mondes et les univers imaginaires ancr\u00e9s dans la r\u00e9alit\u00e9s, reli\u00e9s \u00e0 cette derni\u00e8re. J&rsquo;aime lorsque l&rsquo;on regarde un film ou un trailer que ce soit comme dans un r\u00eave\u00a0: tout a un sens sur le coup, \u00e7a va, \u00e7a le fait, mais une fois que le film est fini, qu&rsquo;on le raconte, on se dit \u00a0\u00a0\u00bb C&rsquo;est n&rsquo;importe quoi\u00a0!!\u00a0\u00bb \u00bb, explique Rodriguez suivi d&rsquo;un rire qui en dit long sur sa passion pour la r\u00e9alisation et le cin\u00e9 fantastique&#8230;<\/p>\n","protected":false},"excerpt":{"rendered":"<p>Invit\u00e9 d&rsquo;honneur du 22\u00e8me Festival de G\u00e9rardmer, le r\u00e9alisateur d&rsquo;origine mexicaine \u00e9tait pr\u00e9sent au Grand Salon de l&rsquo;H\u00f4tel de Ville [&hellip;]<\/p>\n","protected":false},"author":42,"featured_media":0,"comment_status":"open","ping_status":"open","sticky":false,"template":"","format":"standard","meta":{"footnotes":""},"categories":[4,18],"tags":[],"class_list":["post-12244","post","type-post","status-publish","format-standard","hentry","category-culture","category-vosges"],"acf":[],"yoast_head":"<!-- This site is optimized with the Yoast SEO plugin v22.5 - https:\/\/yoast.com\/wordpress\/plugins\/seo\/ -->\n<title>Le cin\u00e9 : en partie une affaire de famille pour Robert Rodriguez - Gerardmer Info<\/title>\n<meta name=\"robots\" content=\"index, follow, max-snippet:-1, max-image-preview:large, max-video-preview:-1\" \/>\n<link rel=\"canonical\" href=\"https:\/\/vosgesinfo.fr\/gerardmerinfo\/2015\/01\/le-cine-en-partie-une-affaire-de-famille-pour-robert-rodriguez\/\" \/>\n<meta name=\"twitter:card\" content=\"summary_large_image\" \/>\n<meta name=\"twitter:title\" content=\"Le cin\u00e9 : en partie une affaire de famille pour Robert Rodriguez - Gerardmer Info\" \/>\n<meta name=\"twitter:description\" content=\"Invit\u00e9 d&rsquo;honneur du 22\u00e8me Festival de G\u00e9rardmer, le r\u00e9alisateur d&rsquo;origine mexicaine \u00e9tait pr\u00e9sent au Grand Salon de l&rsquo;H\u00f4tel de Ville [&hellip;]\" \/>\n<meta name=\"twitter:creator\" content=\"@VosgesInfo88\" \/>\n<meta name=\"twitter:site\" content=\"@VosgesInfo88\" \/>\n<meta name=\"twitter:label1\" content=\"\u00c9crit par\" \/>\n\t<meta name=\"twitter:data1\" content=\"QG\" \/>\n\t<meta name=\"twitter:label2\" content=\"Dur\u00e9e de lecture estim\u00e9e\" \/>\n\t<meta name=\"twitter:data2\" content=\"4 minutes\" \/>\n<script type=\"application\/ld+json\" class=\"yoast-schema-graph\">{\"@context\":\"https:\/\/schema.org\",\"@graph\":[{\"@type\":\"Article\",\"@id\":\"https:\/\/vosgesinfo.fr\/gerardmerinfo\/2015\/01\/le-cine-en-partie-une-affaire-de-famille-pour-robert-rodriguez\/#article\",\"isPartOf\":{\"@id\":\"https:\/\/vosgesinfo.fr\/gerardmerinfo\/2015\/01\/le-cine-en-partie-une-affaire-de-famille-pour-robert-rodriguez\/\"},\"author\":{\"name\":\"QG\",\"@id\":\"https:\/\/vosgesinfo.fr\/gerardmerinfo\/#\/schema\/person\/db5605779a843dad16b5368f3e7613a5\"},\"headline\":\"Le cin\u00e9 : en partie une affaire de famille pour Robert Rodriguez\",\"datePublished\":\"2015-01-30T12:26:24+00:00\",\"dateModified\":\"2015-01-30T12:26:24+00:00\",\"mainEntityOfPage\":{\"@id\":\"https:\/\/vosgesinfo.fr\/gerardmerinfo\/2015\/01\/le-cine-en-partie-une-affaire-de-famille-pour-robert-rodriguez\/\"},\"wordCount\":770,\"commentCount\":0,\"publisher\":{\"@id\":\"https:\/\/vosgesinfo.fr\/gerardmerinfo\/#organization\"},\"articleSection\":[\"Culture\",\"Vosges\"],\"inLanguage\":\"fr-FR\",\"potentialAction\":[{\"@type\":\"CommentAction\",\"name\":\"Comment\",\"target\":[\"https:\/\/vosgesinfo.fr\/gerardmerinfo\/2015\/01\/le-cine-en-partie-une-affaire-de-famille-pour-robert-rodriguez\/#respond\"]}]},{\"@type\":\"WebPage\",\"@id\":\"https:\/\/vosgesinfo.fr\/gerardmerinfo\/2015\/01\/le-cine-en-partie-une-affaire-de-famille-pour-robert-rodriguez\/\",\"url\":\"https:\/\/vosgesinfo.fr\/gerardmerinfo\/2015\/01\/le-cine-en-partie-une-affaire-de-famille-pour-robert-rodriguez\/\",\"name\":\"Le cin\u00e9 : en partie une affaire de famille pour Robert Rodriguez - Gerardmer Info\",\"isPartOf\":{\"@id\":\"https:\/\/vosgesinfo.fr\/gerardmerinfo\/#website\"},\"datePublished\":\"2015-01-30T12:26:24+00:00\",\"dateModified\":\"2015-01-30T12:26:24+00:00\",\"breadcrumb\":{\"@id\":\"https:\/\/vosgesinfo.fr\/gerardmerinfo\/2015\/01\/le-cine-en-partie-une-affaire-de-famille-pour-robert-rodriguez\/#breadcrumb\"},\"inLanguage\":\"fr-FR\",\"potentialAction\":[{\"@type\":\"ReadAction\",\"target\":[\"https:\/\/vosgesinfo.fr\/gerardmerinfo\/2015\/01\/le-cine-en-partie-une-affaire-de-famille-pour-robert-rodriguez\/\"]}]},{\"@type\":\"BreadcrumbList\",\"@id\":\"https:\/\/vosgesinfo.fr\/gerardmerinfo\/2015\/01\/le-cine-en-partie-une-affaire-de-famille-pour-robert-rodriguez\/#breadcrumb\",\"itemListElement\":[{\"@type\":\"ListItem\",\"position\":1,\"name\":\"Home\",\"item\":\"https:\/\/vosgesinfo.fr\/gerardmerinfo\/\"},{\"@type\":\"ListItem\",\"position\":2,\"name\":\"Le cin\u00e9 : en partie une affaire de famille pour Robert Rodriguez\"}]},{\"@type\":\"WebSite\",\"@id\":\"https:\/\/vosgesinfo.fr\/gerardmerinfo\/#website\",\"url\":\"https:\/\/vosgesinfo.fr\/gerardmerinfo\/\",\"name\":\"Gerardmer Info\",\"description\":\"Toute l&#039;actualit\u00e9 de G\u00e9rardmer\",\"publisher\":{\"@id\":\"https:\/\/vosgesinfo.fr\/gerardmerinfo\/#organization\"},\"alternateName\":\"Toute l'actualit\u00e9 de G\u00e9rardmer\",\"potentialAction\":[{\"@type\":\"SearchAction\",\"target\":{\"@type\":\"EntryPoint\",\"urlTemplate\":\"https:\/\/vosgesinfo.fr\/gerardmerinfo\/?s={search_term_string}\"},\"query-input\":\"required name=search_term_string\"}],\"inLanguage\":\"fr-FR\"},{\"@type\":\"Organization\",\"@id\":\"https:\/\/vosgesinfo.fr\/gerardmerinfo\/#organization\",\"name\":\"Gerardmer Info\",\"url\":\"https:\/\/vosgesinfo.fr\/gerardmerinfo\/\",\"logo\":{\"@type\":\"ImageObject\",\"inLanguage\":\"fr-FR\",\"@id\":\"https:\/\/vosgesinfo.fr\/gerardmerinfo\/#\/schema\/logo\/image\/\",\"url\":\"https:\/\/vosgesinfo.fr\/app\/uploads\/sites\/6\/2023\/08\/favicon-gerardmerinfo.png\",\"contentUrl\":\"https:\/\/vosgesinfo.fr\/app\/uploads\/sites\/6\/2023\/08\/favicon-gerardmerinfo.png\",\"width\":512,\"height\":512,\"caption\":\"Gerardmer Info\"},\"image\":{\"@id\":\"https:\/\/vosgesinfo.fr\/gerardmerinfo\/#\/schema\/logo\/image\/\"},\"sameAs\":[\"https:\/\/www.facebook.com\/profile.php?id=100049475262660\",\"https:\/\/x.com\/VosgesInfo88\",\"https:\/\/www.youtube.com\/@vosgesinfo\"]},{\"@type\":\"Person\",\"@id\":\"https:\/\/vosgesinfo.fr\/gerardmerinfo\/#\/schema\/person\/db5605779a843dad16b5368f3e7613a5\",\"name\":\"QG\",\"image\":{\"@type\":\"ImageObject\",\"inLanguage\":\"fr-FR\",\"@id\":\"https:\/\/vosgesinfo.fr\/gerardmerinfo\/#\/schema\/person\/image\/\",\"url\":\"https:\/\/secure.gravatar.com\/avatar\/ea80c42c204b534408512832fde52504ecabb9706bcb6151cf6175e5b64e6793?s=96&d=mm&r=g\",\"contentUrl\":\"https:\/\/secure.gravatar.com\/avatar\/ea80c42c204b534408512832fde52504ecabb9706bcb6151cf6175e5b64e6793?s=96&d=mm&r=g\",\"caption\":\"QG\"},\"url\":\"https:\/\/vosgesinfo.fr\/gerardmerinfo\/author\/quentin88\/\"}]}<\/script>\n<!-- \/ Yoast SEO plugin. -->","yoast_head_json":{"title":"Le cin\u00e9 : en partie une affaire de famille pour Robert Rodriguez - Gerardmer Info","robots":{"index":"index","follow":"follow","max-snippet":"max-snippet:-1","max-image-preview":"max-image-preview:large","max-video-preview":"max-video-preview:-1"},"canonical":"https:\/\/vosgesinfo.fr\/gerardmerinfo\/2015\/01\/le-cine-en-partie-une-affaire-de-famille-pour-robert-rodriguez\/","twitter_card":"summary_large_image","twitter_title":"Le cin\u00e9 : en partie une affaire de famille pour Robert Rodriguez - Gerardmer Info","twitter_description":"Invit\u00e9 d&rsquo;honneur du 22\u00e8me Festival de G\u00e9rardmer, le r\u00e9alisateur d&rsquo;origine mexicaine \u00e9tait pr\u00e9sent au Grand Salon de l&rsquo;H\u00f4tel de Ville [&hellip;]","twitter_creator":"@VosgesInfo88","twitter_site":"@VosgesInfo88","twitter_misc":{"\u00c9crit par":"QG","Dur\u00e9e de lecture estim\u00e9e":"4 minutes"},"schema":{"@context":"https:\/\/schema.org","@graph":[{"@type":"Article","@id":"https:\/\/vosgesinfo.fr\/gerardmerinfo\/2015\/01\/le-cine-en-partie-une-affaire-de-famille-pour-robert-rodriguez\/#article","isPartOf":{"@id":"https:\/\/vosgesinfo.fr\/gerardmerinfo\/2015\/01\/le-cine-en-partie-une-affaire-de-famille-pour-robert-rodriguez\/"},"author":{"name":"QG","@id":"https:\/\/vosgesinfo.fr\/gerardmerinfo\/#\/schema\/person\/db5605779a843dad16b5368f3e7613a5"},"headline":"Le cin\u00e9 : en partie une affaire de famille pour Robert Rodriguez","datePublished":"2015-01-30T12:26:24+00:00","dateModified":"2015-01-30T12:26:24+00:00","mainEntityOfPage":{"@id":"https:\/\/vosgesinfo.fr\/gerardmerinfo\/2015\/01\/le-cine-en-partie-une-affaire-de-famille-pour-robert-rodriguez\/"},"wordCount":770,"commentCount":0,"publisher":{"@id":"https:\/\/vosgesinfo.fr\/gerardmerinfo\/#organization"},"articleSection":["Culture","Vosges"],"inLanguage":"fr-FR","potentialAction":[{"@type":"CommentAction","name":"Comment","target":["https:\/\/vosgesinfo.fr\/gerardmerinfo\/2015\/01\/le-cine-en-partie-une-affaire-de-famille-pour-robert-rodriguez\/#respond"]}]},{"@type":"WebPage","@id":"https:\/\/vosgesinfo.fr\/gerardmerinfo\/2015\/01\/le-cine-en-partie-une-affaire-de-famille-pour-robert-rodriguez\/","url":"https:\/\/vosgesinfo.fr\/gerardmerinfo\/2015\/01\/le-cine-en-partie-une-affaire-de-famille-pour-robert-rodriguez\/","name":"Le cin\u00e9 : en partie une affaire de famille pour Robert Rodriguez - Gerardmer Info","isPartOf":{"@id":"https:\/\/vosgesinfo.fr\/gerardmerinfo\/#website"},"datePublished":"2015-01-30T12:26:24+00:00","dateModified":"2015-01-30T12:26:24+00:00","breadcrumb":{"@id":"https:\/\/vosgesinfo.fr\/gerardmerinfo\/2015\/01\/le-cine-en-partie-une-affaire-de-famille-pour-robert-rodriguez\/#breadcrumb"},"inLanguage":"fr-FR","potentialAction":[{"@type":"ReadAction","target":["https:\/\/vosgesinfo.fr\/gerardmerinfo\/2015\/01\/le-cine-en-partie-une-affaire-de-famille-pour-robert-rodriguez\/"]}]},{"@type":"BreadcrumbList","@id":"https:\/\/vosgesinfo.fr\/gerardmerinfo\/2015\/01\/le-cine-en-partie-une-affaire-de-famille-pour-robert-rodriguez\/#breadcrumb","itemListElement":[{"@type":"ListItem","position":1,"name":"Home","item":"https:\/\/vosgesinfo.fr\/gerardmerinfo\/"},{"@type":"ListItem","position":2,"name":"Le cin\u00e9 : en partie une affaire de famille pour Robert Rodriguez"}]},{"@type":"WebSite","@id":"https:\/\/vosgesinfo.fr\/gerardmerinfo\/#website","url":"https:\/\/vosgesinfo.fr\/gerardmerinfo\/","name":"Gerardmer Info","description":"Toute l&#039;actualit\u00e9 de G\u00e9rardmer","publisher":{"@id":"https:\/\/vosgesinfo.fr\/gerardmerinfo\/#organization"},"alternateName":"Toute l'actualit\u00e9 de G\u00e9rardmer","potentialAction":[{"@type":"SearchAction","target":{"@type":"EntryPoint","urlTemplate":"https:\/\/vosgesinfo.fr\/gerardmerinfo\/?s={search_term_string}"},"query-input":"required name=search_term_string"}],"inLanguage":"fr-FR"},{"@type":"Organization","@id":"https:\/\/vosgesinfo.fr\/gerardmerinfo\/#organization","name":"Gerardmer Info","url":"https:\/\/vosgesinfo.fr\/gerardmerinfo\/","logo":{"@type":"ImageObject","inLanguage":"fr-FR","@id":"https:\/\/vosgesinfo.fr\/gerardmerinfo\/#\/schema\/logo\/image\/","url":"https:\/\/vosgesinfo.fr\/app\/uploads\/sites\/6\/2023\/08\/favicon-gerardmerinfo.png","contentUrl":"https:\/\/vosgesinfo.fr\/app\/uploads\/sites\/6\/2023\/08\/favicon-gerardmerinfo.png","width":512,"height":512,"caption":"Gerardmer Info"},"image":{"@id":"https:\/\/vosgesinfo.fr\/gerardmerinfo\/#\/schema\/logo\/image\/"},"sameAs":["https:\/\/www.facebook.com\/profile.php?id=100049475262660","https:\/\/x.com\/VosgesInfo88","https:\/\/www.youtube.com\/@vosgesinfo"]},{"@type":"Person","@id":"https:\/\/vosgesinfo.fr\/gerardmerinfo\/#\/schema\/person\/db5605779a843dad16b5368f3e7613a5","name":"QG","image":{"@type":"ImageObject","inLanguage":"fr-FR","@id":"https:\/\/vosgesinfo.fr\/gerardmerinfo\/#\/schema\/person\/image\/","url":"https:\/\/secure.gravatar.com\/avatar\/ea80c42c204b534408512832fde52504ecabb9706bcb6151cf6175e5b64e6793?s=96&d=mm&r=g","contentUrl":"https:\/\/secure.gravatar.com\/avatar\/ea80c42c204b534408512832fde52504ecabb9706bcb6151cf6175e5b64e6793?s=96&d=mm&r=g","caption":"QG"},"url":"https:\/\/vosgesinfo.fr\/gerardmerinfo\/author\/quentin88\/"}]}},"_links":{"self":[{"href":"https:\/\/vosgesinfo.fr\/gerardmerinfo\/wp-json\/wp\/v2\/posts\/12244","targetHints":{"allow":["GET"]}}],"collection":[{"href":"https:\/\/vosgesinfo.fr\/gerardmerinfo\/wp-json\/wp\/v2\/posts"}],"about":[{"href":"https:\/\/vosgesinfo.fr\/gerardmerinfo\/wp-json\/wp\/v2\/types\/post"}],"author":[{"embeddable":true,"href":"https:\/\/vosgesinfo.fr\/gerardmerinfo\/wp-json\/wp\/v2\/users\/42"}],"replies":[{"embeddable":true,"href":"https:\/\/vosgesinfo.fr\/gerardmerinfo\/wp-json\/wp\/v2\/comments?post=12244"}],"version-history":[{"count":0,"href":"https:\/\/vosgesinfo.fr\/gerardmerinfo\/wp-json\/wp\/v2\/posts\/12244\/revisions"}],"wp:attachment":[{"href":"https:\/\/vosgesinfo.fr\/gerardmerinfo\/wp-json\/wp\/v2\/media?parent=12244"}],"wp:term":[{"taxonomy":"category","embeddable":true,"href":"https:\/\/vosgesinfo.fr\/gerardmerinfo\/wp-json\/wp\/v2\/categories?post=12244"},{"taxonomy":"post_tag","embeddable":true,"href":"https:\/\/vosgesinfo.fr\/gerardmerinfo\/wp-json\/wp\/v2\/tags?post=12244"}],"curies":[{"name":"wp","href":"https:\/\/api.w.org\/{rel}","templated":true}]}}