{"id":12249,"date":"2015-01-31T11:34:56","date_gmt":"2015-01-31T10:34:56","guid":{"rendered":"https:\/\/vosgesinfo.fr\/gerardmerinfo\/2015\/01\/24-jeunes-24-h-chrono\/"},"modified":"2015-01-31T11:34:56","modified_gmt":"2015-01-31T10:34:56","slug":"24-jeunes-24-h-chrono","status":"publish","type":"post","link":"https:\/\/vosgesinfo.fr\/gerardmerinfo\/2015\/01\/24-jeunes-24-h-chrono\/","title":{"rendered":"Festival : 24 jeunes, 24 h chrono !"},"content":{"rendered":"<p>&nbsp;<\/p>\n Les 5 \u00e9quipes participantes viennent de Hautes Marne, G\u00e9rardmer et Saint Di\u00e9 : tous ces jeunes sont d\u00e9j\u00e0 \u00e0 pied d&rsquo;oeuvre actuellement\n<p><b>Pour la premi\u00e8re fois de son histoire, la Maison de la Culture et des Loisirs de G\u00e9rardmer accueille les 24 H des R\u00e9alisations qui s&rsquo;inscrit cette ann\u00e9e dans le cadre du Festival du Film Fantastique.<\/b><\/p>\n<p>&nbsp;<\/p>\n<p>Pour cet \u00e9v\u00e9nement organis\u00e9 chaque ann\u00e9e au niveau national par la F\u00e9d\u00e9 Fran\u00e7aise des MJC, 5 \u00e9quipes ont r\u00e9pondu \u00e0 l&rsquo;appel de l&rsquo;\u00e9tape vosgienne. \u00c9tape qui se d\u00e9roule donc \u00e0 la MCL de G\u00e9rardmer du samedi 31 janvier 11 h au dimanche 1er f\u00e9vrier m\u00eame heure. Pas de Kiefer Sutherland pendant ces 24 h, mais d\u00e9j\u00e0 un invit\u00e9 surprise de marque ce matin \u00e0 l&rsquo;auditorium de la maison de la culture o\u00f9 s&rsquo;est d\u00e9roul\u00e9 le traditionnel petit briefing qui pr\u00e9c\u00e8de le lancement de l&rsquo;op\u00e9ration.<\/p>\n Ici en compagnie de Julien Thibault et du directeur de la MCL St\u00e9phane Lepoil, J\u00e9r\u00f4me Niel (\u00e0 gauche) a proc\u00e9d\u00e9 au tirage au sort du sujet avec son humour ravageur\n<p>En effet, c&rsquo;est la \u00ab\u00a0speakerine\u00a0\u00bb de Canal+ J\u00e9r\u00f4me Niel qui s&rsquo;est charg\u00e9 de tirer au sort le th\u00e8me sur lequel les 5 \u00e9quipes vont devoir se surpasser pour proposer un court-m\u00e9trage allant de 3 \u00e0 10 minutes. Et c&rsquo;est avec son humour pince-sans-rire et caustique que le jeune homme a eu la main heureuse en piochant un sujet qui devrait permettre aux r\u00e9alisateurs en herbe de vraiment s&rsquo;\u00e9clater.<\/p>\n<p>L&rsquo;intitul\u00e9 est plus qu&rsquo;\u00e9vocateur\u00a0: \u00ab\u00a0A la mani\u00e8re de Twin Peaks\u00a0\u00bb, en r\u00e9f\u00e9rence \u00e0 la s\u00e9rie culte de David Lynch qui va d&rsquo;ailleurs repartir de plus belle apr\u00e8s 20 ans de stand by. R\u00e9sum\u00e9e, la base de travail est la suivante\u00a0: une jeune femme sans histoire est retrouv\u00e9e morte dans le lac de G\u00e9rardmer. Un inspecteur m\u00e8ne l&rsquo;enqu\u00eate et ses p\u00e9r\u00e9grinations le poussent \u00e0 faire la rencontre de personnages locaux haut en couleurs. Il y a de quoi faire comme on dit&#8230;<\/p>\n<p>Anthony Humbertclaude, qui a r\u00e9dig\u00e9 les diff\u00e9rents th\u00e8mes, commente\u00a0: \u00ab\u00a0Je pense que J\u00e9r\u00f4me a tir\u00e9 le meilleur sujet. D&rsquo;ailleurs, je me souviens que lorsque l&rsquo;acteur Bill Pullman \u00e9tait venu au festival, il avait d\u00e9clar\u00e9 en observant les paysages de G\u00e9rardmer et son lac\u00a0: \u00ab\u00a0Tout cela, cette atmosph\u00e8re, \u00e7a ressemble vraiment \u00e0 Twin Peaks\u00a0\u00bb. Si c&rsquo;est lui qui le dit\u00a0! Ce qui est s\u00fbr, c&rsquo;est que l&rsquo;on a d\u00e9j\u00e0 h\u00e2te de voir ce que vont nous r\u00e9aliser les 24 jeunes engag\u00e9s dans ces 24 heures o\u00f9 ils vont squatter la MCL, mais pas que.<\/p>\n<p>Les \u00e9quipes de tournage ont en effet toute libert\u00e9 de travailler un peu partout \u00e0 G\u00e9rardmer avec l&rsquo;autorisation de la Municipalit\u00e9 bien entendu. Si elles le d\u00e9sirent, elles pourront m\u00eame b\u00e9n\u00e9ficier des talents de maquilleurs des \u00e9l\u00e8ves de l\u2019\u00e9cole de Strasbourg qui seront pr\u00e9sents \u00e0 13 h pour grimer les participants \u00e0 la Zombie Walk. \u00c7a ne ne se refuse pas\u00a0!<\/p>\n<p><span style=\"color: #000000;\"><span style=\"font-family: 'Times New Roman', serif;\"><span style=\"font-size: medium;\">Pour conclure, notez que les \u00e9quipes compos\u00e9es au maximum de 6 personnes devront rendre leur travail ce dimanche avant 11 h sur une cl\u00e9 de 64 Gigas fournie par l&rsquo;organisation et qu&rsquo;elles seront d\u00e9partag\u00e9es par un jury de professionnels du cin\u00e9ma. Une projection gratuite et ouverte \u00e0 tous aura lieu le samedi 14 f\u00e9vrier \u00e0 17 h 30 au cin\u00e9ma Andr\u00e9 Bourvil \u00e0 la MCL de G\u00e9rardmer. Le jury d\u00e9cernera ce jour l\u00e0 le coup de c\u0153ur de cette premi\u00e8re \u00e9dition \u00e0 G\u00e9rardmer <\/span><\/span><\/span><span style=\"color: #000000;\"><span style=\"font-family: 'Times New Roman', serif;\"><span style=\"font-size: medium;\">et l<\/span><\/span><\/span><strong><span style=\"color: #000000;\"><span style=\"font-family: 'Times New Roman', serif;\"><span style=\"font-size: medium;\">\u2019\u00e9quipe gagnante concourra \u00e0 Paris pour l\u2019\u00e9dition nationale des 24H des R\u00e9alisations !<\/span><\/span><\/span><\/strong><\/p>\n","protected":false},"excerpt":{"rendered":"<p>&nbsp; Pour la premi\u00e8re fois de son histoire, la Maison de la Culture et des Loisirs de G\u00e9rardmer accueille les [&hellip;]<\/p>\n","protected":false},"author":42,"featured_media":0,"comment_status":"open","ping_status":"open","sticky":false,"template":"","format":"standard","meta":{"footnotes":""},"categories":[4,18],"tags":[],"class_list":["post-12249","post","type-post","status-publish","format-standard","hentry","category-culture","category-vosges"],"acf":[],"yoast_head":"<!-- This site is optimized with the Yoast SEO plugin v22.5 - https:\/\/yoast.com\/wordpress\/plugins\/seo\/ -->\n<title>Festival : 24 jeunes, 24 h chrono ! - Gerardmer Info<\/title>\n<meta name=\"robots\" content=\"index, follow, max-snippet:-1, max-image-preview:large, max-video-preview:-1\" \/>\n<link rel=\"canonical\" href=\"https:\/\/vosgesinfo.fr\/gerardmerinfo\/2015\/01\/24-jeunes-24-h-chrono\/\" \/>\n<meta name=\"twitter:card\" content=\"summary_large_image\" \/>\n<meta name=\"twitter:title\" content=\"Festival : 24 jeunes, 24 h chrono ! - Gerardmer Info\" \/>\n<meta name=\"twitter:description\" content=\"&nbsp; Pour la premi\u00e8re fois de son histoire, la Maison de la Culture et des Loisirs de G\u00e9rardmer accueille les [&hellip;]\" \/>\n<meta name=\"twitter:creator\" content=\"@VosgesInfo88\" \/>\n<meta name=\"twitter:site\" content=\"@VosgesInfo88\" \/>\n<meta name=\"twitter:label1\" content=\"\u00c9crit par\" \/>\n\t<meta name=\"twitter:data1\" content=\"QG\" \/>\n\t<meta name=\"twitter:label2\" content=\"Dur\u00e9e de lecture estim\u00e9e\" \/>\n\t<meta name=\"twitter:data2\" content=\"3 minutes\" \/>\n<script type=\"application\/ld+json\" class=\"yoast-schema-graph\">{\"@context\":\"https:\/\/schema.org\",\"@graph\":[{\"@type\":\"Article\",\"@id\":\"https:\/\/vosgesinfo.fr\/gerardmerinfo\/2015\/01\/24-jeunes-24-h-chrono\/#article\",\"isPartOf\":{\"@id\":\"https:\/\/vosgesinfo.fr\/gerardmerinfo\/2015\/01\/24-jeunes-24-h-chrono\/\"},\"author\":{\"name\":\"QG\",\"@id\":\"https:\/\/vosgesinfo.fr\/gerardmerinfo\/#\/schema\/person\/db5605779a843dad16b5368f3e7613a5\"},\"headline\":\"Festival : 24 jeunes, 24 h chrono !\",\"datePublished\":\"2015-01-31T10:34:56+00:00\",\"dateModified\":\"2015-01-31T10:34:56+00:00\",\"mainEntityOfPage\":{\"@id\":\"https:\/\/vosgesinfo.fr\/gerardmerinfo\/2015\/01\/24-jeunes-24-h-chrono\/\"},\"wordCount\":653,\"commentCount\":0,\"publisher\":{\"@id\":\"https:\/\/vosgesinfo.fr\/gerardmerinfo\/#organization\"},\"articleSection\":[\"Culture\",\"Vosges\"],\"inLanguage\":\"fr-FR\",\"potentialAction\":[{\"@type\":\"CommentAction\",\"name\":\"Comment\",\"target\":[\"https:\/\/vosgesinfo.fr\/gerardmerinfo\/2015\/01\/24-jeunes-24-h-chrono\/#respond\"]}]},{\"@type\":\"WebPage\",\"@id\":\"https:\/\/vosgesinfo.fr\/gerardmerinfo\/2015\/01\/24-jeunes-24-h-chrono\/\",\"url\":\"https:\/\/vosgesinfo.fr\/gerardmerinfo\/2015\/01\/24-jeunes-24-h-chrono\/\",\"name\":\"Festival : 24 jeunes, 24 h chrono ! - Gerardmer Info\",\"isPartOf\":{\"@id\":\"https:\/\/vosgesinfo.fr\/gerardmerinfo\/#website\"},\"datePublished\":\"2015-01-31T10:34:56+00:00\",\"dateModified\":\"2015-01-31T10:34:56+00:00\",\"breadcrumb\":{\"@id\":\"https:\/\/vosgesinfo.fr\/gerardmerinfo\/2015\/01\/24-jeunes-24-h-chrono\/#breadcrumb\"},\"inLanguage\":\"fr-FR\",\"potentialAction\":[{\"@type\":\"ReadAction\",\"target\":[\"https:\/\/vosgesinfo.fr\/gerardmerinfo\/2015\/01\/24-jeunes-24-h-chrono\/\"]}]},{\"@type\":\"BreadcrumbList\",\"@id\":\"https:\/\/vosgesinfo.fr\/gerardmerinfo\/2015\/01\/24-jeunes-24-h-chrono\/#breadcrumb\",\"itemListElement\":[{\"@type\":\"ListItem\",\"position\":1,\"name\":\"Home\",\"item\":\"https:\/\/vosgesinfo.fr\/gerardmerinfo\/\"},{\"@type\":\"ListItem\",\"position\":2,\"name\":\"Festival : 24 jeunes, 24 h chrono !\"}]},{\"@type\":\"WebSite\",\"@id\":\"https:\/\/vosgesinfo.fr\/gerardmerinfo\/#website\",\"url\":\"https:\/\/vosgesinfo.fr\/gerardmerinfo\/\",\"name\":\"Gerardmer Info\",\"description\":\"Toute l&#039;actualit\u00e9 de G\u00e9rardmer\",\"publisher\":{\"@id\":\"https:\/\/vosgesinfo.fr\/gerardmerinfo\/#organization\"},\"alternateName\":\"Toute l'actualit\u00e9 de G\u00e9rardmer\",\"potentialAction\":[{\"@type\":\"SearchAction\",\"target\":{\"@type\":\"EntryPoint\",\"urlTemplate\":\"https:\/\/vosgesinfo.fr\/gerardmerinfo\/?s={search_term_string}\"},\"query-input\":\"required name=search_term_string\"}],\"inLanguage\":\"fr-FR\"},{\"@type\":\"Organization\",\"@id\":\"https:\/\/vosgesinfo.fr\/gerardmerinfo\/#organization\",\"name\":\"Gerardmer Info\",\"url\":\"https:\/\/vosgesinfo.fr\/gerardmerinfo\/\",\"logo\":{\"@type\":\"ImageObject\",\"inLanguage\":\"fr-FR\",\"@id\":\"https:\/\/vosgesinfo.fr\/gerardmerinfo\/#\/schema\/logo\/image\/\",\"url\":\"https:\/\/vosgesinfo.fr\/app\/uploads\/sites\/6\/2023\/08\/favicon-gerardmerinfo.png\",\"contentUrl\":\"https:\/\/vosgesinfo.fr\/app\/uploads\/sites\/6\/2023\/08\/favicon-gerardmerinfo.png\",\"width\":512,\"height\":512,\"caption\":\"Gerardmer Info\"},\"image\":{\"@id\":\"https:\/\/vosgesinfo.fr\/gerardmerinfo\/#\/schema\/logo\/image\/\"},\"sameAs\":[\"https:\/\/www.facebook.com\/profile.php?id=100049475262660\",\"https:\/\/x.com\/VosgesInfo88\",\"https:\/\/www.youtube.com\/@vosgesinfo\"]},{\"@type\":\"Person\",\"@id\":\"https:\/\/vosgesinfo.fr\/gerardmerinfo\/#\/schema\/person\/db5605779a843dad16b5368f3e7613a5\",\"name\":\"QG\",\"image\":{\"@type\":\"ImageObject\",\"inLanguage\":\"fr-FR\",\"@id\":\"https:\/\/vosgesinfo.fr\/gerardmerinfo\/#\/schema\/person\/image\/\",\"url\":\"https:\/\/secure.gravatar.com\/avatar\/ea80c42c204b534408512832fde52504ecabb9706bcb6151cf6175e5b64e6793?s=96&d=mm&r=g\",\"contentUrl\":\"https:\/\/secure.gravatar.com\/avatar\/ea80c42c204b534408512832fde52504ecabb9706bcb6151cf6175e5b64e6793?s=96&d=mm&r=g\",\"caption\":\"QG\"},\"url\":\"https:\/\/vosgesinfo.fr\/gerardmerinfo\/author\/quentin88\/\"}]}<\/script>\n<!-- \/ Yoast SEO plugin. -->","yoast_head_json":{"title":"Festival : 24 jeunes, 24 h chrono ! - Gerardmer Info","robots":{"index":"index","follow":"follow","max-snippet":"max-snippet:-1","max-image-preview":"max-image-preview:large","max-video-preview":"max-video-preview:-1"},"canonical":"https:\/\/vosgesinfo.fr\/gerardmerinfo\/2015\/01\/24-jeunes-24-h-chrono\/","twitter_card":"summary_large_image","twitter_title":"Festival : 24 jeunes, 24 h chrono ! - Gerardmer Info","twitter_description":"&nbsp; Pour la premi\u00e8re fois de son histoire, la Maison de la Culture et des Loisirs de G\u00e9rardmer accueille les [&hellip;]","twitter_creator":"@VosgesInfo88","twitter_site":"@VosgesInfo88","twitter_misc":{"\u00c9crit par":"QG","Dur\u00e9e de lecture estim\u00e9e":"3 minutes"},"schema":{"@context":"https:\/\/schema.org","@graph":[{"@type":"Article","@id":"https:\/\/vosgesinfo.fr\/gerardmerinfo\/2015\/01\/24-jeunes-24-h-chrono\/#article","isPartOf":{"@id":"https:\/\/vosgesinfo.fr\/gerardmerinfo\/2015\/01\/24-jeunes-24-h-chrono\/"},"author":{"name":"QG","@id":"https:\/\/vosgesinfo.fr\/gerardmerinfo\/#\/schema\/person\/db5605779a843dad16b5368f3e7613a5"},"headline":"Festival : 24 jeunes, 24 h chrono !","datePublished":"2015-01-31T10:34:56+00:00","dateModified":"2015-01-31T10:34:56+00:00","mainEntityOfPage":{"@id":"https:\/\/vosgesinfo.fr\/gerardmerinfo\/2015\/01\/24-jeunes-24-h-chrono\/"},"wordCount":653,"commentCount":0,"publisher":{"@id":"https:\/\/vosgesinfo.fr\/gerardmerinfo\/#organization"},"articleSection":["Culture","Vosges"],"inLanguage":"fr-FR","potentialAction":[{"@type":"CommentAction","name":"Comment","target":["https:\/\/vosgesinfo.fr\/gerardmerinfo\/2015\/01\/24-jeunes-24-h-chrono\/#respond"]}]},{"@type":"WebPage","@id":"https:\/\/vosgesinfo.fr\/gerardmerinfo\/2015\/01\/24-jeunes-24-h-chrono\/","url":"https:\/\/vosgesinfo.fr\/gerardmerinfo\/2015\/01\/24-jeunes-24-h-chrono\/","name":"Festival : 24 jeunes, 24 h chrono ! - Gerardmer Info","isPartOf":{"@id":"https:\/\/vosgesinfo.fr\/gerardmerinfo\/#website"},"datePublished":"2015-01-31T10:34:56+00:00","dateModified":"2015-01-31T10:34:56+00:00","breadcrumb":{"@id":"https:\/\/vosgesinfo.fr\/gerardmerinfo\/2015\/01\/24-jeunes-24-h-chrono\/#breadcrumb"},"inLanguage":"fr-FR","potentialAction":[{"@type":"ReadAction","target":["https:\/\/vosgesinfo.fr\/gerardmerinfo\/2015\/01\/24-jeunes-24-h-chrono\/"]}]},{"@type":"BreadcrumbList","@id":"https:\/\/vosgesinfo.fr\/gerardmerinfo\/2015\/01\/24-jeunes-24-h-chrono\/#breadcrumb","itemListElement":[{"@type":"ListItem","position":1,"name":"Home","item":"https:\/\/vosgesinfo.fr\/gerardmerinfo\/"},{"@type":"ListItem","position":2,"name":"Festival : 24 jeunes, 24 h chrono !"}]},{"@type":"WebSite","@id":"https:\/\/vosgesinfo.fr\/gerardmerinfo\/#website","url":"https:\/\/vosgesinfo.fr\/gerardmerinfo\/","name":"Gerardmer Info","description":"Toute l&#039;actualit\u00e9 de G\u00e9rardmer","publisher":{"@id":"https:\/\/vosgesinfo.fr\/gerardmerinfo\/#organization"},"alternateName":"Toute l'actualit\u00e9 de G\u00e9rardmer","potentialAction":[{"@type":"SearchAction","target":{"@type":"EntryPoint","urlTemplate":"https:\/\/vosgesinfo.fr\/gerardmerinfo\/?s={search_term_string}"},"query-input":"required name=search_term_string"}],"inLanguage":"fr-FR"},{"@type":"Organization","@id":"https:\/\/vosgesinfo.fr\/gerardmerinfo\/#organization","name":"Gerardmer Info","url":"https:\/\/vosgesinfo.fr\/gerardmerinfo\/","logo":{"@type":"ImageObject","inLanguage":"fr-FR","@id":"https:\/\/vosgesinfo.fr\/gerardmerinfo\/#\/schema\/logo\/image\/","url":"https:\/\/vosgesinfo.fr\/app\/uploads\/sites\/6\/2023\/08\/favicon-gerardmerinfo.png","contentUrl":"https:\/\/vosgesinfo.fr\/app\/uploads\/sites\/6\/2023\/08\/favicon-gerardmerinfo.png","width":512,"height":512,"caption":"Gerardmer Info"},"image":{"@id":"https:\/\/vosgesinfo.fr\/gerardmerinfo\/#\/schema\/logo\/image\/"},"sameAs":["https:\/\/www.facebook.com\/profile.php?id=100049475262660","https:\/\/x.com\/VosgesInfo88","https:\/\/www.youtube.com\/@vosgesinfo"]},{"@type":"Person","@id":"https:\/\/vosgesinfo.fr\/gerardmerinfo\/#\/schema\/person\/db5605779a843dad16b5368f3e7613a5","name":"QG","image":{"@type":"ImageObject","inLanguage":"fr-FR","@id":"https:\/\/vosgesinfo.fr\/gerardmerinfo\/#\/schema\/person\/image\/","url":"https:\/\/secure.gravatar.com\/avatar\/ea80c42c204b534408512832fde52504ecabb9706bcb6151cf6175e5b64e6793?s=96&d=mm&r=g","contentUrl":"https:\/\/secure.gravatar.com\/avatar\/ea80c42c204b534408512832fde52504ecabb9706bcb6151cf6175e5b64e6793?s=96&d=mm&r=g","caption":"QG"},"url":"https:\/\/vosgesinfo.fr\/gerardmerinfo\/author\/quentin88\/"}]}},"_links":{"self":[{"href":"https:\/\/vosgesinfo.fr\/gerardmerinfo\/wp-json\/wp\/v2\/posts\/12249","targetHints":{"allow":["GET"]}}],"collection":[{"href":"https:\/\/vosgesinfo.fr\/gerardmerinfo\/wp-json\/wp\/v2\/posts"}],"about":[{"href":"https:\/\/vosgesinfo.fr\/gerardmerinfo\/wp-json\/wp\/v2\/types\/post"}],"author":[{"embeddable":true,"href":"https:\/\/vosgesinfo.fr\/gerardmerinfo\/wp-json\/wp\/v2\/users\/42"}],"replies":[{"embeddable":true,"href":"https:\/\/vosgesinfo.fr\/gerardmerinfo\/wp-json\/wp\/v2\/comments?post=12249"}],"version-history":[{"count":0,"href":"https:\/\/vosgesinfo.fr\/gerardmerinfo\/wp-json\/wp\/v2\/posts\/12249\/revisions"}],"wp:attachment":[{"href":"https:\/\/vosgesinfo.fr\/gerardmerinfo\/wp-json\/wp\/v2\/media?parent=12249"}],"wp:term":[{"taxonomy":"category","embeddable":true,"href":"https:\/\/vosgesinfo.fr\/gerardmerinfo\/wp-json\/wp\/v2\/categories?post=12249"},{"taxonomy":"post_tag","embeddable":true,"href":"https:\/\/vosgesinfo.fr\/gerardmerinfo\/wp-json\/wp\/v2\/tags?post=12249"}],"curies":[{"name":"wp","href":"https:\/\/api.w.org\/{rel}","templated":true}]}}