{"id":12253,"date":"2015-02-01T19:37:23","date_gmt":"2015-02-01T18:37:23","guid":{"rendered":"https:\/\/vosgesinfo.fr\/gerardmerinfo\/2015\/02\/festival-fantastique-le-rideau-tombe-en-beaute-sur-follows\/"},"modified":"2015-02-01T19:37:23","modified_gmt":"2015-02-01T18:37:23","slug":"festival-fantastique-le-rideau-tombe-en-beaute-sur-follows","status":"publish","type":"post","link":"https:\/\/vosgesinfo.fr\/gerardmerinfo\/2015\/02\/festival-fantastique-le-rideau-tombe-en-beaute-sur-follows\/","title":{"rendered":"Festival Fantastique : le rideau tombe en beaut\u00e9 sur \u00ab\u00a0It Follows\u00a0\u00bb"},"content":{"rendered":" Le Jury long m\u00e9trages avec Lionel Chouchan et Pierre Sachot\n<p>C&rsquo;est fait, depuis 19h30 on connait le\u00a0 grand Prix, tous les prix du Festival du Film Fantastique 22\u00e8me \u00e9dition. C&rsquo;est le pr\u00e9sident du Jury Christophe Gans accompagn\u00e9 sur la sc\u00e8ne de l&rsquo;Espace LAC\u00a0 de Pierre Sachot, Lionel Chouchan et des acteurs pr\u00e9sents sur cette \u00e9dition 2015 qui a remis le grand Prix du festival \u00e0 It Follows devant un jury bien inspir\u00e9 et de professionnels du cin\u00e9ma fantastique&#8230;sans oublier la\u00a0 cohorte de journalistes venus des quatre coins de la France mais aussi de l&rsquo;\u00e9tranger.<\/p>\n<p>Plus le temps passe, plus Fantasti&rsquo;cArts s&rsquo;installe dans le temps en op\u00e9rant une v\u00e9ritable mutation. Les premi\u00e8res ann\u00e9es furent marqu\u00e9es par l&rsquo;aspect people de la manifestation, aujourd&rsquo;hui le festival prend des allures plus professionnelles, plus cibl\u00e9es, plus sp\u00e9cialis\u00e9es pour un genre cin\u00e9matographique enfin reconnu par le grand public mais surtout par l&rsquo;industrie du 7\u00e8me art. On est loin des ann\u00e9es Johnny ! Une page semble d\u00e9finitivement tourn\u00e9e pour faire place depuis 3 ou 4 \u00e9ditions \u00e0 un renouveau du fantastique et du Festival qui\u00a0 s&rsquo;est finalement impos\u00e9 de lui m\u00eame.<\/p>\n<p>Le rideau est donc tomb\u00e9 en beaut\u00e9\u00a0 sur la 22\u00e8me \u00e9dition mais surtout sur 3 ou 4 films de tr\u00e8s haut niveau et qui ont conquis les critiques cin\u00e9ma emmen\u00e9es par le truculent Philippe Rouyer, figure incontournable aujourd\u2019hui de la semaine g\u00e9r\u00f4moise.<\/p>\n<p>il faudra attendre un an pour retrouver strass et paillettes et surtout une tr\u00e8s bonne programmation comme le cru 2015 sur les bords du lac. Rendez-vous est pris, les fans ont d\u00e9j\u00e0 commenc\u00e9 le compte \u00e0 rebours&#8230;B\u00e9n\u00e9voles et organisations aussi.<\/p>\n<p><span style=\"color: #ff0000;\"><i>Grand Prix<\/i><\/span><br \/>\n<a href=\"http:\/\/www.filmdeculte.com\/cinema\/film\/It-Follows-5436.html\"><b>It Follows<\/b><\/a>, David Robert Mitchell<\/p>\n<p><span style=\"color: #ff0000;\"><i>Prix du jury<\/i><\/span><br \/>\n<a href=\"http:\/\/www.filmdeculte.com\/cinema\/actualite\/The-Voices-20812.html\"><b>The Voices<\/b><\/a>, Marjane Satrapi &amp; <a href=\"http:\/\/www.filmdeculte.com\/cinema\/film\/Ex-Machina-5686.html\"><b>Ex Machina<\/b><\/a>, Alex Garland<\/p>\n<p><span style=\"color: #ff0000;\"><i>Prix du public<\/i><\/span><br \/>\n<a href=\"http:\/\/www.filmdeculte.com\/cinema\/actualite\/The-Voices-20812.html\"><b>The Voices<\/b><\/a>, Marjane Satrapi<\/p>\n<p><span style=\"color: #ff0000;\"><i>Prix de la Critique<\/i><\/span><br \/>\n<a href=\"http:\/\/www.filmdeculte.com\/cinema\/film\/It-Follows-5436.html\"><b>It Follows<\/b><\/a>, David Robert Mitchell<\/p>\n<p><span style=\"color: #ff0000;\"><i>Prix du Jury SyFy<\/i><\/span><br \/>\n<a href=\"http:\/\/www.filmdeculte.com\/cinema\/film\/Goodnight-Mommy-5634.html\"><b>Goodnight Mommy<\/b><\/a>, Veronika Franz, Severin Fiala<\/p>\n<p><i>Prix du Jury Jeunes<\/i><br \/>\n<a href=\"http:\/\/www.filmdeculte.com\/cinema\/film\/Goodnight-Mommy-5634.html\"><b>Goodnight Mommy<\/b><\/a>, Veronika Franz, Severin Fiala<\/p>\n<p><span style=\"color: #ff0000;\"><i>Prix du court m\u00e9trage<\/i><\/span><br \/>\n<b>Habana<\/b> d&rsquo;Edouard Salier<\/p>\n\n\t\t<style type=\"text\/css\">\n\t\t\t#gallery-1 {\n\t\t\t\tmargin: auto;\n\t\t\t}\n\t\t\t#gallery-1 .gallery-item {\n\t\t\t\tfloat: left;\n\t\t\t\tmargin-top: 10px;\n\t\t\t\ttext-align: center;\n\t\t\t\twidth: 50%;\n\t\t\t}\n\t\t\t#gallery-1 img {\n\t\t\t\tborder: 2px solid #cfcfcf;\n\t\t\t}\n\t\t\t#gallery-1 .gallery-caption {\n\t\t\t\tmargin-left: 0;\n\t\t\t}\n\t\t\t\/* see gallery_shortcode() in wp-includes\/media.php *\/\n\t\t<\/style>\n\t\t<div id='gallery-1' class='gallery galleryid-12253 gallery-columns-2 gallery-size-large'><dl class='gallery-item'>\n\t\t\t<dt class='gallery-icon portrait'>\n\t\t\t\t<a href='https:\/\/vosgesinfo.fr\/gerardmerinfo\/2020\/02\/soiree-indienne-profit-enfants-handicapes-de-pondichery\/2020-02-affiche-jpeg\/'><img decoding=\"async\" width=\"568\" height=\"800\" src=\"https:\/\/vosgesinfo.fr\/app\/uploads\/sites\/6\/2024\/07\/202002affiche-jpeg.jpg\" class=\"attachment-large size-large\" alt=\"\" srcset=\"https:\/\/vosgesinfo.fr\/app\/uploads\/sites\/6\/2024\/07\/202002affiche-jpeg.jpg 568w, https:\/\/vosgesinfo.fr\/app\/uploads\/sites\/6\/2024\/07\/202002affiche-jpeg-213x300.jpg 213w\" sizes=\"(max-width: 568px) 100vw, 568px\" \/><\/a>\n\t\t\t<\/dt><\/dl><dl class='gallery-item'>\n\t\t\t<dt class='gallery-icon landscape'>\n\t\t\t\t<a href='https:\/\/vosgesinfo.fr\/gerardmerinfo\/2020\/02\/jean-michel-bertrand-a-marche-loups\/2020-02-img_20200212_194228\/'><img decoding=\"async\" width=\"800\" height=\"600\" src=\"https:\/\/vosgesinfo.fr\/app\/uploads\/sites\/6\/2024\/07\/202002img-20200212-194228.jpg\" class=\"attachment-large size-large\" alt=\"\" srcset=\"https:\/\/vosgesinfo.fr\/app\/uploads\/sites\/6\/2024\/07\/202002img-20200212-194228.jpg 800w, https:\/\/vosgesinfo.fr\/app\/uploads\/sites\/6\/2024\/07\/202002img-20200212-194228-300x225.jpg 300w, https:\/\/vosgesinfo.fr\/app\/uploads\/sites\/6\/2024\/07\/202002img-20200212-194228-768x576.jpg 768w\" sizes=\"(max-width: 800px) 100vw, 800px\" \/><\/a>\n\t\t\t<\/dt><\/dl><br style=\"clear: both\" \/>\n\t\t<\/div>\n\n","protected":false},"excerpt":{"rendered":"<p>C&rsquo;est fait, depuis 19h30 on connait le\u00a0 grand Prix, tous les prix du Festival du Film Fantastique 22\u00e8me \u00e9dition. C&rsquo;est [&hellip;]<\/p>\n","protected":false},"author":1,"featured_media":0,"comment_status":"open","ping_status":"open","sticky":false,"template":"","format":"standard","meta":{"footnotes":""},"categories":[4,24,18],"tags":[],"class_list":["post-12253","post","type-post","status-publish","format-standard","hentry","category-culture","category-evenements","category-vosges"],"acf":[],"yoast_head":"<!-- This site is optimized with the Yoast SEO plugin v22.5 - https:\/\/yoast.com\/wordpress\/plugins\/seo\/ -->\n<title>Festival Fantastique : le rideau tombe en beaut\u00e9 sur &quot;It Follows&quot; - Gerardmer Info<\/title>\n<meta name=\"robots\" content=\"index, follow, max-snippet:-1, max-image-preview:large, max-video-preview:-1\" \/>\n<link rel=\"canonical\" href=\"https:\/\/vosgesinfo.fr\/gerardmerinfo\/2015\/02\/festival-fantastique-le-rideau-tombe-en-beaute-sur-follows\/\" \/>\n<meta name=\"twitter:card\" content=\"summary_large_image\" \/>\n<meta name=\"twitter:title\" content=\"Festival Fantastique : le rideau tombe en beaut\u00e9 sur &quot;It Follows&quot; - Gerardmer Info\" \/>\n<meta name=\"twitter:description\" content=\"C&rsquo;est fait, depuis 19h30 on connait le\u00a0 grand Prix, tous les prix du Festival du Film Fantastique 22\u00e8me \u00e9dition. C&rsquo;est [&hellip;]\" \/>\n<meta name=\"twitter:creator\" content=\"@VosgesInfo88\" \/>\n<meta name=\"twitter:site\" content=\"@VosgesInfo88\" \/>\n<meta name=\"twitter:label1\" content=\"\u00c9crit par\" \/>\n\t<meta name=\"twitter:data1\" content=\"qs_admin\" \/>\n\t<meta name=\"twitter:label2\" content=\"Dur\u00e9e de lecture estim\u00e9e\" \/>\n\t<meta name=\"twitter:data2\" content=\"2 minutes\" \/>\n<script type=\"application\/ld+json\" class=\"yoast-schema-graph\">{\"@context\":\"https:\/\/schema.org\",\"@graph\":[{\"@type\":\"Article\",\"@id\":\"https:\/\/vosgesinfo.fr\/gerardmerinfo\/2015\/02\/festival-fantastique-le-rideau-tombe-en-beaute-sur-follows\/#article\",\"isPartOf\":{\"@id\":\"https:\/\/vosgesinfo.fr\/gerardmerinfo\/2015\/02\/festival-fantastique-le-rideau-tombe-en-beaute-sur-follows\/\"},\"author\":{\"name\":\"qs_admin\",\"@id\":\"https:\/\/vosgesinfo.fr\/gerardmerinfo\/#\/schema\/person\/bc5d02d71e6932e81b6dadb7386667b1\"},\"headline\":\"Festival Fantastique : le rideau tombe en beaut\u00e9 sur \u00ab\u00a0It Follows\u00a0\u00bb\",\"datePublished\":\"2015-02-01T18:37:23+00:00\",\"dateModified\":\"2015-02-01T18:37:23+00:00\",\"mainEntityOfPage\":{\"@id\":\"https:\/\/vosgesinfo.fr\/gerardmerinfo\/2015\/02\/festival-fantastique-le-rideau-tombe-en-beaute-sur-follows\/\"},\"wordCount\":382,\"commentCount\":0,\"publisher\":{\"@id\":\"https:\/\/vosgesinfo.fr\/gerardmerinfo\/#organization\"},\"articleSection\":[\"Culture\",\"Ev\u00e8nements\",\"Vosges\"],\"inLanguage\":\"fr-FR\",\"potentialAction\":[{\"@type\":\"CommentAction\",\"name\":\"Comment\",\"target\":[\"https:\/\/vosgesinfo.fr\/gerardmerinfo\/2015\/02\/festival-fantastique-le-rideau-tombe-en-beaute-sur-follows\/#respond\"]}]},{\"@type\":\"WebPage\",\"@id\":\"https:\/\/vosgesinfo.fr\/gerardmerinfo\/2015\/02\/festival-fantastique-le-rideau-tombe-en-beaute-sur-follows\/\",\"url\":\"https:\/\/vosgesinfo.fr\/gerardmerinfo\/2015\/02\/festival-fantastique-le-rideau-tombe-en-beaute-sur-follows\/\",\"name\":\"Festival Fantastique : le rideau tombe en beaut\u00e9 sur \\\"It Follows\\\" - Gerardmer Info\",\"isPartOf\":{\"@id\":\"https:\/\/vosgesinfo.fr\/gerardmerinfo\/#website\"},\"datePublished\":\"2015-02-01T18:37:23+00:00\",\"dateModified\":\"2015-02-01T18:37:23+00:00\",\"breadcrumb\":{\"@id\":\"https:\/\/vosgesinfo.fr\/gerardmerinfo\/2015\/02\/festival-fantastique-le-rideau-tombe-en-beaute-sur-follows\/#breadcrumb\"},\"inLanguage\":\"fr-FR\",\"potentialAction\":[{\"@type\":\"ReadAction\",\"target\":[\"https:\/\/vosgesinfo.fr\/gerardmerinfo\/2015\/02\/festival-fantastique-le-rideau-tombe-en-beaute-sur-follows\/\"]}]},{\"@type\":\"BreadcrumbList\",\"@id\":\"https:\/\/vosgesinfo.fr\/gerardmerinfo\/2015\/02\/festival-fantastique-le-rideau-tombe-en-beaute-sur-follows\/#breadcrumb\",\"itemListElement\":[{\"@type\":\"ListItem\",\"position\":1,\"name\":\"Home\",\"item\":\"https:\/\/vosgesinfo.fr\/gerardmerinfo\/\"},{\"@type\":\"ListItem\",\"position\":2,\"name\":\"Festival Fantastique : le rideau tombe en beaut\u00e9 sur \u00ab\u00a0It Follows\u00a0\u00bb\"}]},{\"@type\":\"WebSite\",\"@id\":\"https:\/\/vosgesinfo.fr\/gerardmerinfo\/#website\",\"url\":\"https:\/\/vosgesinfo.fr\/gerardmerinfo\/\",\"name\":\"Gerardmer Info\",\"description\":\"Toute l&#039;actualit\u00e9 de G\u00e9rardmer\",\"publisher\":{\"@id\":\"https:\/\/vosgesinfo.fr\/gerardmerinfo\/#organization\"},\"alternateName\":\"Toute l'actualit\u00e9 de G\u00e9rardmer\",\"potentialAction\":[{\"@type\":\"SearchAction\",\"target\":{\"@type\":\"EntryPoint\",\"urlTemplate\":\"https:\/\/vosgesinfo.fr\/gerardmerinfo\/?s={search_term_string}\"},\"query-input\":\"required name=search_term_string\"}],\"inLanguage\":\"fr-FR\"},{\"@type\":\"Organization\",\"@id\":\"https:\/\/vosgesinfo.fr\/gerardmerinfo\/#organization\",\"name\":\"Gerardmer Info\",\"url\":\"https:\/\/vosgesinfo.fr\/gerardmerinfo\/\",\"logo\":{\"@type\":\"ImageObject\",\"inLanguage\":\"fr-FR\",\"@id\":\"https:\/\/vosgesinfo.fr\/gerardmerinfo\/#\/schema\/logo\/image\/\",\"url\":\"https:\/\/vosgesinfo.fr\/app\/uploads\/sites\/6\/2023\/08\/favicon-gerardmerinfo.png\",\"contentUrl\":\"https:\/\/vosgesinfo.fr\/app\/uploads\/sites\/6\/2023\/08\/favicon-gerardmerinfo.png\",\"width\":512,\"height\":512,\"caption\":\"Gerardmer Info\"},\"image\":{\"@id\":\"https:\/\/vosgesinfo.fr\/gerardmerinfo\/#\/schema\/logo\/image\/\"},\"sameAs\":[\"https:\/\/www.facebook.com\/profile.php?id=100049475262660\",\"https:\/\/x.com\/VosgesInfo88\",\"https:\/\/www.youtube.com\/@vosgesinfo\"]},{\"@type\":\"Person\",\"@id\":\"https:\/\/vosgesinfo.fr\/gerardmerinfo\/#\/schema\/person\/bc5d02d71e6932e81b6dadb7386667b1\",\"name\":\"qs_admin\",\"image\":{\"@type\":\"ImageObject\",\"inLanguage\":\"fr-FR\",\"@id\":\"https:\/\/vosgesinfo.fr\/gerardmerinfo\/#\/schema\/person\/image\/\",\"url\":\"https:\/\/secure.gravatar.com\/avatar\/94b18ee0ed79e4a42ea2f2931277b6841a8999fc6fde214600c78057cf1fe1de?s=96&d=mm&r=g\",\"contentUrl\":\"https:\/\/secure.gravatar.com\/avatar\/94b18ee0ed79e4a42ea2f2931277b6841a8999fc6fde214600c78057cf1fe1de?s=96&d=mm&r=g\",\"caption\":\"qs_admin\"},\"sameAs\":[\"https:\/\/vosgesinfo.fr\/wp\"],\"url\":\"https:\/\/vosgesinfo.fr\/gerardmerinfo\/author\/qs_admin\/\"}]}<\/script>\n<!-- \/ Yoast SEO plugin. -->","yoast_head_json":{"title":"Festival Fantastique : le rideau tombe en beaut\u00e9 sur \"It Follows\" - Gerardmer Info","robots":{"index":"index","follow":"follow","max-snippet":"max-snippet:-1","max-image-preview":"max-image-preview:large","max-video-preview":"max-video-preview:-1"},"canonical":"https:\/\/vosgesinfo.fr\/gerardmerinfo\/2015\/02\/festival-fantastique-le-rideau-tombe-en-beaute-sur-follows\/","twitter_card":"summary_large_image","twitter_title":"Festival Fantastique : le rideau tombe en beaut\u00e9 sur \"It Follows\" - Gerardmer Info","twitter_description":"C&rsquo;est fait, depuis 19h30 on connait le\u00a0 grand Prix, tous les prix du Festival du Film Fantastique 22\u00e8me \u00e9dition. C&rsquo;est [&hellip;]","twitter_creator":"@VosgesInfo88","twitter_site":"@VosgesInfo88","twitter_misc":{"\u00c9crit par":"qs_admin","Dur\u00e9e de lecture estim\u00e9e":"2 minutes"},"schema":{"@context":"https:\/\/schema.org","@graph":[{"@type":"Article","@id":"https:\/\/vosgesinfo.fr\/gerardmerinfo\/2015\/02\/festival-fantastique-le-rideau-tombe-en-beaute-sur-follows\/#article","isPartOf":{"@id":"https:\/\/vosgesinfo.fr\/gerardmerinfo\/2015\/02\/festival-fantastique-le-rideau-tombe-en-beaute-sur-follows\/"},"author":{"name":"qs_admin","@id":"https:\/\/vosgesinfo.fr\/gerardmerinfo\/#\/schema\/person\/bc5d02d71e6932e81b6dadb7386667b1"},"headline":"Festival Fantastique : le rideau tombe en beaut\u00e9 sur \u00ab\u00a0It Follows\u00a0\u00bb","datePublished":"2015-02-01T18:37:23+00:00","dateModified":"2015-02-01T18:37:23+00:00","mainEntityOfPage":{"@id":"https:\/\/vosgesinfo.fr\/gerardmerinfo\/2015\/02\/festival-fantastique-le-rideau-tombe-en-beaute-sur-follows\/"},"wordCount":382,"commentCount":0,"publisher":{"@id":"https:\/\/vosgesinfo.fr\/gerardmerinfo\/#organization"},"articleSection":["Culture","Ev\u00e8nements","Vosges"],"inLanguage":"fr-FR","potentialAction":[{"@type":"CommentAction","name":"Comment","target":["https:\/\/vosgesinfo.fr\/gerardmerinfo\/2015\/02\/festival-fantastique-le-rideau-tombe-en-beaute-sur-follows\/#respond"]}]},{"@type":"WebPage","@id":"https:\/\/vosgesinfo.fr\/gerardmerinfo\/2015\/02\/festival-fantastique-le-rideau-tombe-en-beaute-sur-follows\/","url":"https:\/\/vosgesinfo.fr\/gerardmerinfo\/2015\/02\/festival-fantastique-le-rideau-tombe-en-beaute-sur-follows\/","name":"Festival Fantastique : le rideau tombe en beaut\u00e9 sur \"It Follows\" - Gerardmer Info","isPartOf":{"@id":"https:\/\/vosgesinfo.fr\/gerardmerinfo\/#website"},"datePublished":"2015-02-01T18:37:23+00:00","dateModified":"2015-02-01T18:37:23+00:00","breadcrumb":{"@id":"https:\/\/vosgesinfo.fr\/gerardmerinfo\/2015\/02\/festival-fantastique-le-rideau-tombe-en-beaute-sur-follows\/#breadcrumb"},"inLanguage":"fr-FR","potentialAction":[{"@type":"ReadAction","target":["https:\/\/vosgesinfo.fr\/gerardmerinfo\/2015\/02\/festival-fantastique-le-rideau-tombe-en-beaute-sur-follows\/"]}]},{"@type":"BreadcrumbList","@id":"https:\/\/vosgesinfo.fr\/gerardmerinfo\/2015\/02\/festival-fantastique-le-rideau-tombe-en-beaute-sur-follows\/#breadcrumb","itemListElement":[{"@type":"ListItem","position":1,"name":"Home","item":"https:\/\/vosgesinfo.fr\/gerardmerinfo\/"},{"@type":"ListItem","position":2,"name":"Festival Fantastique : le rideau tombe en beaut\u00e9 sur \u00ab\u00a0It Follows\u00a0\u00bb"}]},{"@type":"WebSite","@id":"https:\/\/vosgesinfo.fr\/gerardmerinfo\/#website","url":"https:\/\/vosgesinfo.fr\/gerardmerinfo\/","name":"Gerardmer Info","description":"Toute l&#039;actualit\u00e9 de G\u00e9rardmer","publisher":{"@id":"https:\/\/vosgesinfo.fr\/gerardmerinfo\/#organization"},"alternateName":"Toute l'actualit\u00e9 de G\u00e9rardmer","potentialAction":[{"@type":"SearchAction","target":{"@type":"EntryPoint","urlTemplate":"https:\/\/vosgesinfo.fr\/gerardmerinfo\/?s={search_term_string}"},"query-input":"required name=search_term_string"}],"inLanguage":"fr-FR"},{"@type":"Organization","@id":"https:\/\/vosgesinfo.fr\/gerardmerinfo\/#organization","name":"Gerardmer Info","url":"https:\/\/vosgesinfo.fr\/gerardmerinfo\/","logo":{"@type":"ImageObject","inLanguage":"fr-FR","@id":"https:\/\/vosgesinfo.fr\/gerardmerinfo\/#\/schema\/logo\/image\/","url":"https:\/\/vosgesinfo.fr\/app\/uploads\/sites\/6\/2023\/08\/favicon-gerardmerinfo.png","contentUrl":"https:\/\/vosgesinfo.fr\/app\/uploads\/sites\/6\/2023\/08\/favicon-gerardmerinfo.png","width":512,"height":512,"caption":"Gerardmer Info"},"image":{"@id":"https:\/\/vosgesinfo.fr\/gerardmerinfo\/#\/schema\/logo\/image\/"},"sameAs":["https:\/\/www.facebook.com\/profile.php?id=100049475262660","https:\/\/x.com\/VosgesInfo88","https:\/\/www.youtube.com\/@vosgesinfo"]},{"@type":"Person","@id":"https:\/\/vosgesinfo.fr\/gerardmerinfo\/#\/schema\/person\/bc5d02d71e6932e81b6dadb7386667b1","name":"qs_admin","image":{"@type":"ImageObject","inLanguage":"fr-FR","@id":"https:\/\/vosgesinfo.fr\/gerardmerinfo\/#\/schema\/person\/image\/","url":"https:\/\/secure.gravatar.com\/avatar\/94b18ee0ed79e4a42ea2f2931277b6841a8999fc6fde214600c78057cf1fe1de?s=96&d=mm&r=g","contentUrl":"https:\/\/secure.gravatar.com\/avatar\/94b18ee0ed79e4a42ea2f2931277b6841a8999fc6fde214600c78057cf1fe1de?s=96&d=mm&r=g","caption":"qs_admin"},"sameAs":["https:\/\/vosgesinfo.fr\/wp"],"url":"https:\/\/vosgesinfo.fr\/gerardmerinfo\/author\/qs_admin\/"}]}},"_links":{"self":[{"href":"https:\/\/vosgesinfo.fr\/gerardmerinfo\/wp-json\/wp\/v2\/posts\/12253","targetHints":{"allow":["GET"]}}],"collection":[{"href":"https:\/\/vosgesinfo.fr\/gerardmerinfo\/wp-json\/wp\/v2\/posts"}],"about":[{"href":"https:\/\/vosgesinfo.fr\/gerardmerinfo\/wp-json\/wp\/v2\/types\/post"}],"author":[{"embeddable":true,"href":"https:\/\/vosgesinfo.fr\/gerardmerinfo\/wp-json\/wp\/v2\/users\/1"}],"replies":[{"embeddable":true,"href":"https:\/\/vosgesinfo.fr\/gerardmerinfo\/wp-json\/wp\/v2\/comments?post=12253"}],"version-history":[{"count":0,"href":"https:\/\/vosgesinfo.fr\/gerardmerinfo\/wp-json\/wp\/v2\/posts\/12253\/revisions"}],"wp:attachment":[{"href":"https:\/\/vosgesinfo.fr\/gerardmerinfo\/wp-json\/wp\/v2\/media?parent=12253"}],"wp:term":[{"taxonomy":"category","embeddable":true,"href":"https:\/\/vosgesinfo.fr\/gerardmerinfo\/wp-json\/wp\/v2\/categories?post=12253"},{"taxonomy":"post_tag","embeddable":true,"href":"https:\/\/vosgesinfo.fr\/gerardmerinfo\/wp-json\/wp\/v2\/tags?post=12253"}],"curies":[{"name":"wp","href":"https:\/\/api.w.org\/{rel}","templated":true}]}}