{"id":12261,"date":"2015-02-03T17:53:24","date_gmt":"2015-02-03T16:53:24","guid":{"rendered":"https:\/\/vosgesinfo.fr\/gerardmerinfo\/2015\/02\/un-classique-de-pascal-simon-revisite\/"},"modified":"2015-02-03T17:53:24","modified_gmt":"2015-02-03T16:53:24","slug":"un-classique-de-pascal-simon-revisite","status":"publish","type":"post","link":"https:\/\/vosgesinfo.fr\/gerardmerinfo\/2015\/02\/un-classique-de-pascal-simon-revisite\/","title":{"rendered":"Un classique de Pascal Simon revisit\u00e9"},"content":{"rendered":"<p><b>La troupe Pascal Simon pr\u00e9sentera au public sa nouvelle pi\u00e8ce le 14 f\u00e9vrier prochain \u00e0 l&rsquo;Espace LAC. Une grande premi\u00e8re qui sera suivie de 2 autres repr\u00e9sentations \u00e0 la salle Jeanne D&rsquo;Arc, ainsi qu&rsquo;une repr\u00e9sentation \u00e0 Raves et \u00e0 la Croix aux Mines.<\/b><\/p>\n<p>Les r\u00e9p\u00e9titions vont donc bon train depuis le mois de septembre du c\u00f4t\u00e9 du local de la troupe situ\u00e9 dans l&rsquo;ancienne \u00e9cole de Kichompr\u00e9. Cette ann\u00e9e, on a donc d\u00e9cid\u00e9 de d\u00e9poussi\u00e9rer un vieux classique de la troupe \u00e9crit par Pascal Simon lui-m\u00eame en 99 et remis au go\u00fbt du jour par Delphine S\u00e9lier, Sandrine Bayard et Coralie Laheurte.<\/p>\n<p>La pi\u00e8ce intitul\u00e9e \u00ab\u00a0Folle Maison\u00a0\u00bb se jouera donc en deux actes avec pour base de narration la fermeture des maisons closes en avril 1946\u00a0:<i> \u00ab\u00a0Vent de panique chez madame et ses filles \u00e0 la \u00ab\u00a0Folle Maison\u00a0\u00bb&#8230; Un coup de feu&#8230; Les experts m\u00e8nent l&rsquo;enqu\u00eate. Mais rassurez-vous, c&rsquo;est vraiment pour rire&#8230; follement\u00a0!\u00a0\u00bb<\/i>, nous annonce le synopsis. Le d\u00e9cor est plant\u00e9\u00a0!<\/p>\n<p>Il s&rsquo;agira donc bien d&rsquo;une com\u00e9die dont la troupe a le secret depuis sa grande premi\u00e8re en 1981. Une douzaine de com\u00e9diens est impliqu\u00e9e dans le projet et il y aura quelques petites surprises et nouveaut\u00e9s dans le casting m\u00eame si la base, les forces vives, restent sensiblement les m\u00eames que les ann\u00e9es pr\u00e9c\u00e9dentes.<\/p>\n<p>De m\u00eame pour l&rsquo;\u00e9quipe charg\u00e9e des d\u00e9cors emmen\u00e9e par G\u00e9rard Defranoux ou encore les pr\u00e9cieuses costumi\u00e8res que sont Anne Simon-David, Patricia Poirot et Lydia Cuny qui se sont donc plong\u00e9s dans la mode des ann\u00e9es 50&#8230; H\u00e9 oui, il faut bien coller \u00e0 l&rsquo;\u00e9poque o\u00f9 se d\u00e9roulent l&rsquo;action non\u00a0? Bref, c&rsquo;est un beau d\u00e9fi pour les couturi\u00e8res.<\/p>\n<p>Enfin, \u00e0 noter qu&rsquo;il s&rsquo;agira du premier spectacle sous la nouvelle pr\u00e9sidence d&rsquo;Eric Poirot, membre de longue date de la troupe qui tient \u00e0 remercier l&rsquo;ensemble des partenaires de cet \u00e9v\u00e9nement bien install\u00e9 dans le paysage culturel local.<\/p>\n<p>Alors \u00e0 vos agendas\u00a0!<\/p>\n<p>\u00ab\u00a0Folle Maison\u00a0\u00bb par la troupe Pascal Simon<\/p>\n<p>Repr\u00e9sentations\u00a0:<\/p>\n<p>*Le samedi <b>14 f\u00e9vrier<\/b> \u00e0 21 h \u00e0 <b>l&rsquo;Espace LAC.<\/b><\/p>\n<p>*Le samedi <b>14 mars<\/b> \u00e0 21 h et le dimanche <b>15 mars <\/b>\u00e0 15 h <b>\u00e0 la salle Jeanne D&rsquo;Arc<\/b>.<\/p>\n<p><b>R\u00e9servations vivement conseill\u00e9es \u00e0 l&rsquo;Espace Tilleul<\/b> le samedi 7 f\u00e9vrier de 15 h \u00e0 18 h 30, les 9-10-11 f\u00e9vrier de 18 h \u00e0 19 h 30 ainsi que le samedi 7 mars de 15 h \u00e0 18 h 30.<\/p>\n","protected":false},"excerpt":{"rendered":"<p>La troupe Pascal Simon pr\u00e9sentera au public sa nouvelle pi\u00e8ce le 14 f\u00e9vrier prochain \u00e0 l&rsquo;Espace LAC. Une grande premi\u00e8re [&hellip;]<\/p>\n","protected":false},"author":42,"featured_media":0,"comment_status":"open","ping_status":"open","sticky":false,"template":"","format":"standard","meta":{"footnotes":""},"categories":[4,17],"tags":[],"class_list":["post-12261","post","type-post","status-publish","format-standard","hentry","category-culture","category-vie-associative"],"acf":[],"yoast_head":"<!-- This site is optimized with the Yoast SEO plugin v22.5 - https:\/\/yoast.com\/wordpress\/plugins\/seo\/ -->\n<title>Un classique de Pascal Simon revisit\u00e9 - Gerardmer Info<\/title>\n<meta name=\"robots\" content=\"index, follow, max-snippet:-1, max-image-preview:large, max-video-preview:-1\" \/>\n<link rel=\"canonical\" href=\"https:\/\/vosgesinfo.fr\/gerardmerinfo\/2015\/02\/un-classique-de-pascal-simon-revisite\/\" \/>\n<meta name=\"twitter:card\" content=\"summary_large_image\" \/>\n<meta name=\"twitter:title\" content=\"Un classique de Pascal Simon revisit\u00e9 - Gerardmer Info\" \/>\n<meta name=\"twitter:description\" content=\"La troupe Pascal Simon pr\u00e9sentera au public sa nouvelle pi\u00e8ce le 14 f\u00e9vrier prochain \u00e0 l&rsquo;Espace LAC. Une grande premi\u00e8re [&hellip;]\" \/>\n<meta name=\"twitter:creator\" content=\"@VosgesInfo88\" \/>\n<meta name=\"twitter:site\" content=\"@VosgesInfo88\" \/>\n<meta name=\"twitter:label1\" content=\"\u00c9crit par\" \/>\n\t<meta name=\"twitter:data1\" content=\"QG\" \/>\n\t<meta name=\"twitter:label2\" content=\"Dur\u00e9e de lecture estim\u00e9e\" \/>\n\t<meta name=\"twitter:data2\" content=\"2 minutes\" \/>\n<script type=\"application\/ld+json\" class=\"yoast-schema-graph\">{\"@context\":\"https:\/\/schema.org\",\"@graph\":[{\"@type\":\"Article\",\"@id\":\"https:\/\/vosgesinfo.fr\/gerardmerinfo\/2015\/02\/un-classique-de-pascal-simon-revisite\/#article\",\"isPartOf\":{\"@id\":\"https:\/\/vosgesinfo.fr\/gerardmerinfo\/2015\/02\/un-classique-de-pascal-simon-revisite\/\"},\"author\":{\"name\":\"QG\",\"@id\":\"https:\/\/vosgesinfo.fr\/gerardmerinfo\/#\/schema\/person\/db5605779a843dad16b5368f3e7613a5\"},\"headline\":\"Un classique de Pascal Simon revisit\u00e9\",\"datePublished\":\"2015-02-03T16:53:24+00:00\",\"dateModified\":\"2015-02-03T16:53:24+00:00\",\"mainEntityOfPage\":{\"@id\":\"https:\/\/vosgesinfo.fr\/gerardmerinfo\/2015\/02\/un-classique-de-pascal-simon-revisite\/\"},\"wordCount\":428,\"commentCount\":0,\"publisher\":{\"@id\":\"https:\/\/vosgesinfo.fr\/gerardmerinfo\/#organization\"},\"articleSection\":[\"Culture\",\"Vie Associative\"],\"inLanguage\":\"fr-FR\",\"potentialAction\":[{\"@type\":\"CommentAction\",\"name\":\"Comment\",\"target\":[\"https:\/\/vosgesinfo.fr\/gerardmerinfo\/2015\/02\/un-classique-de-pascal-simon-revisite\/#respond\"]}]},{\"@type\":\"WebPage\",\"@id\":\"https:\/\/vosgesinfo.fr\/gerardmerinfo\/2015\/02\/un-classique-de-pascal-simon-revisite\/\",\"url\":\"https:\/\/vosgesinfo.fr\/gerardmerinfo\/2015\/02\/un-classique-de-pascal-simon-revisite\/\",\"name\":\"Un classique de Pascal Simon revisit\u00e9 - Gerardmer Info\",\"isPartOf\":{\"@id\":\"https:\/\/vosgesinfo.fr\/gerardmerinfo\/#website\"},\"datePublished\":\"2015-02-03T16:53:24+00:00\",\"dateModified\":\"2015-02-03T16:53:24+00:00\",\"breadcrumb\":{\"@id\":\"https:\/\/vosgesinfo.fr\/gerardmerinfo\/2015\/02\/un-classique-de-pascal-simon-revisite\/#breadcrumb\"},\"inLanguage\":\"fr-FR\",\"potentialAction\":[{\"@type\":\"ReadAction\",\"target\":[\"https:\/\/vosgesinfo.fr\/gerardmerinfo\/2015\/02\/un-classique-de-pascal-simon-revisite\/\"]}]},{\"@type\":\"BreadcrumbList\",\"@id\":\"https:\/\/vosgesinfo.fr\/gerardmerinfo\/2015\/02\/un-classique-de-pascal-simon-revisite\/#breadcrumb\",\"itemListElement\":[{\"@type\":\"ListItem\",\"position\":1,\"name\":\"Home\",\"item\":\"https:\/\/vosgesinfo.fr\/gerardmerinfo\/\"},{\"@type\":\"ListItem\",\"position\":2,\"name\":\"Un classique de Pascal Simon revisit\u00e9\"}]},{\"@type\":\"WebSite\",\"@id\":\"https:\/\/vosgesinfo.fr\/gerardmerinfo\/#website\",\"url\":\"https:\/\/vosgesinfo.fr\/gerardmerinfo\/\",\"name\":\"Gerardmer Info\",\"description\":\"Toute l&#039;actualit\u00e9 de G\u00e9rardmer\",\"publisher\":{\"@id\":\"https:\/\/vosgesinfo.fr\/gerardmerinfo\/#organization\"},\"alternateName\":\"Toute l'actualit\u00e9 de G\u00e9rardmer\",\"potentialAction\":[{\"@type\":\"SearchAction\",\"target\":{\"@type\":\"EntryPoint\",\"urlTemplate\":\"https:\/\/vosgesinfo.fr\/gerardmerinfo\/?s={search_term_string}\"},\"query-input\":\"required name=search_term_string\"}],\"inLanguage\":\"fr-FR\"},{\"@type\":\"Organization\",\"@id\":\"https:\/\/vosgesinfo.fr\/gerardmerinfo\/#organization\",\"name\":\"Gerardmer Info\",\"url\":\"https:\/\/vosgesinfo.fr\/gerardmerinfo\/\",\"logo\":{\"@type\":\"ImageObject\",\"inLanguage\":\"fr-FR\",\"@id\":\"https:\/\/vosgesinfo.fr\/gerardmerinfo\/#\/schema\/logo\/image\/\",\"url\":\"https:\/\/vosgesinfo.fr\/app\/uploads\/sites\/6\/2023\/08\/favicon-gerardmerinfo.png\",\"contentUrl\":\"https:\/\/vosgesinfo.fr\/app\/uploads\/sites\/6\/2023\/08\/favicon-gerardmerinfo.png\",\"width\":512,\"height\":512,\"caption\":\"Gerardmer Info\"},\"image\":{\"@id\":\"https:\/\/vosgesinfo.fr\/gerardmerinfo\/#\/schema\/logo\/image\/\"},\"sameAs\":[\"https:\/\/www.facebook.com\/profile.php?id=100049475262660\",\"https:\/\/x.com\/VosgesInfo88\",\"https:\/\/www.youtube.com\/@vosgesinfo\"]},{\"@type\":\"Person\",\"@id\":\"https:\/\/vosgesinfo.fr\/gerardmerinfo\/#\/schema\/person\/db5605779a843dad16b5368f3e7613a5\",\"name\":\"QG\",\"image\":{\"@type\":\"ImageObject\",\"inLanguage\":\"fr-FR\",\"@id\":\"https:\/\/vosgesinfo.fr\/gerardmerinfo\/#\/schema\/person\/image\/\",\"url\":\"https:\/\/secure.gravatar.com\/avatar\/ea80c42c204b534408512832fde52504ecabb9706bcb6151cf6175e5b64e6793?s=96&d=mm&r=g\",\"contentUrl\":\"https:\/\/secure.gravatar.com\/avatar\/ea80c42c204b534408512832fde52504ecabb9706bcb6151cf6175e5b64e6793?s=96&d=mm&r=g\",\"caption\":\"QG\"},\"url\":\"https:\/\/vosgesinfo.fr\/gerardmerinfo\/author\/quentin88\/\"}]}<\/script>\n<!-- \/ Yoast SEO plugin. -->","yoast_head_json":{"title":"Un classique de Pascal Simon revisit\u00e9 - Gerardmer Info","robots":{"index":"index","follow":"follow","max-snippet":"max-snippet:-1","max-image-preview":"max-image-preview:large","max-video-preview":"max-video-preview:-1"},"canonical":"https:\/\/vosgesinfo.fr\/gerardmerinfo\/2015\/02\/un-classique-de-pascal-simon-revisite\/","twitter_card":"summary_large_image","twitter_title":"Un classique de Pascal Simon revisit\u00e9 - Gerardmer Info","twitter_description":"La troupe Pascal Simon pr\u00e9sentera au public sa nouvelle pi\u00e8ce le 14 f\u00e9vrier prochain \u00e0 l&rsquo;Espace LAC. Une grande premi\u00e8re [&hellip;]","twitter_creator":"@VosgesInfo88","twitter_site":"@VosgesInfo88","twitter_misc":{"\u00c9crit par":"QG","Dur\u00e9e de lecture estim\u00e9e":"2 minutes"},"schema":{"@context":"https:\/\/schema.org","@graph":[{"@type":"Article","@id":"https:\/\/vosgesinfo.fr\/gerardmerinfo\/2015\/02\/un-classique-de-pascal-simon-revisite\/#article","isPartOf":{"@id":"https:\/\/vosgesinfo.fr\/gerardmerinfo\/2015\/02\/un-classique-de-pascal-simon-revisite\/"},"author":{"name":"QG","@id":"https:\/\/vosgesinfo.fr\/gerardmerinfo\/#\/schema\/person\/db5605779a843dad16b5368f3e7613a5"},"headline":"Un classique de Pascal Simon revisit\u00e9","datePublished":"2015-02-03T16:53:24+00:00","dateModified":"2015-02-03T16:53:24+00:00","mainEntityOfPage":{"@id":"https:\/\/vosgesinfo.fr\/gerardmerinfo\/2015\/02\/un-classique-de-pascal-simon-revisite\/"},"wordCount":428,"commentCount":0,"publisher":{"@id":"https:\/\/vosgesinfo.fr\/gerardmerinfo\/#organization"},"articleSection":["Culture","Vie Associative"],"inLanguage":"fr-FR","potentialAction":[{"@type":"CommentAction","name":"Comment","target":["https:\/\/vosgesinfo.fr\/gerardmerinfo\/2015\/02\/un-classique-de-pascal-simon-revisite\/#respond"]}]},{"@type":"WebPage","@id":"https:\/\/vosgesinfo.fr\/gerardmerinfo\/2015\/02\/un-classique-de-pascal-simon-revisite\/","url":"https:\/\/vosgesinfo.fr\/gerardmerinfo\/2015\/02\/un-classique-de-pascal-simon-revisite\/","name":"Un classique de Pascal Simon revisit\u00e9 - Gerardmer Info","isPartOf":{"@id":"https:\/\/vosgesinfo.fr\/gerardmerinfo\/#website"},"datePublished":"2015-02-03T16:53:24+00:00","dateModified":"2015-02-03T16:53:24+00:00","breadcrumb":{"@id":"https:\/\/vosgesinfo.fr\/gerardmerinfo\/2015\/02\/un-classique-de-pascal-simon-revisite\/#breadcrumb"},"inLanguage":"fr-FR","potentialAction":[{"@type":"ReadAction","target":["https:\/\/vosgesinfo.fr\/gerardmerinfo\/2015\/02\/un-classique-de-pascal-simon-revisite\/"]}]},{"@type":"BreadcrumbList","@id":"https:\/\/vosgesinfo.fr\/gerardmerinfo\/2015\/02\/un-classique-de-pascal-simon-revisite\/#breadcrumb","itemListElement":[{"@type":"ListItem","position":1,"name":"Home","item":"https:\/\/vosgesinfo.fr\/gerardmerinfo\/"},{"@type":"ListItem","position":2,"name":"Un classique de Pascal Simon revisit\u00e9"}]},{"@type":"WebSite","@id":"https:\/\/vosgesinfo.fr\/gerardmerinfo\/#website","url":"https:\/\/vosgesinfo.fr\/gerardmerinfo\/","name":"Gerardmer Info","description":"Toute l&#039;actualit\u00e9 de G\u00e9rardmer","publisher":{"@id":"https:\/\/vosgesinfo.fr\/gerardmerinfo\/#organization"},"alternateName":"Toute l'actualit\u00e9 de G\u00e9rardmer","potentialAction":[{"@type":"SearchAction","target":{"@type":"EntryPoint","urlTemplate":"https:\/\/vosgesinfo.fr\/gerardmerinfo\/?s={search_term_string}"},"query-input":"required name=search_term_string"}],"inLanguage":"fr-FR"},{"@type":"Organization","@id":"https:\/\/vosgesinfo.fr\/gerardmerinfo\/#organization","name":"Gerardmer Info","url":"https:\/\/vosgesinfo.fr\/gerardmerinfo\/","logo":{"@type":"ImageObject","inLanguage":"fr-FR","@id":"https:\/\/vosgesinfo.fr\/gerardmerinfo\/#\/schema\/logo\/image\/","url":"https:\/\/vosgesinfo.fr\/app\/uploads\/sites\/6\/2023\/08\/favicon-gerardmerinfo.png","contentUrl":"https:\/\/vosgesinfo.fr\/app\/uploads\/sites\/6\/2023\/08\/favicon-gerardmerinfo.png","width":512,"height":512,"caption":"Gerardmer Info"},"image":{"@id":"https:\/\/vosgesinfo.fr\/gerardmerinfo\/#\/schema\/logo\/image\/"},"sameAs":["https:\/\/www.facebook.com\/profile.php?id=100049475262660","https:\/\/x.com\/VosgesInfo88","https:\/\/www.youtube.com\/@vosgesinfo"]},{"@type":"Person","@id":"https:\/\/vosgesinfo.fr\/gerardmerinfo\/#\/schema\/person\/db5605779a843dad16b5368f3e7613a5","name":"QG","image":{"@type":"ImageObject","inLanguage":"fr-FR","@id":"https:\/\/vosgesinfo.fr\/gerardmerinfo\/#\/schema\/person\/image\/","url":"https:\/\/secure.gravatar.com\/avatar\/ea80c42c204b534408512832fde52504ecabb9706bcb6151cf6175e5b64e6793?s=96&d=mm&r=g","contentUrl":"https:\/\/secure.gravatar.com\/avatar\/ea80c42c204b534408512832fde52504ecabb9706bcb6151cf6175e5b64e6793?s=96&d=mm&r=g","caption":"QG"},"url":"https:\/\/vosgesinfo.fr\/gerardmerinfo\/author\/quentin88\/"}]}},"_links":{"self":[{"href":"https:\/\/vosgesinfo.fr\/gerardmerinfo\/wp-json\/wp\/v2\/posts\/12261","targetHints":{"allow":["GET"]}}],"collection":[{"href":"https:\/\/vosgesinfo.fr\/gerardmerinfo\/wp-json\/wp\/v2\/posts"}],"about":[{"href":"https:\/\/vosgesinfo.fr\/gerardmerinfo\/wp-json\/wp\/v2\/types\/post"}],"author":[{"embeddable":true,"href":"https:\/\/vosgesinfo.fr\/gerardmerinfo\/wp-json\/wp\/v2\/users\/42"}],"replies":[{"embeddable":true,"href":"https:\/\/vosgesinfo.fr\/gerardmerinfo\/wp-json\/wp\/v2\/comments?post=12261"}],"version-history":[{"count":0,"href":"https:\/\/vosgesinfo.fr\/gerardmerinfo\/wp-json\/wp\/v2\/posts\/12261\/revisions"}],"wp:attachment":[{"href":"https:\/\/vosgesinfo.fr\/gerardmerinfo\/wp-json\/wp\/v2\/media?parent=12261"}],"wp:term":[{"taxonomy":"category","embeddable":true,"href":"https:\/\/vosgesinfo.fr\/gerardmerinfo\/wp-json\/wp\/v2\/categories?post=12261"},{"taxonomy":"post_tag","embeddable":true,"href":"https:\/\/vosgesinfo.fr\/gerardmerinfo\/wp-json\/wp\/v2\/tags?post=12261"}],"curies":[{"name":"wp","href":"https:\/\/api.w.org\/{rel}","templated":true}]}}