{"id":12308,"date":"2015-02-12T18:20:46","date_gmt":"2015-02-12T17:20:46","guid":{"rendered":"https:\/\/vosgesinfo.fr\/gerardmerinfo\/2015\/02\/ca-demarre-fort-pour-le-challenge-des-hivernants\/"},"modified":"2015-02-12T18:20:46","modified_gmt":"2015-02-12T17:20:46","slug":"ca-demarre-fort-pour-le-challenge-des-hivernants","status":"publish","type":"post","link":"https:\/\/vosgesinfo.fr\/gerardmerinfo\/2015\/02\/ca-demarre-fort-pour-le-challenge-des-hivernants\/","title":{"rendered":"\u00c7a d\u00e9marre fort pour le Challenge des Hivernants"},"content":{"rendered":" Une fois n&rsquo;est pas coutume, ce n&rsquo;est pas Franck lemaire qui a proc\u00e9d\u00e9 \u00e0 la remise des prix mais Nicolas Wissemberg (\u00e0 gauche), \u00e9paul\u00e9 pour l&rsquo;occasion de L\u00e9a et Benjamin\n<p><span style=\"color: #000000;\"><span style=\"font-family: 'Times New Roman', serif;\"><span style=\"font-size: medium;\"><b>Grosse journ\u00e9e ce jeudi sur les pistes de la Mauselaine o\u00f9 se d\u00e9roulait le traditionnel Challenge des Hivernants. Une premi\u00e8re \u00e9dition des vacances d&rsquo;hiver accompagn\u00e9e de l&rsquo;in\u00e9vitable descente aux flambeaux ainsi que d&rsquo;un show laser, histoire d&rsquo;innover un peu.<\/b><\/span><\/span><\/span><\/p>\n<p><span style=\"color: #000000;\"><span style=\"font-family: 'Times New Roman', serif;\"><span style=\"font-size: medium;\">Une cinquantaine de participants sur la grille de d\u00e9part pour ce premier Challenge \u00a0qui est d\u00e9sormais accompagn\u00e9 d&rsquo;une \u00e9preuve sp\u00e9ciale famille depuis l&rsquo;acquisition de la Perle des Vosges du fameux label Famille <b>+<\/b>. La rencontre organis\u00e9e par l&rsquo;ESF locale s&rsquo;est donc d\u00e9roul\u00e9e sur le tout nouveau stadium de slalom de la Mauselaine en partenariat avec l&rsquo;ASG ski alpin dont c&rsquo;est le terrain de jeu privil\u00e9gi\u00e9. <\/span><\/span><\/span><\/p>\n<p><span style=\"color: #000000;\"><span style=\"font-family: 'Times New Roman', serif;\"><span style=\"font-size: medium;\">Les skieurs amateurs participant ont ainsi pu s&rsquo;\u00e9clater en toute s\u00e9curit\u00e9 sur une piste s\u00e9curis\u00e9e avec un trac\u00e9 de type slalom g\u00e9ant. \u00ab\u00a0Il y avait environ une quinzaine de portes, sans difficult\u00e9s majeures histoire de s&rsquo;\u00e9clater un maximum. La comp\u00e9tition est ouverte aux skieurs et skieuses \u00e0 partir du niveau 2\u00e9me \u00e9toile\u00a0\u00bb, pr\u00e9cise Nicolas Wissemberg, moniteur de l&rsquo;ESF en charge du challenge.<\/span><\/span><\/span><\/p>\n<p><span style=\"color: #000000;\"><span style=\"font-family: 'Times New Roman', serif;\"><span style=\"font-size: medium;\">Comme d&rsquo;habitude, le premier d\u00e9part a eu lieu le matin \u00e0 10 h et la remise des prix le soir-m\u00eame \u00e0 18 h, juste avant les descentes aux flambeaux des enfants, suivie de celles des moniteurs, la soir\u00e9e s&rsquo;achevant par un feu d&rsquo;artifice. Un sacr\u00e9 programme, mais il faut pr\u00e9ciser qu&rsquo;il s&rsquo;agit aussi d&rsquo;un sacr\u00e9 travail d&rsquo;\u00e9quipe. Chaque jeudi des vacances, l&rsquo;association AGLISS, la R\u00e9gis du Domaine skiable alpin et le club de ski de la Perle des Vosges unissent leurs forces et leurs moyens.<\/span><\/span><\/span><\/p>\n<p><span style=\"color: #000000;\"><span style=\"font-family: 'Times New Roman', serif;\"><span style=\"font-size: medium;\">Du coup, la remise des prix du Challenge se termine habituellement par un petit tirage au sort avec de nombreux lots \u00e0 gagner pour les descendeurs\u00a0: des bons d&rsquo;achats offert par les h\u00f4teliers et restaurateurs locaux, mais aussi un bon de remise de 150 Euros \u00e0 valoir sur la location d&rsquo;un logement offert par le groupement des Loueurs Saisonniers. C&rsquo;est plut\u00f4t sympa pour ceux qui comptent revenir l&rsquo;hiver prochain&#8230; ou en \u00e9t\u00e9\u00a0!<\/span><\/span><\/span><\/p>\n<p><span style=\"color: #000000;\"><span style=\"font-family: 'Times New Roman', serif;\"><span style=\"font-size: medium;\">Classement du challenge des familles :<br \/>\nn\u00b0 1 : Saculosus microbilus (famille Baumann)<br \/>\nn\u00b0 2 : Bezault family<\/span><\/span><\/span><\/p>\n<p>Les diff\u00e9rents classements ici (cliquer sur les liens) :<\/p>\n<p>dames<\/p>\n<p>hommes<\/p>\n<p>r\u00c3\u00a9sultats officiels<\/p>\n Les deux familles sur le podium : \u00e0 gauche les Baumann, \u00e0 droite les B\u00e9zault\n\n\t\t<style type=\"text\/css\">\n\t\t\t#gallery-1 {\n\t\t\t\tmargin: auto;\n\t\t\t}\n\t\t\t#gallery-1 .gallery-item {\n\t\t\t\tfloat: left;\n\t\t\t\tmargin-top: 10px;\n\t\t\t\ttext-align: center;\n\t\t\t\twidth: 50%;\n\t\t\t}\n\t\t\t#gallery-1 img {\n\t\t\t\tborder: 2px solid #cfcfcf;\n\t\t\t}\n\t\t\t#gallery-1 .gallery-caption {\n\t\t\t\tmargin-left: 0;\n\t\t\t}\n\t\t\t\/* see gallery_shortcode() in wp-includes\/media.php *\/\n\t\t<\/style>\n\t\t<div id='gallery-1' class='gallery galleryid-12308 gallery-columns-2 gallery-size-thumbnail'><dl class='gallery-item'>\n\t\t\t<dt class='gallery-icon landscape'>\n\t\t\t\t<a href='https:\/\/vosgesinfo.fr\/gerardmerinfo\/2020\/03\/spinaliens-improvisent-chanson-autour-coronavirus\/2020-03-chanson-coronavirus-vosges\/'><img decoding=\"async\" width=\"150\" height=\"150\" src=\"https:\/\/vosgesinfo.fr\/app\/uploads\/sites\/6\/2024\/07\/202003chanson-coronavirus-vosges--150x150.jpg\" class=\"attachment-thumbnail size-thumbnail\" alt=\"\" \/><\/a>\n\t\t\t<\/dt><\/dl>\n\t\t\t<br style='clear: both' \/>\n\t\t<\/div>\n\n<p>&nbsp;<\/p>\n","protected":false},"excerpt":{"rendered":"<p>Grosse journ\u00e9e ce jeudi sur les pistes de la Mauselaine o\u00f9 se d\u00e9roulait le traditionnel Challenge des Hivernants. Une premi\u00e8re [&hellip;]<\/p>\n","protected":false},"author":42,"featured_media":0,"comment_status":"open","ping_status":"open","sticky":false,"template":"","format":"standard","meta":{"footnotes":""},"categories":[14],"tags":[],"class_list":["post-12308","post","type-post","status-publish","format-standard","hentry","category-sport"],"acf":[],"yoast_head":"<!-- This site is optimized with the Yoast SEO plugin v22.5 - https:\/\/yoast.com\/wordpress\/plugins\/seo\/ -->\n<title>\u00c7a d\u00e9marre fort pour le Challenge des Hivernants - Gerardmer Info<\/title>\n<meta name=\"robots\" content=\"index, follow, max-snippet:-1, max-image-preview:large, max-video-preview:-1\" \/>\n<link rel=\"canonical\" href=\"https:\/\/vosgesinfo.fr\/gerardmerinfo\/2015\/02\/ca-demarre-fort-pour-le-challenge-des-hivernants\/\" \/>\n<meta name=\"twitter:card\" content=\"summary_large_image\" \/>\n<meta name=\"twitter:title\" content=\"\u00c7a d\u00e9marre fort pour le Challenge des Hivernants - Gerardmer Info\" \/>\n<meta name=\"twitter:description\" content=\"Grosse journ\u00e9e ce jeudi sur les pistes de la Mauselaine o\u00f9 se d\u00e9roulait le traditionnel Challenge des Hivernants. Une premi\u00e8re [&hellip;]\" \/>\n<meta name=\"twitter:creator\" content=\"@VosgesInfo88\" \/>\n<meta name=\"twitter:site\" content=\"@VosgesInfo88\" \/>\n<meta name=\"twitter:label1\" content=\"\u00c9crit par\" \/>\n\t<meta name=\"twitter:data1\" content=\"QG\" \/>\n\t<meta name=\"twitter:label2\" content=\"Dur\u00e9e de lecture estim\u00e9e\" \/>\n\t<meta name=\"twitter:data2\" content=\"2 minutes\" \/>\n<script type=\"application\/ld+json\" class=\"yoast-schema-graph\">{\"@context\":\"https:\/\/schema.org\",\"@graph\":[{\"@type\":\"Article\",\"@id\":\"https:\/\/vosgesinfo.fr\/gerardmerinfo\/2015\/02\/ca-demarre-fort-pour-le-challenge-des-hivernants\/#article\",\"isPartOf\":{\"@id\":\"https:\/\/vosgesinfo.fr\/gerardmerinfo\/2015\/02\/ca-demarre-fort-pour-le-challenge-des-hivernants\/\"},\"author\":{\"name\":\"QG\",\"@id\":\"https:\/\/vosgesinfo.fr\/gerardmerinfo\/#\/schema\/person\/db5605779a843dad16b5368f3e7613a5\"},\"headline\":\"\u00c7a d\u00e9marre fort pour le Challenge des Hivernants\",\"datePublished\":\"2015-02-12T17:20:46+00:00\",\"dateModified\":\"2015-02-12T17:20:46+00:00\",\"mainEntityOfPage\":{\"@id\":\"https:\/\/vosgesinfo.fr\/gerardmerinfo\/2015\/02\/ca-demarre-fort-pour-le-challenge-des-hivernants\/\"},\"wordCount\":465,\"commentCount\":0,\"publisher\":{\"@id\":\"https:\/\/vosgesinfo.fr\/gerardmerinfo\/#organization\"},\"articleSection\":[\"Sport\"],\"inLanguage\":\"fr-FR\",\"potentialAction\":[{\"@type\":\"CommentAction\",\"name\":\"Comment\",\"target\":[\"https:\/\/vosgesinfo.fr\/gerardmerinfo\/2015\/02\/ca-demarre-fort-pour-le-challenge-des-hivernants\/#respond\"]}]},{\"@type\":\"WebPage\",\"@id\":\"https:\/\/vosgesinfo.fr\/gerardmerinfo\/2015\/02\/ca-demarre-fort-pour-le-challenge-des-hivernants\/\",\"url\":\"https:\/\/vosgesinfo.fr\/gerardmerinfo\/2015\/02\/ca-demarre-fort-pour-le-challenge-des-hivernants\/\",\"name\":\"\u00c7a d\u00e9marre fort pour le Challenge des Hivernants - Gerardmer Info\",\"isPartOf\":{\"@id\":\"https:\/\/vosgesinfo.fr\/gerardmerinfo\/#website\"},\"datePublished\":\"2015-02-12T17:20:46+00:00\",\"dateModified\":\"2015-02-12T17:20:46+00:00\",\"breadcrumb\":{\"@id\":\"https:\/\/vosgesinfo.fr\/gerardmerinfo\/2015\/02\/ca-demarre-fort-pour-le-challenge-des-hivernants\/#breadcrumb\"},\"inLanguage\":\"fr-FR\",\"potentialAction\":[{\"@type\":\"ReadAction\",\"target\":[\"https:\/\/vosgesinfo.fr\/gerardmerinfo\/2015\/02\/ca-demarre-fort-pour-le-challenge-des-hivernants\/\"]}]},{\"@type\":\"BreadcrumbList\",\"@id\":\"https:\/\/vosgesinfo.fr\/gerardmerinfo\/2015\/02\/ca-demarre-fort-pour-le-challenge-des-hivernants\/#breadcrumb\",\"itemListElement\":[{\"@type\":\"ListItem\",\"position\":1,\"name\":\"Home\",\"item\":\"https:\/\/vosgesinfo.fr\/gerardmerinfo\/\"},{\"@type\":\"ListItem\",\"position\":2,\"name\":\"\u00c7a d\u00e9marre fort pour le Challenge des Hivernants\"}]},{\"@type\":\"WebSite\",\"@id\":\"https:\/\/vosgesinfo.fr\/gerardmerinfo\/#website\",\"url\":\"https:\/\/vosgesinfo.fr\/gerardmerinfo\/\",\"name\":\"Gerardmer Info\",\"description\":\"Toute l&#039;actualit\u00e9 de G\u00e9rardmer\",\"publisher\":{\"@id\":\"https:\/\/vosgesinfo.fr\/gerardmerinfo\/#organization\"},\"alternateName\":\"Toute l'actualit\u00e9 de G\u00e9rardmer\",\"potentialAction\":[{\"@type\":\"SearchAction\",\"target\":{\"@type\":\"EntryPoint\",\"urlTemplate\":\"https:\/\/vosgesinfo.fr\/gerardmerinfo\/?s={search_term_string}\"},\"query-input\":\"required name=search_term_string\"}],\"inLanguage\":\"fr-FR\"},{\"@type\":\"Organization\",\"@id\":\"https:\/\/vosgesinfo.fr\/gerardmerinfo\/#organization\",\"name\":\"Gerardmer Info\",\"url\":\"https:\/\/vosgesinfo.fr\/gerardmerinfo\/\",\"logo\":{\"@type\":\"ImageObject\",\"inLanguage\":\"fr-FR\",\"@id\":\"https:\/\/vosgesinfo.fr\/gerardmerinfo\/#\/schema\/logo\/image\/\",\"url\":\"https:\/\/vosgesinfo.fr\/app\/uploads\/sites\/6\/2023\/08\/favicon-gerardmerinfo.png\",\"contentUrl\":\"https:\/\/vosgesinfo.fr\/app\/uploads\/sites\/6\/2023\/08\/favicon-gerardmerinfo.png\",\"width\":512,\"height\":512,\"caption\":\"Gerardmer Info\"},\"image\":{\"@id\":\"https:\/\/vosgesinfo.fr\/gerardmerinfo\/#\/schema\/logo\/image\/\"},\"sameAs\":[\"https:\/\/www.facebook.com\/profile.php?id=100049475262660\",\"https:\/\/x.com\/VosgesInfo88\",\"https:\/\/www.youtube.com\/@vosgesinfo\"]},{\"@type\":\"Person\",\"@id\":\"https:\/\/vosgesinfo.fr\/gerardmerinfo\/#\/schema\/person\/db5605779a843dad16b5368f3e7613a5\",\"name\":\"QG\",\"image\":{\"@type\":\"ImageObject\",\"inLanguage\":\"fr-FR\",\"@id\":\"https:\/\/vosgesinfo.fr\/gerardmerinfo\/#\/schema\/person\/image\/\",\"url\":\"https:\/\/secure.gravatar.com\/avatar\/ea80c42c204b534408512832fde52504ecabb9706bcb6151cf6175e5b64e6793?s=96&d=mm&r=g\",\"contentUrl\":\"https:\/\/secure.gravatar.com\/avatar\/ea80c42c204b534408512832fde52504ecabb9706bcb6151cf6175e5b64e6793?s=96&d=mm&r=g\",\"caption\":\"QG\"},\"url\":\"https:\/\/vosgesinfo.fr\/gerardmerinfo\/author\/quentin88\/\"}]}<\/script>\n<!-- \/ Yoast SEO plugin. -->","yoast_head_json":{"title":"\u00c7a d\u00e9marre fort pour le Challenge des Hivernants - Gerardmer Info","robots":{"index":"index","follow":"follow","max-snippet":"max-snippet:-1","max-image-preview":"max-image-preview:large","max-video-preview":"max-video-preview:-1"},"canonical":"https:\/\/vosgesinfo.fr\/gerardmerinfo\/2015\/02\/ca-demarre-fort-pour-le-challenge-des-hivernants\/","twitter_card":"summary_large_image","twitter_title":"\u00c7a d\u00e9marre fort pour le Challenge des Hivernants - Gerardmer Info","twitter_description":"Grosse journ\u00e9e ce jeudi sur les pistes de la Mauselaine o\u00f9 se d\u00e9roulait le traditionnel Challenge des Hivernants. Une premi\u00e8re [&hellip;]","twitter_creator":"@VosgesInfo88","twitter_site":"@VosgesInfo88","twitter_misc":{"\u00c9crit par":"QG","Dur\u00e9e de lecture estim\u00e9e":"2 minutes"},"schema":{"@context":"https:\/\/schema.org","@graph":[{"@type":"Article","@id":"https:\/\/vosgesinfo.fr\/gerardmerinfo\/2015\/02\/ca-demarre-fort-pour-le-challenge-des-hivernants\/#article","isPartOf":{"@id":"https:\/\/vosgesinfo.fr\/gerardmerinfo\/2015\/02\/ca-demarre-fort-pour-le-challenge-des-hivernants\/"},"author":{"name":"QG","@id":"https:\/\/vosgesinfo.fr\/gerardmerinfo\/#\/schema\/person\/db5605779a843dad16b5368f3e7613a5"},"headline":"\u00c7a d\u00e9marre fort pour le Challenge des Hivernants","datePublished":"2015-02-12T17:20:46+00:00","dateModified":"2015-02-12T17:20:46+00:00","mainEntityOfPage":{"@id":"https:\/\/vosgesinfo.fr\/gerardmerinfo\/2015\/02\/ca-demarre-fort-pour-le-challenge-des-hivernants\/"},"wordCount":465,"commentCount":0,"publisher":{"@id":"https:\/\/vosgesinfo.fr\/gerardmerinfo\/#organization"},"articleSection":["Sport"],"inLanguage":"fr-FR","potentialAction":[{"@type":"CommentAction","name":"Comment","target":["https:\/\/vosgesinfo.fr\/gerardmerinfo\/2015\/02\/ca-demarre-fort-pour-le-challenge-des-hivernants\/#respond"]}]},{"@type":"WebPage","@id":"https:\/\/vosgesinfo.fr\/gerardmerinfo\/2015\/02\/ca-demarre-fort-pour-le-challenge-des-hivernants\/","url":"https:\/\/vosgesinfo.fr\/gerardmerinfo\/2015\/02\/ca-demarre-fort-pour-le-challenge-des-hivernants\/","name":"\u00c7a d\u00e9marre fort pour le Challenge des Hivernants - Gerardmer Info","isPartOf":{"@id":"https:\/\/vosgesinfo.fr\/gerardmerinfo\/#website"},"datePublished":"2015-02-12T17:20:46+00:00","dateModified":"2015-02-12T17:20:46+00:00","breadcrumb":{"@id":"https:\/\/vosgesinfo.fr\/gerardmerinfo\/2015\/02\/ca-demarre-fort-pour-le-challenge-des-hivernants\/#breadcrumb"},"inLanguage":"fr-FR","potentialAction":[{"@type":"ReadAction","target":["https:\/\/vosgesinfo.fr\/gerardmerinfo\/2015\/02\/ca-demarre-fort-pour-le-challenge-des-hivernants\/"]}]},{"@type":"BreadcrumbList","@id":"https:\/\/vosgesinfo.fr\/gerardmerinfo\/2015\/02\/ca-demarre-fort-pour-le-challenge-des-hivernants\/#breadcrumb","itemListElement":[{"@type":"ListItem","position":1,"name":"Home","item":"https:\/\/vosgesinfo.fr\/gerardmerinfo\/"},{"@type":"ListItem","position":2,"name":"\u00c7a d\u00e9marre fort pour le Challenge des Hivernants"}]},{"@type":"WebSite","@id":"https:\/\/vosgesinfo.fr\/gerardmerinfo\/#website","url":"https:\/\/vosgesinfo.fr\/gerardmerinfo\/","name":"Gerardmer Info","description":"Toute l&#039;actualit\u00e9 de G\u00e9rardmer","publisher":{"@id":"https:\/\/vosgesinfo.fr\/gerardmerinfo\/#organization"},"alternateName":"Toute l'actualit\u00e9 de G\u00e9rardmer","potentialAction":[{"@type":"SearchAction","target":{"@type":"EntryPoint","urlTemplate":"https:\/\/vosgesinfo.fr\/gerardmerinfo\/?s={search_term_string}"},"query-input":"required name=search_term_string"}],"inLanguage":"fr-FR"},{"@type":"Organization","@id":"https:\/\/vosgesinfo.fr\/gerardmerinfo\/#organization","name":"Gerardmer Info","url":"https:\/\/vosgesinfo.fr\/gerardmerinfo\/","logo":{"@type":"ImageObject","inLanguage":"fr-FR","@id":"https:\/\/vosgesinfo.fr\/gerardmerinfo\/#\/schema\/logo\/image\/","url":"https:\/\/vosgesinfo.fr\/app\/uploads\/sites\/6\/2023\/08\/favicon-gerardmerinfo.png","contentUrl":"https:\/\/vosgesinfo.fr\/app\/uploads\/sites\/6\/2023\/08\/favicon-gerardmerinfo.png","width":512,"height":512,"caption":"Gerardmer Info"},"image":{"@id":"https:\/\/vosgesinfo.fr\/gerardmerinfo\/#\/schema\/logo\/image\/"},"sameAs":["https:\/\/www.facebook.com\/profile.php?id=100049475262660","https:\/\/x.com\/VosgesInfo88","https:\/\/www.youtube.com\/@vosgesinfo"]},{"@type":"Person","@id":"https:\/\/vosgesinfo.fr\/gerardmerinfo\/#\/schema\/person\/db5605779a843dad16b5368f3e7613a5","name":"QG","image":{"@type":"ImageObject","inLanguage":"fr-FR","@id":"https:\/\/vosgesinfo.fr\/gerardmerinfo\/#\/schema\/person\/image\/","url":"https:\/\/secure.gravatar.com\/avatar\/ea80c42c204b534408512832fde52504ecabb9706bcb6151cf6175e5b64e6793?s=96&d=mm&r=g","contentUrl":"https:\/\/secure.gravatar.com\/avatar\/ea80c42c204b534408512832fde52504ecabb9706bcb6151cf6175e5b64e6793?s=96&d=mm&r=g","caption":"QG"},"url":"https:\/\/vosgesinfo.fr\/gerardmerinfo\/author\/quentin88\/"}]}},"_links":{"self":[{"href":"https:\/\/vosgesinfo.fr\/gerardmerinfo\/wp-json\/wp\/v2\/posts\/12308","targetHints":{"allow":["GET"]}}],"collection":[{"href":"https:\/\/vosgesinfo.fr\/gerardmerinfo\/wp-json\/wp\/v2\/posts"}],"about":[{"href":"https:\/\/vosgesinfo.fr\/gerardmerinfo\/wp-json\/wp\/v2\/types\/post"}],"author":[{"embeddable":true,"href":"https:\/\/vosgesinfo.fr\/gerardmerinfo\/wp-json\/wp\/v2\/users\/42"}],"replies":[{"embeddable":true,"href":"https:\/\/vosgesinfo.fr\/gerardmerinfo\/wp-json\/wp\/v2\/comments?post=12308"}],"version-history":[{"count":0,"href":"https:\/\/vosgesinfo.fr\/gerardmerinfo\/wp-json\/wp\/v2\/posts\/12308\/revisions"}],"wp:attachment":[{"href":"https:\/\/vosgesinfo.fr\/gerardmerinfo\/wp-json\/wp\/v2\/media?parent=12308"}],"wp:term":[{"taxonomy":"category","embeddable":true,"href":"https:\/\/vosgesinfo.fr\/gerardmerinfo\/wp-json\/wp\/v2\/categories?post=12308"},{"taxonomy":"post_tag","embeddable":true,"href":"https:\/\/vosgesinfo.fr\/gerardmerinfo\/wp-json\/wp\/v2\/tags?post=12308"}],"curies":[{"name":"wp","href":"https:\/\/api.w.org\/{rel}","templated":true}]}}