{"id":12324,"date":"2015-02-17T18:52:46","date_gmt":"2015-02-17T17:52:46","guid":{"rendered":"https:\/\/vosgesinfo.fr\/gerardmerinfo\/2015\/02\/elections-departementales-appel-la-raison\/"},"modified":"2015-02-17T18:52:46","modified_gmt":"2015-02-17T17:52:46","slug":"elections-departementales-appel-la-raison","status":"publish","type":"post","link":"https:\/\/vosgesinfo.fr\/gerardmerinfo\/2015\/02\/elections-departementales-appel-la-raison\/","title":{"rendered":"\u00c9lections D\u00e9partementales : Appel \u00e0 la raison"},"content":{"rendered":"<p><strong>Libre propos : Claude Michel<\/strong><br \/>\nLa nouvelle formule choisie pour les \u00e9lections d\u00e9partementales engendre des changements notables. Tout d\u2019abord, la n\u00e9cessit\u00e9 de trouver des candidates et des candidats r\u00e9partis judicieusement sur un territoire \u00e9largi. Si l\u2019on veut une repr\u00e9sentation en proximit\u00e9 de nos concitoyens, cela est une \u00e9vidence.<br \/>\nEnsuite, la volont\u00e9 affich\u00e9e de porter la parit\u00e9 va entrainer un nombre significatif de femmes qui vont pouvoir s\u2019investir comme elles le font d\u00e9j\u00e0 mais sans \u00eatre souvent au devant de la sc\u00e8ne.<br \/>\nCes nouveaut\u00e9s bousculent les habitudes, les certitudes, les volont\u00e9s locales ancestrales. On le voit aujourd\u2019hui avec la pl\u00e9thore de candidatures qui fleurissent. On nous disait : \u00ab Quoi ? Un bin\u00f4me et deux suppl\u00e9ants ? Impossible de trouver quatre personnes pour nous ! \u00bb En r\u00e9alit\u00e9, ce n\u2019est pas le cas ! Au contraire !<br \/>\nQu\u2019est ce qui pousse tant de personnes ?<br \/>\nQu\u2019est ce qui leur fait croire qu\u2019elles sont toutes plus l\u00e9gitimes les unes que les autres ?<br \/>\nSur le nouveau Canton de G\u00e9rardmer (le plus grand en nombre d\u2019habitants dor\u00e9navant), pas moins de trois candidatures dites de gauche, soit douze personnes ! Deux \u00ab sortants \u00bb donc se sentant l\u00e9gitimes politiquement et port\u00e9s par leur troupe respective. Une candidature de parti voulant se distinguer des choix politiques d\u2019un des deux sortants.<br \/>\nJe regrette cette diversit\u00e9 qui dans ce cas est dangereux pour ceux, qui comme moi, partagent ces valeurs d\u2019\u00e9galit\u00e9 r\u00e9elle et de justice sociale port\u00e9es par ces trois candidats.<br \/>\nLe mode de scrutin impose 12,5 % des inscrits pour pouvoir \u00eatre pr\u00e9sent au 2\u00e8me tour. Avec l\u2019abstention, cela veut dire au moins 25 % des votants, nombre important et quasi inatteignable quand les voix de gauche se coupent en trois ! Seule solution : \u00eatre en t\u00eate ou deuxi\u00e8me \u00e0 l\u2019issue du 1er tour. Face \u00e0 un candidat de droite unique et un bin\u00f4me du FN qui fera des voix, \u00e0 mon grand d\u00e9sespoir, m\u00eame si les candidats sont quasi-m\u00e9connus et leur programme non en ad\u00e9quation avec les probl\u00e9matiques locales, autant dire avec un risque d\u2019erreur proche du z\u00e9ro, que les trois candidats de gauche seront absents du deuxi\u00e8me tour.<br \/>\nQue faire pour les rassembler et leur faire comprendre la probl\u00e9matique ? Le pire, c\u2019est qu\u2019il me semble qu\u2019ils sont conscients de cela !<br \/>\nLe sentiment de l\u00e9gitimit\u00e9 ancr\u00e9 dans l\u2019inconscient des trois leur fait ignorer la r\u00e9alit\u00e9 politique.<br \/>\nComment peut on aller au bout de cette d\u00e9marche en risquant de mettre les \u00e9lecteurs de gauche devant un choix grave de 2\u00e8me tour, choix entre un candidat de droite et un d\u2019extr\u00eame droite !<br \/>\nLes trois ont des arguments, bien s\u00fbr, en leur faveur. Certains plus discutables que d\u2019autres, mais des arguments tout de m\u00eame. Je ne les juge pas car je les trouve quasiment tous d\u00e9fendables.<br \/>\nJe voudrais simplement les rappeler \u00e0 la raison et appeler l\u2019ensemble des citoyens proches de ces id\u00e9es l\u00e0, \u00e0 les interpeller, \u00e0 les bousculer, \u00e0 leur dire non !<br \/>\nNon, je ne veux pas d\u2019un choix entre la droite et l\u2019extr\u00eame droite !<br \/>\nNon, je veux que chacun mette de c\u00f4t\u00e9 ses certitudes, de c\u00f4t\u00e9 les \u00e9gos, les pierres brutes !<br \/>\nRegardons ensemble dans le miroir sans \u00e0 priori !<br \/>\nS\u2019il vous plait, ne laissez pas le canton de G\u00e9rardmer dans des mains qui ne partagent pas nos valeurs !<br \/>\nMerci d\u2019avance !<\/p>\n<p><strong>Claude Michel<\/strong><\/p>\n","protected":false},"excerpt":{"rendered":"<p>Libre propos : Claude Michel La nouvelle formule choisie pour les \u00e9lections d\u00e9partementales engendre des changements notables. Tout d\u2019abord, la [&hellip;]<\/p>\n","protected":false},"author":1,"featured_media":0,"comment_status":"open","ping_status":"open","sticky":false,"template":"","format":"standard","meta":{"footnotes":""},"categories":[10],"tags":[],"class_list":["post-12324","post","type-post","status-publish","format-standard","hentry","category-politique"],"acf":[],"yoast_head":"<!-- This site is optimized with the Yoast SEO plugin v22.5 - https:\/\/yoast.com\/wordpress\/plugins\/seo\/ -->\n<title>\u00c9lections D\u00e9partementales : Appel \u00e0 la raison - Gerardmer Info<\/title>\n<meta name=\"robots\" content=\"index, follow, max-snippet:-1, max-image-preview:large, max-video-preview:-1\" \/>\n<link rel=\"canonical\" href=\"https:\/\/vosgesinfo.fr\/gerardmerinfo\/2015\/02\/elections-departementales-appel-la-raison\/\" \/>\n<meta name=\"twitter:card\" content=\"summary_large_image\" \/>\n<meta name=\"twitter:title\" content=\"\u00c9lections D\u00e9partementales : Appel \u00e0 la raison - Gerardmer Info\" \/>\n<meta name=\"twitter:description\" content=\"Libre propos : Claude Michel La nouvelle formule choisie pour les \u00e9lections d\u00e9partementales engendre des changements notables. Tout d\u2019abord, la [&hellip;]\" \/>\n<meta name=\"twitter:creator\" content=\"@VosgesInfo88\" \/>\n<meta name=\"twitter:site\" content=\"@VosgesInfo88\" \/>\n<meta name=\"twitter:label1\" content=\"\u00c9crit par\" \/>\n\t<meta name=\"twitter:data1\" content=\"qs_admin\" \/>\n\t<meta name=\"twitter:label2\" content=\"Dur\u00e9e de lecture estim\u00e9e\" \/>\n\t<meta name=\"twitter:data2\" content=\"3 minutes\" \/>\n<script type=\"application\/ld+json\" class=\"yoast-schema-graph\">{\"@context\":\"https:\/\/schema.org\",\"@graph\":[{\"@type\":\"Article\",\"@id\":\"https:\/\/vosgesinfo.fr\/gerardmerinfo\/2015\/02\/elections-departementales-appel-la-raison\/#article\",\"isPartOf\":{\"@id\":\"https:\/\/vosgesinfo.fr\/gerardmerinfo\/2015\/02\/elections-departementales-appel-la-raison\/\"},\"author\":{\"name\":\"qs_admin\",\"@id\":\"https:\/\/vosgesinfo.fr\/gerardmerinfo\/#\/schema\/person\/bc5d02d71e6932e81b6dadb7386667b1\"},\"headline\":\"\u00c9lections D\u00e9partementales : Appel \u00e0 la raison\",\"datePublished\":\"2015-02-17T17:52:46+00:00\",\"dateModified\":\"2015-02-17T17:52:46+00:00\",\"mainEntityOfPage\":{\"@id\":\"https:\/\/vosgesinfo.fr\/gerardmerinfo\/2015\/02\/elections-departementales-appel-la-raison\/\"},\"wordCount\":595,\"commentCount\":0,\"publisher\":{\"@id\":\"https:\/\/vosgesinfo.fr\/gerardmerinfo\/#organization\"},\"articleSection\":[\"Politique\"],\"inLanguage\":\"fr-FR\",\"potentialAction\":[{\"@type\":\"CommentAction\",\"name\":\"Comment\",\"target\":[\"https:\/\/vosgesinfo.fr\/gerardmerinfo\/2015\/02\/elections-departementales-appel-la-raison\/#respond\"]}]},{\"@type\":\"WebPage\",\"@id\":\"https:\/\/vosgesinfo.fr\/gerardmerinfo\/2015\/02\/elections-departementales-appel-la-raison\/\",\"url\":\"https:\/\/vosgesinfo.fr\/gerardmerinfo\/2015\/02\/elections-departementales-appel-la-raison\/\",\"name\":\"\u00c9lections D\u00e9partementales : Appel \u00e0 la raison - Gerardmer Info\",\"isPartOf\":{\"@id\":\"https:\/\/vosgesinfo.fr\/gerardmerinfo\/#website\"},\"datePublished\":\"2015-02-17T17:52:46+00:00\",\"dateModified\":\"2015-02-17T17:52:46+00:00\",\"breadcrumb\":{\"@id\":\"https:\/\/vosgesinfo.fr\/gerardmerinfo\/2015\/02\/elections-departementales-appel-la-raison\/#breadcrumb\"},\"inLanguage\":\"fr-FR\",\"potentialAction\":[{\"@type\":\"ReadAction\",\"target\":[\"https:\/\/vosgesinfo.fr\/gerardmerinfo\/2015\/02\/elections-departementales-appel-la-raison\/\"]}]},{\"@type\":\"BreadcrumbList\",\"@id\":\"https:\/\/vosgesinfo.fr\/gerardmerinfo\/2015\/02\/elections-departementales-appel-la-raison\/#breadcrumb\",\"itemListElement\":[{\"@type\":\"ListItem\",\"position\":1,\"name\":\"Home\",\"item\":\"https:\/\/vosgesinfo.fr\/gerardmerinfo\/\"},{\"@type\":\"ListItem\",\"position\":2,\"name\":\"\u00c9lections D\u00e9partementales : Appel \u00e0 la raison\"}]},{\"@type\":\"WebSite\",\"@id\":\"https:\/\/vosgesinfo.fr\/gerardmerinfo\/#website\",\"url\":\"https:\/\/vosgesinfo.fr\/gerardmerinfo\/\",\"name\":\"Gerardmer Info\",\"description\":\"Toute l&#039;actualit\u00e9 de G\u00e9rardmer\",\"publisher\":{\"@id\":\"https:\/\/vosgesinfo.fr\/gerardmerinfo\/#organization\"},\"alternateName\":\"Toute l'actualit\u00e9 de G\u00e9rardmer\",\"potentialAction\":[{\"@type\":\"SearchAction\",\"target\":{\"@type\":\"EntryPoint\",\"urlTemplate\":\"https:\/\/vosgesinfo.fr\/gerardmerinfo\/?s={search_term_string}\"},\"query-input\":\"required name=search_term_string\"}],\"inLanguage\":\"fr-FR\"},{\"@type\":\"Organization\",\"@id\":\"https:\/\/vosgesinfo.fr\/gerardmerinfo\/#organization\",\"name\":\"Gerardmer Info\",\"url\":\"https:\/\/vosgesinfo.fr\/gerardmerinfo\/\",\"logo\":{\"@type\":\"ImageObject\",\"inLanguage\":\"fr-FR\",\"@id\":\"https:\/\/vosgesinfo.fr\/gerardmerinfo\/#\/schema\/logo\/image\/\",\"url\":\"https:\/\/vosgesinfo.fr\/app\/uploads\/sites\/6\/2023\/08\/favicon-gerardmerinfo.png\",\"contentUrl\":\"https:\/\/vosgesinfo.fr\/app\/uploads\/sites\/6\/2023\/08\/favicon-gerardmerinfo.png\",\"width\":512,\"height\":512,\"caption\":\"Gerardmer Info\"},\"image\":{\"@id\":\"https:\/\/vosgesinfo.fr\/gerardmerinfo\/#\/schema\/logo\/image\/\"},\"sameAs\":[\"https:\/\/www.facebook.com\/profile.php?id=100049475262660\",\"https:\/\/x.com\/VosgesInfo88\",\"https:\/\/www.youtube.com\/@vosgesinfo\"]},{\"@type\":\"Person\",\"@id\":\"https:\/\/vosgesinfo.fr\/gerardmerinfo\/#\/schema\/person\/bc5d02d71e6932e81b6dadb7386667b1\",\"name\":\"qs_admin\",\"image\":{\"@type\":\"ImageObject\",\"inLanguage\":\"fr-FR\",\"@id\":\"https:\/\/vosgesinfo.fr\/gerardmerinfo\/#\/schema\/person\/image\/\",\"url\":\"https:\/\/secure.gravatar.com\/avatar\/94b18ee0ed79e4a42ea2f2931277b6841a8999fc6fde214600c78057cf1fe1de?s=96&d=mm&r=g\",\"contentUrl\":\"https:\/\/secure.gravatar.com\/avatar\/94b18ee0ed79e4a42ea2f2931277b6841a8999fc6fde214600c78057cf1fe1de?s=96&d=mm&r=g\",\"caption\":\"qs_admin\"},\"sameAs\":[\"https:\/\/vosgesinfo.fr\/wp\"],\"url\":\"https:\/\/vosgesinfo.fr\/gerardmerinfo\/author\/qs_admin\/\"}]}<\/script>\n<!-- \/ Yoast SEO plugin. -->","yoast_head_json":{"title":"\u00c9lections D\u00e9partementales : Appel \u00e0 la raison - Gerardmer Info","robots":{"index":"index","follow":"follow","max-snippet":"max-snippet:-1","max-image-preview":"max-image-preview:large","max-video-preview":"max-video-preview:-1"},"canonical":"https:\/\/vosgesinfo.fr\/gerardmerinfo\/2015\/02\/elections-departementales-appel-la-raison\/","twitter_card":"summary_large_image","twitter_title":"\u00c9lections D\u00e9partementales : Appel \u00e0 la raison - Gerardmer Info","twitter_description":"Libre propos : Claude Michel La nouvelle formule choisie pour les \u00e9lections d\u00e9partementales engendre des changements notables. Tout d\u2019abord, la [&hellip;]","twitter_creator":"@VosgesInfo88","twitter_site":"@VosgesInfo88","twitter_misc":{"\u00c9crit par":"qs_admin","Dur\u00e9e de lecture estim\u00e9e":"3 minutes"},"schema":{"@context":"https:\/\/schema.org","@graph":[{"@type":"Article","@id":"https:\/\/vosgesinfo.fr\/gerardmerinfo\/2015\/02\/elections-departementales-appel-la-raison\/#article","isPartOf":{"@id":"https:\/\/vosgesinfo.fr\/gerardmerinfo\/2015\/02\/elections-departementales-appel-la-raison\/"},"author":{"name":"qs_admin","@id":"https:\/\/vosgesinfo.fr\/gerardmerinfo\/#\/schema\/person\/bc5d02d71e6932e81b6dadb7386667b1"},"headline":"\u00c9lections D\u00e9partementales : Appel \u00e0 la raison","datePublished":"2015-02-17T17:52:46+00:00","dateModified":"2015-02-17T17:52:46+00:00","mainEntityOfPage":{"@id":"https:\/\/vosgesinfo.fr\/gerardmerinfo\/2015\/02\/elections-departementales-appel-la-raison\/"},"wordCount":595,"commentCount":0,"publisher":{"@id":"https:\/\/vosgesinfo.fr\/gerardmerinfo\/#organization"},"articleSection":["Politique"],"inLanguage":"fr-FR","potentialAction":[{"@type":"CommentAction","name":"Comment","target":["https:\/\/vosgesinfo.fr\/gerardmerinfo\/2015\/02\/elections-departementales-appel-la-raison\/#respond"]}]},{"@type":"WebPage","@id":"https:\/\/vosgesinfo.fr\/gerardmerinfo\/2015\/02\/elections-departementales-appel-la-raison\/","url":"https:\/\/vosgesinfo.fr\/gerardmerinfo\/2015\/02\/elections-departementales-appel-la-raison\/","name":"\u00c9lections D\u00e9partementales : Appel \u00e0 la raison - Gerardmer Info","isPartOf":{"@id":"https:\/\/vosgesinfo.fr\/gerardmerinfo\/#website"},"datePublished":"2015-02-17T17:52:46+00:00","dateModified":"2015-02-17T17:52:46+00:00","breadcrumb":{"@id":"https:\/\/vosgesinfo.fr\/gerardmerinfo\/2015\/02\/elections-departementales-appel-la-raison\/#breadcrumb"},"inLanguage":"fr-FR","potentialAction":[{"@type":"ReadAction","target":["https:\/\/vosgesinfo.fr\/gerardmerinfo\/2015\/02\/elections-departementales-appel-la-raison\/"]}]},{"@type":"BreadcrumbList","@id":"https:\/\/vosgesinfo.fr\/gerardmerinfo\/2015\/02\/elections-departementales-appel-la-raison\/#breadcrumb","itemListElement":[{"@type":"ListItem","position":1,"name":"Home","item":"https:\/\/vosgesinfo.fr\/gerardmerinfo\/"},{"@type":"ListItem","position":2,"name":"\u00c9lections D\u00e9partementales : Appel \u00e0 la raison"}]},{"@type":"WebSite","@id":"https:\/\/vosgesinfo.fr\/gerardmerinfo\/#website","url":"https:\/\/vosgesinfo.fr\/gerardmerinfo\/","name":"Gerardmer Info","description":"Toute l&#039;actualit\u00e9 de G\u00e9rardmer","publisher":{"@id":"https:\/\/vosgesinfo.fr\/gerardmerinfo\/#organization"},"alternateName":"Toute l'actualit\u00e9 de G\u00e9rardmer","potentialAction":[{"@type":"SearchAction","target":{"@type":"EntryPoint","urlTemplate":"https:\/\/vosgesinfo.fr\/gerardmerinfo\/?s={search_term_string}"},"query-input":"required name=search_term_string"}],"inLanguage":"fr-FR"},{"@type":"Organization","@id":"https:\/\/vosgesinfo.fr\/gerardmerinfo\/#organization","name":"Gerardmer Info","url":"https:\/\/vosgesinfo.fr\/gerardmerinfo\/","logo":{"@type":"ImageObject","inLanguage":"fr-FR","@id":"https:\/\/vosgesinfo.fr\/gerardmerinfo\/#\/schema\/logo\/image\/","url":"https:\/\/vosgesinfo.fr\/app\/uploads\/sites\/6\/2023\/08\/favicon-gerardmerinfo.png","contentUrl":"https:\/\/vosgesinfo.fr\/app\/uploads\/sites\/6\/2023\/08\/favicon-gerardmerinfo.png","width":512,"height":512,"caption":"Gerardmer Info"},"image":{"@id":"https:\/\/vosgesinfo.fr\/gerardmerinfo\/#\/schema\/logo\/image\/"},"sameAs":["https:\/\/www.facebook.com\/profile.php?id=100049475262660","https:\/\/x.com\/VosgesInfo88","https:\/\/www.youtube.com\/@vosgesinfo"]},{"@type":"Person","@id":"https:\/\/vosgesinfo.fr\/gerardmerinfo\/#\/schema\/person\/bc5d02d71e6932e81b6dadb7386667b1","name":"qs_admin","image":{"@type":"ImageObject","inLanguage":"fr-FR","@id":"https:\/\/vosgesinfo.fr\/gerardmerinfo\/#\/schema\/person\/image\/","url":"https:\/\/secure.gravatar.com\/avatar\/94b18ee0ed79e4a42ea2f2931277b6841a8999fc6fde214600c78057cf1fe1de?s=96&d=mm&r=g","contentUrl":"https:\/\/secure.gravatar.com\/avatar\/94b18ee0ed79e4a42ea2f2931277b6841a8999fc6fde214600c78057cf1fe1de?s=96&d=mm&r=g","caption":"qs_admin"},"sameAs":["https:\/\/vosgesinfo.fr\/wp"],"url":"https:\/\/vosgesinfo.fr\/gerardmerinfo\/author\/qs_admin\/"}]}},"_links":{"self":[{"href":"https:\/\/vosgesinfo.fr\/gerardmerinfo\/wp-json\/wp\/v2\/posts\/12324","targetHints":{"allow":["GET"]}}],"collection":[{"href":"https:\/\/vosgesinfo.fr\/gerardmerinfo\/wp-json\/wp\/v2\/posts"}],"about":[{"href":"https:\/\/vosgesinfo.fr\/gerardmerinfo\/wp-json\/wp\/v2\/types\/post"}],"author":[{"embeddable":true,"href":"https:\/\/vosgesinfo.fr\/gerardmerinfo\/wp-json\/wp\/v2\/users\/1"}],"replies":[{"embeddable":true,"href":"https:\/\/vosgesinfo.fr\/gerardmerinfo\/wp-json\/wp\/v2\/comments?post=12324"}],"version-history":[{"count":0,"href":"https:\/\/vosgesinfo.fr\/gerardmerinfo\/wp-json\/wp\/v2\/posts\/12324\/revisions"}],"wp:attachment":[{"href":"https:\/\/vosgesinfo.fr\/gerardmerinfo\/wp-json\/wp\/v2\/media?parent=12324"}],"wp:term":[{"taxonomy":"category","embeddable":true,"href":"https:\/\/vosgesinfo.fr\/gerardmerinfo\/wp-json\/wp\/v2\/categories?post=12324"},{"taxonomy":"post_tag","embeddable":true,"href":"https:\/\/vosgesinfo.fr\/gerardmerinfo\/wp-json\/wp\/v2\/tags?post=12324"}],"curies":[{"name":"wp","href":"https:\/\/api.w.org\/{rel}","templated":true}]}}