{"id":12327,"date":"2015-02-18T17:28:28","date_gmt":"2015-02-18T16:28:28","guid":{"rendered":"https:\/\/vosgesinfo.fr\/gerardmerinfo\/2015\/02\/permis-de-conduire-b-pour-les-1825-ans-le-coup-de-pouce-de-la-ville\/"},"modified":"2015-02-18T17:28:28","modified_gmt":"2015-02-18T16:28:28","slug":"permis-de-conduire-b-pour-les-1825-ans-le-coup-de-pouce-de-la-ville","status":"publish","type":"post","link":"https:\/\/vosgesinfo.fr\/gerardmerinfo\/2015\/02\/permis-de-conduire-b-pour-les-1825-ans-le-coup-de-pouce-de-la-ville\/","title":{"rendered":"Permis de conduire B pour les 18\/25 ans : le coup de pouce de la Ville"},"content":{"rendered":"<p>&nbsp;<\/p>\n<p>L\u2019obtention du permis de conduire est, au m\u00eame titre que l\u2019acc\u00e8s au logement ou \u00e0 un emploi, un facteur important d\u2019insertion sociale. Le permis repr\u00e9sente, particuli\u00e8rement \u00e0 G\u00e9rardmer, un moyen essentiel de se d\u00e9placer en autonomie mais aussi, bien souvent, un atout indispensable dans un parcours d\u2019insertion professionnelle.<\/p>\n<p>La Municipalit\u00e9 avait inscrit cet objectif d\u2019aide \u00e0 son programme et en a confi\u00e9 l\u2019\u00e9tude et la mise en \u0153uvre au Centre Communal d\u2019Action Sociale.<\/p>\n<p>Les 18\/25 ans ayant d\u00e9velopp\u00e9 un projet professionnel ou \u00e9tant en fin de parcours de formation mais qui ne disposent pas de ressources personnelles ou familiales pour financer leur permis pourront, d\u00e8s le mois de janvier prochain constituer un dossier. Ceci, aupr\u00e8s du C.C.A.S. ou dans le cadre d\u2019un suivi par la Mission Locale ou par un travailleur social de la Maison de la Solidarit\u00e9 et de la Vie Sociale (M.S.V.S.).<\/p>\n<p>L\u2019aide \u00e0 l\u2019obtention d\u2019un premier permis, d\u2019un montant de 600 \u20ac, pourra \u00eatre attribu\u00e9e sous conditions :<\/p>\n<p>* De r\u00e9sidence \u00e0 G\u00e9rardmer (1 an minimum)<\/p>\n<p>* De ressources (\u00e9tude sur la base du Revenu fiscal de r\u00e9f\u00e9rence du jeune ou\/et de sa famille, ainsi que sur la d\u00e9termination d\u2019un \u00ab reste \u00e0 vivre \u00bb sur 3 mois)<\/p>\n<p>* De motivation et du projet justifiant la n\u00e9cessit\u00e9 d\u2019avoir le permis B<\/p>\n<p>* D\u2019un engagement \u00e0 effectuer une action citoyenne de 50h<\/p>\n<p>Les auto-\u00e9coles g\u00e9r\u00f4moises, toutes partenaires de l\u2019initiative, proc\u00e9deront \u00e0 une \u00e9valuation du besoin de formation du jeune et, en cons\u00e9quence, du montant de leur prestation. Le cumul de cette aide communale sera possible avec tout autre financement mobilisable, dans la limite du montant de la d\u00e9pense.<\/p>\n<p>La Municipalit\u00e9 entend ainsi donner le coup de pouce qui manquait \u00e0 certains de ses jeunes concitoyens en contribuant \u00e0 les doter d\u2019un atout dans leur d\u00e9marche vers la vie active.<\/p>\n<p>Dossier d&rsquo;inscription t\u00e9l\u00e9chargeable ici :\u00a0DossierInscriptionPermisConduire<\/p>\n","protected":false},"excerpt":{"rendered":"<p>&nbsp; L\u2019obtention du permis de conduire est, au m\u00eame titre que l\u2019acc\u00e8s au logement ou \u00e0 un emploi, un facteur [&hellip;]<\/p>\n","protected":false},"author":1,"featured_media":0,"comment_status":"open","ping_status":"open","sticky":false,"template":"","format":"standard","meta":{"footnotes":""},"categories":[8],"tags":[],"class_list":["post-12327","post","type-post","status-publish","format-standard","hentry","category-faits-divers"],"acf":[],"yoast_head":"<!-- This site is optimized with the Yoast SEO plugin v22.5 - https:\/\/yoast.com\/wordpress\/plugins\/seo\/ -->\n<title>Permis de conduire B pour les 18\/25 ans : le coup de pouce de la Ville - Gerardmer Info<\/title>\n<meta name=\"robots\" content=\"index, follow, max-snippet:-1, max-image-preview:large, max-video-preview:-1\" \/>\n<link rel=\"canonical\" href=\"https:\/\/vosgesinfo.fr\/gerardmerinfo\/2015\/02\/permis-de-conduire-b-pour-les-1825-ans-le-coup-de-pouce-de-la-ville\/\" \/>\n<meta name=\"twitter:card\" content=\"summary_large_image\" \/>\n<meta name=\"twitter:title\" content=\"Permis de conduire B pour les 18\/25 ans : le coup de pouce de la Ville - Gerardmer Info\" \/>\n<meta name=\"twitter:description\" content=\"&nbsp; L\u2019obtention du permis de conduire est, au m\u00eame titre que l\u2019acc\u00e8s au logement ou \u00e0 un emploi, un facteur [&hellip;]\" \/>\n<meta name=\"twitter:creator\" content=\"@VosgesInfo88\" \/>\n<meta name=\"twitter:site\" content=\"@VosgesInfo88\" \/>\n<meta name=\"twitter:label1\" content=\"\u00c9crit par\" \/>\n\t<meta name=\"twitter:data1\" content=\"qs_admin\" \/>\n\t<meta name=\"twitter:label2\" content=\"Dur\u00e9e de lecture estim\u00e9e\" \/>\n\t<meta name=\"twitter:data2\" content=\"2 minutes\" \/>\n<script type=\"application\/ld+json\" class=\"yoast-schema-graph\">{\"@context\":\"https:\/\/schema.org\",\"@graph\":[{\"@type\":\"Article\",\"@id\":\"https:\/\/vosgesinfo.fr\/gerardmerinfo\/2015\/02\/permis-de-conduire-b-pour-les-1825-ans-le-coup-de-pouce-de-la-ville\/#article\",\"isPartOf\":{\"@id\":\"https:\/\/vosgesinfo.fr\/gerardmerinfo\/2015\/02\/permis-de-conduire-b-pour-les-1825-ans-le-coup-de-pouce-de-la-ville\/\"},\"author\":{\"name\":\"qs_admin\",\"@id\":\"https:\/\/vosgesinfo.fr\/gerardmerinfo\/#\/schema\/person\/bc5d02d71e6932e81b6dadb7386667b1\"},\"headline\":\"Permis de conduire B pour les 18\/25 ans : le coup de pouce de la Ville\",\"datePublished\":\"2015-02-18T16:28:28+00:00\",\"dateModified\":\"2015-02-18T16:28:28+00:00\",\"mainEntityOfPage\":{\"@id\":\"https:\/\/vosgesinfo.fr\/gerardmerinfo\/2015\/02\/permis-de-conduire-b-pour-les-1825-ans-le-coup-de-pouce-de-la-ville\/\"},\"wordCount\":349,\"commentCount\":0,\"publisher\":{\"@id\":\"https:\/\/vosgesinfo.fr\/gerardmerinfo\/#organization\"},\"articleSection\":[\"Faits-divers\"],\"inLanguage\":\"fr-FR\",\"potentialAction\":[{\"@type\":\"CommentAction\",\"name\":\"Comment\",\"target\":[\"https:\/\/vosgesinfo.fr\/gerardmerinfo\/2015\/02\/permis-de-conduire-b-pour-les-1825-ans-le-coup-de-pouce-de-la-ville\/#respond\"]}]},{\"@type\":\"WebPage\",\"@id\":\"https:\/\/vosgesinfo.fr\/gerardmerinfo\/2015\/02\/permis-de-conduire-b-pour-les-1825-ans-le-coup-de-pouce-de-la-ville\/\",\"url\":\"https:\/\/vosgesinfo.fr\/gerardmerinfo\/2015\/02\/permis-de-conduire-b-pour-les-1825-ans-le-coup-de-pouce-de-la-ville\/\",\"name\":\"Permis de conduire B pour les 18\/25 ans : le coup de pouce de la Ville - Gerardmer Info\",\"isPartOf\":{\"@id\":\"https:\/\/vosgesinfo.fr\/gerardmerinfo\/#website\"},\"datePublished\":\"2015-02-18T16:28:28+00:00\",\"dateModified\":\"2015-02-18T16:28:28+00:00\",\"breadcrumb\":{\"@id\":\"https:\/\/vosgesinfo.fr\/gerardmerinfo\/2015\/02\/permis-de-conduire-b-pour-les-1825-ans-le-coup-de-pouce-de-la-ville\/#breadcrumb\"},\"inLanguage\":\"fr-FR\",\"potentialAction\":[{\"@type\":\"ReadAction\",\"target\":[\"https:\/\/vosgesinfo.fr\/gerardmerinfo\/2015\/02\/permis-de-conduire-b-pour-les-1825-ans-le-coup-de-pouce-de-la-ville\/\"]}]},{\"@type\":\"BreadcrumbList\",\"@id\":\"https:\/\/vosgesinfo.fr\/gerardmerinfo\/2015\/02\/permis-de-conduire-b-pour-les-1825-ans-le-coup-de-pouce-de-la-ville\/#breadcrumb\",\"itemListElement\":[{\"@type\":\"ListItem\",\"position\":1,\"name\":\"Home\",\"item\":\"https:\/\/vosgesinfo.fr\/gerardmerinfo\/\"},{\"@type\":\"ListItem\",\"position\":2,\"name\":\"Permis de conduire B pour les 18\/25 ans : le coup de pouce de la Ville\"}]},{\"@type\":\"WebSite\",\"@id\":\"https:\/\/vosgesinfo.fr\/gerardmerinfo\/#website\",\"url\":\"https:\/\/vosgesinfo.fr\/gerardmerinfo\/\",\"name\":\"Gerardmer Info\",\"description\":\"Toute l&#039;actualit\u00e9 de G\u00e9rardmer\",\"publisher\":{\"@id\":\"https:\/\/vosgesinfo.fr\/gerardmerinfo\/#organization\"},\"alternateName\":\"Toute l'actualit\u00e9 de G\u00e9rardmer\",\"potentialAction\":[{\"@type\":\"SearchAction\",\"target\":{\"@type\":\"EntryPoint\",\"urlTemplate\":\"https:\/\/vosgesinfo.fr\/gerardmerinfo\/?s={search_term_string}\"},\"query-input\":\"required name=search_term_string\"}],\"inLanguage\":\"fr-FR\"},{\"@type\":\"Organization\",\"@id\":\"https:\/\/vosgesinfo.fr\/gerardmerinfo\/#organization\",\"name\":\"Gerardmer Info\",\"url\":\"https:\/\/vosgesinfo.fr\/gerardmerinfo\/\",\"logo\":{\"@type\":\"ImageObject\",\"inLanguage\":\"fr-FR\",\"@id\":\"https:\/\/vosgesinfo.fr\/gerardmerinfo\/#\/schema\/logo\/image\/\",\"url\":\"https:\/\/vosgesinfo.fr\/app\/uploads\/sites\/6\/2023\/08\/favicon-gerardmerinfo.png\",\"contentUrl\":\"https:\/\/vosgesinfo.fr\/app\/uploads\/sites\/6\/2023\/08\/favicon-gerardmerinfo.png\",\"width\":512,\"height\":512,\"caption\":\"Gerardmer Info\"},\"image\":{\"@id\":\"https:\/\/vosgesinfo.fr\/gerardmerinfo\/#\/schema\/logo\/image\/\"},\"sameAs\":[\"https:\/\/www.facebook.com\/profile.php?id=100049475262660\",\"https:\/\/x.com\/VosgesInfo88\",\"https:\/\/www.youtube.com\/@vosgesinfo\"]},{\"@type\":\"Person\",\"@id\":\"https:\/\/vosgesinfo.fr\/gerardmerinfo\/#\/schema\/person\/bc5d02d71e6932e81b6dadb7386667b1\",\"name\":\"qs_admin\",\"image\":{\"@type\":\"ImageObject\",\"inLanguage\":\"fr-FR\",\"@id\":\"https:\/\/vosgesinfo.fr\/gerardmerinfo\/#\/schema\/person\/image\/\",\"url\":\"https:\/\/secure.gravatar.com\/avatar\/94b18ee0ed79e4a42ea2f2931277b6841a8999fc6fde214600c78057cf1fe1de?s=96&d=mm&r=g\",\"contentUrl\":\"https:\/\/secure.gravatar.com\/avatar\/94b18ee0ed79e4a42ea2f2931277b6841a8999fc6fde214600c78057cf1fe1de?s=96&d=mm&r=g\",\"caption\":\"qs_admin\"},\"sameAs\":[\"https:\/\/vosgesinfo.fr\/wp\"],\"url\":\"https:\/\/vosgesinfo.fr\/gerardmerinfo\/author\/qs_admin\/\"}]}<\/script>\n<!-- \/ Yoast SEO plugin. -->","yoast_head_json":{"title":"Permis de conduire B pour les 18\/25 ans : le coup de pouce de la Ville - Gerardmer Info","robots":{"index":"index","follow":"follow","max-snippet":"max-snippet:-1","max-image-preview":"max-image-preview:large","max-video-preview":"max-video-preview:-1"},"canonical":"https:\/\/vosgesinfo.fr\/gerardmerinfo\/2015\/02\/permis-de-conduire-b-pour-les-1825-ans-le-coup-de-pouce-de-la-ville\/","twitter_card":"summary_large_image","twitter_title":"Permis de conduire B pour les 18\/25 ans : le coup de pouce de la Ville - Gerardmer Info","twitter_description":"&nbsp; L\u2019obtention du permis de conduire est, au m\u00eame titre que l\u2019acc\u00e8s au logement ou \u00e0 un emploi, un facteur [&hellip;]","twitter_creator":"@VosgesInfo88","twitter_site":"@VosgesInfo88","twitter_misc":{"\u00c9crit par":"qs_admin","Dur\u00e9e de lecture estim\u00e9e":"2 minutes"},"schema":{"@context":"https:\/\/schema.org","@graph":[{"@type":"Article","@id":"https:\/\/vosgesinfo.fr\/gerardmerinfo\/2015\/02\/permis-de-conduire-b-pour-les-1825-ans-le-coup-de-pouce-de-la-ville\/#article","isPartOf":{"@id":"https:\/\/vosgesinfo.fr\/gerardmerinfo\/2015\/02\/permis-de-conduire-b-pour-les-1825-ans-le-coup-de-pouce-de-la-ville\/"},"author":{"name":"qs_admin","@id":"https:\/\/vosgesinfo.fr\/gerardmerinfo\/#\/schema\/person\/bc5d02d71e6932e81b6dadb7386667b1"},"headline":"Permis de conduire B pour les 18\/25 ans : le coup de pouce de la Ville","datePublished":"2015-02-18T16:28:28+00:00","dateModified":"2015-02-18T16:28:28+00:00","mainEntityOfPage":{"@id":"https:\/\/vosgesinfo.fr\/gerardmerinfo\/2015\/02\/permis-de-conduire-b-pour-les-1825-ans-le-coup-de-pouce-de-la-ville\/"},"wordCount":349,"commentCount":0,"publisher":{"@id":"https:\/\/vosgesinfo.fr\/gerardmerinfo\/#organization"},"articleSection":["Faits-divers"],"inLanguage":"fr-FR","potentialAction":[{"@type":"CommentAction","name":"Comment","target":["https:\/\/vosgesinfo.fr\/gerardmerinfo\/2015\/02\/permis-de-conduire-b-pour-les-1825-ans-le-coup-de-pouce-de-la-ville\/#respond"]}]},{"@type":"WebPage","@id":"https:\/\/vosgesinfo.fr\/gerardmerinfo\/2015\/02\/permis-de-conduire-b-pour-les-1825-ans-le-coup-de-pouce-de-la-ville\/","url":"https:\/\/vosgesinfo.fr\/gerardmerinfo\/2015\/02\/permis-de-conduire-b-pour-les-1825-ans-le-coup-de-pouce-de-la-ville\/","name":"Permis de conduire B pour les 18\/25 ans : le coup de pouce de la Ville - Gerardmer Info","isPartOf":{"@id":"https:\/\/vosgesinfo.fr\/gerardmerinfo\/#website"},"datePublished":"2015-02-18T16:28:28+00:00","dateModified":"2015-02-18T16:28:28+00:00","breadcrumb":{"@id":"https:\/\/vosgesinfo.fr\/gerardmerinfo\/2015\/02\/permis-de-conduire-b-pour-les-1825-ans-le-coup-de-pouce-de-la-ville\/#breadcrumb"},"inLanguage":"fr-FR","potentialAction":[{"@type":"ReadAction","target":["https:\/\/vosgesinfo.fr\/gerardmerinfo\/2015\/02\/permis-de-conduire-b-pour-les-1825-ans-le-coup-de-pouce-de-la-ville\/"]}]},{"@type":"BreadcrumbList","@id":"https:\/\/vosgesinfo.fr\/gerardmerinfo\/2015\/02\/permis-de-conduire-b-pour-les-1825-ans-le-coup-de-pouce-de-la-ville\/#breadcrumb","itemListElement":[{"@type":"ListItem","position":1,"name":"Home","item":"https:\/\/vosgesinfo.fr\/gerardmerinfo\/"},{"@type":"ListItem","position":2,"name":"Permis de conduire B pour les 18\/25 ans : le coup de pouce de la Ville"}]},{"@type":"WebSite","@id":"https:\/\/vosgesinfo.fr\/gerardmerinfo\/#website","url":"https:\/\/vosgesinfo.fr\/gerardmerinfo\/","name":"Gerardmer Info","description":"Toute l&#039;actualit\u00e9 de G\u00e9rardmer","publisher":{"@id":"https:\/\/vosgesinfo.fr\/gerardmerinfo\/#organization"},"alternateName":"Toute l'actualit\u00e9 de G\u00e9rardmer","potentialAction":[{"@type":"SearchAction","target":{"@type":"EntryPoint","urlTemplate":"https:\/\/vosgesinfo.fr\/gerardmerinfo\/?s={search_term_string}"},"query-input":"required name=search_term_string"}],"inLanguage":"fr-FR"},{"@type":"Organization","@id":"https:\/\/vosgesinfo.fr\/gerardmerinfo\/#organization","name":"Gerardmer Info","url":"https:\/\/vosgesinfo.fr\/gerardmerinfo\/","logo":{"@type":"ImageObject","inLanguage":"fr-FR","@id":"https:\/\/vosgesinfo.fr\/gerardmerinfo\/#\/schema\/logo\/image\/","url":"https:\/\/vosgesinfo.fr\/app\/uploads\/sites\/6\/2023\/08\/favicon-gerardmerinfo.png","contentUrl":"https:\/\/vosgesinfo.fr\/app\/uploads\/sites\/6\/2023\/08\/favicon-gerardmerinfo.png","width":512,"height":512,"caption":"Gerardmer Info"},"image":{"@id":"https:\/\/vosgesinfo.fr\/gerardmerinfo\/#\/schema\/logo\/image\/"},"sameAs":["https:\/\/www.facebook.com\/profile.php?id=100049475262660","https:\/\/x.com\/VosgesInfo88","https:\/\/www.youtube.com\/@vosgesinfo"]},{"@type":"Person","@id":"https:\/\/vosgesinfo.fr\/gerardmerinfo\/#\/schema\/person\/bc5d02d71e6932e81b6dadb7386667b1","name":"qs_admin","image":{"@type":"ImageObject","inLanguage":"fr-FR","@id":"https:\/\/vosgesinfo.fr\/gerardmerinfo\/#\/schema\/person\/image\/","url":"https:\/\/secure.gravatar.com\/avatar\/94b18ee0ed79e4a42ea2f2931277b6841a8999fc6fde214600c78057cf1fe1de?s=96&d=mm&r=g","contentUrl":"https:\/\/secure.gravatar.com\/avatar\/94b18ee0ed79e4a42ea2f2931277b6841a8999fc6fde214600c78057cf1fe1de?s=96&d=mm&r=g","caption":"qs_admin"},"sameAs":["https:\/\/vosgesinfo.fr\/wp"],"url":"https:\/\/vosgesinfo.fr\/gerardmerinfo\/author\/qs_admin\/"}]}},"_links":{"self":[{"href":"https:\/\/vosgesinfo.fr\/gerardmerinfo\/wp-json\/wp\/v2\/posts\/12327","targetHints":{"allow":["GET"]}}],"collection":[{"href":"https:\/\/vosgesinfo.fr\/gerardmerinfo\/wp-json\/wp\/v2\/posts"}],"about":[{"href":"https:\/\/vosgesinfo.fr\/gerardmerinfo\/wp-json\/wp\/v2\/types\/post"}],"author":[{"embeddable":true,"href":"https:\/\/vosgesinfo.fr\/gerardmerinfo\/wp-json\/wp\/v2\/users\/1"}],"replies":[{"embeddable":true,"href":"https:\/\/vosgesinfo.fr\/gerardmerinfo\/wp-json\/wp\/v2\/comments?post=12327"}],"version-history":[{"count":0,"href":"https:\/\/vosgesinfo.fr\/gerardmerinfo\/wp-json\/wp\/v2\/posts\/12327\/revisions"}],"wp:attachment":[{"href":"https:\/\/vosgesinfo.fr\/gerardmerinfo\/wp-json\/wp\/v2\/media?parent=12327"}],"wp:term":[{"taxonomy":"category","embeddable":true,"href":"https:\/\/vosgesinfo.fr\/gerardmerinfo\/wp-json\/wp\/v2\/categories?post=12327"},{"taxonomy":"post_tag","embeddable":true,"href":"https:\/\/vosgesinfo.fr\/gerardmerinfo\/wp-json\/wp\/v2\/tags?post=12327"}],"curies":[{"name":"wp","href":"https:\/\/api.w.org\/{rel}","templated":true}]}}