{"id":12329,"date":"2015-02-18T17:28:32","date_gmt":"2015-02-18T16:28:32","guid":{"rendered":"https:\/\/vosgesinfo.fr\/gerardmerinfo\/2015\/02\/pares-pour-les-premiers-secours\/"},"modified":"2015-02-18T17:28:32","modified_gmt":"2015-02-18T16:28:32","slug":"pares-pour-les-premiers-secours","status":"publish","type":"post","link":"https:\/\/vosgesinfo.fr\/gerardmerinfo\/2015\/02\/pares-pour-les-premiers-secours\/","title":{"rendered":"Par\u00e9s pour les premiers secours !"},"content":{"rendered":" Les 12 stagiaires encadr\u00e9s de leurs formateurs\n<p>&nbsp;<\/p>\n<p><strong>Cette semaine, le centre de secours de G\u00e9rardmer re\u00e7oit une douzaine de stagiaires venus du secteur montagne pour passer leur PSE1, premier stage destin\u00e9 \u00e0 l&rsquo;acquisition des bases n\u00e9cessaires \u00e0 l&rsquo;intervention en ambulance.<\/strong><\/p>\n<p>Et c&rsquo;est le sergent Hermann du centre g\u00e9r\u00f4mois qui est cette ann\u00e9e responsable de cette formation Premiers Secours en \u00c9quipe de\u00a0Niveau 1 (PSE1) encadr\u00e9e par 6 formateurs au total\u00a0: \u00ab\u00a0Il y a en permanence deux formateurs en compagnie des stagiaires et nous effectuons un roulement en fonction des sp\u00e9cialit\u00e9s et disponibilit\u00e9s de chacun\u00a0\u00bb, pr\u00e9cise J\u00e9r\u00e9my Hermann.<\/p>\n<p>Pour cette session, ils sont 12 hommes et femmes \u00e0 suivre cette formation qui constitue r\u00e9ellement la base du secours en ambulance. \u00ab\u00a0Il y a beaucoup de th\u00e9orie concernant les gestes \u00e0 acqu\u00e9rir pour pouvoir intervenir\u00a0: position lat\u00e9rale de s\u00e9curit\u00e9 (PLS), r\u00e9animation cardio-pulmonaire, stopper une h\u00e9morragie, massage cardiaque, utilisation du d\u00e9fibrillateur et&#8230; Ce sont les r\u00e9actions imm\u00e9diates \u00e0 ma\u00eetriser, c&rsquo;est le plus important\u00a0\u00bb, ajoute le responsable de la formation.<\/p>\n<p>Le stage comprend \u00e9galement une partie pratique avec des mises en situation pour bien travailler et am\u00e9liorer les diff\u00e9rentes techniques de base du PSE1. \u00ab\u00a0L&rsquo;obtention de ce stage permettra \u00e0 leurs r\u00e9cipiendaires de pouvoir passer le niveau 2, puis de devenir \u00e9quipier \u00e0 part enti\u00e8re dans une ambulance. Avant, ils sont pr\u00e9sents dans les v\u00e9hicules en plus du personnel n\u00e9cessaire \u00e0 une intervention\u00a0\u00bb, souligne le chef du centre de secours, le Lieutenant Pascal Humbert.<\/p>\n<p>Le stage se d\u00e9roule donc du 16 au 20 f\u00e9vrier pour un volume horaire de 40 heures pour les douze stagiaires \u00e2g\u00e9s de 16 \u00e0 35 ans. Quatre viennent juste d&rsquo;\u00eatre recrut\u00e9s et sont donc tout de suite dans le bain, d&rsquo;autres, les plus jeunes, sortent tout juste de leur formation de Jeunes Sapeurs Pompiers qu&rsquo;il prolonge avec cette suite logique qu&rsquo;est le PSE1. Pascal Humbert d\u00e9veloppe\u00a0: \u00ab\u00a0C&rsquo;est int\u00e9ressant pour nous de ne pas forc\u00e9ment avoir que des jeunes car on sait qu&rsquo;\u00e0 un moment donn\u00e9, ils seront sans doute oblig\u00e9s de s&rsquo;\u00e9loigner de G\u00e9rardmer de mani\u00e8re temporaire voir d\u00e9finitive, que ce soit pour leurs \u00e9tudes ou le travail, c&rsquo;est normal. Pour leur part, les personnes qui nous rejoignent \u00e0 30-35 ans, voire m\u00eame un peu plus, sont g\u00e9n\u00e9ralement bien \u00e9tablies dans le secteur\u00a0\u00bb, et elles ont donc de fortes chances de faire long feu chez les sapeurs pompiers\u00a0 de la Perle des Vosges !<\/p>\n","protected":false},"excerpt":{"rendered":"<p>&nbsp; Cette semaine, le centre de secours de G\u00e9rardmer re\u00e7oit une douzaine de stagiaires venus du secteur montagne pour passer [&hellip;]<\/p>\n","protected":false},"author":42,"featured_media":0,"comment_status":"open","ping_status":"open","sticky":false,"template":"","format":"standard","meta":{"footnotes":""},"categories":[25],"tags":[],"class_list":["post-12329","post","type-post","status-publish","format-standard","hentry","category-gerardmer"],"acf":[],"yoast_head":"<!-- This site is optimized with the Yoast SEO plugin v22.5 - https:\/\/yoast.com\/wordpress\/plugins\/seo\/ -->\n<title>Par\u00e9s pour les premiers secours ! - Gerardmer Info<\/title>\n<meta name=\"robots\" content=\"index, follow, max-snippet:-1, max-image-preview:large, max-video-preview:-1\" \/>\n<link rel=\"canonical\" href=\"https:\/\/vosgesinfo.fr\/gerardmerinfo\/2015\/02\/pares-pour-les-premiers-secours\/\" \/>\n<meta name=\"twitter:card\" content=\"summary_large_image\" \/>\n<meta name=\"twitter:title\" content=\"Par\u00e9s pour les premiers secours ! - Gerardmer Info\" \/>\n<meta name=\"twitter:description\" content=\"&nbsp; Cette semaine, le centre de secours de G\u00e9rardmer re\u00e7oit une douzaine de stagiaires venus du secteur montagne pour passer [&hellip;]\" \/>\n<meta name=\"twitter:creator\" content=\"@VosgesInfo88\" \/>\n<meta name=\"twitter:site\" content=\"@VosgesInfo88\" \/>\n<meta name=\"twitter:label1\" content=\"\u00c9crit par\" \/>\n\t<meta name=\"twitter:data1\" content=\"QG\" \/>\n\t<meta name=\"twitter:label2\" content=\"Dur\u00e9e de lecture estim\u00e9e\" \/>\n\t<meta name=\"twitter:data2\" content=\"2 minutes\" \/>\n<script type=\"application\/ld+json\" class=\"yoast-schema-graph\">{\"@context\":\"https:\/\/schema.org\",\"@graph\":[{\"@type\":\"Article\",\"@id\":\"https:\/\/vosgesinfo.fr\/gerardmerinfo\/2015\/02\/pares-pour-les-premiers-secours\/#article\",\"isPartOf\":{\"@id\":\"https:\/\/vosgesinfo.fr\/gerardmerinfo\/2015\/02\/pares-pour-les-premiers-secours\/\"},\"author\":{\"name\":\"QG\",\"@id\":\"https:\/\/vosgesinfo.fr\/gerardmerinfo\/#\/schema\/person\/db5605779a843dad16b5368f3e7613a5\"},\"headline\":\"Par\u00e9s pour les premiers secours !\",\"datePublished\":\"2015-02-18T16:28:32+00:00\",\"dateModified\":\"2015-02-18T16:28:32+00:00\",\"mainEntityOfPage\":{\"@id\":\"https:\/\/vosgesinfo.fr\/gerardmerinfo\/2015\/02\/pares-pour-les-premiers-secours\/\"},\"wordCount\":446,\"commentCount\":0,\"publisher\":{\"@id\":\"https:\/\/vosgesinfo.fr\/gerardmerinfo\/#organization\"},\"articleSection\":[\"G\u00e9rardmer\"],\"inLanguage\":\"fr-FR\",\"potentialAction\":[{\"@type\":\"CommentAction\",\"name\":\"Comment\",\"target\":[\"https:\/\/vosgesinfo.fr\/gerardmerinfo\/2015\/02\/pares-pour-les-premiers-secours\/#respond\"]}]},{\"@type\":\"WebPage\",\"@id\":\"https:\/\/vosgesinfo.fr\/gerardmerinfo\/2015\/02\/pares-pour-les-premiers-secours\/\",\"url\":\"https:\/\/vosgesinfo.fr\/gerardmerinfo\/2015\/02\/pares-pour-les-premiers-secours\/\",\"name\":\"Par\u00e9s pour les premiers secours ! - Gerardmer Info\",\"isPartOf\":{\"@id\":\"https:\/\/vosgesinfo.fr\/gerardmerinfo\/#website\"},\"datePublished\":\"2015-02-18T16:28:32+00:00\",\"dateModified\":\"2015-02-18T16:28:32+00:00\",\"breadcrumb\":{\"@id\":\"https:\/\/vosgesinfo.fr\/gerardmerinfo\/2015\/02\/pares-pour-les-premiers-secours\/#breadcrumb\"},\"inLanguage\":\"fr-FR\",\"potentialAction\":[{\"@type\":\"ReadAction\",\"target\":[\"https:\/\/vosgesinfo.fr\/gerardmerinfo\/2015\/02\/pares-pour-les-premiers-secours\/\"]}]},{\"@type\":\"BreadcrumbList\",\"@id\":\"https:\/\/vosgesinfo.fr\/gerardmerinfo\/2015\/02\/pares-pour-les-premiers-secours\/#breadcrumb\",\"itemListElement\":[{\"@type\":\"ListItem\",\"position\":1,\"name\":\"Home\",\"item\":\"https:\/\/vosgesinfo.fr\/gerardmerinfo\/\"},{\"@type\":\"ListItem\",\"position\":2,\"name\":\"Par\u00e9s pour les premiers secours !\"}]},{\"@type\":\"WebSite\",\"@id\":\"https:\/\/vosgesinfo.fr\/gerardmerinfo\/#website\",\"url\":\"https:\/\/vosgesinfo.fr\/gerardmerinfo\/\",\"name\":\"Gerardmer Info\",\"description\":\"Toute l&#039;actualit\u00e9 de G\u00e9rardmer\",\"publisher\":{\"@id\":\"https:\/\/vosgesinfo.fr\/gerardmerinfo\/#organization\"},\"alternateName\":\"Toute l'actualit\u00e9 de G\u00e9rardmer\",\"potentialAction\":[{\"@type\":\"SearchAction\",\"target\":{\"@type\":\"EntryPoint\",\"urlTemplate\":\"https:\/\/vosgesinfo.fr\/gerardmerinfo\/?s={search_term_string}\"},\"query-input\":\"required name=search_term_string\"}],\"inLanguage\":\"fr-FR\"},{\"@type\":\"Organization\",\"@id\":\"https:\/\/vosgesinfo.fr\/gerardmerinfo\/#organization\",\"name\":\"Gerardmer Info\",\"url\":\"https:\/\/vosgesinfo.fr\/gerardmerinfo\/\",\"logo\":{\"@type\":\"ImageObject\",\"inLanguage\":\"fr-FR\",\"@id\":\"https:\/\/vosgesinfo.fr\/gerardmerinfo\/#\/schema\/logo\/image\/\",\"url\":\"https:\/\/vosgesinfo.fr\/app\/uploads\/sites\/6\/2023\/08\/favicon-gerardmerinfo.png\",\"contentUrl\":\"https:\/\/vosgesinfo.fr\/app\/uploads\/sites\/6\/2023\/08\/favicon-gerardmerinfo.png\",\"width\":512,\"height\":512,\"caption\":\"Gerardmer Info\"},\"image\":{\"@id\":\"https:\/\/vosgesinfo.fr\/gerardmerinfo\/#\/schema\/logo\/image\/\"},\"sameAs\":[\"https:\/\/www.facebook.com\/profile.php?id=100049475262660\",\"https:\/\/x.com\/VosgesInfo88\",\"https:\/\/www.youtube.com\/@vosgesinfo\"]},{\"@type\":\"Person\",\"@id\":\"https:\/\/vosgesinfo.fr\/gerardmerinfo\/#\/schema\/person\/db5605779a843dad16b5368f3e7613a5\",\"name\":\"QG\",\"image\":{\"@type\":\"ImageObject\",\"inLanguage\":\"fr-FR\",\"@id\":\"https:\/\/vosgesinfo.fr\/gerardmerinfo\/#\/schema\/person\/image\/\",\"url\":\"https:\/\/secure.gravatar.com\/avatar\/ea80c42c204b534408512832fde52504ecabb9706bcb6151cf6175e5b64e6793?s=96&d=mm&r=g\",\"contentUrl\":\"https:\/\/secure.gravatar.com\/avatar\/ea80c42c204b534408512832fde52504ecabb9706bcb6151cf6175e5b64e6793?s=96&d=mm&r=g\",\"caption\":\"QG\"},\"url\":\"https:\/\/vosgesinfo.fr\/gerardmerinfo\/author\/quentin88\/\"}]}<\/script>\n<!-- \/ Yoast SEO plugin. -->","yoast_head_json":{"title":"Par\u00e9s pour les premiers secours ! - Gerardmer Info","robots":{"index":"index","follow":"follow","max-snippet":"max-snippet:-1","max-image-preview":"max-image-preview:large","max-video-preview":"max-video-preview:-1"},"canonical":"https:\/\/vosgesinfo.fr\/gerardmerinfo\/2015\/02\/pares-pour-les-premiers-secours\/","twitter_card":"summary_large_image","twitter_title":"Par\u00e9s pour les premiers secours ! - Gerardmer Info","twitter_description":"&nbsp; Cette semaine, le centre de secours de G\u00e9rardmer re\u00e7oit une douzaine de stagiaires venus du secteur montagne pour passer [&hellip;]","twitter_creator":"@VosgesInfo88","twitter_site":"@VosgesInfo88","twitter_misc":{"\u00c9crit par":"QG","Dur\u00e9e de lecture estim\u00e9e":"2 minutes"},"schema":{"@context":"https:\/\/schema.org","@graph":[{"@type":"Article","@id":"https:\/\/vosgesinfo.fr\/gerardmerinfo\/2015\/02\/pares-pour-les-premiers-secours\/#article","isPartOf":{"@id":"https:\/\/vosgesinfo.fr\/gerardmerinfo\/2015\/02\/pares-pour-les-premiers-secours\/"},"author":{"name":"QG","@id":"https:\/\/vosgesinfo.fr\/gerardmerinfo\/#\/schema\/person\/db5605779a843dad16b5368f3e7613a5"},"headline":"Par\u00e9s pour les premiers secours !","datePublished":"2015-02-18T16:28:32+00:00","dateModified":"2015-02-18T16:28:32+00:00","mainEntityOfPage":{"@id":"https:\/\/vosgesinfo.fr\/gerardmerinfo\/2015\/02\/pares-pour-les-premiers-secours\/"},"wordCount":446,"commentCount":0,"publisher":{"@id":"https:\/\/vosgesinfo.fr\/gerardmerinfo\/#organization"},"articleSection":["G\u00e9rardmer"],"inLanguage":"fr-FR","potentialAction":[{"@type":"CommentAction","name":"Comment","target":["https:\/\/vosgesinfo.fr\/gerardmerinfo\/2015\/02\/pares-pour-les-premiers-secours\/#respond"]}]},{"@type":"WebPage","@id":"https:\/\/vosgesinfo.fr\/gerardmerinfo\/2015\/02\/pares-pour-les-premiers-secours\/","url":"https:\/\/vosgesinfo.fr\/gerardmerinfo\/2015\/02\/pares-pour-les-premiers-secours\/","name":"Par\u00e9s pour les premiers secours ! - Gerardmer Info","isPartOf":{"@id":"https:\/\/vosgesinfo.fr\/gerardmerinfo\/#website"},"datePublished":"2015-02-18T16:28:32+00:00","dateModified":"2015-02-18T16:28:32+00:00","breadcrumb":{"@id":"https:\/\/vosgesinfo.fr\/gerardmerinfo\/2015\/02\/pares-pour-les-premiers-secours\/#breadcrumb"},"inLanguage":"fr-FR","potentialAction":[{"@type":"ReadAction","target":["https:\/\/vosgesinfo.fr\/gerardmerinfo\/2015\/02\/pares-pour-les-premiers-secours\/"]}]},{"@type":"BreadcrumbList","@id":"https:\/\/vosgesinfo.fr\/gerardmerinfo\/2015\/02\/pares-pour-les-premiers-secours\/#breadcrumb","itemListElement":[{"@type":"ListItem","position":1,"name":"Home","item":"https:\/\/vosgesinfo.fr\/gerardmerinfo\/"},{"@type":"ListItem","position":2,"name":"Par\u00e9s pour les premiers secours !"}]},{"@type":"WebSite","@id":"https:\/\/vosgesinfo.fr\/gerardmerinfo\/#website","url":"https:\/\/vosgesinfo.fr\/gerardmerinfo\/","name":"Gerardmer Info","description":"Toute l&#039;actualit\u00e9 de G\u00e9rardmer","publisher":{"@id":"https:\/\/vosgesinfo.fr\/gerardmerinfo\/#organization"},"alternateName":"Toute l'actualit\u00e9 de G\u00e9rardmer","potentialAction":[{"@type":"SearchAction","target":{"@type":"EntryPoint","urlTemplate":"https:\/\/vosgesinfo.fr\/gerardmerinfo\/?s={search_term_string}"},"query-input":"required name=search_term_string"}],"inLanguage":"fr-FR"},{"@type":"Organization","@id":"https:\/\/vosgesinfo.fr\/gerardmerinfo\/#organization","name":"Gerardmer Info","url":"https:\/\/vosgesinfo.fr\/gerardmerinfo\/","logo":{"@type":"ImageObject","inLanguage":"fr-FR","@id":"https:\/\/vosgesinfo.fr\/gerardmerinfo\/#\/schema\/logo\/image\/","url":"https:\/\/vosgesinfo.fr\/app\/uploads\/sites\/6\/2023\/08\/favicon-gerardmerinfo.png","contentUrl":"https:\/\/vosgesinfo.fr\/app\/uploads\/sites\/6\/2023\/08\/favicon-gerardmerinfo.png","width":512,"height":512,"caption":"Gerardmer Info"},"image":{"@id":"https:\/\/vosgesinfo.fr\/gerardmerinfo\/#\/schema\/logo\/image\/"},"sameAs":["https:\/\/www.facebook.com\/profile.php?id=100049475262660","https:\/\/x.com\/VosgesInfo88","https:\/\/www.youtube.com\/@vosgesinfo"]},{"@type":"Person","@id":"https:\/\/vosgesinfo.fr\/gerardmerinfo\/#\/schema\/person\/db5605779a843dad16b5368f3e7613a5","name":"QG","image":{"@type":"ImageObject","inLanguage":"fr-FR","@id":"https:\/\/vosgesinfo.fr\/gerardmerinfo\/#\/schema\/person\/image\/","url":"https:\/\/secure.gravatar.com\/avatar\/ea80c42c204b534408512832fde52504ecabb9706bcb6151cf6175e5b64e6793?s=96&d=mm&r=g","contentUrl":"https:\/\/secure.gravatar.com\/avatar\/ea80c42c204b534408512832fde52504ecabb9706bcb6151cf6175e5b64e6793?s=96&d=mm&r=g","caption":"QG"},"url":"https:\/\/vosgesinfo.fr\/gerardmerinfo\/author\/quentin88\/"}]}},"_links":{"self":[{"href":"https:\/\/vosgesinfo.fr\/gerardmerinfo\/wp-json\/wp\/v2\/posts\/12329","targetHints":{"allow":["GET"]}}],"collection":[{"href":"https:\/\/vosgesinfo.fr\/gerardmerinfo\/wp-json\/wp\/v2\/posts"}],"about":[{"href":"https:\/\/vosgesinfo.fr\/gerardmerinfo\/wp-json\/wp\/v2\/types\/post"}],"author":[{"embeddable":true,"href":"https:\/\/vosgesinfo.fr\/gerardmerinfo\/wp-json\/wp\/v2\/users\/42"}],"replies":[{"embeddable":true,"href":"https:\/\/vosgesinfo.fr\/gerardmerinfo\/wp-json\/wp\/v2\/comments?post=12329"}],"version-history":[{"count":0,"href":"https:\/\/vosgesinfo.fr\/gerardmerinfo\/wp-json\/wp\/v2\/posts\/12329\/revisions"}],"wp:attachment":[{"href":"https:\/\/vosgesinfo.fr\/gerardmerinfo\/wp-json\/wp\/v2\/media?parent=12329"}],"wp:term":[{"taxonomy":"category","embeddable":true,"href":"https:\/\/vosgesinfo.fr\/gerardmerinfo\/wp-json\/wp\/v2\/categories?post=12329"},{"taxonomy":"post_tag","embeddable":true,"href":"https:\/\/vosgesinfo.fr\/gerardmerinfo\/wp-json\/wp\/v2\/tags?post=12329"}],"curies":[{"name":"wp","href":"https:\/\/api.w.org\/{rel}","templated":true}]}}