{"id":12331,"date":"2015-02-18T17:28:51","date_gmt":"2015-02-18T16:28:51","guid":{"rendered":"https:\/\/vosgesinfo.fr\/gerardmerinfo\/2015\/02\/gerardmelectric-ca-demarre-jeudi-aux-pieds-des-pistes\/"},"modified":"2015-02-18T17:28:51","modified_gmt":"2015-02-18T16:28:51","slug":"gerardmelectric-ca-demarre-jeudi-aux-pieds-des-pistes","status":"publish","type":"post","link":"https:\/\/vosgesinfo.fr\/gerardmerinfo\/2015\/02\/gerardmelectric-ca-demarre-jeudi-aux-pieds-des-pistes\/","title":{"rendered":"G\u00e9rardm&rsquo;Electric : \u00e7a d\u00e9marre jeudi aux pieds des pistes"},"content":{"rendered":"<p>[youtube]http:\/\/youtu.be\/fR2yO0BJ_Dw[\/youtube]<\/p>\n<p><strong>La deuxi\u00e8me \u00e9dition du festival rock G\u00e9rardm&rsquo;Electic d\u00e9butera ce jeudi 19 f\u00e9vrier \u00e0 17 h 30 aux pieds des pistes de la Mauselaine avec le concert de \u00ab\u00a0Dirty Work Of Soul Brothers\u00a0\u00bb.<\/strong><\/p>\n<p>Un concert gratuit qui sera suivi par une conf\u00e9rence de Christophe Brault retra\u00e7ant 40 ans de rock ind\u00e9\u00a0(1974 \u2013 2014). Ce sera \u00e0 20 h 30 \u00e0 la m\u00e9diath\u00e8que du Tilleul de G\u00e9rardmer, toujours en entr\u00e9e libre.<\/p>\n<p>Suivront un concert au bar Le Grattoir le vendredi soir ainsi qu&rsquo;un concert de cl\u00f4ture \u00e0 la MCL de G\u00e9rardmer le samedi soir avec notamment Mars red Sky, Les Flyind Donuts ou encore Das Modell ou encore Dead Shall Rise. D\u00e9but des r\u00e9jouissances \u00e0 21 h 30. Ouverture des portes pr\u00e9vue \u00e0 21 h.<\/p>\n<p>Le tout sans oublier l&rsquo;intervention de S\u00e9bastien Lacroix autour du projet \u00ab\u00a0Parall7le\u00a0\u00bb. Ce sera \u00e9galement le samedi \u00e0 17 h 30 \u00e0 la m\u00e9diath\u00e8que du Tilleul (places limit\u00e9es), section audiovisuelle.<\/p>\n<p>Chaque concert au tarif de 6 Euros &#8211; Pass festival : 10 Euros.<\/p>\n<p>Retrouvez la suite et l&rsquo;int\u00e9gralit\u00e9 du programme sur le site de la MCL :\u00a0<a class=\"c_nobdr t_prs\" href=\"http:\/\/mclgerardmer.fr\/zikact\/gerardmelectric\/\" target=\"_blank\" rel=\"noopener\">http:\/\/mclgerardmer.fr\/zikact\/gerardmelectric\/<\/a><\/p>\n<p>[youtube]http:\/\/youtu.be\/vQp2MKJ5vwo[\/youtube]<\/p>\n","protected":false},"excerpt":{"rendered":"<p>[youtube]http:\/\/youtu.be\/fR2yO0BJ_Dw[\/youtube] La deuxi\u00e8me \u00e9dition du festival rock G\u00e9rardm&rsquo;Electic d\u00e9butera ce jeudi 19 f\u00e9vrier \u00e0 17 h 30 aux pieds des [&hellip;]<\/p>\n","protected":false},"author":42,"featured_media":0,"comment_status":"open","ping_status":"open","sticky":false,"template":"","format":"standard","meta":{"footnotes":""},"categories":[34,4,18],"tags":[],"class_list":["post-12331","post","type-post","status-publish","format-standard","hentry","category-concert","category-culture","category-vosges"],"acf":[],"yoast_head":"<!-- This site is optimized with the Yoast SEO plugin v22.5 - https:\/\/yoast.com\/wordpress\/plugins\/seo\/ -->\n<title>G\u00e9rardm&#039;Electric : \u00e7a d\u00e9marre jeudi aux pieds des pistes - Gerardmer Info<\/title>\n<meta name=\"robots\" content=\"index, follow, max-snippet:-1, max-image-preview:large, max-video-preview:-1\" \/>\n<link rel=\"canonical\" href=\"https:\/\/vosgesinfo.fr\/gerardmerinfo\/2015\/02\/gerardmelectric-ca-demarre-jeudi-aux-pieds-des-pistes\/\" \/>\n<meta name=\"twitter:card\" content=\"summary_large_image\" \/>\n<meta name=\"twitter:title\" content=\"G\u00e9rardm&#039;Electric : \u00e7a d\u00e9marre jeudi aux pieds des pistes - Gerardmer Info\" \/>\n<meta name=\"twitter:description\" content=\"[youtube]http:\/\/youtu.be\/fR2yO0BJ_Dw[\/youtube] La deuxi\u00e8me \u00e9dition du festival rock G\u00e9rardm&rsquo;Electic d\u00e9butera ce jeudi 19 f\u00e9vrier \u00e0 17 h 30 aux pieds des [&hellip;]\" \/>\n<meta name=\"twitter:creator\" content=\"@VosgesInfo88\" \/>\n<meta name=\"twitter:site\" content=\"@VosgesInfo88\" \/>\n<meta name=\"twitter:label1\" content=\"\u00c9crit par\" \/>\n\t<meta name=\"twitter:data1\" content=\"QG\" \/>\n\t<meta name=\"twitter:label2\" content=\"Dur\u00e9e de lecture estim\u00e9e\" \/>\n\t<meta name=\"twitter:data2\" content=\"1 minute\" \/>\n<script type=\"application\/ld+json\" class=\"yoast-schema-graph\">{\"@context\":\"https:\/\/schema.org\",\"@graph\":[{\"@type\":\"Article\",\"@id\":\"https:\/\/vosgesinfo.fr\/gerardmerinfo\/2015\/02\/gerardmelectric-ca-demarre-jeudi-aux-pieds-des-pistes\/#article\",\"isPartOf\":{\"@id\":\"https:\/\/vosgesinfo.fr\/gerardmerinfo\/2015\/02\/gerardmelectric-ca-demarre-jeudi-aux-pieds-des-pistes\/\"},\"author\":{\"name\":\"QG\",\"@id\":\"https:\/\/vosgesinfo.fr\/gerardmerinfo\/#\/schema\/person\/db5605779a843dad16b5368f3e7613a5\"},\"headline\":\"G\u00e9rardm&rsquo;Electric : \u00e7a d\u00e9marre jeudi aux pieds des pistes\",\"datePublished\":\"2015-02-18T16:28:51+00:00\",\"dateModified\":\"2015-02-18T16:28:51+00:00\",\"mainEntityOfPage\":{\"@id\":\"https:\/\/vosgesinfo.fr\/gerardmerinfo\/2015\/02\/gerardmelectric-ca-demarre-jeudi-aux-pieds-des-pistes\/\"},\"wordCount\":213,\"commentCount\":0,\"publisher\":{\"@id\":\"https:\/\/vosgesinfo.fr\/gerardmerinfo\/#organization\"},\"articleSection\":[\"Concert\",\"Culture\",\"Vosges\"],\"inLanguage\":\"fr-FR\",\"potentialAction\":[{\"@type\":\"CommentAction\",\"name\":\"Comment\",\"target\":[\"https:\/\/vosgesinfo.fr\/gerardmerinfo\/2015\/02\/gerardmelectric-ca-demarre-jeudi-aux-pieds-des-pistes\/#respond\"]}]},{\"@type\":\"WebPage\",\"@id\":\"https:\/\/vosgesinfo.fr\/gerardmerinfo\/2015\/02\/gerardmelectric-ca-demarre-jeudi-aux-pieds-des-pistes\/\",\"url\":\"https:\/\/vosgesinfo.fr\/gerardmerinfo\/2015\/02\/gerardmelectric-ca-demarre-jeudi-aux-pieds-des-pistes\/\",\"name\":\"G\u00e9rardm'Electric : \u00e7a d\u00e9marre jeudi aux pieds des pistes - Gerardmer Info\",\"isPartOf\":{\"@id\":\"https:\/\/vosgesinfo.fr\/gerardmerinfo\/#website\"},\"datePublished\":\"2015-02-18T16:28:51+00:00\",\"dateModified\":\"2015-02-18T16:28:51+00:00\",\"breadcrumb\":{\"@id\":\"https:\/\/vosgesinfo.fr\/gerardmerinfo\/2015\/02\/gerardmelectric-ca-demarre-jeudi-aux-pieds-des-pistes\/#breadcrumb\"},\"inLanguage\":\"fr-FR\",\"potentialAction\":[{\"@type\":\"ReadAction\",\"target\":[\"https:\/\/vosgesinfo.fr\/gerardmerinfo\/2015\/02\/gerardmelectric-ca-demarre-jeudi-aux-pieds-des-pistes\/\"]}]},{\"@type\":\"BreadcrumbList\",\"@id\":\"https:\/\/vosgesinfo.fr\/gerardmerinfo\/2015\/02\/gerardmelectric-ca-demarre-jeudi-aux-pieds-des-pistes\/#breadcrumb\",\"itemListElement\":[{\"@type\":\"ListItem\",\"position\":1,\"name\":\"Home\",\"item\":\"https:\/\/vosgesinfo.fr\/gerardmerinfo\/\"},{\"@type\":\"ListItem\",\"position\":2,\"name\":\"G\u00e9rardm&rsquo;Electric : \u00e7a d\u00e9marre jeudi aux pieds des pistes\"}]},{\"@type\":\"WebSite\",\"@id\":\"https:\/\/vosgesinfo.fr\/gerardmerinfo\/#website\",\"url\":\"https:\/\/vosgesinfo.fr\/gerardmerinfo\/\",\"name\":\"Gerardmer Info\",\"description\":\"Toute l&#039;actualit\u00e9 de G\u00e9rardmer\",\"publisher\":{\"@id\":\"https:\/\/vosgesinfo.fr\/gerardmerinfo\/#organization\"},\"alternateName\":\"Toute l'actualit\u00e9 de G\u00e9rardmer\",\"potentialAction\":[{\"@type\":\"SearchAction\",\"target\":{\"@type\":\"EntryPoint\",\"urlTemplate\":\"https:\/\/vosgesinfo.fr\/gerardmerinfo\/?s={search_term_string}\"},\"query-input\":\"required name=search_term_string\"}],\"inLanguage\":\"fr-FR\"},{\"@type\":\"Organization\",\"@id\":\"https:\/\/vosgesinfo.fr\/gerardmerinfo\/#organization\",\"name\":\"Gerardmer Info\",\"url\":\"https:\/\/vosgesinfo.fr\/gerardmerinfo\/\",\"logo\":{\"@type\":\"ImageObject\",\"inLanguage\":\"fr-FR\",\"@id\":\"https:\/\/vosgesinfo.fr\/gerardmerinfo\/#\/schema\/logo\/image\/\",\"url\":\"https:\/\/vosgesinfo.fr\/app\/uploads\/sites\/6\/2023\/08\/favicon-gerardmerinfo.png\",\"contentUrl\":\"https:\/\/vosgesinfo.fr\/app\/uploads\/sites\/6\/2023\/08\/favicon-gerardmerinfo.png\",\"width\":512,\"height\":512,\"caption\":\"Gerardmer Info\"},\"image\":{\"@id\":\"https:\/\/vosgesinfo.fr\/gerardmerinfo\/#\/schema\/logo\/image\/\"},\"sameAs\":[\"https:\/\/www.facebook.com\/profile.php?id=100049475262660\",\"https:\/\/x.com\/VosgesInfo88\",\"https:\/\/www.youtube.com\/@vosgesinfo\"]},{\"@type\":\"Person\",\"@id\":\"https:\/\/vosgesinfo.fr\/gerardmerinfo\/#\/schema\/person\/db5605779a843dad16b5368f3e7613a5\",\"name\":\"QG\",\"image\":{\"@type\":\"ImageObject\",\"inLanguage\":\"fr-FR\",\"@id\":\"https:\/\/vosgesinfo.fr\/gerardmerinfo\/#\/schema\/person\/image\/\",\"url\":\"https:\/\/secure.gravatar.com\/avatar\/ea80c42c204b534408512832fde52504ecabb9706bcb6151cf6175e5b64e6793?s=96&d=mm&r=g\",\"contentUrl\":\"https:\/\/secure.gravatar.com\/avatar\/ea80c42c204b534408512832fde52504ecabb9706bcb6151cf6175e5b64e6793?s=96&d=mm&r=g\",\"caption\":\"QG\"},\"url\":\"https:\/\/vosgesinfo.fr\/gerardmerinfo\/author\/quentin88\/\"}]}<\/script>\n<!-- \/ Yoast SEO plugin. -->","yoast_head_json":{"title":"G\u00e9rardm'Electric : \u00e7a d\u00e9marre jeudi aux pieds des pistes - Gerardmer Info","robots":{"index":"index","follow":"follow","max-snippet":"max-snippet:-1","max-image-preview":"max-image-preview:large","max-video-preview":"max-video-preview:-1"},"canonical":"https:\/\/vosgesinfo.fr\/gerardmerinfo\/2015\/02\/gerardmelectric-ca-demarre-jeudi-aux-pieds-des-pistes\/","twitter_card":"summary_large_image","twitter_title":"G\u00e9rardm'Electric : \u00e7a d\u00e9marre jeudi aux pieds des pistes - Gerardmer Info","twitter_description":"[youtube]http:\/\/youtu.be\/fR2yO0BJ_Dw[\/youtube] La deuxi\u00e8me \u00e9dition du festival rock G\u00e9rardm&rsquo;Electic d\u00e9butera ce jeudi 19 f\u00e9vrier \u00e0 17 h 30 aux pieds des [&hellip;]","twitter_creator":"@VosgesInfo88","twitter_site":"@VosgesInfo88","twitter_misc":{"\u00c9crit par":"QG","Dur\u00e9e de lecture estim\u00e9e":"1 minute"},"schema":{"@context":"https:\/\/schema.org","@graph":[{"@type":"Article","@id":"https:\/\/vosgesinfo.fr\/gerardmerinfo\/2015\/02\/gerardmelectric-ca-demarre-jeudi-aux-pieds-des-pistes\/#article","isPartOf":{"@id":"https:\/\/vosgesinfo.fr\/gerardmerinfo\/2015\/02\/gerardmelectric-ca-demarre-jeudi-aux-pieds-des-pistes\/"},"author":{"name":"QG","@id":"https:\/\/vosgesinfo.fr\/gerardmerinfo\/#\/schema\/person\/db5605779a843dad16b5368f3e7613a5"},"headline":"G\u00e9rardm&rsquo;Electric : \u00e7a d\u00e9marre jeudi aux pieds des pistes","datePublished":"2015-02-18T16:28:51+00:00","dateModified":"2015-02-18T16:28:51+00:00","mainEntityOfPage":{"@id":"https:\/\/vosgesinfo.fr\/gerardmerinfo\/2015\/02\/gerardmelectric-ca-demarre-jeudi-aux-pieds-des-pistes\/"},"wordCount":213,"commentCount":0,"publisher":{"@id":"https:\/\/vosgesinfo.fr\/gerardmerinfo\/#organization"},"articleSection":["Concert","Culture","Vosges"],"inLanguage":"fr-FR","potentialAction":[{"@type":"CommentAction","name":"Comment","target":["https:\/\/vosgesinfo.fr\/gerardmerinfo\/2015\/02\/gerardmelectric-ca-demarre-jeudi-aux-pieds-des-pistes\/#respond"]}]},{"@type":"WebPage","@id":"https:\/\/vosgesinfo.fr\/gerardmerinfo\/2015\/02\/gerardmelectric-ca-demarre-jeudi-aux-pieds-des-pistes\/","url":"https:\/\/vosgesinfo.fr\/gerardmerinfo\/2015\/02\/gerardmelectric-ca-demarre-jeudi-aux-pieds-des-pistes\/","name":"G\u00e9rardm'Electric : \u00e7a d\u00e9marre jeudi aux pieds des pistes - Gerardmer Info","isPartOf":{"@id":"https:\/\/vosgesinfo.fr\/gerardmerinfo\/#website"},"datePublished":"2015-02-18T16:28:51+00:00","dateModified":"2015-02-18T16:28:51+00:00","breadcrumb":{"@id":"https:\/\/vosgesinfo.fr\/gerardmerinfo\/2015\/02\/gerardmelectric-ca-demarre-jeudi-aux-pieds-des-pistes\/#breadcrumb"},"inLanguage":"fr-FR","potentialAction":[{"@type":"ReadAction","target":["https:\/\/vosgesinfo.fr\/gerardmerinfo\/2015\/02\/gerardmelectric-ca-demarre-jeudi-aux-pieds-des-pistes\/"]}]},{"@type":"BreadcrumbList","@id":"https:\/\/vosgesinfo.fr\/gerardmerinfo\/2015\/02\/gerardmelectric-ca-demarre-jeudi-aux-pieds-des-pistes\/#breadcrumb","itemListElement":[{"@type":"ListItem","position":1,"name":"Home","item":"https:\/\/vosgesinfo.fr\/gerardmerinfo\/"},{"@type":"ListItem","position":2,"name":"G\u00e9rardm&rsquo;Electric : \u00e7a d\u00e9marre jeudi aux pieds des pistes"}]},{"@type":"WebSite","@id":"https:\/\/vosgesinfo.fr\/gerardmerinfo\/#website","url":"https:\/\/vosgesinfo.fr\/gerardmerinfo\/","name":"Gerardmer Info","description":"Toute l&#039;actualit\u00e9 de G\u00e9rardmer","publisher":{"@id":"https:\/\/vosgesinfo.fr\/gerardmerinfo\/#organization"},"alternateName":"Toute l'actualit\u00e9 de G\u00e9rardmer","potentialAction":[{"@type":"SearchAction","target":{"@type":"EntryPoint","urlTemplate":"https:\/\/vosgesinfo.fr\/gerardmerinfo\/?s={search_term_string}"},"query-input":"required name=search_term_string"}],"inLanguage":"fr-FR"},{"@type":"Organization","@id":"https:\/\/vosgesinfo.fr\/gerardmerinfo\/#organization","name":"Gerardmer Info","url":"https:\/\/vosgesinfo.fr\/gerardmerinfo\/","logo":{"@type":"ImageObject","inLanguage":"fr-FR","@id":"https:\/\/vosgesinfo.fr\/gerardmerinfo\/#\/schema\/logo\/image\/","url":"https:\/\/vosgesinfo.fr\/app\/uploads\/sites\/6\/2023\/08\/favicon-gerardmerinfo.png","contentUrl":"https:\/\/vosgesinfo.fr\/app\/uploads\/sites\/6\/2023\/08\/favicon-gerardmerinfo.png","width":512,"height":512,"caption":"Gerardmer Info"},"image":{"@id":"https:\/\/vosgesinfo.fr\/gerardmerinfo\/#\/schema\/logo\/image\/"},"sameAs":["https:\/\/www.facebook.com\/profile.php?id=100049475262660","https:\/\/x.com\/VosgesInfo88","https:\/\/www.youtube.com\/@vosgesinfo"]},{"@type":"Person","@id":"https:\/\/vosgesinfo.fr\/gerardmerinfo\/#\/schema\/person\/db5605779a843dad16b5368f3e7613a5","name":"QG","image":{"@type":"ImageObject","inLanguage":"fr-FR","@id":"https:\/\/vosgesinfo.fr\/gerardmerinfo\/#\/schema\/person\/image\/","url":"https:\/\/secure.gravatar.com\/avatar\/ea80c42c204b534408512832fde52504ecabb9706bcb6151cf6175e5b64e6793?s=96&d=mm&r=g","contentUrl":"https:\/\/secure.gravatar.com\/avatar\/ea80c42c204b534408512832fde52504ecabb9706bcb6151cf6175e5b64e6793?s=96&d=mm&r=g","caption":"QG"},"url":"https:\/\/vosgesinfo.fr\/gerardmerinfo\/author\/quentin88\/"}]}},"_links":{"self":[{"href":"https:\/\/vosgesinfo.fr\/gerardmerinfo\/wp-json\/wp\/v2\/posts\/12331","targetHints":{"allow":["GET"]}}],"collection":[{"href":"https:\/\/vosgesinfo.fr\/gerardmerinfo\/wp-json\/wp\/v2\/posts"}],"about":[{"href":"https:\/\/vosgesinfo.fr\/gerardmerinfo\/wp-json\/wp\/v2\/types\/post"}],"author":[{"embeddable":true,"href":"https:\/\/vosgesinfo.fr\/gerardmerinfo\/wp-json\/wp\/v2\/users\/42"}],"replies":[{"embeddable":true,"href":"https:\/\/vosgesinfo.fr\/gerardmerinfo\/wp-json\/wp\/v2\/comments?post=12331"}],"version-history":[{"count":0,"href":"https:\/\/vosgesinfo.fr\/gerardmerinfo\/wp-json\/wp\/v2\/posts\/12331\/revisions"}],"wp:attachment":[{"href":"https:\/\/vosgesinfo.fr\/gerardmerinfo\/wp-json\/wp\/v2\/media?parent=12331"}],"wp:term":[{"taxonomy":"category","embeddable":true,"href":"https:\/\/vosgesinfo.fr\/gerardmerinfo\/wp-json\/wp\/v2\/categories?post=12331"},{"taxonomy":"post_tag","embeddable":true,"href":"https:\/\/vosgesinfo.fr\/gerardmerinfo\/wp-json\/wp\/v2\/tags?post=12331"}],"curies":[{"name":"wp","href":"https:\/\/api.w.org\/{rel}","templated":true}]}}