{"id":12332,"date":"2015-02-18T16:27:32","date_gmt":"2015-02-18T15:27:32","guid":{"rendered":"https:\/\/vosgesinfo.fr\/gerardmerinfo\/2015\/02\/sans-eau-cest-tout-de-suite-moins-rigolo\/"},"modified":"2015-02-18T16:27:32","modified_gmt":"2015-02-18T15:27:32","slug":"sans-eau-cest-tout-de-suite-moins-rigolo","status":"publish","type":"post","link":"https:\/\/vosgesinfo.fr\/gerardmerinfo\/2015\/02\/sans-eau-cest-tout-de-suite-moins-rigolo\/","title":{"rendered":"Sans eau, c&rsquo;est tout de suite moins rigolo&#8230;"},"content":{"rendered":"<p><b>Deux foyers sont priv\u00e9s d&rsquo;eau depuis fin d\u00e9cembre. La source qui les alimentait jusqu&rsquo;alors n&rsquo;est plus en \u00e9tat d&rsquo;alimenter convenablement les captages des deux domiciles concern\u00e9s dont les habitants se retrouvent dans une situation plus que d\u00e9licate.<\/b><\/p>\n<p>En effet, depuis maintenant deux mois, Bachir Khachni et sa petite famille qui comprend un enfant en bas \u00e2ge sont priv\u00e9s d&rsquo;eau potable, et m\u00eame d&rsquo;eau tout court. Ils ne sont pas les seuls dans cette gal\u00e8re puisque la r\u00e9sidence secondaire de M. Philippe Lazard, demeurant en r\u00e9gion parisienne, est aussi touch\u00e9e par ce probl\u00e8me d&rsquo;eau. Si pour ce dernier le pr\u00e9judice peut \u00eatre consid\u00e9r\u00e9 comme moindre, il a n\u00e9anmoins d\u00fb prendre la d\u00e9cision d&rsquo;annuler quinze jours de vacances pr\u00e9vus avec des membres de sa famille et ne d\u00e9col\u00e8re pas.<\/p>\n Pour l&rsquo;heure, l&rsquo;eau des captages ne peut \u00eatre bue et elle est devenue difficilement utilisable pour un usage courant\n<p>\u00ab<em>\u00a0L&rsquo;eau est jaun\u00e2tre, parfois d&rsquo;une puanteur insoutenable, comme une odeur d\u2019\u00e9gout, et elle est inutilisable, m\u00eame pour se laver. Malgr\u00e9 plusieurs d\u00e9marches entreprises pour faire bouger les choses, les professionnels qui ont travaill\u00e9 sur le chantier se renvoient la balle pour le moment\u00a0<\/em>\u00bb, explique un Bachir Khachni \u00e9puis\u00e9 par cette situation. La principale origine du mal dont sont frapp\u00e9es les deux habitations\u00a0: la micro station de la nouvelle Confiserie G\u00e9r\u00f4moise qui ne donne pas satisfaction.<\/p>\n<p>Pourtant, ses propri\u00e9taires, Messieurs Justin et Manu Wexler, pensaient avoir tout fait dans les clous, et m\u00eame plus encore\u00a0: \u00ab\u00a0<em>Nous sommes des enfants du pays, sensibles \u00e0 la cause de l&rsquo;environnement et de l&rsquo;\u00e9cologie, ce sont des choses qui nous touchent, cela fait partie de notre projet, de l&rsquo;identit\u00e9 de notre confiserie. Nous avons con\u00e7u ce b\u00e2timent basse consommation dans cet esprit.<\/em><\/p>\n<p><em>Pour cela, nous avons fait appel \u00e0 un ma\u00eetre d\u2019\u0153uvre et \u00e0 une entreprise de terrassement. Nous avons achet\u00e9 plus de 15 000 Euros cette micro-station et avons suivi les recommandations du prestataire et du bureau d&rsquo;\u00e9tude quant au choix du mod\u00e8le. Normalement, l&rsquo;eau qui sort de cette station est cens\u00e9e \u00eatre propre, voire m\u00eame potable\u00a0!<\/em>\u00a0\u00bb, souligne les propri\u00e9taires de la Confiserie eux aussi \u00e9puis\u00e9s par cette situation. Et d&rsquo;ajouter\u00a0: \u00ab<em>\u00a0Je comprends tout \u00e0 fait M. Khachni, cela m&rsquo;est d\u00e9j\u00e0 arriv\u00e9 de ne pas avoir d&rsquo;eau, c&rsquo;est vraiment pas facile \u00e0 vivre\u00a0<\/em>\u00bb.<\/p>\n<p>En attendant qu&rsquo;une solution soit trouv\u00e9e rapidement, M. Vexler ont propos\u00e9 \u00e0 la famille Khachni d&rsquo;utiliser leurs sanitaires et de l&rsquo;approvisionner tant que possible en eau. \u00ab\u00a0En ce qui concerne un pr\u00e9judice \u00e9ventuel, il est de toute fa\u00e7on conseill\u00e9 aux deux foyers de nous attaquer en justice afin que nous puissions nous retourner contre les prestataires. C&rsquo;est de cette fa\u00e7on que pourra \u00eatre d\u00e9termin\u00e9 o\u00f9 et \u00e0 quel moment il y a eu un probl\u00e8me dans l&rsquo;installation et la mise en fonctionnement de la micro-station\u00a0\u00bb.<\/p>\n<p>Vous l&rsquo;aurez compris, la Confiserie se retrouve prise entre le marteau et l&rsquo;enclume et, d&rsquo;une certaine mani\u00e8re, se retrouve elle aussi victime de ce sac de n\u0153uds en terme d&rsquo;image, Justin et Manu Wexler travaillent dans le bonbon, pas dans le b\u00e2timent\u00a0: \u00ab\u00a0<em>Nous ne pourrons malheureusement pas faire de miracle\u00a0!\u00a0<\/em>\u00bb. Pour l&rsquo;heure, les diff\u00e9rentes parties concern\u00e9es, dont l&rsquo;entreprise de terrassement, \u00e9taient pr\u00e9sentes ce mercredi matin sur le site de la confiserie afin de parer au plus urgent. Un repr\u00e9sentant du service des eaux de la Municipalit\u00e9 g\u00e9r\u00f4moise avait \u00e9galement fait le d\u00e9placement. En attendant l&rsquo;\u00e9tude et les conclusions d&rsquo;un expert qui vient d&rsquo;\u00eatre mandat\u00e9 qui r\u00e9v\u00e9leront o\u00f9 et \u00e0 quel moment le grain de sable s&rsquo;est gliss\u00e9 dans la m\u00e9canique, un plan de transition devrait se mettre en place.<\/p>\n<p>Ce dernier devrait consister \u00e0 d\u00e9placer l&rsquo;exutoire de la station en aval des deux captages des foyers concern\u00e9s vers un collecteur d\u00e9j\u00e0 existant. Mais cela va tout de m\u00eame n\u00e9cessiter de creuser une tranch\u00e9e de pr\u00e8s de 140 m\u00e8tres. Des travaux sans doute longs et fastidieux. Car le probl\u00e8me est bien l\u00e0\u00a0: c&rsquo;est le temps que prennent les d\u00e9marches, qu&rsquo;il s&rsquo;agisse de l&rsquo;expertise qui a \u00e9t\u00e9 sollicit\u00e9e ou m\u00eame du chantier. La famille Khachni n&rsquo;est donc pas encore sortie de cette gal\u00e8re qui, rappelons-le, a d\u00e9but\u00e9 il y a un peu moins de deux mois. Pour l&rsquo;heure, c&rsquo;est bouteilles d&rsquo;eau \u00e0 r\u00e9chauffer sur le gaz&#8230; Pour combien de temps encore\u00a0?<\/p>\n","protected":false},"excerpt":{"rendered":"<p>Deux foyers sont priv\u00e9s d&rsquo;eau depuis fin d\u00e9cembre. La source qui les alimentait jusqu&rsquo;alors n&rsquo;est plus en \u00e9tat d&rsquo;alimenter convenablement [&hellip;]<\/p>\n","protected":false},"author":42,"featured_media":0,"comment_status":"open","ping_status":"open","sticky":false,"template":"","format":"standard","meta":{"footnotes":""},"categories":[8],"tags":[],"class_list":["post-12332","post","type-post","status-publish","format-standard","hentry","category-faits-divers"],"acf":[],"yoast_head":"<!-- This site is optimized with the Yoast SEO plugin v22.5 - https:\/\/yoast.com\/wordpress\/plugins\/seo\/ -->\n<title>Sans eau, c&#039;est tout de suite moins rigolo... - Gerardmer Info<\/title>\n<meta name=\"robots\" content=\"index, follow, max-snippet:-1, max-image-preview:large, max-video-preview:-1\" \/>\n<link rel=\"canonical\" href=\"https:\/\/vosgesinfo.fr\/gerardmerinfo\/2015\/02\/sans-eau-cest-tout-de-suite-moins-rigolo\/\" \/>\n<meta name=\"twitter:card\" content=\"summary_large_image\" \/>\n<meta name=\"twitter:title\" content=\"Sans eau, c&#039;est tout de suite moins rigolo... - Gerardmer Info\" \/>\n<meta name=\"twitter:description\" content=\"Deux foyers sont priv\u00e9s d&rsquo;eau depuis fin d\u00e9cembre. La source qui les alimentait jusqu&rsquo;alors n&rsquo;est plus en \u00e9tat d&rsquo;alimenter convenablement [&hellip;]\" \/>\n<meta name=\"twitter:creator\" content=\"@VosgesInfo88\" \/>\n<meta name=\"twitter:site\" content=\"@VosgesInfo88\" \/>\n<meta name=\"twitter:label1\" content=\"\u00c9crit par\" \/>\n\t<meta name=\"twitter:data1\" content=\"QG\" \/>\n\t<meta name=\"twitter:label2\" content=\"Dur\u00e9e de lecture estim\u00e9e\" \/>\n\t<meta name=\"twitter:data2\" content=\"4 minutes\" \/>\n<script type=\"application\/ld+json\" class=\"yoast-schema-graph\">{\"@context\":\"https:\/\/schema.org\",\"@graph\":[{\"@type\":\"Article\",\"@id\":\"https:\/\/vosgesinfo.fr\/gerardmerinfo\/2015\/02\/sans-eau-cest-tout-de-suite-moins-rigolo\/#article\",\"isPartOf\":{\"@id\":\"https:\/\/vosgesinfo.fr\/gerardmerinfo\/2015\/02\/sans-eau-cest-tout-de-suite-moins-rigolo\/\"},\"author\":{\"name\":\"QG\",\"@id\":\"https:\/\/vosgesinfo.fr\/gerardmerinfo\/#\/schema\/person\/db5605779a843dad16b5368f3e7613a5\"},\"headline\":\"Sans eau, c&rsquo;est tout de suite moins rigolo&#8230;\",\"datePublished\":\"2015-02-18T15:27:32+00:00\",\"dateModified\":\"2015-02-18T15:27:32+00:00\",\"mainEntityOfPage\":{\"@id\":\"https:\/\/vosgesinfo.fr\/gerardmerinfo\/2015\/02\/sans-eau-cest-tout-de-suite-moins-rigolo\/\"},\"wordCount\":818,\"commentCount\":0,\"publisher\":{\"@id\":\"https:\/\/vosgesinfo.fr\/gerardmerinfo\/#organization\"},\"articleSection\":[\"Faits-divers\"],\"inLanguage\":\"fr-FR\",\"potentialAction\":[{\"@type\":\"CommentAction\",\"name\":\"Comment\",\"target\":[\"https:\/\/vosgesinfo.fr\/gerardmerinfo\/2015\/02\/sans-eau-cest-tout-de-suite-moins-rigolo\/#respond\"]}]},{\"@type\":\"WebPage\",\"@id\":\"https:\/\/vosgesinfo.fr\/gerardmerinfo\/2015\/02\/sans-eau-cest-tout-de-suite-moins-rigolo\/\",\"url\":\"https:\/\/vosgesinfo.fr\/gerardmerinfo\/2015\/02\/sans-eau-cest-tout-de-suite-moins-rigolo\/\",\"name\":\"Sans eau, c'est tout de suite moins rigolo... - Gerardmer Info\",\"isPartOf\":{\"@id\":\"https:\/\/vosgesinfo.fr\/gerardmerinfo\/#website\"},\"datePublished\":\"2015-02-18T15:27:32+00:00\",\"dateModified\":\"2015-02-18T15:27:32+00:00\",\"breadcrumb\":{\"@id\":\"https:\/\/vosgesinfo.fr\/gerardmerinfo\/2015\/02\/sans-eau-cest-tout-de-suite-moins-rigolo\/#breadcrumb\"},\"inLanguage\":\"fr-FR\",\"potentialAction\":[{\"@type\":\"ReadAction\",\"target\":[\"https:\/\/vosgesinfo.fr\/gerardmerinfo\/2015\/02\/sans-eau-cest-tout-de-suite-moins-rigolo\/\"]}]},{\"@type\":\"BreadcrumbList\",\"@id\":\"https:\/\/vosgesinfo.fr\/gerardmerinfo\/2015\/02\/sans-eau-cest-tout-de-suite-moins-rigolo\/#breadcrumb\",\"itemListElement\":[{\"@type\":\"ListItem\",\"position\":1,\"name\":\"Home\",\"item\":\"https:\/\/vosgesinfo.fr\/gerardmerinfo\/\"},{\"@type\":\"ListItem\",\"position\":2,\"name\":\"Sans eau, c&rsquo;est tout de suite moins rigolo&#8230;\"}]},{\"@type\":\"WebSite\",\"@id\":\"https:\/\/vosgesinfo.fr\/gerardmerinfo\/#website\",\"url\":\"https:\/\/vosgesinfo.fr\/gerardmerinfo\/\",\"name\":\"Gerardmer Info\",\"description\":\"Toute l&#039;actualit\u00e9 de G\u00e9rardmer\",\"publisher\":{\"@id\":\"https:\/\/vosgesinfo.fr\/gerardmerinfo\/#organization\"},\"alternateName\":\"Toute l'actualit\u00e9 de G\u00e9rardmer\",\"potentialAction\":[{\"@type\":\"SearchAction\",\"target\":{\"@type\":\"EntryPoint\",\"urlTemplate\":\"https:\/\/vosgesinfo.fr\/gerardmerinfo\/?s={search_term_string}\"},\"query-input\":\"required name=search_term_string\"}],\"inLanguage\":\"fr-FR\"},{\"@type\":\"Organization\",\"@id\":\"https:\/\/vosgesinfo.fr\/gerardmerinfo\/#organization\",\"name\":\"Gerardmer Info\",\"url\":\"https:\/\/vosgesinfo.fr\/gerardmerinfo\/\",\"logo\":{\"@type\":\"ImageObject\",\"inLanguage\":\"fr-FR\",\"@id\":\"https:\/\/vosgesinfo.fr\/gerardmerinfo\/#\/schema\/logo\/image\/\",\"url\":\"https:\/\/vosgesinfo.fr\/app\/uploads\/sites\/6\/2023\/08\/favicon-gerardmerinfo.png\",\"contentUrl\":\"https:\/\/vosgesinfo.fr\/app\/uploads\/sites\/6\/2023\/08\/favicon-gerardmerinfo.png\",\"width\":512,\"height\":512,\"caption\":\"Gerardmer Info\"},\"image\":{\"@id\":\"https:\/\/vosgesinfo.fr\/gerardmerinfo\/#\/schema\/logo\/image\/\"},\"sameAs\":[\"https:\/\/www.facebook.com\/profile.php?id=100049475262660\",\"https:\/\/x.com\/VosgesInfo88\",\"https:\/\/www.youtube.com\/@vosgesinfo\"]},{\"@type\":\"Person\",\"@id\":\"https:\/\/vosgesinfo.fr\/gerardmerinfo\/#\/schema\/person\/db5605779a843dad16b5368f3e7613a5\",\"name\":\"QG\",\"image\":{\"@type\":\"ImageObject\",\"inLanguage\":\"fr-FR\",\"@id\":\"https:\/\/vosgesinfo.fr\/gerardmerinfo\/#\/schema\/person\/image\/\",\"url\":\"https:\/\/secure.gravatar.com\/avatar\/ea80c42c204b534408512832fde52504ecabb9706bcb6151cf6175e5b64e6793?s=96&d=mm&r=g\",\"contentUrl\":\"https:\/\/secure.gravatar.com\/avatar\/ea80c42c204b534408512832fde52504ecabb9706bcb6151cf6175e5b64e6793?s=96&d=mm&r=g\",\"caption\":\"QG\"},\"url\":\"https:\/\/vosgesinfo.fr\/gerardmerinfo\/author\/quentin88\/\"}]}<\/script>\n<!-- \/ Yoast SEO plugin. -->","yoast_head_json":{"title":"Sans eau, c'est tout de suite moins rigolo... - Gerardmer Info","robots":{"index":"index","follow":"follow","max-snippet":"max-snippet:-1","max-image-preview":"max-image-preview:large","max-video-preview":"max-video-preview:-1"},"canonical":"https:\/\/vosgesinfo.fr\/gerardmerinfo\/2015\/02\/sans-eau-cest-tout-de-suite-moins-rigolo\/","twitter_card":"summary_large_image","twitter_title":"Sans eau, c'est tout de suite moins rigolo... - Gerardmer Info","twitter_description":"Deux foyers sont priv\u00e9s d&rsquo;eau depuis fin d\u00e9cembre. La source qui les alimentait jusqu&rsquo;alors n&rsquo;est plus en \u00e9tat d&rsquo;alimenter convenablement [&hellip;]","twitter_creator":"@VosgesInfo88","twitter_site":"@VosgesInfo88","twitter_misc":{"\u00c9crit par":"QG","Dur\u00e9e de lecture estim\u00e9e":"4 minutes"},"schema":{"@context":"https:\/\/schema.org","@graph":[{"@type":"Article","@id":"https:\/\/vosgesinfo.fr\/gerardmerinfo\/2015\/02\/sans-eau-cest-tout-de-suite-moins-rigolo\/#article","isPartOf":{"@id":"https:\/\/vosgesinfo.fr\/gerardmerinfo\/2015\/02\/sans-eau-cest-tout-de-suite-moins-rigolo\/"},"author":{"name":"QG","@id":"https:\/\/vosgesinfo.fr\/gerardmerinfo\/#\/schema\/person\/db5605779a843dad16b5368f3e7613a5"},"headline":"Sans eau, c&rsquo;est tout de suite moins rigolo&#8230;","datePublished":"2015-02-18T15:27:32+00:00","dateModified":"2015-02-18T15:27:32+00:00","mainEntityOfPage":{"@id":"https:\/\/vosgesinfo.fr\/gerardmerinfo\/2015\/02\/sans-eau-cest-tout-de-suite-moins-rigolo\/"},"wordCount":818,"commentCount":0,"publisher":{"@id":"https:\/\/vosgesinfo.fr\/gerardmerinfo\/#organization"},"articleSection":["Faits-divers"],"inLanguage":"fr-FR","potentialAction":[{"@type":"CommentAction","name":"Comment","target":["https:\/\/vosgesinfo.fr\/gerardmerinfo\/2015\/02\/sans-eau-cest-tout-de-suite-moins-rigolo\/#respond"]}]},{"@type":"WebPage","@id":"https:\/\/vosgesinfo.fr\/gerardmerinfo\/2015\/02\/sans-eau-cest-tout-de-suite-moins-rigolo\/","url":"https:\/\/vosgesinfo.fr\/gerardmerinfo\/2015\/02\/sans-eau-cest-tout-de-suite-moins-rigolo\/","name":"Sans eau, c'est tout de suite moins rigolo... - Gerardmer Info","isPartOf":{"@id":"https:\/\/vosgesinfo.fr\/gerardmerinfo\/#website"},"datePublished":"2015-02-18T15:27:32+00:00","dateModified":"2015-02-18T15:27:32+00:00","breadcrumb":{"@id":"https:\/\/vosgesinfo.fr\/gerardmerinfo\/2015\/02\/sans-eau-cest-tout-de-suite-moins-rigolo\/#breadcrumb"},"inLanguage":"fr-FR","potentialAction":[{"@type":"ReadAction","target":["https:\/\/vosgesinfo.fr\/gerardmerinfo\/2015\/02\/sans-eau-cest-tout-de-suite-moins-rigolo\/"]}]},{"@type":"BreadcrumbList","@id":"https:\/\/vosgesinfo.fr\/gerardmerinfo\/2015\/02\/sans-eau-cest-tout-de-suite-moins-rigolo\/#breadcrumb","itemListElement":[{"@type":"ListItem","position":1,"name":"Home","item":"https:\/\/vosgesinfo.fr\/gerardmerinfo\/"},{"@type":"ListItem","position":2,"name":"Sans eau, c&rsquo;est tout de suite moins rigolo&#8230;"}]},{"@type":"WebSite","@id":"https:\/\/vosgesinfo.fr\/gerardmerinfo\/#website","url":"https:\/\/vosgesinfo.fr\/gerardmerinfo\/","name":"Gerardmer Info","description":"Toute l&#039;actualit\u00e9 de G\u00e9rardmer","publisher":{"@id":"https:\/\/vosgesinfo.fr\/gerardmerinfo\/#organization"},"alternateName":"Toute l'actualit\u00e9 de G\u00e9rardmer","potentialAction":[{"@type":"SearchAction","target":{"@type":"EntryPoint","urlTemplate":"https:\/\/vosgesinfo.fr\/gerardmerinfo\/?s={search_term_string}"},"query-input":"required name=search_term_string"}],"inLanguage":"fr-FR"},{"@type":"Organization","@id":"https:\/\/vosgesinfo.fr\/gerardmerinfo\/#organization","name":"Gerardmer Info","url":"https:\/\/vosgesinfo.fr\/gerardmerinfo\/","logo":{"@type":"ImageObject","inLanguage":"fr-FR","@id":"https:\/\/vosgesinfo.fr\/gerardmerinfo\/#\/schema\/logo\/image\/","url":"https:\/\/vosgesinfo.fr\/app\/uploads\/sites\/6\/2023\/08\/favicon-gerardmerinfo.png","contentUrl":"https:\/\/vosgesinfo.fr\/app\/uploads\/sites\/6\/2023\/08\/favicon-gerardmerinfo.png","width":512,"height":512,"caption":"Gerardmer Info"},"image":{"@id":"https:\/\/vosgesinfo.fr\/gerardmerinfo\/#\/schema\/logo\/image\/"},"sameAs":["https:\/\/www.facebook.com\/profile.php?id=100049475262660","https:\/\/x.com\/VosgesInfo88","https:\/\/www.youtube.com\/@vosgesinfo"]},{"@type":"Person","@id":"https:\/\/vosgesinfo.fr\/gerardmerinfo\/#\/schema\/person\/db5605779a843dad16b5368f3e7613a5","name":"QG","image":{"@type":"ImageObject","inLanguage":"fr-FR","@id":"https:\/\/vosgesinfo.fr\/gerardmerinfo\/#\/schema\/person\/image\/","url":"https:\/\/secure.gravatar.com\/avatar\/ea80c42c204b534408512832fde52504ecabb9706bcb6151cf6175e5b64e6793?s=96&d=mm&r=g","contentUrl":"https:\/\/secure.gravatar.com\/avatar\/ea80c42c204b534408512832fde52504ecabb9706bcb6151cf6175e5b64e6793?s=96&d=mm&r=g","caption":"QG"},"url":"https:\/\/vosgesinfo.fr\/gerardmerinfo\/author\/quentin88\/"}]}},"_links":{"self":[{"href":"https:\/\/vosgesinfo.fr\/gerardmerinfo\/wp-json\/wp\/v2\/posts\/12332","targetHints":{"allow":["GET"]}}],"collection":[{"href":"https:\/\/vosgesinfo.fr\/gerardmerinfo\/wp-json\/wp\/v2\/posts"}],"about":[{"href":"https:\/\/vosgesinfo.fr\/gerardmerinfo\/wp-json\/wp\/v2\/types\/post"}],"author":[{"embeddable":true,"href":"https:\/\/vosgesinfo.fr\/gerardmerinfo\/wp-json\/wp\/v2\/users\/42"}],"replies":[{"embeddable":true,"href":"https:\/\/vosgesinfo.fr\/gerardmerinfo\/wp-json\/wp\/v2\/comments?post=12332"}],"version-history":[{"count":0,"href":"https:\/\/vosgesinfo.fr\/gerardmerinfo\/wp-json\/wp\/v2\/posts\/12332\/revisions"}],"wp:attachment":[{"href":"https:\/\/vosgesinfo.fr\/gerardmerinfo\/wp-json\/wp\/v2\/media?parent=12332"}],"wp:term":[{"taxonomy":"category","embeddable":true,"href":"https:\/\/vosgesinfo.fr\/gerardmerinfo\/wp-json\/wp\/v2\/categories?post=12332"},{"taxonomy":"post_tag","embeddable":true,"href":"https:\/\/vosgesinfo.fr\/gerardmerinfo\/wp-json\/wp\/v2\/tags?post=12332"}],"curies":[{"name":"wp","href":"https:\/\/api.w.org\/{rel}","templated":true}]}}