{"id":12335,"date":"2015-02-19T08:18:21","date_gmt":"2015-02-19T07:18:21","guid":{"rendered":"https:\/\/vosgesinfo.fr\/gerardmerinfo\/2015\/02\/un-habitant-du-tholy-ivre-sans-permis-il-prend-la-fuite-devant-la-police-et-percute-un-pont\/"},"modified":"2015-02-19T08:18:21","modified_gmt":"2015-02-19T07:18:21","slug":"un-habitant-du-tholy-ivre-sans-permis-il-prend-la-fuite-devant-la-police-et-percute-un-pont","status":"publish","type":"post","link":"https:\/\/vosgesinfo.fr\/gerardmerinfo\/2015\/02\/un-habitant-du-tholy-ivre-sans-permis-il-prend-la-fuite-devant-la-police-et-percute-un-pont\/","title":{"rendered":"Un habitant du Tholy, Ivre, sans permis, prend la fuite devant la police et percute un pont"},"content":{"rendered":"<p><strong>Mardi 17 f\u00e9vrier 2015 sur la voie de contournement de Saint-Am\u00e9, un citoyen du Tholy s\u2019est mis \u00e0 doubler un v\u00e9hicule de police banalis\u00e9 sans utiliser son clignotant. Alors que la patrouille a entrepris d\u2019intercepter le v\u00e9hicule, son conducteur a pris la fuite. Celui-ci a pris la direction du Syndicat et a fini par perdre le contr\u00f4le et percuter le pont de la Cleurie.<\/strong><\/p>\n<p>Et pour cause, le test d\u2019alcool\u00e9mie a r\u00e9v\u00e9l\u00e9 la pr\u00e9sence de 0,90 grammes d\u2019alcool dans le sang du conducteur. D\u2019autre part, cet homme de 33 ans avait perdu tous les points de son permis. Il conduisait donc sans permis lorsqu\u2019il a pris le volant.<\/p>\n<p>Interpell\u00e9 et plac\u00e9 en garde \u00e0 vue, il a reconnu les faits. Il devra d\u00e9dommager la commune du Syndicat des d\u00e9g\u00e2ts occasionn\u00e9s sur le pont enjambant la Cleurie.<\/p>\n<p>Il devra ensuite r\u00e9pondre devant la chambre correctionnelle du tribunal d\u2019Epinal de\u00a0refus d\u2019obtemp\u00e9rer, de conduite sans permis et de conduite en \u00e9tat d\u2019ivresse.<\/p>\n","protected":false},"excerpt":{"rendered":"<p>Mardi 17 f\u00e9vrier 2015 sur la voie de contournement de Saint-Am\u00e9, un citoyen du Tholy s\u2019est mis \u00e0 doubler un [&hellip;]<\/p>\n","protected":false},"author":1,"featured_media":0,"comment_status":"open","ping_status":"open","sticky":false,"template":"","format":"standard","meta":{"footnotes":""},"categories":[8],"tags":[],"class_list":["post-12335","post","type-post","status-publish","format-standard","hentry","category-faits-divers"],"acf":[],"yoast_head":"<!-- This site is optimized with the Yoast SEO plugin v22.5 - https:\/\/yoast.com\/wordpress\/plugins\/seo\/ -->\n<title>Un habitant du Tholy, Ivre, sans permis, prend la fuite devant la police et percute un pont - Gerardmer Info<\/title>\n<meta name=\"robots\" content=\"index, follow, max-snippet:-1, max-image-preview:large, max-video-preview:-1\" \/>\n<link rel=\"canonical\" href=\"https:\/\/vosgesinfo.fr\/gerardmerinfo\/2015\/02\/un-habitant-du-tholy-ivre-sans-permis-il-prend-la-fuite-devant-la-police-et-percute-un-pont\/\" \/>\n<meta name=\"twitter:card\" content=\"summary_large_image\" \/>\n<meta name=\"twitter:title\" content=\"Un habitant du Tholy, Ivre, sans permis, prend la fuite devant la police et percute un pont - Gerardmer Info\" \/>\n<meta name=\"twitter:description\" content=\"Mardi 17 f\u00e9vrier 2015 sur la voie de contournement de Saint-Am\u00e9, un citoyen du Tholy s\u2019est mis \u00e0 doubler un [&hellip;]\" \/>\n<meta name=\"twitter:creator\" content=\"@VosgesInfo88\" \/>\n<meta name=\"twitter:site\" content=\"@VosgesInfo88\" \/>\n<meta name=\"twitter:label1\" content=\"\u00c9crit par\" \/>\n\t<meta name=\"twitter:data1\" content=\"qs_admin\" \/>\n\t<meta name=\"twitter:label2\" content=\"Dur\u00e9e de lecture estim\u00e9e\" \/>\n\t<meta name=\"twitter:data2\" content=\"1 minute\" \/>\n<script type=\"application\/ld+json\" class=\"yoast-schema-graph\">{\"@context\":\"https:\/\/schema.org\",\"@graph\":[{\"@type\":\"Article\",\"@id\":\"https:\/\/vosgesinfo.fr\/gerardmerinfo\/2015\/02\/un-habitant-du-tholy-ivre-sans-permis-il-prend-la-fuite-devant-la-police-et-percute-un-pont\/#article\",\"isPartOf\":{\"@id\":\"https:\/\/vosgesinfo.fr\/gerardmerinfo\/2015\/02\/un-habitant-du-tholy-ivre-sans-permis-il-prend-la-fuite-devant-la-police-et-percute-un-pont\/\"},\"author\":{\"name\":\"qs_admin\",\"@id\":\"https:\/\/vosgesinfo.fr\/gerardmerinfo\/#\/schema\/person\/bc5d02d71e6932e81b6dadb7386667b1\"},\"headline\":\"Un habitant du Tholy, Ivre, sans permis, prend la fuite devant la police et percute un pont\",\"datePublished\":\"2015-02-19T07:18:21+00:00\",\"dateModified\":\"2015-02-19T07:18:21+00:00\",\"mainEntityOfPage\":{\"@id\":\"https:\/\/vosgesinfo.fr\/gerardmerinfo\/2015\/02\/un-habitant-du-tholy-ivre-sans-permis-il-prend-la-fuite-devant-la-police-et-percute-un-pont\/\"},\"wordCount\":194,\"commentCount\":0,\"publisher\":{\"@id\":\"https:\/\/vosgesinfo.fr\/gerardmerinfo\/#organization\"},\"articleSection\":[\"Faits-divers\"],\"inLanguage\":\"fr-FR\",\"potentialAction\":[{\"@type\":\"CommentAction\",\"name\":\"Comment\",\"target\":[\"https:\/\/vosgesinfo.fr\/gerardmerinfo\/2015\/02\/un-habitant-du-tholy-ivre-sans-permis-il-prend-la-fuite-devant-la-police-et-percute-un-pont\/#respond\"]}]},{\"@type\":\"WebPage\",\"@id\":\"https:\/\/vosgesinfo.fr\/gerardmerinfo\/2015\/02\/un-habitant-du-tholy-ivre-sans-permis-il-prend-la-fuite-devant-la-police-et-percute-un-pont\/\",\"url\":\"https:\/\/vosgesinfo.fr\/gerardmerinfo\/2015\/02\/un-habitant-du-tholy-ivre-sans-permis-il-prend-la-fuite-devant-la-police-et-percute-un-pont\/\",\"name\":\"Un habitant du Tholy, Ivre, sans permis, prend la fuite devant la police et percute un pont - Gerardmer Info\",\"isPartOf\":{\"@id\":\"https:\/\/vosgesinfo.fr\/gerardmerinfo\/#website\"},\"datePublished\":\"2015-02-19T07:18:21+00:00\",\"dateModified\":\"2015-02-19T07:18:21+00:00\",\"breadcrumb\":{\"@id\":\"https:\/\/vosgesinfo.fr\/gerardmerinfo\/2015\/02\/un-habitant-du-tholy-ivre-sans-permis-il-prend-la-fuite-devant-la-police-et-percute-un-pont\/#breadcrumb\"},\"inLanguage\":\"fr-FR\",\"potentialAction\":[{\"@type\":\"ReadAction\",\"target\":[\"https:\/\/vosgesinfo.fr\/gerardmerinfo\/2015\/02\/un-habitant-du-tholy-ivre-sans-permis-il-prend-la-fuite-devant-la-police-et-percute-un-pont\/\"]}]},{\"@type\":\"BreadcrumbList\",\"@id\":\"https:\/\/vosgesinfo.fr\/gerardmerinfo\/2015\/02\/un-habitant-du-tholy-ivre-sans-permis-il-prend-la-fuite-devant-la-police-et-percute-un-pont\/#breadcrumb\",\"itemListElement\":[{\"@type\":\"ListItem\",\"position\":1,\"name\":\"Home\",\"item\":\"https:\/\/vosgesinfo.fr\/gerardmerinfo\/\"},{\"@type\":\"ListItem\",\"position\":2,\"name\":\"Un habitant du Tholy, Ivre, sans permis, prend la fuite devant la police et percute un pont\"}]},{\"@type\":\"WebSite\",\"@id\":\"https:\/\/vosgesinfo.fr\/gerardmerinfo\/#website\",\"url\":\"https:\/\/vosgesinfo.fr\/gerardmerinfo\/\",\"name\":\"Gerardmer Info\",\"description\":\"Toute l&#039;actualit\u00e9 de G\u00e9rardmer\",\"publisher\":{\"@id\":\"https:\/\/vosgesinfo.fr\/gerardmerinfo\/#organization\"},\"alternateName\":\"Toute l'actualit\u00e9 de G\u00e9rardmer\",\"potentialAction\":[{\"@type\":\"SearchAction\",\"target\":{\"@type\":\"EntryPoint\",\"urlTemplate\":\"https:\/\/vosgesinfo.fr\/gerardmerinfo\/?s={search_term_string}\"},\"query-input\":\"required name=search_term_string\"}],\"inLanguage\":\"fr-FR\"},{\"@type\":\"Organization\",\"@id\":\"https:\/\/vosgesinfo.fr\/gerardmerinfo\/#organization\",\"name\":\"Gerardmer Info\",\"url\":\"https:\/\/vosgesinfo.fr\/gerardmerinfo\/\",\"logo\":{\"@type\":\"ImageObject\",\"inLanguage\":\"fr-FR\",\"@id\":\"https:\/\/vosgesinfo.fr\/gerardmerinfo\/#\/schema\/logo\/image\/\",\"url\":\"https:\/\/vosgesinfo.fr\/app\/uploads\/sites\/6\/2023\/08\/favicon-gerardmerinfo.png\",\"contentUrl\":\"https:\/\/vosgesinfo.fr\/app\/uploads\/sites\/6\/2023\/08\/favicon-gerardmerinfo.png\",\"width\":512,\"height\":512,\"caption\":\"Gerardmer Info\"},\"image\":{\"@id\":\"https:\/\/vosgesinfo.fr\/gerardmerinfo\/#\/schema\/logo\/image\/\"},\"sameAs\":[\"https:\/\/www.facebook.com\/profile.php?id=100049475262660\",\"https:\/\/x.com\/VosgesInfo88\",\"https:\/\/www.youtube.com\/@vosgesinfo\"]},{\"@type\":\"Person\",\"@id\":\"https:\/\/vosgesinfo.fr\/gerardmerinfo\/#\/schema\/person\/bc5d02d71e6932e81b6dadb7386667b1\",\"name\":\"qs_admin\",\"image\":{\"@type\":\"ImageObject\",\"inLanguage\":\"fr-FR\",\"@id\":\"https:\/\/vosgesinfo.fr\/gerardmerinfo\/#\/schema\/person\/image\/\",\"url\":\"https:\/\/secure.gravatar.com\/avatar\/94b18ee0ed79e4a42ea2f2931277b6841a8999fc6fde214600c78057cf1fe1de?s=96&d=mm&r=g\",\"contentUrl\":\"https:\/\/secure.gravatar.com\/avatar\/94b18ee0ed79e4a42ea2f2931277b6841a8999fc6fde214600c78057cf1fe1de?s=96&d=mm&r=g\",\"caption\":\"qs_admin\"},\"sameAs\":[\"https:\/\/vosgesinfo.fr\/wp\"],\"url\":\"https:\/\/vosgesinfo.fr\/gerardmerinfo\/author\/qs_admin\/\"}]}<\/script>\n<!-- \/ Yoast SEO plugin. -->","yoast_head_json":{"title":"Un habitant du Tholy, Ivre, sans permis, prend la fuite devant la police et percute un pont - Gerardmer Info","robots":{"index":"index","follow":"follow","max-snippet":"max-snippet:-1","max-image-preview":"max-image-preview:large","max-video-preview":"max-video-preview:-1"},"canonical":"https:\/\/vosgesinfo.fr\/gerardmerinfo\/2015\/02\/un-habitant-du-tholy-ivre-sans-permis-il-prend-la-fuite-devant-la-police-et-percute-un-pont\/","twitter_card":"summary_large_image","twitter_title":"Un habitant du Tholy, Ivre, sans permis, prend la fuite devant la police et percute un pont - Gerardmer Info","twitter_description":"Mardi 17 f\u00e9vrier 2015 sur la voie de contournement de Saint-Am\u00e9, un citoyen du Tholy s\u2019est mis \u00e0 doubler un [&hellip;]","twitter_creator":"@VosgesInfo88","twitter_site":"@VosgesInfo88","twitter_misc":{"\u00c9crit par":"qs_admin","Dur\u00e9e de lecture estim\u00e9e":"1 minute"},"schema":{"@context":"https:\/\/schema.org","@graph":[{"@type":"Article","@id":"https:\/\/vosgesinfo.fr\/gerardmerinfo\/2015\/02\/un-habitant-du-tholy-ivre-sans-permis-il-prend-la-fuite-devant-la-police-et-percute-un-pont\/#article","isPartOf":{"@id":"https:\/\/vosgesinfo.fr\/gerardmerinfo\/2015\/02\/un-habitant-du-tholy-ivre-sans-permis-il-prend-la-fuite-devant-la-police-et-percute-un-pont\/"},"author":{"name":"qs_admin","@id":"https:\/\/vosgesinfo.fr\/gerardmerinfo\/#\/schema\/person\/bc5d02d71e6932e81b6dadb7386667b1"},"headline":"Un habitant du Tholy, Ivre, sans permis, prend la fuite devant la police et percute un pont","datePublished":"2015-02-19T07:18:21+00:00","dateModified":"2015-02-19T07:18:21+00:00","mainEntityOfPage":{"@id":"https:\/\/vosgesinfo.fr\/gerardmerinfo\/2015\/02\/un-habitant-du-tholy-ivre-sans-permis-il-prend-la-fuite-devant-la-police-et-percute-un-pont\/"},"wordCount":194,"commentCount":0,"publisher":{"@id":"https:\/\/vosgesinfo.fr\/gerardmerinfo\/#organization"},"articleSection":["Faits-divers"],"inLanguage":"fr-FR","potentialAction":[{"@type":"CommentAction","name":"Comment","target":["https:\/\/vosgesinfo.fr\/gerardmerinfo\/2015\/02\/un-habitant-du-tholy-ivre-sans-permis-il-prend-la-fuite-devant-la-police-et-percute-un-pont\/#respond"]}]},{"@type":"WebPage","@id":"https:\/\/vosgesinfo.fr\/gerardmerinfo\/2015\/02\/un-habitant-du-tholy-ivre-sans-permis-il-prend-la-fuite-devant-la-police-et-percute-un-pont\/","url":"https:\/\/vosgesinfo.fr\/gerardmerinfo\/2015\/02\/un-habitant-du-tholy-ivre-sans-permis-il-prend-la-fuite-devant-la-police-et-percute-un-pont\/","name":"Un habitant du Tholy, Ivre, sans permis, prend la fuite devant la police et percute un pont - Gerardmer Info","isPartOf":{"@id":"https:\/\/vosgesinfo.fr\/gerardmerinfo\/#website"},"datePublished":"2015-02-19T07:18:21+00:00","dateModified":"2015-02-19T07:18:21+00:00","breadcrumb":{"@id":"https:\/\/vosgesinfo.fr\/gerardmerinfo\/2015\/02\/un-habitant-du-tholy-ivre-sans-permis-il-prend-la-fuite-devant-la-police-et-percute-un-pont\/#breadcrumb"},"inLanguage":"fr-FR","potentialAction":[{"@type":"ReadAction","target":["https:\/\/vosgesinfo.fr\/gerardmerinfo\/2015\/02\/un-habitant-du-tholy-ivre-sans-permis-il-prend-la-fuite-devant-la-police-et-percute-un-pont\/"]}]},{"@type":"BreadcrumbList","@id":"https:\/\/vosgesinfo.fr\/gerardmerinfo\/2015\/02\/un-habitant-du-tholy-ivre-sans-permis-il-prend-la-fuite-devant-la-police-et-percute-un-pont\/#breadcrumb","itemListElement":[{"@type":"ListItem","position":1,"name":"Home","item":"https:\/\/vosgesinfo.fr\/gerardmerinfo\/"},{"@type":"ListItem","position":2,"name":"Un habitant du Tholy, Ivre, sans permis, prend la fuite devant la police et percute un pont"}]},{"@type":"WebSite","@id":"https:\/\/vosgesinfo.fr\/gerardmerinfo\/#website","url":"https:\/\/vosgesinfo.fr\/gerardmerinfo\/","name":"Gerardmer Info","description":"Toute l&#039;actualit\u00e9 de G\u00e9rardmer","publisher":{"@id":"https:\/\/vosgesinfo.fr\/gerardmerinfo\/#organization"},"alternateName":"Toute l'actualit\u00e9 de G\u00e9rardmer","potentialAction":[{"@type":"SearchAction","target":{"@type":"EntryPoint","urlTemplate":"https:\/\/vosgesinfo.fr\/gerardmerinfo\/?s={search_term_string}"},"query-input":"required name=search_term_string"}],"inLanguage":"fr-FR"},{"@type":"Organization","@id":"https:\/\/vosgesinfo.fr\/gerardmerinfo\/#organization","name":"Gerardmer Info","url":"https:\/\/vosgesinfo.fr\/gerardmerinfo\/","logo":{"@type":"ImageObject","inLanguage":"fr-FR","@id":"https:\/\/vosgesinfo.fr\/gerardmerinfo\/#\/schema\/logo\/image\/","url":"https:\/\/vosgesinfo.fr\/app\/uploads\/sites\/6\/2023\/08\/favicon-gerardmerinfo.png","contentUrl":"https:\/\/vosgesinfo.fr\/app\/uploads\/sites\/6\/2023\/08\/favicon-gerardmerinfo.png","width":512,"height":512,"caption":"Gerardmer Info"},"image":{"@id":"https:\/\/vosgesinfo.fr\/gerardmerinfo\/#\/schema\/logo\/image\/"},"sameAs":["https:\/\/www.facebook.com\/profile.php?id=100049475262660","https:\/\/x.com\/VosgesInfo88","https:\/\/www.youtube.com\/@vosgesinfo"]},{"@type":"Person","@id":"https:\/\/vosgesinfo.fr\/gerardmerinfo\/#\/schema\/person\/bc5d02d71e6932e81b6dadb7386667b1","name":"qs_admin","image":{"@type":"ImageObject","inLanguage":"fr-FR","@id":"https:\/\/vosgesinfo.fr\/gerardmerinfo\/#\/schema\/person\/image\/","url":"https:\/\/secure.gravatar.com\/avatar\/94b18ee0ed79e4a42ea2f2931277b6841a8999fc6fde214600c78057cf1fe1de?s=96&d=mm&r=g","contentUrl":"https:\/\/secure.gravatar.com\/avatar\/94b18ee0ed79e4a42ea2f2931277b6841a8999fc6fde214600c78057cf1fe1de?s=96&d=mm&r=g","caption":"qs_admin"},"sameAs":["https:\/\/vosgesinfo.fr\/wp"],"url":"https:\/\/vosgesinfo.fr\/gerardmerinfo\/author\/qs_admin\/"}]}},"_links":{"self":[{"href":"https:\/\/vosgesinfo.fr\/gerardmerinfo\/wp-json\/wp\/v2\/posts\/12335","targetHints":{"allow":["GET"]}}],"collection":[{"href":"https:\/\/vosgesinfo.fr\/gerardmerinfo\/wp-json\/wp\/v2\/posts"}],"about":[{"href":"https:\/\/vosgesinfo.fr\/gerardmerinfo\/wp-json\/wp\/v2\/types\/post"}],"author":[{"embeddable":true,"href":"https:\/\/vosgesinfo.fr\/gerardmerinfo\/wp-json\/wp\/v2\/users\/1"}],"replies":[{"embeddable":true,"href":"https:\/\/vosgesinfo.fr\/gerardmerinfo\/wp-json\/wp\/v2\/comments?post=12335"}],"version-history":[{"count":0,"href":"https:\/\/vosgesinfo.fr\/gerardmerinfo\/wp-json\/wp\/v2\/posts\/12335\/revisions"}],"wp:attachment":[{"href":"https:\/\/vosgesinfo.fr\/gerardmerinfo\/wp-json\/wp\/v2\/media?parent=12335"}],"wp:term":[{"taxonomy":"category","embeddable":true,"href":"https:\/\/vosgesinfo.fr\/gerardmerinfo\/wp-json\/wp\/v2\/categories?post=12335"},{"taxonomy":"post_tag","embeddable":true,"href":"https:\/\/vosgesinfo.fr\/gerardmerinfo\/wp-json\/wp\/v2\/tags?post=12335"}],"curies":[{"name":"wp","href":"https:\/\/api.w.org\/{rel}","templated":true}]}}