{"id":12337,"date":"2015-02-19T18:28:13","date_gmt":"2015-02-19T17:28:13","guid":{"rendered":"https:\/\/vosgesinfo.fr\/gerardmerinfo\/2015\/02\/le-don-dorgane-un-geste-responsable-pour-sauver-des-vies\/"},"modified":"2015-02-19T18:28:13","modified_gmt":"2015-02-19T17:28:13","slug":"le-don-dorgane-un-geste-responsable-pour-sauver-des-vies","status":"publish","type":"post","link":"https:\/\/vosgesinfo.fr\/gerardmerinfo\/2015\/02\/le-don-dorgane-un-geste-responsable-pour-sauver-des-vies\/","title":{"rendered":"Le don d&rsquo;organe : un geste responsable pour sauver des vies"},"content":{"rendered":"<p><strong>L\u2019association des Femmes Responsables de G\u00e9rardmer s\u2019est r\u00e9unie le 9 f\u00e9vrier dernier afin d&rsquo;aborder le th\u00e8me du don d\u2019organes.<\/strong><\/p>\n<p>Pour animer cette discussion, la vice-pr\u00e9sidente de l&rsquo;association Dominique Lomon avait invit\u00e9 Michel Geoffroy, transplant\u00e9 du foie depuis 12 ans maintenant. Pour lui, pas de doute possible : la greffe est un acte m\u00e9dical de la derni\u00e8re chance car souvent, l&rsquo;unique option a une mort qui semble in\u00e9vitable.<\/p>\n<p>Une intervention captivante pour les personnes pr\u00e9sentes,\u00a0Femmes Responsables (Epinal, G\u00e9rardmer) ou amies (Kiwanis et Soroptimist), qui n&rsquo;ont pas h\u00e9sit\u00e9 \u00e0 poser de nombreuses questions \u00e0 l&rsquo;intervenant du jour. Ce dernier a d&rsquo;ailleurs tenu \u00e0 rappeler\u00a0que le don d\u2019organe, anonyme et gratuit, est rigoureusement encadr\u00e9 par la loi.<\/p>\n<p>De plus, une vid\u00e9o a \u00e9t\u00e9 diffus\u00e9e dans le but de souligner le d\u00e9sarroi face au d\u00e9c\u00e8s d\u2019un proche, mais aussi le questionnement puis l\u2019acceptation du don d\u2019organe par la famille. Il est donc primordial d&rsquo;exprimer son choix \u00e0 son entourage. Une d\u00e9marche qui est plus ais\u00e9e d&rsquo;entreprendre lorsque l\u2019on est inform\u00e9. La France accuse une p\u00e9nurie dramatique du don et il est n\u00e9cessaire de lancer un v\u00e9ritable appel \u00e0 la solidarit\u00e9 et citoyennet\u00e9 de chacun.<\/p>\n<p>L\u2019intervention de Michel Geoffroy, b\u00e9n\u00e9vole, qui rencontre r\u00e9guli\u00e8rement le grand public, s&rsquo;est conclue par des applaudissements nourris de la part du public pr\u00e9sent.<\/p>\n<p>(Contacts FR G\u00e9rardmer : 06.86.93.53.83 \u2013 FR Epinal : 06.42.20.13.86)<\/p>\n","protected":false},"excerpt":{"rendered":"<p>L\u2019association des Femmes Responsables de G\u00e9rardmer s\u2019est r\u00e9unie le 9 f\u00e9vrier dernier afin d&rsquo;aborder le th\u00e8me du don d\u2019organes. Pour [&hellip;]<\/p>\n","protected":false},"author":42,"featured_media":0,"comment_status":"open","ping_status":"open","sticky":false,"template":"","format":"standard","meta":{"footnotes":""},"categories":[17],"tags":[],"class_list":["post-12337","post","type-post","status-publish","format-standard","hentry","category-vie-associative"],"acf":[],"yoast_head":"<!-- This site is optimized with the Yoast SEO plugin v22.5 - https:\/\/yoast.com\/wordpress\/plugins\/seo\/ -->\n<title>Le don d&#039;organe : un geste responsable pour sauver des vies - Gerardmer Info<\/title>\n<meta name=\"robots\" content=\"index, follow, max-snippet:-1, max-image-preview:large, max-video-preview:-1\" \/>\n<link rel=\"canonical\" href=\"https:\/\/vosgesinfo.fr\/gerardmerinfo\/2015\/02\/le-don-dorgane-un-geste-responsable-pour-sauver-des-vies\/\" \/>\n<meta name=\"twitter:card\" content=\"summary_large_image\" \/>\n<meta name=\"twitter:title\" content=\"Le don d&#039;organe : un geste responsable pour sauver des vies - Gerardmer Info\" \/>\n<meta name=\"twitter:description\" content=\"L\u2019association des Femmes Responsables de G\u00e9rardmer s\u2019est r\u00e9unie le 9 f\u00e9vrier dernier afin d&rsquo;aborder le th\u00e8me du don d\u2019organes. Pour [&hellip;]\" \/>\n<meta name=\"twitter:creator\" content=\"@VosgesInfo88\" \/>\n<meta name=\"twitter:site\" content=\"@VosgesInfo88\" \/>\n<meta name=\"twitter:label1\" content=\"\u00c9crit par\" \/>\n\t<meta name=\"twitter:data1\" content=\"QG\" \/>\n\t<meta name=\"twitter:label2\" content=\"Dur\u00e9e de lecture estim\u00e9e\" \/>\n\t<meta name=\"twitter:data2\" content=\"1 minute\" \/>\n<script type=\"application\/ld+json\" class=\"yoast-schema-graph\">{\"@context\":\"https:\/\/schema.org\",\"@graph\":[{\"@type\":\"Article\",\"@id\":\"https:\/\/vosgesinfo.fr\/gerardmerinfo\/2015\/02\/le-don-dorgane-un-geste-responsable-pour-sauver-des-vies\/#article\",\"isPartOf\":{\"@id\":\"https:\/\/vosgesinfo.fr\/gerardmerinfo\/2015\/02\/le-don-dorgane-un-geste-responsable-pour-sauver-des-vies\/\"},\"author\":{\"name\":\"QG\",\"@id\":\"https:\/\/vosgesinfo.fr\/gerardmerinfo\/#\/schema\/person\/db5605779a843dad16b5368f3e7613a5\"},\"headline\":\"Le don d&rsquo;organe : un geste responsable pour sauver des vies\",\"datePublished\":\"2015-02-19T17:28:13+00:00\",\"dateModified\":\"2015-02-19T17:28:13+00:00\",\"mainEntityOfPage\":{\"@id\":\"https:\/\/vosgesinfo.fr\/gerardmerinfo\/2015\/02\/le-don-dorgane-un-geste-responsable-pour-sauver-des-vies\/\"},\"wordCount\":268,\"commentCount\":0,\"publisher\":{\"@id\":\"https:\/\/vosgesinfo.fr\/gerardmerinfo\/#organization\"},\"articleSection\":[\"Vie Associative\"],\"inLanguage\":\"fr-FR\",\"potentialAction\":[{\"@type\":\"CommentAction\",\"name\":\"Comment\",\"target\":[\"https:\/\/vosgesinfo.fr\/gerardmerinfo\/2015\/02\/le-don-dorgane-un-geste-responsable-pour-sauver-des-vies\/#respond\"]}]},{\"@type\":\"WebPage\",\"@id\":\"https:\/\/vosgesinfo.fr\/gerardmerinfo\/2015\/02\/le-don-dorgane-un-geste-responsable-pour-sauver-des-vies\/\",\"url\":\"https:\/\/vosgesinfo.fr\/gerardmerinfo\/2015\/02\/le-don-dorgane-un-geste-responsable-pour-sauver-des-vies\/\",\"name\":\"Le don d'organe : un geste responsable pour sauver des vies - Gerardmer Info\",\"isPartOf\":{\"@id\":\"https:\/\/vosgesinfo.fr\/gerardmerinfo\/#website\"},\"datePublished\":\"2015-02-19T17:28:13+00:00\",\"dateModified\":\"2015-02-19T17:28:13+00:00\",\"breadcrumb\":{\"@id\":\"https:\/\/vosgesinfo.fr\/gerardmerinfo\/2015\/02\/le-don-dorgane-un-geste-responsable-pour-sauver-des-vies\/#breadcrumb\"},\"inLanguage\":\"fr-FR\",\"potentialAction\":[{\"@type\":\"ReadAction\",\"target\":[\"https:\/\/vosgesinfo.fr\/gerardmerinfo\/2015\/02\/le-don-dorgane-un-geste-responsable-pour-sauver-des-vies\/\"]}]},{\"@type\":\"BreadcrumbList\",\"@id\":\"https:\/\/vosgesinfo.fr\/gerardmerinfo\/2015\/02\/le-don-dorgane-un-geste-responsable-pour-sauver-des-vies\/#breadcrumb\",\"itemListElement\":[{\"@type\":\"ListItem\",\"position\":1,\"name\":\"Home\",\"item\":\"https:\/\/vosgesinfo.fr\/gerardmerinfo\/\"},{\"@type\":\"ListItem\",\"position\":2,\"name\":\"Le don d&rsquo;organe : un geste responsable pour sauver des vies\"}]},{\"@type\":\"WebSite\",\"@id\":\"https:\/\/vosgesinfo.fr\/gerardmerinfo\/#website\",\"url\":\"https:\/\/vosgesinfo.fr\/gerardmerinfo\/\",\"name\":\"Gerardmer Info\",\"description\":\"Toute l&#039;actualit\u00e9 de G\u00e9rardmer\",\"publisher\":{\"@id\":\"https:\/\/vosgesinfo.fr\/gerardmerinfo\/#organization\"},\"alternateName\":\"Toute l'actualit\u00e9 de G\u00e9rardmer\",\"potentialAction\":[{\"@type\":\"SearchAction\",\"target\":{\"@type\":\"EntryPoint\",\"urlTemplate\":\"https:\/\/vosgesinfo.fr\/gerardmerinfo\/?s={search_term_string}\"},\"query-input\":\"required name=search_term_string\"}],\"inLanguage\":\"fr-FR\"},{\"@type\":\"Organization\",\"@id\":\"https:\/\/vosgesinfo.fr\/gerardmerinfo\/#organization\",\"name\":\"Gerardmer Info\",\"url\":\"https:\/\/vosgesinfo.fr\/gerardmerinfo\/\",\"logo\":{\"@type\":\"ImageObject\",\"inLanguage\":\"fr-FR\",\"@id\":\"https:\/\/vosgesinfo.fr\/gerardmerinfo\/#\/schema\/logo\/image\/\",\"url\":\"https:\/\/vosgesinfo.fr\/app\/uploads\/sites\/6\/2023\/08\/favicon-gerardmerinfo.png\",\"contentUrl\":\"https:\/\/vosgesinfo.fr\/app\/uploads\/sites\/6\/2023\/08\/favicon-gerardmerinfo.png\",\"width\":512,\"height\":512,\"caption\":\"Gerardmer Info\"},\"image\":{\"@id\":\"https:\/\/vosgesinfo.fr\/gerardmerinfo\/#\/schema\/logo\/image\/\"},\"sameAs\":[\"https:\/\/www.facebook.com\/profile.php?id=100049475262660\",\"https:\/\/x.com\/VosgesInfo88\",\"https:\/\/www.youtube.com\/@vosgesinfo\"]},{\"@type\":\"Person\",\"@id\":\"https:\/\/vosgesinfo.fr\/gerardmerinfo\/#\/schema\/person\/db5605779a843dad16b5368f3e7613a5\",\"name\":\"QG\",\"image\":{\"@type\":\"ImageObject\",\"inLanguage\":\"fr-FR\",\"@id\":\"https:\/\/vosgesinfo.fr\/gerardmerinfo\/#\/schema\/person\/image\/\",\"url\":\"https:\/\/secure.gravatar.com\/avatar\/ea80c42c204b534408512832fde52504ecabb9706bcb6151cf6175e5b64e6793?s=96&d=mm&r=g\",\"contentUrl\":\"https:\/\/secure.gravatar.com\/avatar\/ea80c42c204b534408512832fde52504ecabb9706bcb6151cf6175e5b64e6793?s=96&d=mm&r=g\",\"caption\":\"QG\"},\"url\":\"https:\/\/vosgesinfo.fr\/gerardmerinfo\/author\/quentin88\/\"}]}<\/script>\n<!-- \/ Yoast SEO plugin. -->","yoast_head_json":{"title":"Le don d'organe : un geste responsable pour sauver des vies - Gerardmer Info","robots":{"index":"index","follow":"follow","max-snippet":"max-snippet:-1","max-image-preview":"max-image-preview:large","max-video-preview":"max-video-preview:-1"},"canonical":"https:\/\/vosgesinfo.fr\/gerardmerinfo\/2015\/02\/le-don-dorgane-un-geste-responsable-pour-sauver-des-vies\/","twitter_card":"summary_large_image","twitter_title":"Le don d'organe : un geste responsable pour sauver des vies - Gerardmer Info","twitter_description":"L\u2019association des Femmes Responsables de G\u00e9rardmer s\u2019est r\u00e9unie le 9 f\u00e9vrier dernier afin d&rsquo;aborder le th\u00e8me du don d\u2019organes. Pour [&hellip;]","twitter_creator":"@VosgesInfo88","twitter_site":"@VosgesInfo88","twitter_misc":{"\u00c9crit par":"QG","Dur\u00e9e de lecture estim\u00e9e":"1 minute"},"schema":{"@context":"https:\/\/schema.org","@graph":[{"@type":"Article","@id":"https:\/\/vosgesinfo.fr\/gerardmerinfo\/2015\/02\/le-don-dorgane-un-geste-responsable-pour-sauver-des-vies\/#article","isPartOf":{"@id":"https:\/\/vosgesinfo.fr\/gerardmerinfo\/2015\/02\/le-don-dorgane-un-geste-responsable-pour-sauver-des-vies\/"},"author":{"name":"QG","@id":"https:\/\/vosgesinfo.fr\/gerardmerinfo\/#\/schema\/person\/db5605779a843dad16b5368f3e7613a5"},"headline":"Le don d&rsquo;organe : un geste responsable pour sauver des vies","datePublished":"2015-02-19T17:28:13+00:00","dateModified":"2015-02-19T17:28:13+00:00","mainEntityOfPage":{"@id":"https:\/\/vosgesinfo.fr\/gerardmerinfo\/2015\/02\/le-don-dorgane-un-geste-responsable-pour-sauver-des-vies\/"},"wordCount":268,"commentCount":0,"publisher":{"@id":"https:\/\/vosgesinfo.fr\/gerardmerinfo\/#organization"},"articleSection":["Vie Associative"],"inLanguage":"fr-FR","potentialAction":[{"@type":"CommentAction","name":"Comment","target":["https:\/\/vosgesinfo.fr\/gerardmerinfo\/2015\/02\/le-don-dorgane-un-geste-responsable-pour-sauver-des-vies\/#respond"]}]},{"@type":"WebPage","@id":"https:\/\/vosgesinfo.fr\/gerardmerinfo\/2015\/02\/le-don-dorgane-un-geste-responsable-pour-sauver-des-vies\/","url":"https:\/\/vosgesinfo.fr\/gerardmerinfo\/2015\/02\/le-don-dorgane-un-geste-responsable-pour-sauver-des-vies\/","name":"Le don d'organe : un geste responsable pour sauver des vies - Gerardmer Info","isPartOf":{"@id":"https:\/\/vosgesinfo.fr\/gerardmerinfo\/#website"},"datePublished":"2015-02-19T17:28:13+00:00","dateModified":"2015-02-19T17:28:13+00:00","breadcrumb":{"@id":"https:\/\/vosgesinfo.fr\/gerardmerinfo\/2015\/02\/le-don-dorgane-un-geste-responsable-pour-sauver-des-vies\/#breadcrumb"},"inLanguage":"fr-FR","potentialAction":[{"@type":"ReadAction","target":["https:\/\/vosgesinfo.fr\/gerardmerinfo\/2015\/02\/le-don-dorgane-un-geste-responsable-pour-sauver-des-vies\/"]}]},{"@type":"BreadcrumbList","@id":"https:\/\/vosgesinfo.fr\/gerardmerinfo\/2015\/02\/le-don-dorgane-un-geste-responsable-pour-sauver-des-vies\/#breadcrumb","itemListElement":[{"@type":"ListItem","position":1,"name":"Home","item":"https:\/\/vosgesinfo.fr\/gerardmerinfo\/"},{"@type":"ListItem","position":2,"name":"Le don d&rsquo;organe : un geste responsable pour sauver des vies"}]},{"@type":"WebSite","@id":"https:\/\/vosgesinfo.fr\/gerardmerinfo\/#website","url":"https:\/\/vosgesinfo.fr\/gerardmerinfo\/","name":"Gerardmer Info","description":"Toute l&#039;actualit\u00e9 de G\u00e9rardmer","publisher":{"@id":"https:\/\/vosgesinfo.fr\/gerardmerinfo\/#organization"},"alternateName":"Toute l'actualit\u00e9 de G\u00e9rardmer","potentialAction":[{"@type":"SearchAction","target":{"@type":"EntryPoint","urlTemplate":"https:\/\/vosgesinfo.fr\/gerardmerinfo\/?s={search_term_string}"},"query-input":"required name=search_term_string"}],"inLanguage":"fr-FR"},{"@type":"Organization","@id":"https:\/\/vosgesinfo.fr\/gerardmerinfo\/#organization","name":"Gerardmer Info","url":"https:\/\/vosgesinfo.fr\/gerardmerinfo\/","logo":{"@type":"ImageObject","inLanguage":"fr-FR","@id":"https:\/\/vosgesinfo.fr\/gerardmerinfo\/#\/schema\/logo\/image\/","url":"https:\/\/vosgesinfo.fr\/app\/uploads\/sites\/6\/2023\/08\/favicon-gerardmerinfo.png","contentUrl":"https:\/\/vosgesinfo.fr\/app\/uploads\/sites\/6\/2023\/08\/favicon-gerardmerinfo.png","width":512,"height":512,"caption":"Gerardmer Info"},"image":{"@id":"https:\/\/vosgesinfo.fr\/gerardmerinfo\/#\/schema\/logo\/image\/"},"sameAs":["https:\/\/www.facebook.com\/profile.php?id=100049475262660","https:\/\/x.com\/VosgesInfo88","https:\/\/www.youtube.com\/@vosgesinfo"]},{"@type":"Person","@id":"https:\/\/vosgesinfo.fr\/gerardmerinfo\/#\/schema\/person\/db5605779a843dad16b5368f3e7613a5","name":"QG","image":{"@type":"ImageObject","inLanguage":"fr-FR","@id":"https:\/\/vosgesinfo.fr\/gerardmerinfo\/#\/schema\/person\/image\/","url":"https:\/\/secure.gravatar.com\/avatar\/ea80c42c204b534408512832fde52504ecabb9706bcb6151cf6175e5b64e6793?s=96&d=mm&r=g","contentUrl":"https:\/\/secure.gravatar.com\/avatar\/ea80c42c204b534408512832fde52504ecabb9706bcb6151cf6175e5b64e6793?s=96&d=mm&r=g","caption":"QG"},"url":"https:\/\/vosgesinfo.fr\/gerardmerinfo\/author\/quentin88\/"}]}},"_links":{"self":[{"href":"https:\/\/vosgesinfo.fr\/gerardmerinfo\/wp-json\/wp\/v2\/posts\/12337","targetHints":{"allow":["GET"]}}],"collection":[{"href":"https:\/\/vosgesinfo.fr\/gerardmerinfo\/wp-json\/wp\/v2\/posts"}],"about":[{"href":"https:\/\/vosgesinfo.fr\/gerardmerinfo\/wp-json\/wp\/v2\/types\/post"}],"author":[{"embeddable":true,"href":"https:\/\/vosgesinfo.fr\/gerardmerinfo\/wp-json\/wp\/v2\/users\/42"}],"replies":[{"embeddable":true,"href":"https:\/\/vosgesinfo.fr\/gerardmerinfo\/wp-json\/wp\/v2\/comments?post=12337"}],"version-history":[{"count":0,"href":"https:\/\/vosgesinfo.fr\/gerardmerinfo\/wp-json\/wp\/v2\/posts\/12337\/revisions"}],"wp:attachment":[{"href":"https:\/\/vosgesinfo.fr\/gerardmerinfo\/wp-json\/wp\/v2\/media?parent=12337"}],"wp:term":[{"taxonomy":"category","embeddable":true,"href":"https:\/\/vosgesinfo.fr\/gerardmerinfo\/wp-json\/wp\/v2\/categories?post=12337"},{"taxonomy":"post_tag","embeddable":true,"href":"https:\/\/vosgesinfo.fr\/gerardmerinfo\/wp-json\/wp\/v2\/tags?post=12337"}],"curies":[{"name":"wp","href":"https:\/\/api.w.org\/{rel}","templated":true}]}}