{"id":12342,"date":"2015-02-20T11:49:09","date_gmt":"2015-02-20T10:49:09","guid":{"rendered":"https:\/\/vosgesinfo.fr\/gerardmerinfo\/2015\/02\/gerardmelectric-demarre-tous-schuss-a-la-mauselaine\/"},"modified":"2015-02-20T11:49:09","modified_gmt":"2015-02-20T10:49:09","slug":"gerardmelectric-demarre-tous-schuss-a-la-mauselaine","status":"publish","type":"post","link":"https:\/\/vosgesinfo.fr\/gerardmerinfo\/2015\/02\/gerardmelectric-demarre-tous-schuss-a-la-mauselaine\/","title":{"rendered":"G\u00e9rardm&rsquo;Electric d\u00e9marre tous schuss \u00e0 la Mauselaine"},"content":{"rendered":"<p>[youtube]http:\/\/youtu.be\/9GzMvdIhSSc[\/youtube]<\/p>\n<p><strong>La deuxi\u00e8me \u00e9dition du festival G\u00e9rardm&rsquo;Elelctric a d\u00e9marr\u00e9 jeudi soir aux pieds des pistes de la Mauselaine par un concert gratuit des Dirty Work Of Soul Brothers et du duo noise Krupuk.\u00a0<\/strong><\/p>\n Concert excellent des Dirty Work of Soul Brothers : le groupe id\u00e9al pour d\u00e9but\u00e9 le festival !\n<p>Avec du soleil et de la neige plus un domaine skiable bond\u00e9, cette entr\u00e9e en mati\u00e8re s&rsquo;annon\u00e7ait donc sous les meilleurs auspices pour Marc Genatio et son \u00e9quipe de b\u00e9n\u00e9voles de la Commission Musiques Actu de la MCL&#8230; Bravant le froid, les deux groupes ont offert une prestation qu&rsquo;un public forc\u00e9ment \u00a0h\u00e9t\u00e9roclite a su appr\u00e9cier \u00e0 sa juste valeur.<\/p>\n Krupuk &#8211; Cr\u00e9dit photo : Julien F\u00e9lix\n<p>Apr\u00e8s un show bien r\u00f4d\u00e9 de Dirty Work Of Soul Brothers avec un son impeccable et une bonne patate, ce sont Mamousse et Magoule qui ont investi les lieux attirant la curiosit\u00e9 des skieurs du jour. Avec un tapis pour seule sc\u00e8ne et le d\u00e9cors enneig\u00e9 accompagn\u00e9 de la nuit tombante, le duo Krupuk a balanc\u00e9 sa premi\u00e8re piq\u00fbre, sa premi\u00e8re claque du festival. Vous les retrouverez sans doute au d\u00e9tour d&rsquo;un des prochains concerts du week-end, au Grattoir ou \u00e0 la MCL, ou les deux, on ne vous en dit pas plus&#8230;<\/p>\n<p>En attendant, malheur aux absents qui ont toujours torts, mais qui ont la chance de pouvoir se rattraper avec ces deux petits films et ces quelques clich\u00e9s ! Le festival se poursuit ce vendredi soir au bar le Grattoir avec les Flying Donuts, Dead Shall Rise et Streptocok.<\/p>\n<p>D\u00e9but des r\u00e9jouissances \u00e0 21 h 30. Tarif : 6 \u20ac.<\/p>\n<p>La suite de la prog&rsquo; sur le site de la MCL : \u00a0<a class=\"c_nobdr t_prs\" href=\"http:\/\/mclgerardmer.fr\/zikact\/gerardmelectric\/\" target=\"_blank\" rel=\"noopener\">http:\/\/mclgerardmer.fr\/zikact\/gerardmelectric\/<\/a><\/p>\n<p>[youtube]http:\/\/youtu.be\/ziQwr3laRCk[\/youtube]<\/p>\n","protected":false},"excerpt":{"rendered":"<p>[youtube]http:\/\/youtu.be\/9GzMvdIhSSc[\/youtube] La deuxi\u00e8me \u00e9dition du festival G\u00e9rardm&rsquo;Elelctric a d\u00e9marr\u00e9 jeudi soir aux pieds des pistes de la Mauselaine par un [&hellip;]<\/p>\n","protected":false},"author":42,"featured_media":0,"comment_status":"open","ping_status":"open","sticky":false,"template":"","format":"standard","meta":{"footnotes":""},"categories":[34,4],"tags":[],"class_list":["post-12342","post","type-post","status-publish","format-standard","hentry","category-concert","category-culture"],"acf":[],"yoast_head":"<!-- This site is optimized with the Yoast SEO plugin v22.5 - https:\/\/yoast.com\/wordpress\/plugins\/seo\/ -->\n<title>G\u00e9rardm&#039;Electric d\u00e9marre tous schuss \u00e0 la Mauselaine - Gerardmer Info<\/title>\n<meta name=\"robots\" content=\"index, follow, max-snippet:-1, max-image-preview:large, max-video-preview:-1\" \/>\n<link rel=\"canonical\" href=\"https:\/\/vosgesinfo.fr\/gerardmerinfo\/2015\/02\/gerardmelectric-demarre-tous-schuss-a-la-mauselaine\/\" \/>\n<meta name=\"twitter:card\" content=\"summary_large_image\" \/>\n<meta name=\"twitter:title\" content=\"G\u00e9rardm&#039;Electric d\u00e9marre tous schuss \u00e0 la Mauselaine - Gerardmer Info\" \/>\n<meta name=\"twitter:description\" content=\"[youtube]http:\/\/youtu.be\/9GzMvdIhSSc[\/youtube] La deuxi\u00e8me \u00e9dition du festival G\u00e9rardm&rsquo;Elelctric a d\u00e9marr\u00e9 jeudi soir aux pieds des pistes de la Mauselaine par un [&hellip;]\" \/>\n<meta name=\"twitter:creator\" content=\"@VosgesInfo88\" \/>\n<meta name=\"twitter:site\" content=\"@VosgesInfo88\" \/>\n<meta name=\"twitter:label1\" content=\"\u00c9crit par\" \/>\n\t<meta name=\"twitter:data1\" content=\"QG\" \/>\n\t<meta name=\"twitter:label2\" content=\"Dur\u00e9e de lecture estim\u00e9e\" \/>\n\t<meta name=\"twitter:data2\" content=\"2 minutes\" \/>\n<script type=\"application\/ld+json\" class=\"yoast-schema-graph\">{\"@context\":\"https:\/\/schema.org\",\"@graph\":[{\"@type\":\"Article\",\"@id\":\"https:\/\/vosgesinfo.fr\/gerardmerinfo\/2015\/02\/gerardmelectric-demarre-tous-schuss-a-la-mauselaine\/#article\",\"isPartOf\":{\"@id\":\"https:\/\/vosgesinfo.fr\/gerardmerinfo\/2015\/02\/gerardmelectric-demarre-tous-schuss-a-la-mauselaine\/\"},\"author\":{\"name\":\"QG\",\"@id\":\"https:\/\/vosgesinfo.fr\/gerardmerinfo\/#\/schema\/person\/db5605779a843dad16b5368f3e7613a5\"},\"headline\":\"G\u00e9rardm&rsquo;Electric d\u00e9marre tous schuss \u00e0 la Mauselaine\",\"datePublished\":\"2015-02-20T10:49:09+00:00\",\"dateModified\":\"2015-02-20T10:49:09+00:00\",\"mainEntityOfPage\":{\"@id\":\"https:\/\/vosgesinfo.fr\/gerardmerinfo\/2015\/02\/gerardmelectric-demarre-tous-schuss-a-la-mauselaine\/\"},\"wordCount\":338,\"commentCount\":0,\"publisher\":{\"@id\":\"https:\/\/vosgesinfo.fr\/gerardmerinfo\/#organization\"},\"articleSection\":[\"Concert\",\"Culture\"],\"inLanguage\":\"fr-FR\",\"potentialAction\":[{\"@type\":\"CommentAction\",\"name\":\"Comment\",\"target\":[\"https:\/\/vosgesinfo.fr\/gerardmerinfo\/2015\/02\/gerardmelectric-demarre-tous-schuss-a-la-mauselaine\/#respond\"]}]},{\"@type\":\"WebPage\",\"@id\":\"https:\/\/vosgesinfo.fr\/gerardmerinfo\/2015\/02\/gerardmelectric-demarre-tous-schuss-a-la-mauselaine\/\",\"url\":\"https:\/\/vosgesinfo.fr\/gerardmerinfo\/2015\/02\/gerardmelectric-demarre-tous-schuss-a-la-mauselaine\/\",\"name\":\"G\u00e9rardm'Electric d\u00e9marre tous schuss \u00e0 la Mauselaine - Gerardmer Info\",\"isPartOf\":{\"@id\":\"https:\/\/vosgesinfo.fr\/gerardmerinfo\/#website\"},\"datePublished\":\"2015-02-20T10:49:09+00:00\",\"dateModified\":\"2015-02-20T10:49:09+00:00\",\"breadcrumb\":{\"@id\":\"https:\/\/vosgesinfo.fr\/gerardmerinfo\/2015\/02\/gerardmelectric-demarre-tous-schuss-a-la-mauselaine\/#breadcrumb\"},\"inLanguage\":\"fr-FR\",\"potentialAction\":[{\"@type\":\"ReadAction\",\"target\":[\"https:\/\/vosgesinfo.fr\/gerardmerinfo\/2015\/02\/gerardmelectric-demarre-tous-schuss-a-la-mauselaine\/\"]}]},{\"@type\":\"BreadcrumbList\",\"@id\":\"https:\/\/vosgesinfo.fr\/gerardmerinfo\/2015\/02\/gerardmelectric-demarre-tous-schuss-a-la-mauselaine\/#breadcrumb\",\"itemListElement\":[{\"@type\":\"ListItem\",\"position\":1,\"name\":\"Home\",\"item\":\"https:\/\/vosgesinfo.fr\/gerardmerinfo\/\"},{\"@type\":\"ListItem\",\"position\":2,\"name\":\"G\u00e9rardm&rsquo;Electric d\u00e9marre tous schuss \u00e0 la Mauselaine\"}]},{\"@type\":\"WebSite\",\"@id\":\"https:\/\/vosgesinfo.fr\/gerardmerinfo\/#website\",\"url\":\"https:\/\/vosgesinfo.fr\/gerardmerinfo\/\",\"name\":\"Gerardmer Info\",\"description\":\"Toute l&#039;actualit\u00e9 de G\u00e9rardmer\",\"publisher\":{\"@id\":\"https:\/\/vosgesinfo.fr\/gerardmerinfo\/#organization\"},\"alternateName\":\"Toute l'actualit\u00e9 de G\u00e9rardmer\",\"potentialAction\":[{\"@type\":\"SearchAction\",\"target\":{\"@type\":\"EntryPoint\",\"urlTemplate\":\"https:\/\/vosgesinfo.fr\/gerardmerinfo\/?s={search_term_string}\"},\"query-input\":\"required name=search_term_string\"}],\"inLanguage\":\"fr-FR\"},{\"@type\":\"Organization\",\"@id\":\"https:\/\/vosgesinfo.fr\/gerardmerinfo\/#organization\",\"name\":\"Gerardmer Info\",\"url\":\"https:\/\/vosgesinfo.fr\/gerardmerinfo\/\",\"logo\":{\"@type\":\"ImageObject\",\"inLanguage\":\"fr-FR\",\"@id\":\"https:\/\/vosgesinfo.fr\/gerardmerinfo\/#\/schema\/logo\/image\/\",\"url\":\"https:\/\/vosgesinfo.fr\/app\/uploads\/sites\/6\/2023\/08\/favicon-gerardmerinfo.png\",\"contentUrl\":\"https:\/\/vosgesinfo.fr\/app\/uploads\/sites\/6\/2023\/08\/favicon-gerardmerinfo.png\",\"width\":512,\"height\":512,\"caption\":\"Gerardmer Info\"},\"image\":{\"@id\":\"https:\/\/vosgesinfo.fr\/gerardmerinfo\/#\/schema\/logo\/image\/\"},\"sameAs\":[\"https:\/\/www.facebook.com\/profile.php?id=100049475262660\",\"https:\/\/x.com\/VosgesInfo88\",\"https:\/\/www.youtube.com\/@vosgesinfo\"]},{\"@type\":\"Person\",\"@id\":\"https:\/\/vosgesinfo.fr\/gerardmerinfo\/#\/schema\/person\/db5605779a843dad16b5368f3e7613a5\",\"name\":\"QG\",\"image\":{\"@type\":\"ImageObject\",\"inLanguage\":\"fr-FR\",\"@id\":\"https:\/\/vosgesinfo.fr\/gerardmerinfo\/#\/schema\/person\/image\/\",\"url\":\"https:\/\/secure.gravatar.com\/avatar\/ea80c42c204b534408512832fde52504ecabb9706bcb6151cf6175e5b64e6793?s=96&d=mm&r=g\",\"contentUrl\":\"https:\/\/secure.gravatar.com\/avatar\/ea80c42c204b534408512832fde52504ecabb9706bcb6151cf6175e5b64e6793?s=96&d=mm&r=g\",\"caption\":\"QG\"},\"url\":\"https:\/\/vosgesinfo.fr\/gerardmerinfo\/author\/quentin88\/\"}]}<\/script>\n<!-- \/ Yoast SEO plugin. -->","yoast_head_json":{"title":"G\u00e9rardm'Electric d\u00e9marre tous schuss \u00e0 la Mauselaine - Gerardmer Info","robots":{"index":"index","follow":"follow","max-snippet":"max-snippet:-1","max-image-preview":"max-image-preview:large","max-video-preview":"max-video-preview:-1"},"canonical":"https:\/\/vosgesinfo.fr\/gerardmerinfo\/2015\/02\/gerardmelectric-demarre-tous-schuss-a-la-mauselaine\/","twitter_card":"summary_large_image","twitter_title":"G\u00e9rardm'Electric d\u00e9marre tous schuss \u00e0 la Mauselaine - Gerardmer Info","twitter_description":"[youtube]http:\/\/youtu.be\/9GzMvdIhSSc[\/youtube] La deuxi\u00e8me \u00e9dition du festival G\u00e9rardm&rsquo;Elelctric a d\u00e9marr\u00e9 jeudi soir aux pieds des pistes de la Mauselaine par un [&hellip;]","twitter_creator":"@VosgesInfo88","twitter_site":"@VosgesInfo88","twitter_misc":{"\u00c9crit par":"QG","Dur\u00e9e de lecture estim\u00e9e":"2 minutes"},"schema":{"@context":"https:\/\/schema.org","@graph":[{"@type":"Article","@id":"https:\/\/vosgesinfo.fr\/gerardmerinfo\/2015\/02\/gerardmelectric-demarre-tous-schuss-a-la-mauselaine\/#article","isPartOf":{"@id":"https:\/\/vosgesinfo.fr\/gerardmerinfo\/2015\/02\/gerardmelectric-demarre-tous-schuss-a-la-mauselaine\/"},"author":{"name":"QG","@id":"https:\/\/vosgesinfo.fr\/gerardmerinfo\/#\/schema\/person\/db5605779a843dad16b5368f3e7613a5"},"headline":"G\u00e9rardm&rsquo;Electric d\u00e9marre tous schuss \u00e0 la Mauselaine","datePublished":"2015-02-20T10:49:09+00:00","dateModified":"2015-02-20T10:49:09+00:00","mainEntityOfPage":{"@id":"https:\/\/vosgesinfo.fr\/gerardmerinfo\/2015\/02\/gerardmelectric-demarre-tous-schuss-a-la-mauselaine\/"},"wordCount":338,"commentCount":0,"publisher":{"@id":"https:\/\/vosgesinfo.fr\/gerardmerinfo\/#organization"},"articleSection":["Concert","Culture"],"inLanguage":"fr-FR","potentialAction":[{"@type":"CommentAction","name":"Comment","target":["https:\/\/vosgesinfo.fr\/gerardmerinfo\/2015\/02\/gerardmelectric-demarre-tous-schuss-a-la-mauselaine\/#respond"]}]},{"@type":"WebPage","@id":"https:\/\/vosgesinfo.fr\/gerardmerinfo\/2015\/02\/gerardmelectric-demarre-tous-schuss-a-la-mauselaine\/","url":"https:\/\/vosgesinfo.fr\/gerardmerinfo\/2015\/02\/gerardmelectric-demarre-tous-schuss-a-la-mauselaine\/","name":"G\u00e9rardm'Electric d\u00e9marre tous schuss \u00e0 la Mauselaine - Gerardmer Info","isPartOf":{"@id":"https:\/\/vosgesinfo.fr\/gerardmerinfo\/#website"},"datePublished":"2015-02-20T10:49:09+00:00","dateModified":"2015-02-20T10:49:09+00:00","breadcrumb":{"@id":"https:\/\/vosgesinfo.fr\/gerardmerinfo\/2015\/02\/gerardmelectric-demarre-tous-schuss-a-la-mauselaine\/#breadcrumb"},"inLanguage":"fr-FR","potentialAction":[{"@type":"ReadAction","target":["https:\/\/vosgesinfo.fr\/gerardmerinfo\/2015\/02\/gerardmelectric-demarre-tous-schuss-a-la-mauselaine\/"]}]},{"@type":"BreadcrumbList","@id":"https:\/\/vosgesinfo.fr\/gerardmerinfo\/2015\/02\/gerardmelectric-demarre-tous-schuss-a-la-mauselaine\/#breadcrumb","itemListElement":[{"@type":"ListItem","position":1,"name":"Home","item":"https:\/\/vosgesinfo.fr\/gerardmerinfo\/"},{"@type":"ListItem","position":2,"name":"G\u00e9rardm&rsquo;Electric d\u00e9marre tous schuss \u00e0 la Mauselaine"}]},{"@type":"WebSite","@id":"https:\/\/vosgesinfo.fr\/gerardmerinfo\/#website","url":"https:\/\/vosgesinfo.fr\/gerardmerinfo\/","name":"Gerardmer Info","description":"Toute l&#039;actualit\u00e9 de G\u00e9rardmer","publisher":{"@id":"https:\/\/vosgesinfo.fr\/gerardmerinfo\/#organization"},"alternateName":"Toute l'actualit\u00e9 de G\u00e9rardmer","potentialAction":[{"@type":"SearchAction","target":{"@type":"EntryPoint","urlTemplate":"https:\/\/vosgesinfo.fr\/gerardmerinfo\/?s={search_term_string}"},"query-input":"required name=search_term_string"}],"inLanguage":"fr-FR"},{"@type":"Organization","@id":"https:\/\/vosgesinfo.fr\/gerardmerinfo\/#organization","name":"Gerardmer Info","url":"https:\/\/vosgesinfo.fr\/gerardmerinfo\/","logo":{"@type":"ImageObject","inLanguage":"fr-FR","@id":"https:\/\/vosgesinfo.fr\/gerardmerinfo\/#\/schema\/logo\/image\/","url":"https:\/\/vosgesinfo.fr\/app\/uploads\/sites\/6\/2023\/08\/favicon-gerardmerinfo.png","contentUrl":"https:\/\/vosgesinfo.fr\/app\/uploads\/sites\/6\/2023\/08\/favicon-gerardmerinfo.png","width":512,"height":512,"caption":"Gerardmer Info"},"image":{"@id":"https:\/\/vosgesinfo.fr\/gerardmerinfo\/#\/schema\/logo\/image\/"},"sameAs":["https:\/\/www.facebook.com\/profile.php?id=100049475262660","https:\/\/x.com\/VosgesInfo88","https:\/\/www.youtube.com\/@vosgesinfo"]},{"@type":"Person","@id":"https:\/\/vosgesinfo.fr\/gerardmerinfo\/#\/schema\/person\/db5605779a843dad16b5368f3e7613a5","name":"QG","image":{"@type":"ImageObject","inLanguage":"fr-FR","@id":"https:\/\/vosgesinfo.fr\/gerardmerinfo\/#\/schema\/person\/image\/","url":"https:\/\/secure.gravatar.com\/avatar\/ea80c42c204b534408512832fde52504ecabb9706bcb6151cf6175e5b64e6793?s=96&d=mm&r=g","contentUrl":"https:\/\/secure.gravatar.com\/avatar\/ea80c42c204b534408512832fde52504ecabb9706bcb6151cf6175e5b64e6793?s=96&d=mm&r=g","caption":"QG"},"url":"https:\/\/vosgesinfo.fr\/gerardmerinfo\/author\/quentin88\/"}]}},"_links":{"self":[{"href":"https:\/\/vosgesinfo.fr\/gerardmerinfo\/wp-json\/wp\/v2\/posts\/12342","targetHints":{"allow":["GET"]}}],"collection":[{"href":"https:\/\/vosgesinfo.fr\/gerardmerinfo\/wp-json\/wp\/v2\/posts"}],"about":[{"href":"https:\/\/vosgesinfo.fr\/gerardmerinfo\/wp-json\/wp\/v2\/types\/post"}],"author":[{"embeddable":true,"href":"https:\/\/vosgesinfo.fr\/gerardmerinfo\/wp-json\/wp\/v2\/users\/42"}],"replies":[{"embeddable":true,"href":"https:\/\/vosgesinfo.fr\/gerardmerinfo\/wp-json\/wp\/v2\/comments?post=12342"}],"version-history":[{"count":0,"href":"https:\/\/vosgesinfo.fr\/gerardmerinfo\/wp-json\/wp\/v2\/posts\/12342\/revisions"}],"wp:attachment":[{"href":"https:\/\/vosgesinfo.fr\/gerardmerinfo\/wp-json\/wp\/v2\/media?parent=12342"}],"wp:term":[{"taxonomy":"category","embeddable":true,"href":"https:\/\/vosgesinfo.fr\/gerardmerinfo\/wp-json\/wp\/v2\/categories?post=12342"},{"taxonomy":"post_tag","embeddable":true,"href":"https:\/\/vosgesinfo.fr\/gerardmerinfo\/wp-json\/wp\/v2\/tags?post=12342"}],"curies":[{"name":"wp","href":"https:\/\/api.w.org\/{rel}","templated":true}]}}