{"id":12345,"date":"2015-02-21T08:58:57","date_gmt":"2015-02-21T07:58:57","guid":{"rendered":"https:\/\/vosgesinfo.fr\/gerardmerinfo\/2015\/02\/francois-hollande-visite-les-eleves-du-lycee-hotelier\/"},"modified":"2015-02-21T08:58:57","modified_gmt":"2015-02-21T07:58:57","slug":"francois-hollande-visite-les-eleves-du-lycee-hotelier","status":"publish","type":"post","link":"https:\/\/vosgesinfo.fr\/gerardmerinfo\/2015\/02\/francois-hollande-visite-les-eleves-du-lycee-hotelier\/","title":{"rendered":"Fran\u00e7ois Hollande visite les \u00e9l\u00e8ves du Lyc\u00e9e H\u00f4telier"},"content":{"rendered":" <span style=\"background-color: #ffffff; color: #0000ff;\">Potaches et profs autour du pr\u00e9sident Hollande<\/span>\n<p>Il est venu, il a vu, pos\u00e9 pour la photo et reparti pour sa visite du Salon de l&rsquo;Agriculture en glissant un mot gentil aux \u00e9l\u00e8ves du Lyc\u00e9e Chardin de G\u00e9rardmer et \u00e0 leurs professeurs. Qui \u00e7a ? Le pr\u00e9sident Hollande bien s\u00fbr, qui, \u00e0 la fa\u00e7on de Jacques Chirac, a tap\u00e9 sur le cul des vaches pendant toute la visite de l&rsquo;\u00e9v\u00e9nement fran\u00e7ais des 15 jours\u00a0 \u00e0 venir.<\/p>\n<p>Dans le cadre de la nouvelle \u00e9dition du Salon International de l\u2019Agriculture qui se tient du Samedi 21 F\u00e9vrier\u00a0 au Dimanche 01 Mars 2015 au parc des expositions\u00a0 \u00e0 Paris, pour la troisi\u00e8me ann\u00e9e cons\u00e9cutive, le lyc\u00e9e des m\u00e9tiers de l\u2019h\u00f4tellerie et de la restauration CHARDIN de G\u00e9rardmer est pr\u00e9sent porte de Versailles&#8230;.Et comme une tradition ne va jamais sans l&rsquo;autre, le Pr\u00e9sident de la R\u00e9publique Fran\u00e7ois Hollande \u00ab\u00a0<em>himself\u00a0\u00bb<\/em> s&rsquo;est rendu sur le stand de la collectivit\u00e9 des produits laitiers (CNIEL) o\u00f9 potaches et professeurs g\u00e9r\u00f4mois \u00e9voluent pendant 2 semaines. En effet, le lyc\u00e9e a en charge la gestion de la production et du service dans ce restaurant \u00e9ph\u00e9m\u00e8re afin d&rsquo;\u00e9laborer des menus gastronomiques reprenant le th\u00e8me : \u00ab\u00a0<em>Gastronomie Fran\u00e7aise et saveurs du monde\u2026\u00a0\u00bb <\/em>Tout un programme que les fines gueules ne manqueront pas d&rsquo;approfondir ! Les VIP devraient se succ\u00e9der \u00e0 la table g\u00e9r\u00f4moise qui offre pour la circonstance une vitrine exceptionnelle sur le savoir-faire du Lyc\u00e9e H\u00f4telier.<\/p>\n Cette photo a quelque chose d&rsquo;officel, elle s&rsquo;affichera sans doute dans le restaurant d&rsquo;application du Lyc\u00e9e H\u00f4telier\n<p>&nbsp;<\/p>\n","protected":false},"excerpt":{"rendered":"<p>Il est venu, il a vu, pos\u00e9 pour la photo et reparti pour sa visite du Salon de l&rsquo;Agriculture en [&hellip;]<\/p>\n","protected":false},"author":1,"featured_media":0,"comment_status":"open","ping_status":"open","sticky":false,"template":"","format":"standard","meta":{"footnotes":""},"categories":[13,18],"tags":[],"class_list":["post-12345","post","type-post","status-publish","format-standard","hentry","category-societe","category-vosges"],"acf":[],"yoast_head":"<!-- This site is optimized with the Yoast SEO plugin v22.5 - https:\/\/yoast.com\/wordpress\/plugins\/seo\/ -->\n<title>Fran\u00e7ois Hollande visite les \u00e9l\u00e8ves du Lyc\u00e9e H\u00f4telier - Gerardmer Info<\/title>\n<meta name=\"robots\" content=\"index, follow, max-snippet:-1, max-image-preview:large, max-video-preview:-1\" \/>\n<link rel=\"canonical\" href=\"https:\/\/vosgesinfo.fr\/gerardmerinfo\/2015\/02\/francois-hollande-visite-les-eleves-du-lycee-hotelier\/\" \/>\n<meta name=\"twitter:card\" content=\"summary_large_image\" \/>\n<meta name=\"twitter:title\" content=\"Fran\u00e7ois Hollande visite les \u00e9l\u00e8ves du Lyc\u00e9e H\u00f4telier - Gerardmer Info\" \/>\n<meta name=\"twitter:description\" content=\"Il est venu, il a vu, pos\u00e9 pour la photo et reparti pour sa visite du Salon de l&rsquo;Agriculture en [&hellip;]\" \/>\n<meta name=\"twitter:creator\" content=\"@VosgesInfo88\" \/>\n<meta name=\"twitter:site\" content=\"@VosgesInfo88\" \/>\n<meta name=\"twitter:label1\" content=\"\u00c9crit par\" \/>\n\t<meta name=\"twitter:data1\" content=\"qs_admin\" \/>\n\t<meta name=\"twitter:label2\" content=\"Dur\u00e9e de lecture estim\u00e9e\" \/>\n\t<meta name=\"twitter:data2\" content=\"1 minute\" \/>\n<script type=\"application\/ld+json\" class=\"yoast-schema-graph\">{\"@context\":\"https:\/\/schema.org\",\"@graph\":[{\"@type\":\"Article\",\"@id\":\"https:\/\/vosgesinfo.fr\/gerardmerinfo\/2015\/02\/francois-hollande-visite-les-eleves-du-lycee-hotelier\/#article\",\"isPartOf\":{\"@id\":\"https:\/\/vosgesinfo.fr\/gerardmerinfo\/2015\/02\/francois-hollande-visite-les-eleves-du-lycee-hotelier\/\"},\"author\":{\"name\":\"qs_admin\",\"@id\":\"https:\/\/vosgesinfo.fr\/gerardmerinfo\/#\/schema\/person\/bc5d02d71e6932e81b6dadb7386667b1\"},\"headline\":\"Fran\u00e7ois Hollande visite les \u00e9l\u00e8ves du Lyc\u00e9e H\u00f4telier\",\"datePublished\":\"2015-02-21T07:58:57+00:00\",\"dateModified\":\"2015-02-21T07:58:57+00:00\",\"mainEntityOfPage\":{\"@id\":\"https:\/\/vosgesinfo.fr\/gerardmerinfo\/2015\/02\/francois-hollande-visite-les-eleves-du-lycee-hotelier\/\"},\"wordCount\":313,\"commentCount\":0,\"publisher\":{\"@id\":\"https:\/\/vosgesinfo.fr\/gerardmerinfo\/#organization\"},\"articleSection\":[\"Soci\u00e9t\u00e9\",\"Vosges\"],\"inLanguage\":\"fr-FR\",\"potentialAction\":[{\"@type\":\"CommentAction\",\"name\":\"Comment\",\"target\":[\"https:\/\/vosgesinfo.fr\/gerardmerinfo\/2015\/02\/francois-hollande-visite-les-eleves-du-lycee-hotelier\/#respond\"]}]},{\"@type\":\"WebPage\",\"@id\":\"https:\/\/vosgesinfo.fr\/gerardmerinfo\/2015\/02\/francois-hollande-visite-les-eleves-du-lycee-hotelier\/\",\"url\":\"https:\/\/vosgesinfo.fr\/gerardmerinfo\/2015\/02\/francois-hollande-visite-les-eleves-du-lycee-hotelier\/\",\"name\":\"Fran\u00e7ois Hollande visite les \u00e9l\u00e8ves du Lyc\u00e9e H\u00f4telier - Gerardmer Info\",\"isPartOf\":{\"@id\":\"https:\/\/vosgesinfo.fr\/gerardmerinfo\/#website\"},\"datePublished\":\"2015-02-21T07:58:57+00:00\",\"dateModified\":\"2015-02-21T07:58:57+00:00\",\"breadcrumb\":{\"@id\":\"https:\/\/vosgesinfo.fr\/gerardmerinfo\/2015\/02\/francois-hollande-visite-les-eleves-du-lycee-hotelier\/#breadcrumb\"},\"inLanguage\":\"fr-FR\",\"potentialAction\":[{\"@type\":\"ReadAction\",\"target\":[\"https:\/\/vosgesinfo.fr\/gerardmerinfo\/2015\/02\/francois-hollande-visite-les-eleves-du-lycee-hotelier\/\"]}]},{\"@type\":\"BreadcrumbList\",\"@id\":\"https:\/\/vosgesinfo.fr\/gerardmerinfo\/2015\/02\/francois-hollande-visite-les-eleves-du-lycee-hotelier\/#breadcrumb\",\"itemListElement\":[{\"@type\":\"ListItem\",\"position\":1,\"name\":\"Home\",\"item\":\"https:\/\/vosgesinfo.fr\/gerardmerinfo\/\"},{\"@type\":\"ListItem\",\"position\":2,\"name\":\"Fran\u00e7ois Hollande visite les \u00e9l\u00e8ves du Lyc\u00e9e H\u00f4telier\"}]},{\"@type\":\"WebSite\",\"@id\":\"https:\/\/vosgesinfo.fr\/gerardmerinfo\/#website\",\"url\":\"https:\/\/vosgesinfo.fr\/gerardmerinfo\/\",\"name\":\"Gerardmer Info\",\"description\":\"Toute l&#039;actualit\u00e9 de G\u00e9rardmer\",\"publisher\":{\"@id\":\"https:\/\/vosgesinfo.fr\/gerardmerinfo\/#organization\"},\"alternateName\":\"Toute l'actualit\u00e9 de G\u00e9rardmer\",\"potentialAction\":[{\"@type\":\"SearchAction\",\"target\":{\"@type\":\"EntryPoint\",\"urlTemplate\":\"https:\/\/vosgesinfo.fr\/gerardmerinfo\/?s={search_term_string}\"},\"query-input\":\"required name=search_term_string\"}],\"inLanguage\":\"fr-FR\"},{\"@type\":\"Organization\",\"@id\":\"https:\/\/vosgesinfo.fr\/gerardmerinfo\/#organization\",\"name\":\"Gerardmer Info\",\"url\":\"https:\/\/vosgesinfo.fr\/gerardmerinfo\/\",\"logo\":{\"@type\":\"ImageObject\",\"inLanguage\":\"fr-FR\",\"@id\":\"https:\/\/vosgesinfo.fr\/gerardmerinfo\/#\/schema\/logo\/image\/\",\"url\":\"https:\/\/vosgesinfo.fr\/app\/uploads\/sites\/6\/2023\/08\/favicon-gerardmerinfo.png\",\"contentUrl\":\"https:\/\/vosgesinfo.fr\/app\/uploads\/sites\/6\/2023\/08\/favicon-gerardmerinfo.png\",\"width\":512,\"height\":512,\"caption\":\"Gerardmer Info\"},\"image\":{\"@id\":\"https:\/\/vosgesinfo.fr\/gerardmerinfo\/#\/schema\/logo\/image\/\"},\"sameAs\":[\"https:\/\/www.facebook.com\/profile.php?id=100049475262660\",\"https:\/\/x.com\/VosgesInfo88\",\"https:\/\/www.youtube.com\/@vosgesinfo\"]},{\"@type\":\"Person\",\"@id\":\"https:\/\/vosgesinfo.fr\/gerardmerinfo\/#\/schema\/person\/bc5d02d71e6932e81b6dadb7386667b1\",\"name\":\"qs_admin\",\"image\":{\"@type\":\"ImageObject\",\"inLanguage\":\"fr-FR\",\"@id\":\"https:\/\/vosgesinfo.fr\/gerardmerinfo\/#\/schema\/person\/image\/\",\"url\":\"https:\/\/secure.gravatar.com\/avatar\/94b18ee0ed79e4a42ea2f2931277b6841a8999fc6fde214600c78057cf1fe1de?s=96&d=mm&r=g\",\"contentUrl\":\"https:\/\/secure.gravatar.com\/avatar\/94b18ee0ed79e4a42ea2f2931277b6841a8999fc6fde214600c78057cf1fe1de?s=96&d=mm&r=g\",\"caption\":\"qs_admin\"},\"sameAs\":[\"https:\/\/vosgesinfo.fr\/wp\"],\"url\":\"https:\/\/vosgesinfo.fr\/gerardmerinfo\/author\/qs_admin\/\"}]}<\/script>\n<!-- \/ Yoast SEO plugin. -->","yoast_head_json":{"title":"Fran\u00e7ois Hollande visite les \u00e9l\u00e8ves du Lyc\u00e9e H\u00f4telier - Gerardmer Info","robots":{"index":"index","follow":"follow","max-snippet":"max-snippet:-1","max-image-preview":"max-image-preview:large","max-video-preview":"max-video-preview:-1"},"canonical":"https:\/\/vosgesinfo.fr\/gerardmerinfo\/2015\/02\/francois-hollande-visite-les-eleves-du-lycee-hotelier\/","twitter_card":"summary_large_image","twitter_title":"Fran\u00e7ois Hollande visite les \u00e9l\u00e8ves du Lyc\u00e9e H\u00f4telier - Gerardmer Info","twitter_description":"Il est venu, il a vu, pos\u00e9 pour la photo et reparti pour sa visite du Salon de l&rsquo;Agriculture en [&hellip;]","twitter_creator":"@VosgesInfo88","twitter_site":"@VosgesInfo88","twitter_misc":{"\u00c9crit par":"qs_admin","Dur\u00e9e de lecture estim\u00e9e":"1 minute"},"schema":{"@context":"https:\/\/schema.org","@graph":[{"@type":"Article","@id":"https:\/\/vosgesinfo.fr\/gerardmerinfo\/2015\/02\/francois-hollande-visite-les-eleves-du-lycee-hotelier\/#article","isPartOf":{"@id":"https:\/\/vosgesinfo.fr\/gerardmerinfo\/2015\/02\/francois-hollande-visite-les-eleves-du-lycee-hotelier\/"},"author":{"name":"qs_admin","@id":"https:\/\/vosgesinfo.fr\/gerardmerinfo\/#\/schema\/person\/bc5d02d71e6932e81b6dadb7386667b1"},"headline":"Fran\u00e7ois Hollande visite les \u00e9l\u00e8ves du Lyc\u00e9e H\u00f4telier","datePublished":"2015-02-21T07:58:57+00:00","dateModified":"2015-02-21T07:58:57+00:00","mainEntityOfPage":{"@id":"https:\/\/vosgesinfo.fr\/gerardmerinfo\/2015\/02\/francois-hollande-visite-les-eleves-du-lycee-hotelier\/"},"wordCount":313,"commentCount":0,"publisher":{"@id":"https:\/\/vosgesinfo.fr\/gerardmerinfo\/#organization"},"articleSection":["Soci\u00e9t\u00e9","Vosges"],"inLanguage":"fr-FR","potentialAction":[{"@type":"CommentAction","name":"Comment","target":["https:\/\/vosgesinfo.fr\/gerardmerinfo\/2015\/02\/francois-hollande-visite-les-eleves-du-lycee-hotelier\/#respond"]}]},{"@type":"WebPage","@id":"https:\/\/vosgesinfo.fr\/gerardmerinfo\/2015\/02\/francois-hollande-visite-les-eleves-du-lycee-hotelier\/","url":"https:\/\/vosgesinfo.fr\/gerardmerinfo\/2015\/02\/francois-hollande-visite-les-eleves-du-lycee-hotelier\/","name":"Fran\u00e7ois Hollande visite les \u00e9l\u00e8ves du Lyc\u00e9e H\u00f4telier - Gerardmer Info","isPartOf":{"@id":"https:\/\/vosgesinfo.fr\/gerardmerinfo\/#website"},"datePublished":"2015-02-21T07:58:57+00:00","dateModified":"2015-02-21T07:58:57+00:00","breadcrumb":{"@id":"https:\/\/vosgesinfo.fr\/gerardmerinfo\/2015\/02\/francois-hollande-visite-les-eleves-du-lycee-hotelier\/#breadcrumb"},"inLanguage":"fr-FR","potentialAction":[{"@type":"ReadAction","target":["https:\/\/vosgesinfo.fr\/gerardmerinfo\/2015\/02\/francois-hollande-visite-les-eleves-du-lycee-hotelier\/"]}]},{"@type":"BreadcrumbList","@id":"https:\/\/vosgesinfo.fr\/gerardmerinfo\/2015\/02\/francois-hollande-visite-les-eleves-du-lycee-hotelier\/#breadcrumb","itemListElement":[{"@type":"ListItem","position":1,"name":"Home","item":"https:\/\/vosgesinfo.fr\/gerardmerinfo\/"},{"@type":"ListItem","position":2,"name":"Fran\u00e7ois Hollande visite les \u00e9l\u00e8ves du Lyc\u00e9e H\u00f4telier"}]},{"@type":"WebSite","@id":"https:\/\/vosgesinfo.fr\/gerardmerinfo\/#website","url":"https:\/\/vosgesinfo.fr\/gerardmerinfo\/","name":"Gerardmer Info","description":"Toute l&#039;actualit\u00e9 de G\u00e9rardmer","publisher":{"@id":"https:\/\/vosgesinfo.fr\/gerardmerinfo\/#organization"},"alternateName":"Toute l'actualit\u00e9 de G\u00e9rardmer","potentialAction":[{"@type":"SearchAction","target":{"@type":"EntryPoint","urlTemplate":"https:\/\/vosgesinfo.fr\/gerardmerinfo\/?s={search_term_string}"},"query-input":"required name=search_term_string"}],"inLanguage":"fr-FR"},{"@type":"Organization","@id":"https:\/\/vosgesinfo.fr\/gerardmerinfo\/#organization","name":"Gerardmer Info","url":"https:\/\/vosgesinfo.fr\/gerardmerinfo\/","logo":{"@type":"ImageObject","inLanguage":"fr-FR","@id":"https:\/\/vosgesinfo.fr\/gerardmerinfo\/#\/schema\/logo\/image\/","url":"https:\/\/vosgesinfo.fr\/app\/uploads\/sites\/6\/2023\/08\/favicon-gerardmerinfo.png","contentUrl":"https:\/\/vosgesinfo.fr\/app\/uploads\/sites\/6\/2023\/08\/favicon-gerardmerinfo.png","width":512,"height":512,"caption":"Gerardmer Info"},"image":{"@id":"https:\/\/vosgesinfo.fr\/gerardmerinfo\/#\/schema\/logo\/image\/"},"sameAs":["https:\/\/www.facebook.com\/profile.php?id=100049475262660","https:\/\/x.com\/VosgesInfo88","https:\/\/www.youtube.com\/@vosgesinfo"]},{"@type":"Person","@id":"https:\/\/vosgesinfo.fr\/gerardmerinfo\/#\/schema\/person\/bc5d02d71e6932e81b6dadb7386667b1","name":"qs_admin","image":{"@type":"ImageObject","inLanguage":"fr-FR","@id":"https:\/\/vosgesinfo.fr\/gerardmerinfo\/#\/schema\/person\/image\/","url":"https:\/\/secure.gravatar.com\/avatar\/94b18ee0ed79e4a42ea2f2931277b6841a8999fc6fde214600c78057cf1fe1de?s=96&d=mm&r=g","contentUrl":"https:\/\/secure.gravatar.com\/avatar\/94b18ee0ed79e4a42ea2f2931277b6841a8999fc6fde214600c78057cf1fe1de?s=96&d=mm&r=g","caption":"qs_admin"},"sameAs":["https:\/\/vosgesinfo.fr\/wp"],"url":"https:\/\/vosgesinfo.fr\/gerardmerinfo\/author\/qs_admin\/"}]}},"_links":{"self":[{"href":"https:\/\/vosgesinfo.fr\/gerardmerinfo\/wp-json\/wp\/v2\/posts\/12345","targetHints":{"allow":["GET"]}}],"collection":[{"href":"https:\/\/vosgesinfo.fr\/gerardmerinfo\/wp-json\/wp\/v2\/posts"}],"about":[{"href":"https:\/\/vosgesinfo.fr\/gerardmerinfo\/wp-json\/wp\/v2\/types\/post"}],"author":[{"embeddable":true,"href":"https:\/\/vosgesinfo.fr\/gerardmerinfo\/wp-json\/wp\/v2\/users\/1"}],"replies":[{"embeddable":true,"href":"https:\/\/vosgesinfo.fr\/gerardmerinfo\/wp-json\/wp\/v2\/comments?post=12345"}],"version-history":[{"count":0,"href":"https:\/\/vosgesinfo.fr\/gerardmerinfo\/wp-json\/wp\/v2\/posts\/12345\/revisions"}],"wp:attachment":[{"href":"https:\/\/vosgesinfo.fr\/gerardmerinfo\/wp-json\/wp\/v2\/media?parent=12345"}],"wp:term":[{"taxonomy":"category","embeddable":true,"href":"https:\/\/vosgesinfo.fr\/gerardmerinfo\/wp-json\/wp\/v2\/categories?post=12345"},{"taxonomy":"post_tag","embeddable":true,"href":"https:\/\/vosgesinfo.fr\/gerardmerinfo\/wp-json\/wp\/v2\/tags?post=12345"}],"curies":[{"name":"wp","href":"https:\/\/api.w.org\/{rel}","templated":true}]}}