{"id":12425,"date":"2015-03-15T18:35:46","date_gmt":"2015-03-15T17:35:46","guid":{"rendered":"https:\/\/vosgesinfo.fr\/gerardmerinfo\/2015\/03\/mobilisation-contre-la-fermeture-de-classes\/"},"modified":"2015-03-15T18:35:46","modified_gmt":"2015-03-15T17:35:46","slug":"mobilisation-contre-la-fermeture-de-classes","status":"publish","type":"post","link":"https:\/\/vosgesinfo.fr\/gerardmerinfo\/2015\/03\/mobilisation-contre-la-fermeture-de-classes\/","title":{"rendered":"Mobilisation contre la fermeture de classes"},"content":{"rendered":"<p>Les parents d&rsquo;\u00e9l\u00e8ves du RPI du Bas-Beillard, Li\u00e9zey et le Costet Beillard se mobilisent autour de la fermeture de classes et interpellent l&rsquo;Inspection Acad\u00e9mique. Une p\u00e9tition est actuellement en ligne sur le site \u00ab\u00a0p\u00e9titions Publiques\u00a0\u00bb. Pour la signer et la consulter.<\/p>\n<p><span style=\"color: #ff0000;\"><a style=\"color: #ff0000;\" href=\"http:\/\/www.petitionpublique.fr\/PeticaoVer.aspx?pi=P2015N47461\">http:\/\/www.petitionpublique.fr\/PeticaoVer.aspx?pi=P2015N47461<\/a><\/span><\/p>\n<p>&nbsp;<\/p>\n<blockquote><p>NON A LA FERMETURE DES CLASSES DU RPI BAS BEILLARD, COSTET-BEILLARD, LIEZEY!<\/p>\n<p>Nous, parents des \u00e9l\u00e8ves scolaris\u00e9s dans les \u00e9coles de ce RPI, refusons le projet de fermeture de classes envisag\u00e9 par l\u2019inspection acad\u00e9mique. En effet, les alternatives qui nous sont propos\u00e9es ne nous conviennent pas car elles d\u00e9gradent fortement les conditions de travail et d\u2019apprentissage de nos enfants.<br \/>\nLes municipalit\u00e9s ont \u00e9t\u00e9 inform\u00e9es par courrier en octobre 2014 de la possible fermeture de leur \u00e9cole pour motif de sous-effectifs. Nous devons rappeler que Li\u00e9zey, commune la plus haute des Vosges, est en zone de montagne et doit b\u00e9n\u00e9ficier du maintien d\u2019un service public de proximit\u00e9 pour des raisons \u00e9videntes ( ruralit\u00e9, \u00e9cologie, attrait du village,\u2026).<\/p>\n<p>Les conditions de scolarisation dans les \u00e9coles du RPI sont excellentes, les \u00e9l\u00e8ves b\u00e9n\u00e9ficiant des avantages apport\u00e9s par une structure \u00e0 taille humaine. En cas de fermeture des \u00e9coles du RPI, les temps de transport des enfants seront augment\u00e9s de mani\u00e8re significative, ainsi que les risques engendr\u00e9s par ceux-ci. Comment imposer \u00e0 des enfants en bas \u00e2ge plus d\u2019une heure de bus par jour ainsi que l\u2019obligation de manger \u00e0 la cantine car les parents n\u2019auront plus la possibilit\u00e9 de les reprendre du temps de midi ? Pour nous, cela va \u00e0 l\u2019encontre des nouvelles r\u00e9formes des rythmes scolaires et du libre choix des parents.<br \/>\nNous vous demandons \u00e0 travers cette p\u00e9tition votre soutien solidaire pour conserver nos \u00e9coles, garantir un enseignement de proximit\u00e9 de qualit\u00e9 et surtout maintenir la vie locale du secteur. Nous ne pouvons accepter la politique actuelle qui vise \u00e0 supprimer les petites \u00e9coles pour privil\u00e9gier les gros groupes scolaires. L\u2019\u00e9ducation des enfants et le vivre ensemble ne se r\u00e9sument pas qu\u2019\u00e0 quelques chiffres et ratios sans tenir compte des composantes humaines. Cela ressemble \u00e0 une politique du court terme avec une obsession du chiffre sans grandes ambitions, qui n\u2019est pas acceptable.<\/p>\n<p>Les effectifs pr\u00e9visionnels de 52 \u00e9l\u00e8ves justifient sans probl\u00e8me le maintien de deux classes. Les municipalit\u00e9s, enseignants et parents ont fait ensembles des propositions dans ce sens \u00e0 ce jour refus\u00e9es.<br \/>\nNous souhaitons dire NON \u00e9galement \u00e0 ces d\u00e9cisions qui nous sont impos\u00e9es sans consultation ni \u00e9coute. L\u2019acceptation d\u2019un changement se fait sur l\u2019espoir d\u2019un essoufflement de notre col\u00e8re et non sur une r\u00e9flexion rationnelle pour trouver un compromis.<\/p>\n<p>Comment peut-on croire en certains discours sur la citoyennet\u00e9, la R\u00e9publique et la politique locale alors qu\u2019ils sont si souvent contredits dans la r\u00e9alit\u00e9 et le quotidien ?<\/p>\n<p>Merci \u00e0 tous pour votre soutien.<\/p>\n<p>Les parents d\u2019\u00e9l\u00e8ves du RPI.<br \/>\nLes signataires<\/p><\/blockquote>\n<p>&nbsp;<\/p>\n","protected":false},"excerpt":{"rendered":"<p>Les parents d&rsquo;\u00e9l\u00e8ves du RPI du Bas-Beillard, Li\u00e9zey et le Costet Beillard se mobilisent autour de la fermeture de classes [&hellip;]<\/p>\n","protected":false},"author":1,"featured_media":0,"comment_status":"open","ping_status":"open","sticky":false,"template":"","format":"standard","meta":{"footnotes":""},"categories":[13],"tags":[],"class_list":["post-12425","post","type-post","status-publish","format-standard","hentry","category-societe"],"acf":[],"yoast_head":"<!-- This site is optimized with the Yoast SEO plugin v22.5 - https:\/\/yoast.com\/wordpress\/plugins\/seo\/ -->\n<title>Mobilisation contre la fermeture de classes - Gerardmer Info<\/title>\n<meta name=\"robots\" content=\"index, follow, max-snippet:-1, max-image-preview:large, max-video-preview:-1\" \/>\n<link rel=\"canonical\" href=\"https:\/\/vosgesinfo.fr\/gerardmerinfo\/2015\/03\/mobilisation-contre-la-fermeture-de-classes\/\" \/>\n<meta name=\"twitter:card\" content=\"summary_large_image\" \/>\n<meta name=\"twitter:title\" content=\"Mobilisation contre la fermeture de classes - Gerardmer Info\" \/>\n<meta name=\"twitter:description\" content=\"Les parents d&rsquo;\u00e9l\u00e8ves du RPI du Bas-Beillard, Li\u00e9zey et le Costet Beillard se mobilisent autour de la fermeture de classes [&hellip;]\" \/>\n<meta name=\"twitter:creator\" content=\"@VosgesInfo88\" \/>\n<meta name=\"twitter:site\" content=\"@VosgesInfo88\" \/>\n<meta name=\"twitter:label1\" content=\"\u00c9crit par\" \/>\n\t<meta name=\"twitter:data1\" content=\"qs_admin\" \/>\n\t<meta name=\"twitter:label2\" content=\"Dur\u00e9e de lecture estim\u00e9e\" \/>\n\t<meta name=\"twitter:data2\" content=\"3 minutes\" \/>\n<script type=\"application\/ld+json\" class=\"yoast-schema-graph\">{\"@context\":\"https:\/\/schema.org\",\"@graph\":[{\"@type\":\"Article\",\"@id\":\"https:\/\/vosgesinfo.fr\/gerardmerinfo\/2015\/03\/mobilisation-contre-la-fermeture-de-classes\/#article\",\"isPartOf\":{\"@id\":\"https:\/\/vosgesinfo.fr\/gerardmerinfo\/2015\/03\/mobilisation-contre-la-fermeture-de-classes\/\"},\"author\":{\"name\":\"qs_admin\",\"@id\":\"https:\/\/vosgesinfo.fr\/gerardmerinfo\/#\/schema\/person\/bc5d02d71e6932e81b6dadb7386667b1\"},\"headline\":\"Mobilisation contre la fermeture de classes\",\"datePublished\":\"2015-03-15T17:35:46+00:00\",\"dateModified\":\"2015-03-15T17:35:46+00:00\",\"mainEntityOfPage\":{\"@id\":\"https:\/\/vosgesinfo.fr\/gerardmerinfo\/2015\/03\/mobilisation-contre-la-fermeture-de-classes\/\"},\"wordCount\":520,\"commentCount\":0,\"publisher\":{\"@id\":\"https:\/\/vosgesinfo.fr\/gerardmerinfo\/#organization\"},\"articleSection\":[\"Soci\u00e9t\u00e9\"],\"inLanguage\":\"fr-FR\",\"potentialAction\":[{\"@type\":\"CommentAction\",\"name\":\"Comment\",\"target\":[\"https:\/\/vosgesinfo.fr\/gerardmerinfo\/2015\/03\/mobilisation-contre-la-fermeture-de-classes\/#respond\"]}]},{\"@type\":\"WebPage\",\"@id\":\"https:\/\/vosgesinfo.fr\/gerardmerinfo\/2015\/03\/mobilisation-contre-la-fermeture-de-classes\/\",\"url\":\"https:\/\/vosgesinfo.fr\/gerardmerinfo\/2015\/03\/mobilisation-contre-la-fermeture-de-classes\/\",\"name\":\"Mobilisation contre la fermeture de classes - Gerardmer Info\",\"isPartOf\":{\"@id\":\"https:\/\/vosgesinfo.fr\/gerardmerinfo\/#website\"},\"datePublished\":\"2015-03-15T17:35:46+00:00\",\"dateModified\":\"2015-03-15T17:35:46+00:00\",\"breadcrumb\":{\"@id\":\"https:\/\/vosgesinfo.fr\/gerardmerinfo\/2015\/03\/mobilisation-contre-la-fermeture-de-classes\/#breadcrumb\"},\"inLanguage\":\"fr-FR\",\"potentialAction\":[{\"@type\":\"ReadAction\",\"target\":[\"https:\/\/vosgesinfo.fr\/gerardmerinfo\/2015\/03\/mobilisation-contre-la-fermeture-de-classes\/\"]}]},{\"@type\":\"BreadcrumbList\",\"@id\":\"https:\/\/vosgesinfo.fr\/gerardmerinfo\/2015\/03\/mobilisation-contre-la-fermeture-de-classes\/#breadcrumb\",\"itemListElement\":[{\"@type\":\"ListItem\",\"position\":1,\"name\":\"Home\",\"item\":\"https:\/\/vosgesinfo.fr\/gerardmerinfo\/\"},{\"@type\":\"ListItem\",\"position\":2,\"name\":\"Mobilisation contre la fermeture de classes\"}]},{\"@type\":\"WebSite\",\"@id\":\"https:\/\/vosgesinfo.fr\/gerardmerinfo\/#website\",\"url\":\"https:\/\/vosgesinfo.fr\/gerardmerinfo\/\",\"name\":\"Gerardmer Info\",\"description\":\"Toute l&#039;actualit\u00e9 de G\u00e9rardmer\",\"publisher\":{\"@id\":\"https:\/\/vosgesinfo.fr\/gerardmerinfo\/#organization\"},\"alternateName\":\"Toute l'actualit\u00e9 de G\u00e9rardmer\",\"potentialAction\":[{\"@type\":\"SearchAction\",\"target\":{\"@type\":\"EntryPoint\",\"urlTemplate\":\"https:\/\/vosgesinfo.fr\/gerardmerinfo\/?s={search_term_string}\"},\"query-input\":\"required name=search_term_string\"}],\"inLanguage\":\"fr-FR\"},{\"@type\":\"Organization\",\"@id\":\"https:\/\/vosgesinfo.fr\/gerardmerinfo\/#organization\",\"name\":\"Gerardmer Info\",\"url\":\"https:\/\/vosgesinfo.fr\/gerardmerinfo\/\",\"logo\":{\"@type\":\"ImageObject\",\"inLanguage\":\"fr-FR\",\"@id\":\"https:\/\/vosgesinfo.fr\/gerardmerinfo\/#\/schema\/logo\/image\/\",\"url\":\"https:\/\/vosgesinfo.fr\/app\/uploads\/sites\/6\/2023\/08\/favicon-gerardmerinfo.png\",\"contentUrl\":\"https:\/\/vosgesinfo.fr\/app\/uploads\/sites\/6\/2023\/08\/favicon-gerardmerinfo.png\",\"width\":512,\"height\":512,\"caption\":\"Gerardmer Info\"},\"image\":{\"@id\":\"https:\/\/vosgesinfo.fr\/gerardmerinfo\/#\/schema\/logo\/image\/\"},\"sameAs\":[\"https:\/\/www.facebook.com\/profile.php?id=100049475262660\",\"https:\/\/x.com\/VosgesInfo88\",\"https:\/\/www.youtube.com\/@vosgesinfo\"]},{\"@type\":\"Person\",\"@id\":\"https:\/\/vosgesinfo.fr\/gerardmerinfo\/#\/schema\/person\/bc5d02d71e6932e81b6dadb7386667b1\",\"name\":\"qs_admin\",\"image\":{\"@type\":\"ImageObject\",\"inLanguage\":\"fr-FR\",\"@id\":\"https:\/\/vosgesinfo.fr\/gerardmerinfo\/#\/schema\/person\/image\/\",\"url\":\"https:\/\/secure.gravatar.com\/avatar\/94b18ee0ed79e4a42ea2f2931277b6841a8999fc6fde214600c78057cf1fe1de?s=96&d=mm&r=g\",\"contentUrl\":\"https:\/\/secure.gravatar.com\/avatar\/94b18ee0ed79e4a42ea2f2931277b6841a8999fc6fde214600c78057cf1fe1de?s=96&d=mm&r=g\",\"caption\":\"qs_admin\"},\"sameAs\":[\"https:\/\/vosgesinfo.fr\/wp\"],\"url\":\"https:\/\/vosgesinfo.fr\/gerardmerinfo\/author\/qs_admin\/\"}]}<\/script>\n<!-- \/ Yoast SEO plugin. -->","yoast_head_json":{"title":"Mobilisation contre la fermeture de classes - Gerardmer Info","robots":{"index":"index","follow":"follow","max-snippet":"max-snippet:-1","max-image-preview":"max-image-preview:large","max-video-preview":"max-video-preview:-1"},"canonical":"https:\/\/vosgesinfo.fr\/gerardmerinfo\/2015\/03\/mobilisation-contre-la-fermeture-de-classes\/","twitter_card":"summary_large_image","twitter_title":"Mobilisation contre la fermeture de classes - Gerardmer Info","twitter_description":"Les parents d&rsquo;\u00e9l\u00e8ves du RPI du Bas-Beillard, Li\u00e9zey et le Costet Beillard se mobilisent autour de la fermeture de classes [&hellip;]","twitter_creator":"@VosgesInfo88","twitter_site":"@VosgesInfo88","twitter_misc":{"\u00c9crit par":"qs_admin","Dur\u00e9e de lecture estim\u00e9e":"3 minutes"},"schema":{"@context":"https:\/\/schema.org","@graph":[{"@type":"Article","@id":"https:\/\/vosgesinfo.fr\/gerardmerinfo\/2015\/03\/mobilisation-contre-la-fermeture-de-classes\/#article","isPartOf":{"@id":"https:\/\/vosgesinfo.fr\/gerardmerinfo\/2015\/03\/mobilisation-contre-la-fermeture-de-classes\/"},"author":{"name":"qs_admin","@id":"https:\/\/vosgesinfo.fr\/gerardmerinfo\/#\/schema\/person\/bc5d02d71e6932e81b6dadb7386667b1"},"headline":"Mobilisation contre la fermeture de classes","datePublished":"2015-03-15T17:35:46+00:00","dateModified":"2015-03-15T17:35:46+00:00","mainEntityOfPage":{"@id":"https:\/\/vosgesinfo.fr\/gerardmerinfo\/2015\/03\/mobilisation-contre-la-fermeture-de-classes\/"},"wordCount":520,"commentCount":0,"publisher":{"@id":"https:\/\/vosgesinfo.fr\/gerardmerinfo\/#organization"},"articleSection":["Soci\u00e9t\u00e9"],"inLanguage":"fr-FR","potentialAction":[{"@type":"CommentAction","name":"Comment","target":["https:\/\/vosgesinfo.fr\/gerardmerinfo\/2015\/03\/mobilisation-contre-la-fermeture-de-classes\/#respond"]}]},{"@type":"WebPage","@id":"https:\/\/vosgesinfo.fr\/gerardmerinfo\/2015\/03\/mobilisation-contre-la-fermeture-de-classes\/","url":"https:\/\/vosgesinfo.fr\/gerardmerinfo\/2015\/03\/mobilisation-contre-la-fermeture-de-classes\/","name":"Mobilisation contre la fermeture de classes - Gerardmer Info","isPartOf":{"@id":"https:\/\/vosgesinfo.fr\/gerardmerinfo\/#website"},"datePublished":"2015-03-15T17:35:46+00:00","dateModified":"2015-03-15T17:35:46+00:00","breadcrumb":{"@id":"https:\/\/vosgesinfo.fr\/gerardmerinfo\/2015\/03\/mobilisation-contre-la-fermeture-de-classes\/#breadcrumb"},"inLanguage":"fr-FR","potentialAction":[{"@type":"ReadAction","target":["https:\/\/vosgesinfo.fr\/gerardmerinfo\/2015\/03\/mobilisation-contre-la-fermeture-de-classes\/"]}]},{"@type":"BreadcrumbList","@id":"https:\/\/vosgesinfo.fr\/gerardmerinfo\/2015\/03\/mobilisation-contre-la-fermeture-de-classes\/#breadcrumb","itemListElement":[{"@type":"ListItem","position":1,"name":"Home","item":"https:\/\/vosgesinfo.fr\/gerardmerinfo\/"},{"@type":"ListItem","position":2,"name":"Mobilisation contre la fermeture de classes"}]},{"@type":"WebSite","@id":"https:\/\/vosgesinfo.fr\/gerardmerinfo\/#website","url":"https:\/\/vosgesinfo.fr\/gerardmerinfo\/","name":"Gerardmer Info","description":"Toute l&#039;actualit\u00e9 de G\u00e9rardmer","publisher":{"@id":"https:\/\/vosgesinfo.fr\/gerardmerinfo\/#organization"},"alternateName":"Toute l'actualit\u00e9 de G\u00e9rardmer","potentialAction":[{"@type":"SearchAction","target":{"@type":"EntryPoint","urlTemplate":"https:\/\/vosgesinfo.fr\/gerardmerinfo\/?s={search_term_string}"},"query-input":"required name=search_term_string"}],"inLanguage":"fr-FR"},{"@type":"Organization","@id":"https:\/\/vosgesinfo.fr\/gerardmerinfo\/#organization","name":"Gerardmer Info","url":"https:\/\/vosgesinfo.fr\/gerardmerinfo\/","logo":{"@type":"ImageObject","inLanguage":"fr-FR","@id":"https:\/\/vosgesinfo.fr\/gerardmerinfo\/#\/schema\/logo\/image\/","url":"https:\/\/vosgesinfo.fr\/app\/uploads\/sites\/6\/2023\/08\/favicon-gerardmerinfo.png","contentUrl":"https:\/\/vosgesinfo.fr\/app\/uploads\/sites\/6\/2023\/08\/favicon-gerardmerinfo.png","width":512,"height":512,"caption":"Gerardmer Info"},"image":{"@id":"https:\/\/vosgesinfo.fr\/gerardmerinfo\/#\/schema\/logo\/image\/"},"sameAs":["https:\/\/www.facebook.com\/profile.php?id=100049475262660","https:\/\/x.com\/VosgesInfo88","https:\/\/www.youtube.com\/@vosgesinfo"]},{"@type":"Person","@id":"https:\/\/vosgesinfo.fr\/gerardmerinfo\/#\/schema\/person\/bc5d02d71e6932e81b6dadb7386667b1","name":"qs_admin","image":{"@type":"ImageObject","inLanguage":"fr-FR","@id":"https:\/\/vosgesinfo.fr\/gerardmerinfo\/#\/schema\/person\/image\/","url":"https:\/\/secure.gravatar.com\/avatar\/94b18ee0ed79e4a42ea2f2931277b6841a8999fc6fde214600c78057cf1fe1de?s=96&d=mm&r=g","contentUrl":"https:\/\/secure.gravatar.com\/avatar\/94b18ee0ed79e4a42ea2f2931277b6841a8999fc6fde214600c78057cf1fe1de?s=96&d=mm&r=g","caption":"qs_admin"},"sameAs":["https:\/\/vosgesinfo.fr\/wp"],"url":"https:\/\/vosgesinfo.fr\/gerardmerinfo\/author\/qs_admin\/"}]}},"_links":{"self":[{"href":"https:\/\/vosgesinfo.fr\/gerardmerinfo\/wp-json\/wp\/v2\/posts\/12425","targetHints":{"allow":["GET"]}}],"collection":[{"href":"https:\/\/vosgesinfo.fr\/gerardmerinfo\/wp-json\/wp\/v2\/posts"}],"about":[{"href":"https:\/\/vosgesinfo.fr\/gerardmerinfo\/wp-json\/wp\/v2\/types\/post"}],"author":[{"embeddable":true,"href":"https:\/\/vosgesinfo.fr\/gerardmerinfo\/wp-json\/wp\/v2\/users\/1"}],"replies":[{"embeddable":true,"href":"https:\/\/vosgesinfo.fr\/gerardmerinfo\/wp-json\/wp\/v2\/comments?post=12425"}],"version-history":[{"count":0,"href":"https:\/\/vosgesinfo.fr\/gerardmerinfo\/wp-json\/wp\/v2\/posts\/12425\/revisions"}],"wp:attachment":[{"href":"https:\/\/vosgesinfo.fr\/gerardmerinfo\/wp-json\/wp\/v2\/media?parent=12425"}],"wp:term":[{"taxonomy":"category","embeddable":true,"href":"https:\/\/vosgesinfo.fr\/gerardmerinfo\/wp-json\/wp\/v2\/categories?post=12425"},{"taxonomy":"post_tag","embeddable":true,"href":"https:\/\/vosgesinfo.fr\/gerardmerinfo\/wp-json\/wp\/v2\/tags?post=12425"}],"curies":[{"name":"wp","href":"https:\/\/api.w.org\/{rel}","templated":true}]}}