{"id":12431,"date":"2015-03-12T18:15:38","date_gmt":"2015-03-12T17:15:38","guid":{"rendered":"https:\/\/vosgesinfo.fr\/gerardmerinfo\/2015\/03\/graines-des-toiles-decouvrez-la-nouvelle-affiche-du-festival\/"},"modified":"2015-03-12T18:15:38","modified_gmt":"2015-03-12T17:15:38","slug":"graines-des-toiles-decouvrez-la-nouvelle-affiche-du-festival","status":"publish","type":"post","link":"https:\/\/vosgesinfo.fr\/gerardmerinfo\/2015\/03\/graines-des-toiles-decouvrez-la-nouvelle-affiche-du-festival\/","title":{"rendered":"Graines des Toiles : d\u00e9couvrez la nouvelle affiche du festival !"},"content":{"rendered":"<p><b>Le mercredi, c&rsquo;est bien connu, c&rsquo;est le jour des enfants. C&rsquo;\u00e9tait aussi la deuxi\u00e8me r\u00e9union de pr\u00e9paration du festival du film jeune public organis\u00e9 par la MCL. Un rendez-vous qui f\u00eatera en 2015 son 8\u00e8me anniversaire du 12 au 27 octobre prochain.<\/b><\/p>\n Lo\u00efc Moresi et son \u00e9quipe vont vous mitonner un festival aux petits oignons\n<p>Une r\u00e9union men\u00e9e par le responsable de la commission cin\u00e9ma de la MCL Lo\u00efc Moresi et qui a \u00e9t\u00e9 principalement consacr\u00e9e \u00e0 la programmation de cette 8\u00e8me \u00e9dition. Pas une mince affaire, c&rsquo;est pourquoi ce dernier avait fait le choix d&rsquo;inviter d&rsquo;autres responsables de salles de cin\u00e9ma du secteur afin qu&rsquo;ils puissent apporter eux aussi un peu d&rsquo;eau au moulin de Graines des Toiles.<\/p>\n<p>C&rsquo;est \u00e9galement parce que le souhait et l&rsquo;ambition de l&rsquo;organisation est clairement que ce festival rayonne hors des fronti\u00e8res g\u00e9r\u00f4moises en impliquant d&rsquo;autres acteurs et en tentant de toucher un public relativement large et vari\u00e9. Un pari que commence a remport\u00e9 Graines des Toiles qui n&rsquo;a pour l&rsquo;heure cess\u00e9 de monter en puissance depuis sa cr\u00e9ation.<\/p>\n<p>Cette ann\u00e9e, le th\u00e8me sera plus qu&rsquo;\u00e9vocateur\u00a0: \u00ab\u00a0poils, pattes &amp; plumes\u00a0!!\u00a0\u00bb. \u00ab\u00a0Nous programmons entre 20 et 25 films chaque ann\u00e9e. G\u00e9n\u00e9ralement, il y environ la moiti\u00e9 de films choisis sp\u00e9cifiquement dans le th\u00e8me et l&rsquo;autre moiti\u00e9 qui sont des films beaucoup plus r\u00e9cents avec m\u00eame des avants-premi\u00e8res quand cela est possible\u00a0\u00bb, pr\u00e9cise Lo\u00efc Moresi. On peut donc parler d&rsquo;un gros brainstorming ce mercredi afin de proc\u00e9der \u00e0 une premi\u00e8re s\u00e9lection de films qui rentrent dans le th\u00e8me.<\/p>\n L&rsquo;adjointe \u00e0 la culture Anne Chwaliszewski, le directeur de la MCL St\u00e9phane Lepoil ou encore deux repr\u00e9sentantes de salles de cin\u00e9ma d\u00e9odatiennes, tout le monde au travail pour la programmation du festival\n<p>Mais avant de se plonger dans les \u00ab\u00a0Tex Avery\u00a0\u00bb, \u00ab\u00a0L&rsquo;ours\u00a0\u00bb et autres \u00ab\u00a0Bernard &amp; Bianca\u00a0\u00bb, professionnels et b\u00e9n\u00e9voles r\u00e9unis autour de la table ont eu le plaisir de d\u00e9couvrir en exclusivit\u00e9 la toute affiche du festival r\u00e9alis\u00e9 par Delphine Aubry, responsable de la communication au sein de la MCL. Le th\u00e8me est bien illustr\u00e9 avec la pr\u00e9sence de nombreux animaux, une des sp\u00e9cialit\u00e9s de Delphine d&rsquo;ailleurs, et les principaux codes qui font l&rsquo;identit\u00e9 de Graines des Toiles sont l\u00e0 eux aussi.<\/p>\n<p>Ainsi la d\u00e9sormais traditionnelle couleur bleu nuit (une nuit \u00e9toil\u00e9e d&rsquo;ailleurs) et \u00e0 cette lune qui invitent tous deux \u00e0 de beaux r\u00eaves, vous retrouvez \u00e9galement la mascotte Marcelin, ce gar\u00e7on au pull ray\u00e9, ou encore la pellicule rappelant qu&rsquo;il s&rsquo;agit bien d&rsquo;un festival consacr\u00e9 au cin\u00e9ma. Une affiche r\u00e9ussie, \u00e9vocatrice, enfantine mais qui ne sent pas la naphtaline. Pour r\u00e9sumer, un visuel qui accompagnera \u00e0 merveille cette 8\u00e8me \u00e9dition\u00a0!<\/p>\n<p><span style=\"color: #000000;\"><span style=\"font-family: 'Times New Roman', serif;\"><span style=\"font-size: medium;\"><b>Enfin, un petit mot pour vous dire que si vous souhaitez rejoindre l&rsquo;aventure Graines des Toiles, la MCL recherche toujours des b\u00e9n\u00e9voles<\/b><\/span><\/span><\/span><span style=\"color: #000000;\"><span style=\"font-family: 'Times New Roman', serif;\"><span style=\"font-size: medium;\">\u00a0 <\/span><\/span><\/span><span style=\"color: #000000;\"><span style=\"font-family: 'Times New Roman', serif;\"><span style=\"font-size: medium;\">qui souhaiteraient s&rsquo;investir avant et pendant le festival (Cr\u00e9ation des d\u00e9cors de la MCL, organiser des animations, implication dans la programmation, accompagner des jurys, &#8230; ).<\/span><\/span><\/span><span style=\"color: #000000;\"><span style=\"font-family: 'Times New Roman', serif;\"><span style=\"font-size: medium;\"><br \/>\n<\/span><\/span><\/span><span style=\"color: #000000;\"><span style=\"font-family: 'Times New Roman', serif;\"><span style=\"font-size: medium;\">Si devenir b\u00e9n\u00e9vole pour le festival vous int\u00e9resse, merci de contacter Maryse \u00e0 la MCL au 03.29.63.11.96<\/span><\/span><\/span><\/p>\n","protected":false},"excerpt":{"rendered":"<p>Le mercredi, c&rsquo;est bien connu, c&rsquo;est le jour des enfants. C&rsquo;\u00e9tait aussi la deuxi\u00e8me r\u00e9union de pr\u00e9paration du festival du [&hellip;]<\/p>\n","protected":false},"author":42,"featured_media":0,"comment_status":"open","ping_status":"open","sticky":false,"template":"","format":"standard","meta":{"footnotes":""},"categories":[4,18],"tags":[],"class_list":["post-12431","post","type-post","status-publish","format-standard","hentry","category-culture","category-vosges"],"acf":[],"yoast_head":"<!-- This site is optimized with the Yoast SEO plugin v22.5 - https:\/\/yoast.com\/wordpress\/plugins\/seo\/ -->\n<title>Graines des Toiles : d\u00e9couvrez la nouvelle affiche du festival ! - Gerardmer Info<\/title>\n<meta name=\"robots\" content=\"index, follow, max-snippet:-1, max-image-preview:large, max-video-preview:-1\" \/>\n<link rel=\"canonical\" href=\"https:\/\/vosgesinfo.fr\/gerardmerinfo\/2015\/03\/graines-des-toiles-decouvrez-la-nouvelle-affiche-du-festival\/\" \/>\n<meta name=\"twitter:card\" content=\"summary_large_image\" \/>\n<meta name=\"twitter:title\" content=\"Graines des Toiles : d\u00e9couvrez la nouvelle affiche du festival ! - Gerardmer Info\" \/>\n<meta name=\"twitter:description\" content=\"Le mercredi, c&rsquo;est bien connu, c&rsquo;est le jour des enfants. C&rsquo;\u00e9tait aussi la deuxi\u00e8me r\u00e9union de pr\u00e9paration du festival du [&hellip;]\" \/>\n<meta name=\"twitter:creator\" content=\"@VosgesInfo88\" \/>\n<meta name=\"twitter:site\" content=\"@VosgesInfo88\" \/>\n<meta name=\"twitter:label1\" content=\"\u00c9crit par\" \/>\n\t<meta name=\"twitter:data1\" content=\"QG\" \/>\n\t<meta name=\"twitter:label2\" content=\"Dur\u00e9e de lecture estim\u00e9e\" \/>\n\t<meta name=\"twitter:data2\" content=\"3 minutes\" \/>\n<script type=\"application\/ld+json\" class=\"yoast-schema-graph\">{\"@context\":\"https:\/\/schema.org\",\"@graph\":[{\"@type\":\"Article\",\"@id\":\"https:\/\/vosgesinfo.fr\/gerardmerinfo\/2015\/03\/graines-des-toiles-decouvrez-la-nouvelle-affiche-du-festival\/#article\",\"isPartOf\":{\"@id\":\"https:\/\/vosgesinfo.fr\/gerardmerinfo\/2015\/03\/graines-des-toiles-decouvrez-la-nouvelle-affiche-du-festival\/\"},\"author\":{\"name\":\"QG\",\"@id\":\"https:\/\/vosgesinfo.fr\/gerardmerinfo\/#\/schema\/person\/db5605779a843dad16b5368f3e7613a5\"},\"headline\":\"Graines des Toiles : d\u00e9couvrez la nouvelle affiche du festival !\",\"datePublished\":\"2015-03-12T17:15:38+00:00\",\"dateModified\":\"2015-03-12T17:15:38+00:00\",\"mainEntityOfPage\":{\"@id\":\"https:\/\/vosgesinfo.fr\/gerardmerinfo\/2015\/03\/graines-des-toiles-decouvrez-la-nouvelle-affiche-du-festival\/\"},\"wordCount\":594,\"commentCount\":0,\"publisher\":{\"@id\":\"https:\/\/vosgesinfo.fr\/gerardmerinfo\/#organization\"},\"articleSection\":[\"Culture\",\"Vosges\"],\"inLanguage\":\"fr-FR\",\"potentialAction\":[{\"@type\":\"CommentAction\",\"name\":\"Comment\",\"target\":[\"https:\/\/vosgesinfo.fr\/gerardmerinfo\/2015\/03\/graines-des-toiles-decouvrez-la-nouvelle-affiche-du-festival\/#respond\"]}]},{\"@type\":\"WebPage\",\"@id\":\"https:\/\/vosgesinfo.fr\/gerardmerinfo\/2015\/03\/graines-des-toiles-decouvrez-la-nouvelle-affiche-du-festival\/\",\"url\":\"https:\/\/vosgesinfo.fr\/gerardmerinfo\/2015\/03\/graines-des-toiles-decouvrez-la-nouvelle-affiche-du-festival\/\",\"name\":\"Graines des Toiles : d\u00e9couvrez la nouvelle affiche du festival ! - Gerardmer Info\",\"isPartOf\":{\"@id\":\"https:\/\/vosgesinfo.fr\/gerardmerinfo\/#website\"},\"datePublished\":\"2015-03-12T17:15:38+00:00\",\"dateModified\":\"2015-03-12T17:15:38+00:00\",\"breadcrumb\":{\"@id\":\"https:\/\/vosgesinfo.fr\/gerardmerinfo\/2015\/03\/graines-des-toiles-decouvrez-la-nouvelle-affiche-du-festival\/#breadcrumb\"},\"inLanguage\":\"fr-FR\",\"potentialAction\":[{\"@type\":\"ReadAction\",\"target\":[\"https:\/\/vosgesinfo.fr\/gerardmerinfo\/2015\/03\/graines-des-toiles-decouvrez-la-nouvelle-affiche-du-festival\/\"]}]},{\"@type\":\"BreadcrumbList\",\"@id\":\"https:\/\/vosgesinfo.fr\/gerardmerinfo\/2015\/03\/graines-des-toiles-decouvrez-la-nouvelle-affiche-du-festival\/#breadcrumb\",\"itemListElement\":[{\"@type\":\"ListItem\",\"position\":1,\"name\":\"Home\",\"item\":\"https:\/\/vosgesinfo.fr\/gerardmerinfo\/\"},{\"@type\":\"ListItem\",\"position\":2,\"name\":\"Graines des Toiles : d\u00e9couvrez la nouvelle affiche du festival !\"}]},{\"@type\":\"WebSite\",\"@id\":\"https:\/\/vosgesinfo.fr\/gerardmerinfo\/#website\",\"url\":\"https:\/\/vosgesinfo.fr\/gerardmerinfo\/\",\"name\":\"Gerardmer Info\",\"description\":\"Toute l&#039;actualit\u00e9 de G\u00e9rardmer\",\"publisher\":{\"@id\":\"https:\/\/vosgesinfo.fr\/gerardmerinfo\/#organization\"},\"alternateName\":\"Toute l'actualit\u00e9 de G\u00e9rardmer\",\"potentialAction\":[{\"@type\":\"SearchAction\",\"target\":{\"@type\":\"EntryPoint\",\"urlTemplate\":\"https:\/\/vosgesinfo.fr\/gerardmerinfo\/?s={search_term_string}\"},\"query-input\":\"required name=search_term_string\"}],\"inLanguage\":\"fr-FR\"},{\"@type\":\"Organization\",\"@id\":\"https:\/\/vosgesinfo.fr\/gerardmerinfo\/#organization\",\"name\":\"Gerardmer Info\",\"url\":\"https:\/\/vosgesinfo.fr\/gerardmerinfo\/\",\"logo\":{\"@type\":\"ImageObject\",\"inLanguage\":\"fr-FR\",\"@id\":\"https:\/\/vosgesinfo.fr\/gerardmerinfo\/#\/schema\/logo\/image\/\",\"url\":\"https:\/\/vosgesinfo.fr\/app\/uploads\/sites\/6\/2023\/08\/favicon-gerardmerinfo.png\",\"contentUrl\":\"https:\/\/vosgesinfo.fr\/app\/uploads\/sites\/6\/2023\/08\/favicon-gerardmerinfo.png\",\"width\":512,\"height\":512,\"caption\":\"Gerardmer Info\"},\"image\":{\"@id\":\"https:\/\/vosgesinfo.fr\/gerardmerinfo\/#\/schema\/logo\/image\/\"},\"sameAs\":[\"https:\/\/www.facebook.com\/profile.php?id=100049475262660\",\"https:\/\/x.com\/VosgesInfo88\",\"https:\/\/www.youtube.com\/@vosgesinfo\"]},{\"@type\":\"Person\",\"@id\":\"https:\/\/vosgesinfo.fr\/gerardmerinfo\/#\/schema\/person\/db5605779a843dad16b5368f3e7613a5\",\"name\":\"QG\",\"image\":{\"@type\":\"ImageObject\",\"inLanguage\":\"fr-FR\",\"@id\":\"https:\/\/vosgesinfo.fr\/gerardmerinfo\/#\/schema\/person\/image\/\",\"url\":\"https:\/\/secure.gravatar.com\/avatar\/ea80c42c204b534408512832fde52504ecabb9706bcb6151cf6175e5b64e6793?s=96&d=mm&r=g\",\"contentUrl\":\"https:\/\/secure.gravatar.com\/avatar\/ea80c42c204b534408512832fde52504ecabb9706bcb6151cf6175e5b64e6793?s=96&d=mm&r=g\",\"caption\":\"QG\"},\"url\":\"https:\/\/vosgesinfo.fr\/gerardmerinfo\/author\/quentin88\/\"}]}<\/script>\n<!-- \/ Yoast SEO plugin. -->","yoast_head_json":{"title":"Graines des Toiles : d\u00e9couvrez la nouvelle affiche du festival ! - Gerardmer Info","robots":{"index":"index","follow":"follow","max-snippet":"max-snippet:-1","max-image-preview":"max-image-preview:large","max-video-preview":"max-video-preview:-1"},"canonical":"https:\/\/vosgesinfo.fr\/gerardmerinfo\/2015\/03\/graines-des-toiles-decouvrez-la-nouvelle-affiche-du-festival\/","twitter_card":"summary_large_image","twitter_title":"Graines des Toiles : d\u00e9couvrez la nouvelle affiche du festival ! - Gerardmer Info","twitter_description":"Le mercredi, c&rsquo;est bien connu, c&rsquo;est le jour des enfants. C&rsquo;\u00e9tait aussi la deuxi\u00e8me r\u00e9union de pr\u00e9paration du festival du [&hellip;]","twitter_creator":"@VosgesInfo88","twitter_site":"@VosgesInfo88","twitter_misc":{"\u00c9crit par":"QG","Dur\u00e9e de lecture estim\u00e9e":"3 minutes"},"schema":{"@context":"https:\/\/schema.org","@graph":[{"@type":"Article","@id":"https:\/\/vosgesinfo.fr\/gerardmerinfo\/2015\/03\/graines-des-toiles-decouvrez-la-nouvelle-affiche-du-festival\/#article","isPartOf":{"@id":"https:\/\/vosgesinfo.fr\/gerardmerinfo\/2015\/03\/graines-des-toiles-decouvrez-la-nouvelle-affiche-du-festival\/"},"author":{"name":"QG","@id":"https:\/\/vosgesinfo.fr\/gerardmerinfo\/#\/schema\/person\/db5605779a843dad16b5368f3e7613a5"},"headline":"Graines des Toiles : d\u00e9couvrez la nouvelle affiche du festival !","datePublished":"2015-03-12T17:15:38+00:00","dateModified":"2015-03-12T17:15:38+00:00","mainEntityOfPage":{"@id":"https:\/\/vosgesinfo.fr\/gerardmerinfo\/2015\/03\/graines-des-toiles-decouvrez-la-nouvelle-affiche-du-festival\/"},"wordCount":594,"commentCount":0,"publisher":{"@id":"https:\/\/vosgesinfo.fr\/gerardmerinfo\/#organization"},"articleSection":["Culture","Vosges"],"inLanguage":"fr-FR","potentialAction":[{"@type":"CommentAction","name":"Comment","target":["https:\/\/vosgesinfo.fr\/gerardmerinfo\/2015\/03\/graines-des-toiles-decouvrez-la-nouvelle-affiche-du-festival\/#respond"]}]},{"@type":"WebPage","@id":"https:\/\/vosgesinfo.fr\/gerardmerinfo\/2015\/03\/graines-des-toiles-decouvrez-la-nouvelle-affiche-du-festival\/","url":"https:\/\/vosgesinfo.fr\/gerardmerinfo\/2015\/03\/graines-des-toiles-decouvrez-la-nouvelle-affiche-du-festival\/","name":"Graines des Toiles : d\u00e9couvrez la nouvelle affiche du festival ! - Gerardmer Info","isPartOf":{"@id":"https:\/\/vosgesinfo.fr\/gerardmerinfo\/#website"},"datePublished":"2015-03-12T17:15:38+00:00","dateModified":"2015-03-12T17:15:38+00:00","breadcrumb":{"@id":"https:\/\/vosgesinfo.fr\/gerardmerinfo\/2015\/03\/graines-des-toiles-decouvrez-la-nouvelle-affiche-du-festival\/#breadcrumb"},"inLanguage":"fr-FR","potentialAction":[{"@type":"ReadAction","target":["https:\/\/vosgesinfo.fr\/gerardmerinfo\/2015\/03\/graines-des-toiles-decouvrez-la-nouvelle-affiche-du-festival\/"]}]},{"@type":"BreadcrumbList","@id":"https:\/\/vosgesinfo.fr\/gerardmerinfo\/2015\/03\/graines-des-toiles-decouvrez-la-nouvelle-affiche-du-festival\/#breadcrumb","itemListElement":[{"@type":"ListItem","position":1,"name":"Home","item":"https:\/\/vosgesinfo.fr\/gerardmerinfo\/"},{"@type":"ListItem","position":2,"name":"Graines des Toiles : d\u00e9couvrez la nouvelle affiche du festival !"}]},{"@type":"WebSite","@id":"https:\/\/vosgesinfo.fr\/gerardmerinfo\/#website","url":"https:\/\/vosgesinfo.fr\/gerardmerinfo\/","name":"Gerardmer Info","description":"Toute l&#039;actualit\u00e9 de G\u00e9rardmer","publisher":{"@id":"https:\/\/vosgesinfo.fr\/gerardmerinfo\/#organization"},"alternateName":"Toute l'actualit\u00e9 de G\u00e9rardmer","potentialAction":[{"@type":"SearchAction","target":{"@type":"EntryPoint","urlTemplate":"https:\/\/vosgesinfo.fr\/gerardmerinfo\/?s={search_term_string}"},"query-input":"required name=search_term_string"}],"inLanguage":"fr-FR"},{"@type":"Organization","@id":"https:\/\/vosgesinfo.fr\/gerardmerinfo\/#organization","name":"Gerardmer Info","url":"https:\/\/vosgesinfo.fr\/gerardmerinfo\/","logo":{"@type":"ImageObject","inLanguage":"fr-FR","@id":"https:\/\/vosgesinfo.fr\/gerardmerinfo\/#\/schema\/logo\/image\/","url":"https:\/\/vosgesinfo.fr\/app\/uploads\/sites\/6\/2023\/08\/favicon-gerardmerinfo.png","contentUrl":"https:\/\/vosgesinfo.fr\/app\/uploads\/sites\/6\/2023\/08\/favicon-gerardmerinfo.png","width":512,"height":512,"caption":"Gerardmer Info"},"image":{"@id":"https:\/\/vosgesinfo.fr\/gerardmerinfo\/#\/schema\/logo\/image\/"},"sameAs":["https:\/\/www.facebook.com\/profile.php?id=100049475262660","https:\/\/x.com\/VosgesInfo88","https:\/\/www.youtube.com\/@vosgesinfo"]},{"@type":"Person","@id":"https:\/\/vosgesinfo.fr\/gerardmerinfo\/#\/schema\/person\/db5605779a843dad16b5368f3e7613a5","name":"QG","image":{"@type":"ImageObject","inLanguage":"fr-FR","@id":"https:\/\/vosgesinfo.fr\/gerardmerinfo\/#\/schema\/person\/image\/","url":"https:\/\/secure.gravatar.com\/avatar\/ea80c42c204b534408512832fde52504ecabb9706bcb6151cf6175e5b64e6793?s=96&d=mm&r=g","contentUrl":"https:\/\/secure.gravatar.com\/avatar\/ea80c42c204b534408512832fde52504ecabb9706bcb6151cf6175e5b64e6793?s=96&d=mm&r=g","caption":"QG"},"url":"https:\/\/vosgesinfo.fr\/gerardmerinfo\/author\/quentin88\/"}]}},"_links":{"self":[{"href":"https:\/\/vosgesinfo.fr\/gerardmerinfo\/wp-json\/wp\/v2\/posts\/12431","targetHints":{"allow":["GET"]}}],"collection":[{"href":"https:\/\/vosgesinfo.fr\/gerardmerinfo\/wp-json\/wp\/v2\/posts"}],"about":[{"href":"https:\/\/vosgesinfo.fr\/gerardmerinfo\/wp-json\/wp\/v2\/types\/post"}],"author":[{"embeddable":true,"href":"https:\/\/vosgesinfo.fr\/gerardmerinfo\/wp-json\/wp\/v2\/users\/42"}],"replies":[{"embeddable":true,"href":"https:\/\/vosgesinfo.fr\/gerardmerinfo\/wp-json\/wp\/v2\/comments?post=12431"}],"version-history":[{"count":0,"href":"https:\/\/vosgesinfo.fr\/gerardmerinfo\/wp-json\/wp\/v2\/posts\/12431\/revisions"}],"wp:attachment":[{"href":"https:\/\/vosgesinfo.fr\/gerardmerinfo\/wp-json\/wp\/v2\/media?parent=12431"}],"wp:term":[{"taxonomy":"category","embeddable":true,"href":"https:\/\/vosgesinfo.fr\/gerardmerinfo\/wp-json\/wp\/v2\/categories?post=12431"},{"taxonomy":"post_tag","embeddable":true,"href":"https:\/\/vosgesinfo.fr\/gerardmerinfo\/wp-json\/wp\/v2\/tags?post=12431"}],"curies":[{"name":"wp","href":"https:\/\/api.w.org\/{rel}","templated":true}]}}