{"id":12432,"date":"2015-03-12T12:22:14","date_gmt":"2015-03-12T11:22:14","guid":{"rendered":"https:\/\/vosgesinfo.fr\/gerardmerinfo\/2015\/03\/carnaval-vittel-en-fete-pendant-tout-le-week-end\/"},"modified":"2015-03-12T12:22:14","modified_gmt":"2015-03-12T11:22:14","slug":"carnaval-vittel-en-fete-pendant-tout-le-week-end","status":"publish","type":"post","link":"https:\/\/vosgesinfo.fr\/gerardmerinfo\/2015\/03\/carnaval-vittel-en-fete-pendant-tout-le-week-end\/","title":{"rendered":"Carnaval : Vittel en f\u00eate pendant tout le week-end"},"content":{"rendered":"<div class=\"entry-byline cf\"><\/div>\n<div class=\"entry-content cf\">\n<p>Le carnaval de Vittel est l\u2019un des plus beaux des Vosges de par le nombre de chars et de formations musicales pr\u00e9sent\u00e9s. C\u2019est sans doute aussi le plus imposant en termes de mobilisations pour les associations et les familles qui s\u2019investissent pendant de longues semaines afin de participer \u00e0 la manifestation. Au d\u00e9fil\u00e9 dans lequel il fait bon vivre de\u00a0 l\u2019int\u00e9rieur de la f\u00eate mais aussi quand on vient dans la cit\u00e9 thermale simplement le temps d\u2019une visite. Alors, pour passer un bon moment un d\u00e9tour s\u2019impose pendant deux jours, le th\u00e8me \u00e9tant \u00ab\u00a0Les 4 saisons\u00a0\u00bb\u2026Vivaldi n\u2019est pas loin forc\u00e9ment, le printemps non plus d\u2019ailleurs.<\/p>\n<p><strong>Toutes les informations :<\/strong><br \/>\n23\u00e8me WEEK-END CARNAVALESQUE : THEME : LES QUATRE SAISONS<br \/>\nLe SAMEDI :<br \/>\nPlace de la Marne \u00e0 16 heures : Carnaval des Enfants, d\u00e9fil\u00e9 en Ville avec Les D\u00e9sjant\u00e9s et Lorraine Percussions \u2013 D\u00e9monstration de Zumbakids avant et apr\u00e8s le d\u00e9fil\u00e9 \u2013 Go\u00fbter offert \u00e0 tous les enfants costum\u00e9s \u00e0 la fin du d\u00e9fil\u00e9.<\/p>\n<p>Salle du Moulin de 21 heures \u00e0 2 h 30 : BAL COSTUME avec l\u2019orchestre FUSION organis\u00e9 par CSV Rugby et les Amis du Rugby<br \/>\nRestauration rapide, concours de costumes<br \/>\nEntr\u00e9e 8 Euros pour les non costum\u00e9s, 4 Euros pour les costum\u00e9s<br \/>\nRenseignements au 06.12.55.12.05<br \/>\nPossibilit\u00e9 de r\u00e9server votre table \u00e0 la Maison des Associations<\/p>\n<p>Le DIMANCHE : Parc de Badenweiler \u00e0 11 h 15 : AUBADE avec les musiques carnavalesques<\/p>\n<p>Place de la Marne \u00e0 15 heures : CORSO CARNAVALESQUE<br \/>\navec plus de 1000 participants, 10 chars, 18 groupes costum\u00e9s, 10 musiques<br \/>\nCIRCUIT : place de la Marne, rue de Verdun, place du G\u00e9n\u00e9ral de Gaulle, rue St Eloi, rue S\u0153ur Catherine, rue Marcel Soulier, avenue Robert de Flers, arriv\u00e9e Place de la Marne et mini-concerts.<br \/>\nConfettis \u2013 ballons \u2013 confiseries \u2013 buvette \u2013 gaufres \u2013 cr\u00eapes<\/p>\n<\/div>\n","protected":false},"excerpt":{"rendered":"<p>Le carnaval de Vittel est l\u2019un des plus beaux des Vosges de par le nombre de chars et de formations [&hellip;]<\/p>\n","protected":false},"author":1,"featured_media":0,"comment_status":"open","ping_status":"open","sticky":false,"template":"","format":"standard","meta":{"footnotes":""},"categories":[24,18],"tags":[],"class_list":["post-12432","post","type-post","status-publish","format-standard","hentry","category-evenements","category-vosges"],"acf":[],"yoast_head":"<!-- This site is optimized with the Yoast SEO plugin v22.5 - https:\/\/yoast.com\/wordpress\/plugins\/seo\/ -->\n<title>Carnaval : Vittel en f\u00eate pendant tout le week-end - Gerardmer Info<\/title>\n<meta name=\"robots\" content=\"index, follow, max-snippet:-1, max-image-preview:large, max-video-preview:-1\" \/>\n<link rel=\"canonical\" href=\"https:\/\/vosgesinfo.fr\/gerardmerinfo\/2015\/03\/carnaval-vittel-en-fete-pendant-tout-le-week-end\/\" \/>\n<meta name=\"twitter:card\" content=\"summary_large_image\" \/>\n<meta name=\"twitter:title\" content=\"Carnaval : Vittel en f\u00eate pendant tout le week-end - Gerardmer Info\" \/>\n<meta name=\"twitter:description\" content=\"Le carnaval de Vittel est l\u2019un des plus beaux des Vosges de par le nombre de chars et de formations [&hellip;]\" \/>\n<meta name=\"twitter:creator\" content=\"@VosgesInfo88\" \/>\n<meta name=\"twitter:site\" content=\"@VosgesInfo88\" \/>\n<meta name=\"twitter:label1\" content=\"\u00c9crit par\" \/>\n\t<meta name=\"twitter:data1\" content=\"qs_admin\" \/>\n\t<meta name=\"twitter:label2\" content=\"Dur\u00e9e de lecture estim\u00e9e\" \/>\n\t<meta name=\"twitter:data2\" content=\"1 minute\" \/>\n<script type=\"application\/ld+json\" class=\"yoast-schema-graph\">{\"@context\":\"https:\/\/schema.org\",\"@graph\":[{\"@type\":\"Article\",\"@id\":\"https:\/\/vosgesinfo.fr\/gerardmerinfo\/2015\/03\/carnaval-vittel-en-fete-pendant-tout-le-week-end\/#article\",\"isPartOf\":{\"@id\":\"https:\/\/vosgesinfo.fr\/gerardmerinfo\/2015\/03\/carnaval-vittel-en-fete-pendant-tout-le-week-end\/\"},\"author\":{\"name\":\"qs_admin\",\"@id\":\"https:\/\/vosgesinfo.fr\/gerardmerinfo\/#\/schema\/person\/bc5d02d71e6932e81b6dadb7386667b1\"},\"headline\":\"Carnaval : Vittel en f\u00eate pendant tout le week-end\",\"datePublished\":\"2015-03-12T11:22:14+00:00\",\"dateModified\":\"2015-03-12T11:22:14+00:00\",\"mainEntityOfPage\":{\"@id\":\"https:\/\/vosgesinfo.fr\/gerardmerinfo\/2015\/03\/carnaval-vittel-en-fete-pendant-tout-le-week-end\/\"},\"wordCount\":307,\"commentCount\":0,\"publisher\":{\"@id\":\"https:\/\/vosgesinfo.fr\/gerardmerinfo\/#organization\"},\"articleSection\":[\"Ev\u00e8nements\",\"Vosges\"],\"inLanguage\":\"fr-FR\",\"potentialAction\":[{\"@type\":\"CommentAction\",\"name\":\"Comment\",\"target\":[\"https:\/\/vosgesinfo.fr\/gerardmerinfo\/2015\/03\/carnaval-vittel-en-fete-pendant-tout-le-week-end\/#respond\"]}]},{\"@type\":\"WebPage\",\"@id\":\"https:\/\/vosgesinfo.fr\/gerardmerinfo\/2015\/03\/carnaval-vittel-en-fete-pendant-tout-le-week-end\/\",\"url\":\"https:\/\/vosgesinfo.fr\/gerardmerinfo\/2015\/03\/carnaval-vittel-en-fete-pendant-tout-le-week-end\/\",\"name\":\"Carnaval : Vittel en f\u00eate pendant tout le week-end - Gerardmer Info\",\"isPartOf\":{\"@id\":\"https:\/\/vosgesinfo.fr\/gerardmerinfo\/#website\"},\"datePublished\":\"2015-03-12T11:22:14+00:00\",\"dateModified\":\"2015-03-12T11:22:14+00:00\",\"breadcrumb\":{\"@id\":\"https:\/\/vosgesinfo.fr\/gerardmerinfo\/2015\/03\/carnaval-vittel-en-fete-pendant-tout-le-week-end\/#breadcrumb\"},\"inLanguage\":\"fr-FR\",\"potentialAction\":[{\"@type\":\"ReadAction\",\"target\":[\"https:\/\/vosgesinfo.fr\/gerardmerinfo\/2015\/03\/carnaval-vittel-en-fete-pendant-tout-le-week-end\/\"]}]},{\"@type\":\"BreadcrumbList\",\"@id\":\"https:\/\/vosgesinfo.fr\/gerardmerinfo\/2015\/03\/carnaval-vittel-en-fete-pendant-tout-le-week-end\/#breadcrumb\",\"itemListElement\":[{\"@type\":\"ListItem\",\"position\":1,\"name\":\"Home\",\"item\":\"https:\/\/vosgesinfo.fr\/gerardmerinfo\/\"},{\"@type\":\"ListItem\",\"position\":2,\"name\":\"Carnaval : Vittel en f\u00eate pendant tout le week-end\"}]},{\"@type\":\"WebSite\",\"@id\":\"https:\/\/vosgesinfo.fr\/gerardmerinfo\/#website\",\"url\":\"https:\/\/vosgesinfo.fr\/gerardmerinfo\/\",\"name\":\"Gerardmer Info\",\"description\":\"Toute l&#039;actualit\u00e9 de G\u00e9rardmer\",\"publisher\":{\"@id\":\"https:\/\/vosgesinfo.fr\/gerardmerinfo\/#organization\"},\"alternateName\":\"Toute l'actualit\u00e9 de G\u00e9rardmer\",\"potentialAction\":[{\"@type\":\"SearchAction\",\"target\":{\"@type\":\"EntryPoint\",\"urlTemplate\":\"https:\/\/vosgesinfo.fr\/gerardmerinfo\/?s={search_term_string}\"},\"query-input\":\"required name=search_term_string\"}],\"inLanguage\":\"fr-FR\"},{\"@type\":\"Organization\",\"@id\":\"https:\/\/vosgesinfo.fr\/gerardmerinfo\/#organization\",\"name\":\"Gerardmer Info\",\"url\":\"https:\/\/vosgesinfo.fr\/gerardmerinfo\/\",\"logo\":{\"@type\":\"ImageObject\",\"inLanguage\":\"fr-FR\",\"@id\":\"https:\/\/vosgesinfo.fr\/gerardmerinfo\/#\/schema\/logo\/image\/\",\"url\":\"https:\/\/vosgesinfo.fr\/app\/uploads\/sites\/6\/2023\/08\/favicon-gerardmerinfo.png\",\"contentUrl\":\"https:\/\/vosgesinfo.fr\/app\/uploads\/sites\/6\/2023\/08\/favicon-gerardmerinfo.png\",\"width\":512,\"height\":512,\"caption\":\"Gerardmer Info\"},\"image\":{\"@id\":\"https:\/\/vosgesinfo.fr\/gerardmerinfo\/#\/schema\/logo\/image\/\"},\"sameAs\":[\"https:\/\/www.facebook.com\/profile.php?id=100049475262660\",\"https:\/\/x.com\/VosgesInfo88\",\"https:\/\/www.youtube.com\/@vosgesinfo\"]},{\"@type\":\"Person\",\"@id\":\"https:\/\/vosgesinfo.fr\/gerardmerinfo\/#\/schema\/person\/bc5d02d71e6932e81b6dadb7386667b1\",\"name\":\"qs_admin\",\"image\":{\"@type\":\"ImageObject\",\"inLanguage\":\"fr-FR\",\"@id\":\"https:\/\/vosgesinfo.fr\/gerardmerinfo\/#\/schema\/person\/image\/\",\"url\":\"https:\/\/secure.gravatar.com\/avatar\/94b18ee0ed79e4a42ea2f2931277b6841a8999fc6fde214600c78057cf1fe1de?s=96&d=mm&r=g\",\"contentUrl\":\"https:\/\/secure.gravatar.com\/avatar\/94b18ee0ed79e4a42ea2f2931277b6841a8999fc6fde214600c78057cf1fe1de?s=96&d=mm&r=g\",\"caption\":\"qs_admin\"},\"sameAs\":[\"https:\/\/vosgesinfo.fr\/wp\"],\"url\":\"https:\/\/vosgesinfo.fr\/gerardmerinfo\/author\/qs_admin\/\"}]}<\/script>\n<!-- \/ Yoast SEO plugin. -->","yoast_head_json":{"title":"Carnaval : Vittel en f\u00eate pendant tout le week-end - Gerardmer Info","robots":{"index":"index","follow":"follow","max-snippet":"max-snippet:-1","max-image-preview":"max-image-preview:large","max-video-preview":"max-video-preview:-1"},"canonical":"https:\/\/vosgesinfo.fr\/gerardmerinfo\/2015\/03\/carnaval-vittel-en-fete-pendant-tout-le-week-end\/","twitter_card":"summary_large_image","twitter_title":"Carnaval : Vittel en f\u00eate pendant tout le week-end - Gerardmer Info","twitter_description":"Le carnaval de Vittel est l\u2019un des plus beaux des Vosges de par le nombre de chars et de formations [&hellip;]","twitter_creator":"@VosgesInfo88","twitter_site":"@VosgesInfo88","twitter_misc":{"\u00c9crit par":"qs_admin","Dur\u00e9e de lecture estim\u00e9e":"1 minute"},"schema":{"@context":"https:\/\/schema.org","@graph":[{"@type":"Article","@id":"https:\/\/vosgesinfo.fr\/gerardmerinfo\/2015\/03\/carnaval-vittel-en-fete-pendant-tout-le-week-end\/#article","isPartOf":{"@id":"https:\/\/vosgesinfo.fr\/gerardmerinfo\/2015\/03\/carnaval-vittel-en-fete-pendant-tout-le-week-end\/"},"author":{"name":"qs_admin","@id":"https:\/\/vosgesinfo.fr\/gerardmerinfo\/#\/schema\/person\/bc5d02d71e6932e81b6dadb7386667b1"},"headline":"Carnaval : Vittel en f\u00eate pendant tout le week-end","datePublished":"2015-03-12T11:22:14+00:00","dateModified":"2015-03-12T11:22:14+00:00","mainEntityOfPage":{"@id":"https:\/\/vosgesinfo.fr\/gerardmerinfo\/2015\/03\/carnaval-vittel-en-fete-pendant-tout-le-week-end\/"},"wordCount":307,"commentCount":0,"publisher":{"@id":"https:\/\/vosgesinfo.fr\/gerardmerinfo\/#organization"},"articleSection":["Ev\u00e8nements","Vosges"],"inLanguage":"fr-FR","potentialAction":[{"@type":"CommentAction","name":"Comment","target":["https:\/\/vosgesinfo.fr\/gerardmerinfo\/2015\/03\/carnaval-vittel-en-fete-pendant-tout-le-week-end\/#respond"]}]},{"@type":"WebPage","@id":"https:\/\/vosgesinfo.fr\/gerardmerinfo\/2015\/03\/carnaval-vittel-en-fete-pendant-tout-le-week-end\/","url":"https:\/\/vosgesinfo.fr\/gerardmerinfo\/2015\/03\/carnaval-vittel-en-fete-pendant-tout-le-week-end\/","name":"Carnaval : Vittel en f\u00eate pendant tout le week-end - Gerardmer Info","isPartOf":{"@id":"https:\/\/vosgesinfo.fr\/gerardmerinfo\/#website"},"datePublished":"2015-03-12T11:22:14+00:00","dateModified":"2015-03-12T11:22:14+00:00","breadcrumb":{"@id":"https:\/\/vosgesinfo.fr\/gerardmerinfo\/2015\/03\/carnaval-vittel-en-fete-pendant-tout-le-week-end\/#breadcrumb"},"inLanguage":"fr-FR","potentialAction":[{"@type":"ReadAction","target":["https:\/\/vosgesinfo.fr\/gerardmerinfo\/2015\/03\/carnaval-vittel-en-fete-pendant-tout-le-week-end\/"]}]},{"@type":"BreadcrumbList","@id":"https:\/\/vosgesinfo.fr\/gerardmerinfo\/2015\/03\/carnaval-vittel-en-fete-pendant-tout-le-week-end\/#breadcrumb","itemListElement":[{"@type":"ListItem","position":1,"name":"Home","item":"https:\/\/vosgesinfo.fr\/gerardmerinfo\/"},{"@type":"ListItem","position":2,"name":"Carnaval : Vittel en f\u00eate pendant tout le week-end"}]},{"@type":"WebSite","@id":"https:\/\/vosgesinfo.fr\/gerardmerinfo\/#website","url":"https:\/\/vosgesinfo.fr\/gerardmerinfo\/","name":"Gerardmer Info","description":"Toute l&#039;actualit\u00e9 de G\u00e9rardmer","publisher":{"@id":"https:\/\/vosgesinfo.fr\/gerardmerinfo\/#organization"},"alternateName":"Toute l'actualit\u00e9 de G\u00e9rardmer","potentialAction":[{"@type":"SearchAction","target":{"@type":"EntryPoint","urlTemplate":"https:\/\/vosgesinfo.fr\/gerardmerinfo\/?s={search_term_string}"},"query-input":"required name=search_term_string"}],"inLanguage":"fr-FR"},{"@type":"Organization","@id":"https:\/\/vosgesinfo.fr\/gerardmerinfo\/#organization","name":"Gerardmer Info","url":"https:\/\/vosgesinfo.fr\/gerardmerinfo\/","logo":{"@type":"ImageObject","inLanguage":"fr-FR","@id":"https:\/\/vosgesinfo.fr\/gerardmerinfo\/#\/schema\/logo\/image\/","url":"https:\/\/vosgesinfo.fr\/app\/uploads\/sites\/6\/2023\/08\/favicon-gerardmerinfo.png","contentUrl":"https:\/\/vosgesinfo.fr\/app\/uploads\/sites\/6\/2023\/08\/favicon-gerardmerinfo.png","width":512,"height":512,"caption":"Gerardmer Info"},"image":{"@id":"https:\/\/vosgesinfo.fr\/gerardmerinfo\/#\/schema\/logo\/image\/"},"sameAs":["https:\/\/www.facebook.com\/profile.php?id=100049475262660","https:\/\/x.com\/VosgesInfo88","https:\/\/www.youtube.com\/@vosgesinfo"]},{"@type":"Person","@id":"https:\/\/vosgesinfo.fr\/gerardmerinfo\/#\/schema\/person\/bc5d02d71e6932e81b6dadb7386667b1","name":"qs_admin","image":{"@type":"ImageObject","inLanguage":"fr-FR","@id":"https:\/\/vosgesinfo.fr\/gerardmerinfo\/#\/schema\/person\/image\/","url":"https:\/\/secure.gravatar.com\/avatar\/94b18ee0ed79e4a42ea2f2931277b6841a8999fc6fde214600c78057cf1fe1de?s=96&d=mm&r=g","contentUrl":"https:\/\/secure.gravatar.com\/avatar\/94b18ee0ed79e4a42ea2f2931277b6841a8999fc6fde214600c78057cf1fe1de?s=96&d=mm&r=g","caption":"qs_admin"},"sameAs":["https:\/\/vosgesinfo.fr\/wp"],"url":"https:\/\/vosgesinfo.fr\/gerardmerinfo\/author\/qs_admin\/"}]}},"_links":{"self":[{"href":"https:\/\/vosgesinfo.fr\/gerardmerinfo\/wp-json\/wp\/v2\/posts\/12432","targetHints":{"allow":["GET"]}}],"collection":[{"href":"https:\/\/vosgesinfo.fr\/gerardmerinfo\/wp-json\/wp\/v2\/posts"}],"about":[{"href":"https:\/\/vosgesinfo.fr\/gerardmerinfo\/wp-json\/wp\/v2\/types\/post"}],"author":[{"embeddable":true,"href":"https:\/\/vosgesinfo.fr\/gerardmerinfo\/wp-json\/wp\/v2\/users\/1"}],"replies":[{"embeddable":true,"href":"https:\/\/vosgesinfo.fr\/gerardmerinfo\/wp-json\/wp\/v2\/comments?post=12432"}],"version-history":[{"count":0,"href":"https:\/\/vosgesinfo.fr\/gerardmerinfo\/wp-json\/wp\/v2\/posts\/12432\/revisions"}],"wp:attachment":[{"href":"https:\/\/vosgesinfo.fr\/gerardmerinfo\/wp-json\/wp\/v2\/media?parent=12432"}],"wp:term":[{"taxonomy":"category","embeddable":true,"href":"https:\/\/vosgesinfo.fr\/gerardmerinfo\/wp-json\/wp\/v2\/categories?post=12432"},{"taxonomy":"post_tag","embeddable":true,"href":"https:\/\/vosgesinfo.fr\/gerardmerinfo\/wp-json\/wp\/v2\/tags?post=12432"}],"curies":[{"name":"wp","href":"https:\/\/api.w.org\/{rel}","templated":true}]}}