{"id":12434,"date":"2015-03-12T18:15:34","date_gmt":"2015-03-12T17:15:34","guid":{"rendered":"https:\/\/vosgesinfo.fr\/gerardmerinfo\/2015\/03\/tete-de-riviere-de-toul-coup-denvoi-des-festivites-2015\/"},"modified":"2015-03-12T18:15:34","modified_gmt":"2015-03-12T17:15:34","slug":"tete-de-riviere-de-toul-coup-denvoi-des-festivites-2015","status":"publish","type":"post","link":"https:\/\/vosgesinfo.fr\/gerardmerinfo\/2015\/03\/tete-de-riviere-de-toul-coup-denvoi-des-festivites-2015\/","title":{"rendered":"T\u00eate de rivi\u00e8re de Toul : coup d\u2019envoi des festivit\u00e9s 2015 !"},"content":{"rendered":"<p>&nbsp;<\/p>\n Paul Tixier &amp; Etienne Juillet\n<p>&nbsp;<\/p>\n<p><strong>Le dimanche 8 mars, c\u2019\u00e9tait la T\u00eate de Rivi\u00e8re de Toul, traditionnelle comp\u00e9tition qui marque le coup d\u2019envoi de la saison 2015 et de ses \u00e9ch\u00e9ances majeures !<\/strong><\/p>\n<p>Cette course de 6000m\u00e8tres pour les juniors\/seniors, 4000m\u00e8tres pour les cadets\/minimes permet aux diff\u00e9rentes cat\u00e9gories de se faire une premi\u00e8re id\u00e9e de classement, d\u2019axe de progression par rapport aux autres rameurs de la zone.<\/p>\n<p>Conditions exceptionnelles pour le jour J et belles performances dans l\u2019ensemble.<\/p>\n<p>Notamment pour <strong>Paul Tixier et son co\u00e9quipier \u00c9tienne Juillet<\/strong> (CN Verdun) qui remportent la course junior deux sans barreur.<\/p>\n<p>Bravo \u00e9galement \u00e0 Justine Lecomte qui termine \u00e0 la 2\u00e8me place skiff s\u00e9niores dame, \u00e0 seulement une dizaine de seconde de Camille Juillet, favorite de la course.<\/p>\n<p>Son fr\u00e8re, Thibault, fut l\u00e9g\u00e8rement en retrait par rapport aux esp\u00e9rances, il se classe 2\u00e8me \u00e0 moins d\u2019une minute de son concurrent favori, Pierre Houin. N\u00e9anmoins, il se classe au scratch (toutes cat\u00e9gories seniors confondues) 2\u00e8me \u00e9galement, ce qui est honorable !<\/p>\n<p>Quentin Pierre en toute cat\u00e9gorie senior skiff, termine 6\u00e8me.<\/p>\n<p>Les cadets n\u2019ont pas d\u00e9m\u00e9rit\u00e9 : malgr\u00e9 l\u2019absence d\u2019Anthony Pierrel, t\u00eate de proue de la cat\u00e9gorie g\u00e9r\u00f4moise cadet, les 5 participants r\u00e9alisent de bons temps.<\/p>\n<p>Les cadettes de leur c\u00f4t\u00e9 \u00e9taient au nombre de 2, bonnes performances \u00e9galement pour elles.<\/p>\n<p>Les minimes filles et gar\u00e7ons courraient en 4 barr\u00e9, pour \u00ab le fun \u00bb, et ont pass\u00e9 une journ\u00e9e riche en efforts et \u00e9motions. Bravo \u00e0 eux !<\/p>\n<p>Attention, au niveau des classements minimes et cadets, des erreurs se sont produites dans les temps chrono et les classements officiels ne sont donc pas fiables \u00e0 100%.<\/p>\n<p>Les r\u00e9sultats dans le d\u00e9tail :\u00a0Resultats_avec_Temps_prono_TDR_Toul_08-03-15<\/p>\n<p>&nbsp;<\/p>\n<p style=\"text-align: center;\"><strong>Les prochaines \u00e9ch\u00e9ances :<\/strong><\/p>\n<p>* Championnats de zone NE juniors et seniors bateaux courts le 28 29 mars \u00e0 Gravelines. Comp\u00e9tition permettant la s\u00e9lection pour les Championnats de France Bateaux Courts \u00e0 Cazaubon, les 10 et 11 avril 2015. (S\u00e9lection pour les \u00e9quipages nationaux 2015)<\/p>\n<p>Les participants :<\/p>\n<p>o Justine Lecomte : s\u00e9niore skiff toute cat\u00e9gorie<\/p>\n<p>o Thibault Lecomte : senior skiff Poid L\u00e9ger<\/p>\n<p>o Quentin Pierre : Senior skiff toute cat\u00e9gorie<\/p>\n<p>o Paul Tixier et \u00c9tienne Juillet : junior deux sans barreur. Les 2 rameurs seront s\u00e9lectionn\u00e9s d\u2019office au Championnat de France bateaux courts, gr\u00e2ce \u00e0 un syst\u00e8me de quota qui favorise les meilleures embarcations fran\u00e7aises, dont ils font partis.<\/p>\n<p>* Championnats de Lorraine \u00e0 G\u00e9rardmer le 5 avril 2015. Comp\u00e9tition permettant la s\u00e9lection pour les \u00e9quipages lorrains cadets 2015.<\/p>\n<p><strong>Cr\u00e9dit photo : Patricia Tixier.<\/strong><\/p>\n Justine lecomte\n","protected":false},"excerpt":{"rendered":"<p>&nbsp; &nbsp; Le dimanche 8 mars, c\u2019\u00e9tait la T\u00eate de Rivi\u00e8re de Toul, traditionnelle comp\u00e9tition qui marque le coup d\u2019envoi [&hellip;]<\/p>\n","protected":false},"author":133,"featured_media":0,"comment_status":"open","ping_status":"open","sticky":false,"template":"","format":"standard","meta":{"footnotes":""},"categories":[8],"tags":[],"class_list":["post-12434","post","type-post","status-publish","format-standard","hentry","category-faits-divers"],"acf":[],"yoast_head":"<!-- This site is optimized with the Yoast SEO plugin v22.5 - https:\/\/yoast.com\/wordpress\/plugins\/seo\/ -->\n<title>T\u00eate de rivi\u00e8re de Toul : coup d\u2019envoi des festivit\u00e9s 2015 ! - Gerardmer Info<\/title>\n<meta name=\"robots\" content=\"index, follow, max-snippet:-1, max-image-preview:large, max-video-preview:-1\" \/>\n<link rel=\"canonical\" href=\"https:\/\/vosgesinfo.fr\/gerardmerinfo\/2015\/03\/tete-de-riviere-de-toul-coup-denvoi-des-festivites-2015\/\" \/>\n<meta name=\"twitter:card\" content=\"summary_large_image\" \/>\n<meta name=\"twitter:title\" content=\"T\u00eate de rivi\u00e8re de Toul : coup d\u2019envoi des festivit\u00e9s 2015 ! - Gerardmer Info\" \/>\n<meta name=\"twitter:description\" content=\"&nbsp; &nbsp; Le dimanche 8 mars, c\u2019\u00e9tait la T\u00eate de Rivi\u00e8re de Toul, traditionnelle comp\u00e9tition qui marque le coup d\u2019envoi [&hellip;]\" \/>\n<meta name=\"twitter:creator\" content=\"@VosgesInfo88\" \/>\n<meta name=\"twitter:site\" content=\"@VosgesInfo88\" \/>\n<meta name=\"twitter:label1\" content=\"\u00c9crit par\" \/>\n\t<meta name=\"twitter:data1\" content=\"P. L\" \/>\n\t<meta name=\"twitter:label2\" content=\"Dur\u00e9e de lecture estim\u00e9e\" \/>\n\t<meta name=\"twitter:data2\" content=\"2 minutes\" \/>\n<script type=\"application\/ld+json\" class=\"yoast-schema-graph\">{\"@context\":\"https:\/\/schema.org\",\"@graph\":[{\"@type\":\"Article\",\"@id\":\"https:\/\/vosgesinfo.fr\/gerardmerinfo\/2015\/03\/tete-de-riviere-de-toul-coup-denvoi-des-festivites-2015\/#article\",\"isPartOf\":{\"@id\":\"https:\/\/vosgesinfo.fr\/gerardmerinfo\/2015\/03\/tete-de-riviere-de-toul-coup-denvoi-des-festivites-2015\/\"},\"author\":{\"name\":\"P. L\",\"@id\":\"https:\/\/vosgesinfo.fr\/gerardmerinfo\/#\/schema\/person\/51ef757532e0884e462598d6edd026ca\"},\"headline\":\"T\u00eate de rivi\u00e8re de Toul : coup d\u2019envoi des festivit\u00e9s 2015 !\",\"datePublished\":\"2015-03-12T17:15:34+00:00\",\"dateModified\":\"2015-03-12T17:15:34+00:00\",\"mainEntityOfPage\":{\"@id\":\"https:\/\/vosgesinfo.fr\/gerardmerinfo\/2015\/03\/tete-de-riviere-de-toul-coup-denvoi-des-festivites-2015\/\"},\"wordCount\":470,\"commentCount\":0,\"publisher\":{\"@id\":\"https:\/\/vosgesinfo.fr\/gerardmerinfo\/#organization\"},\"articleSection\":[\"Faits-divers\"],\"inLanguage\":\"fr-FR\",\"potentialAction\":[{\"@type\":\"CommentAction\",\"name\":\"Comment\",\"target\":[\"https:\/\/vosgesinfo.fr\/gerardmerinfo\/2015\/03\/tete-de-riviere-de-toul-coup-denvoi-des-festivites-2015\/#respond\"]}]},{\"@type\":\"WebPage\",\"@id\":\"https:\/\/vosgesinfo.fr\/gerardmerinfo\/2015\/03\/tete-de-riviere-de-toul-coup-denvoi-des-festivites-2015\/\",\"url\":\"https:\/\/vosgesinfo.fr\/gerardmerinfo\/2015\/03\/tete-de-riviere-de-toul-coup-denvoi-des-festivites-2015\/\",\"name\":\"T\u00eate de rivi\u00e8re de Toul : coup d\u2019envoi des festivit\u00e9s 2015 ! - Gerardmer Info\",\"isPartOf\":{\"@id\":\"https:\/\/vosgesinfo.fr\/gerardmerinfo\/#website\"},\"datePublished\":\"2015-03-12T17:15:34+00:00\",\"dateModified\":\"2015-03-12T17:15:34+00:00\",\"breadcrumb\":{\"@id\":\"https:\/\/vosgesinfo.fr\/gerardmerinfo\/2015\/03\/tete-de-riviere-de-toul-coup-denvoi-des-festivites-2015\/#breadcrumb\"},\"inLanguage\":\"fr-FR\",\"potentialAction\":[{\"@type\":\"ReadAction\",\"target\":[\"https:\/\/vosgesinfo.fr\/gerardmerinfo\/2015\/03\/tete-de-riviere-de-toul-coup-denvoi-des-festivites-2015\/\"]}]},{\"@type\":\"BreadcrumbList\",\"@id\":\"https:\/\/vosgesinfo.fr\/gerardmerinfo\/2015\/03\/tete-de-riviere-de-toul-coup-denvoi-des-festivites-2015\/#breadcrumb\",\"itemListElement\":[{\"@type\":\"ListItem\",\"position\":1,\"name\":\"Home\",\"item\":\"https:\/\/vosgesinfo.fr\/gerardmerinfo\/\"},{\"@type\":\"ListItem\",\"position\":2,\"name\":\"T\u00eate de rivi\u00e8re de Toul : coup d\u2019envoi des festivit\u00e9s 2015 !\"}]},{\"@type\":\"WebSite\",\"@id\":\"https:\/\/vosgesinfo.fr\/gerardmerinfo\/#website\",\"url\":\"https:\/\/vosgesinfo.fr\/gerardmerinfo\/\",\"name\":\"Gerardmer Info\",\"description\":\"Toute l&#039;actualit\u00e9 de G\u00e9rardmer\",\"publisher\":{\"@id\":\"https:\/\/vosgesinfo.fr\/gerardmerinfo\/#organization\"},\"alternateName\":\"Toute l'actualit\u00e9 de G\u00e9rardmer\",\"potentialAction\":[{\"@type\":\"SearchAction\",\"target\":{\"@type\":\"EntryPoint\",\"urlTemplate\":\"https:\/\/vosgesinfo.fr\/gerardmerinfo\/?s={search_term_string}\"},\"query-input\":\"required name=search_term_string\"}],\"inLanguage\":\"fr-FR\"},{\"@type\":\"Organization\",\"@id\":\"https:\/\/vosgesinfo.fr\/gerardmerinfo\/#organization\",\"name\":\"Gerardmer Info\",\"url\":\"https:\/\/vosgesinfo.fr\/gerardmerinfo\/\",\"logo\":{\"@type\":\"ImageObject\",\"inLanguage\":\"fr-FR\",\"@id\":\"https:\/\/vosgesinfo.fr\/gerardmerinfo\/#\/schema\/logo\/image\/\",\"url\":\"https:\/\/vosgesinfo.fr\/app\/uploads\/sites\/6\/2023\/08\/favicon-gerardmerinfo.png\",\"contentUrl\":\"https:\/\/vosgesinfo.fr\/app\/uploads\/sites\/6\/2023\/08\/favicon-gerardmerinfo.png\",\"width\":512,\"height\":512,\"caption\":\"Gerardmer Info\"},\"image\":{\"@id\":\"https:\/\/vosgesinfo.fr\/gerardmerinfo\/#\/schema\/logo\/image\/\"},\"sameAs\":[\"https:\/\/www.facebook.com\/profile.php?id=100049475262660\",\"https:\/\/x.com\/VosgesInfo88\",\"https:\/\/www.youtube.com\/@vosgesinfo\"]},{\"@type\":\"Person\",\"@id\":\"https:\/\/vosgesinfo.fr\/gerardmerinfo\/#\/schema\/person\/51ef757532e0884e462598d6edd026ca\",\"name\":\"P. L\",\"image\":{\"@type\":\"ImageObject\",\"inLanguage\":\"fr-FR\",\"@id\":\"https:\/\/vosgesinfo.fr\/gerardmerinfo\/#\/schema\/person\/image\/\",\"url\":\"https:\/\/secure.gravatar.com\/avatar\/402dc2a64d46876cd788d648ef86f853592da6b2f0e9d5c0a09fef41795df49c?s=96&d=mm&r=g\",\"contentUrl\":\"https:\/\/secure.gravatar.com\/avatar\/402dc2a64d46876cd788d648ef86f853592da6b2f0e9d5c0a09fef41795df49c?s=96&d=mm&r=g\",\"caption\":\"P. L\"},\"url\":\"https:\/\/vosgesinfo.fr\/gerardmerinfo\/author\/pauline-lecomte\/\"}]}<\/script>\n<!-- \/ Yoast SEO plugin. -->","yoast_head_json":{"title":"T\u00eate de rivi\u00e8re de Toul : coup d\u2019envoi des festivit\u00e9s 2015 ! - Gerardmer Info","robots":{"index":"index","follow":"follow","max-snippet":"max-snippet:-1","max-image-preview":"max-image-preview:large","max-video-preview":"max-video-preview:-1"},"canonical":"https:\/\/vosgesinfo.fr\/gerardmerinfo\/2015\/03\/tete-de-riviere-de-toul-coup-denvoi-des-festivites-2015\/","twitter_card":"summary_large_image","twitter_title":"T\u00eate de rivi\u00e8re de Toul : coup d\u2019envoi des festivit\u00e9s 2015 ! - Gerardmer Info","twitter_description":"&nbsp; &nbsp; Le dimanche 8 mars, c\u2019\u00e9tait la T\u00eate de Rivi\u00e8re de Toul, traditionnelle comp\u00e9tition qui marque le coup d\u2019envoi [&hellip;]","twitter_creator":"@VosgesInfo88","twitter_site":"@VosgesInfo88","twitter_misc":{"\u00c9crit par":"P. L","Dur\u00e9e de lecture estim\u00e9e":"2 minutes"},"schema":{"@context":"https:\/\/schema.org","@graph":[{"@type":"Article","@id":"https:\/\/vosgesinfo.fr\/gerardmerinfo\/2015\/03\/tete-de-riviere-de-toul-coup-denvoi-des-festivites-2015\/#article","isPartOf":{"@id":"https:\/\/vosgesinfo.fr\/gerardmerinfo\/2015\/03\/tete-de-riviere-de-toul-coup-denvoi-des-festivites-2015\/"},"author":{"name":"P. L","@id":"https:\/\/vosgesinfo.fr\/gerardmerinfo\/#\/schema\/person\/51ef757532e0884e462598d6edd026ca"},"headline":"T\u00eate de rivi\u00e8re de Toul : coup d\u2019envoi des festivit\u00e9s 2015 !","datePublished":"2015-03-12T17:15:34+00:00","dateModified":"2015-03-12T17:15:34+00:00","mainEntityOfPage":{"@id":"https:\/\/vosgesinfo.fr\/gerardmerinfo\/2015\/03\/tete-de-riviere-de-toul-coup-denvoi-des-festivites-2015\/"},"wordCount":470,"commentCount":0,"publisher":{"@id":"https:\/\/vosgesinfo.fr\/gerardmerinfo\/#organization"},"articleSection":["Faits-divers"],"inLanguage":"fr-FR","potentialAction":[{"@type":"CommentAction","name":"Comment","target":["https:\/\/vosgesinfo.fr\/gerardmerinfo\/2015\/03\/tete-de-riviere-de-toul-coup-denvoi-des-festivites-2015\/#respond"]}]},{"@type":"WebPage","@id":"https:\/\/vosgesinfo.fr\/gerardmerinfo\/2015\/03\/tete-de-riviere-de-toul-coup-denvoi-des-festivites-2015\/","url":"https:\/\/vosgesinfo.fr\/gerardmerinfo\/2015\/03\/tete-de-riviere-de-toul-coup-denvoi-des-festivites-2015\/","name":"T\u00eate de rivi\u00e8re de Toul : coup d\u2019envoi des festivit\u00e9s 2015 ! - Gerardmer Info","isPartOf":{"@id":"https:\/\/vosgesinfo.fr\/gerardmerinfo\/#website"},"datePublished":"2015-03-12T17:15:34+00:00","dateModified":"2015-03-12T17:15:34+00:00","breadcrumb":{"@id":"https:\/\/vosgesinfo.fr\/gerardmerinfo\/2015\/03\/tete-de-riviere-de-toul-coup-denvoi-des-festivites-2015\/#breadcrumb"},"inLanguage":"fr-FR","potentialAction":[{"@type":"ReadAction","target":["https:\/\/vosgesinfo.fr\/gerardmerinfo\/2015\/03\/tete-de-riviere-de-toul-coup-denvoi-des-festivites-2015\/"]}]},{"@type":"BreadcrumbList","@id":"https:\/\/vosgesinfo.fr\/gerardmerinfo\/2015\/03\/tete-de-riviere-de-toul-coup-denvoi-des-festivites-2015\/#breadcrumb","itemListElement":[{"@type":"ListItem","position":1,"name":"Home","item":"https:\/\/vosgesinfo.fr\/gerardmerinfo\/"},{"@type":"ListItem","position":2,"name":"T\u00eate de rivi\u00e8re de Toul : coup d\u2019envoi des festivit\u00e9s 2015 !"}]},{"@type":"WebSite","@id":"https:\/\/vosgesinfo.fr\/gerardmerinfo\/#website","url":"https:\/\/vosgesinfo.fr\/gerardmerinfo\/","name":"Gerardmer Info","description":"Toute l&#039;actualit\u00e9 de G\u00e9rardmer","publisher":{"@id":"https:\/\/vosgesinfo.fr\/gerardmerinfo\/#organization"},"alternateName":"Toute l'actualit\u00e9 de G\u00e9rardmer","potentialAction":[{"@type":"SearchAction","target":{"@type":"EntryPoint","urlTemplate":"https:\/\/vosgesinfo.fr\/gerardmerinfo\/?s={search_term_string}"},"query-input":"required name=search_term_string"}],"inLanguage":"fr-FR"},{"@type":"Organization","@id":"https:\/\/vosgesinfo.fr\/gerardmerinfo\/#organization","name":"Gerardmer Info","url":"https:\/\/vosgesinfo.fr\/gerardmerinfo\/","logo":{"@type":"ImageObject","inLanguage":"fr-FR","@id":"https:\/\/vosgesinfo.fr\/gerardmerinfo\/#\/schema\/logo\/image\/","url":"https:\/\/vosgesinfo.fr\/app\/uploads\/sites\/6\/2023\/08\/favicon-gerardmerinfo.png","contentUrl":"https:\/\/vosgesinfo.fr\/app\/uploads\/sites\/6\/2023\/08\/favicon-gerardmerinfo.png","width":512,"height":512,"caption":"Gerardmer Info"},"image":{"@id":"https:\/\/vosgesinfo.fr\/gerardmerinfo\/#\/schema\/logo\/image\/"},"sameAs":["https:\/\/www.facebook.com\/profile.php?id=100049475262660","https:\/\/x.com\/VosgesInfo88","https:\/\/www.youtube.com\/@vosgesinfo"]},{"@type":"Person","@id":"https:\/\/vosgesinfo.fr\/gerardmerinfo\/#\/schema\/person\/51ef757532e0884e462598d6edd026ca","name":"P. L","image":{"@type":"ImageObject","inLanguage":"fr-FR","@id":"https:\/\/vosgesinfo.fr\/gerardmerinfo\/#\/schema\/person\/image\/","url":"https:\/\/secure.gravatar.com\/avatar\/402dc2a64d46876cd788d648ef86f853592da6b2f0e9d5c0a09fef41795df49c?s=96&d=mm&r=g","contentUrl":"https:\/\/secure.gravatar.com\/avatar\/402dc2a64d46876cd788d648ef86f853592da6b2f0e9d5c0a09fef41795df49c?s=96&d=mm&r=g","caption":"P. L"},"url":"https:\/\/vosgesinfo.fr\/gerardmerinfo\/author\/pauline-lecomte\/"}]}},"_links":{"self":[{"href":"https:\/\/vosgesinfo.fr\/gerardmerinfo\/wp-json\/wp\/v2\/posts\/12434","targetHints":{"allow":["GET"]}}],"collection":[{"href":"https:\/\/vosgesinfo.fr\/gerardmerinfo\/wp-json\/wp\/v2\/posts"}],"about":[{"href":"https:\/\/vosgesinfo.fr\/gerardmerinfo\/wp-json\/wp\/v2\/types\/post"}],"author":[{"embeddable":true,"href":"https:\/\/vosgesinfo.fr\/gerardmerinfo\/wp-json\/wp\/v2\/users\/133"}],"replies":[{"embeddable":true,"href":"https:\/\/vosgesinfo.fr\/gerardmerinfo\/wp-json\/wp\/v2\/comments?post=12434"}],"version-history":[{"count":0,"href":"https:\/\/vosgesinfo.fr\/gerardmerinfo\/wp-json\/wp\/v2\/posts\/12434\/revisions"}],"wp:attachment":[{"href":"https:\/\/vosgesinfo.fr\/gerardmerinfo\/wp-json\/wp\/v2\/media?parent=12434"}],"wp:term":[{"taxonomy":"category","embeddable":true,"href":"https:\/\/vosgesinfo.fr\/gerardmerinfo\/wp-json\/wp\/v2\/categories?post=12434"},{"taxonomy":"post_tag","embeddable":true,"href":"https:\/\/vosgesinfo.fr\/gerardmerinfo\/wp-json\/wp\/v2\/tags?post=12434"}],"curies":[{"name":"wp","href":"https:\/\/api.w.org\/{rel}","templated":true}]}}