{"id":12449,"date":"2015-03-16T07:31:57","date_gmt":"2015-03-16T06:31:57","guid":{"rendered":"https:\/\/vosgesinfo.fr\/gerardmerinfo\/2015\/03\/le-parcours-de-sante-des-xettes-vandalise-3\/"},"modified":"2015-03-16T07:31:57","modified_gmt":"2015-03-16T06:31:57","slug":"le-parcours-de-sante-des-xettes-vandalise-3","status":"publish","type":"post","link":"https:\/\/vosgesinfo.fr\/gerardmerinfo\/2015\/03\/le-parcours-de-sante-des-xettes-vandalise-3\/","title":{"rendered":"Le parcours de Sant\u00e9 des Xettes vandalis\u00e9"},"content":{"rendered":"<p>Irr\u00e9pressible volont\u00e9 de nuire ou b\u00eatise insondable\u00a0? Sans doute les deux\u00a0 pour en arriver \u00e0 commettre des d\u00e9gradations sur \u00a0les structures jalonnant le parcours de sant\u00e9 de la p\u00e9pini\u00e8re\u00a0 des \u00a0Xettes.<\/p>\n<p>Comment peut-on se laisser aller \u00e0 ces actes de vandalisme gratuits dans ce\u00a0 paisible lieu de promenade connu de tous les g\u00e9romois, fr\u00e9quent\u00e9 et appr\u00e9ci\u00e9 par tous, autochtones et touristes\u00a0?<\/p>\n<p>Le parcours de sant\u00e9\u00a0 est une cr\u00e9ation du Rotary Club. Le projet est n\u00e9 sous la Pr\u00e9sidence\u00a0 de Jean Paul\u00a0 LARUELLE en 1980 et a \u00e9t\u00e9 r\u00e9alis\u00e9 sur 3 ann\u00e9es \u00a0par les rotariens eux m\u00eames,\u00a0 sous la direction d\u2019un des leurs, feu Ga\u00e9tan LAPOTRE, \u00a0qui a donn\u00e9 son nom \u00a0au parcours inaugur\u00e9 une premi\u00e8re fois en 1983.<\/p>\n<p>Les outrages du temps \u00a0(et peut \u00eatre d\u00e9j\u00e0 \u00a0quelques actes malveillants) avaient rendu inutilisables les structures d\u2019origine et c\u2019est pourquoi en \u00a02009, le Rotary Club et la ville avaient conclu un partenariat pour le r\u00e9nover. Le Rotary club avait alors particip\u00e9 pour 6 000 \u20ac\u00a0 sur le budget de 16 922 \u20ac engag\u00e9 par la ville dans l\u2019op\u00e9ration.<\/p>\n<p>Le parcours de sant\u00e9 a donc connu une\u00a0seconde jeunesse \u00e0 partir de septembre 2011, date \u00e0 laquelle il \u00a0a \u00e9t\u00e9\u00a0 inaugur\u00e9 une deuxi\u00e8me fois par Jean Paul LAMBERT en pr\u00e9sence de nombreux rotariens.<\/p>\n<p>Las!\u00a0 Moins de 4 ans plus tard des \u00e9nergum\u00e8nes mal intentionn\u00e9s ont, impun\u00e9ment jusqu&rsquo;\u00e0 ce jour,\u00a0 vandalis\u00e9 une partie de la signal\u00e9tique de ce parcours\u2026<\/p>\n<p>S\u2019il ne fait aucun doute que la ville, \u00a0ma\u00eetre de l\u2019ouvrage, \u00a0aura \u00e0 c\u0153ur de r\u00e9parer ces atteintes, on peut une fois de plus regretter l\u2019absence de sens civique et l\u2019irresponsabilit\u00e9 de ceux\u00a0 qui par\u00a0 jeu, par provocation, par b\u00eatise\u00a0 s\u2019en \u00a0sont pris \u00e0 des biens publics \u2026   <\/p>\n","protected":false},"excerpt":{"rendered":"<p>Irr\u00e9pressible volont\u00e9 de nuire ou b\u00eatise insondable\u00a0? Sans doute les deux\u00a0 pour en arriver \u00e0 commettre des d\u00e9gradations sur \u00a0les [&hellip;]<\/p>\n","protected":false},"author":162,"featured_media":0,"comment_status":"open","ping_status":"open","sticky":false,"template":"","format":"standard","meta":{"footnotes":""},"categories":[8],"tags":[],"class_list":["post-12449","post","type-post","status-publish","format-standard","hentry","category-faits-divers"],"acf":[],"yoast_head":"<!-- This site is optimized with the Yoast SEO plugin v22.5 - https:\/\/yoast.com\/wordpress\/plugins\/seo\/ -->\n<title>Le parcours de Sant\u00e9 des Xettes vandalis\u00e9 - Gerardmer Info<\/title>\n<meta name=\"robots\" content=\"index, follow, max-snippet:-1, max-image-preview:large, max-video-preview:-1\" \/>\n<link rel=\"canonical\" href=\"https:\/\/vosgesinfo.fr\/gerardmerinfo\/2015\/03\/le-parcours-de-sante-des-xettes-vandalise-3\/\" \/>\n<meta name=\"twitter:card\" content=\"summary_large_image\" \/>\n<meta name=\"twitter:title\" content=\"Le parcours de Sant\u00e9 des Xettes vandalis\u00e9 - Gerardmer Info\" \/>\n<meta name=\"twitter:description\" content=\"Irr\u00e9pressible volont\u00e9 de nuire ou b\u00eatise insondable\u00a0? Sans doute les deux\u00a0 pour en arriver \u00e0 commettre des d\u00e9gradations sur \u00a0les [&hellip;]\" \/>\n<meta name=\"twitter:creator\" content=\"@VosgesInfo88\" \/>\n<meta name=\"twitter:site\" content=\"@VosgesInfo88\" \/>\n<meta name=\"twitter:label1\" content=\"\u00c9crit par\" \/>\n\t<meta name=\"twitter:data1\" content=\"M.JACQUELIN\" \/>\n\t<meta name=\"twitter:label2\" content=\"Dur\u00e9e de lecture estim\u00e9e\" \/>\n\t<meta name=\"twitter:data2\" content=\"2 minutes\" \/>\n<script type=\"application\/ld+json\" class=\"yoast-schema-graph\">{\"@context\":\"https:\/\/schema.org\",\"@graph\":[{\"@type\":\"Article\",\"@id\":\"https:\/\/vosgesinfo.fr\/gerardmerinfo\/2015\/03\/le-parcours-de-sante-des-xettes-vandalise-3\/#article\",\"isPartOf\":{\"@id\":\"https:\/\/vosgesinfo.fr\/gerardmerinfo\/2015\/03\/le-parcours-de-sante-des-xettes-vandalise-3\/\"},\"author\":{\"name\":\"M.JACQUELIN\",\"@id\":\"https:\/\/vosgesinfo.fr\/gerardmerinfo\/#\/schema\/person\/6eb2a66750698b2bf04c10b358392b00\"},\"headline\":\"Le parcours de Sant\u00e9 des Xettes vandalis\u00e9\",\"datePublished\":\"2015-03-16T06:31:57+00:00\",\"dateModified\":\"2015-03-16T06:31:57+00:00\",\"mainEntityOfPage\":{\"@id\":\"https:\/\/vosgesinfo.fr\/gerardmerinfo\/2015\/03\/le-parcours-de-sante-des-xettes-vandalise-3\/\"},\"wordCount\":308,\"commentCount\":0,\"publisher\":{\"@id\":\"https:\/\/vosgesinfo.fr\/gerardmerinfo\/#organization\"},\"articleSection\":[\"Faits-divers\"],\"inLanguage\":\"fr-FR\",\"potentialAction\":[{\"@type\":\"CommentAction\",\"name\":\"Comment\",\"target\":[\"https:\/\/vosgesinfo.fr\/gerardmerinfo\/2015\/03\/le-parcours-de-sante-des-xettes-vandalise-3\/#respond\"]}]},{\"@type\":\"WebPage\",\"@id\":\"https:\/\/vosgesinfo.fr\/gerardmerinfo\/2015\/03\/le-parcours-de-sante-des-xettes-vandalise-3\/\",\"url\":\"https:\/\/vosgesinfo.fr\/gerardmerinfo\/2015\/03\/le-parcours-de-sante-des-xettes-vandalise-3\/\",\"name\":\"Le parcours de Sant\u00e9 des Xettes vandalis\u00e9 - Gerardmer Info\",\"isPartOf\":{\"@id\":\"https:\/\/vosgesinfo.fr\/gerardmerinfo\/#website\"},\"datePublished\":\"2015-03-16T06:31:57+00:00\",\"dateModified\":\"2015-03-16T06:31:57+00:00\",\"breadcrumb\":{\"@id\":\"https:\/\/vosgesinfo.fr\/gerardmerinfo\/2015\/03\/le-parcours-de-sante-des-xettes-vandalise-3\/#breadcrumb\"},\"inLanguage\":\"fr-FR\",\"potentialAction\":[{\"@type\":\"ReadAction\",\"target\":[\"https:\/\/vosgesinfo.fr\/gerardmerinfo\/2015\/03\/le-parcours-de-sante-des-xettes-vandalise-3\/\"]}]},{\"@type\":\"BreadcrumbList\",\"@id\":\"https:\/\/vosgesinfo.fr\/gerardmerinfo\/2015\/03\/le-parcours-de-sante-des-xettes-vandalise-3\/#breadcrumb\",\"itemListElement\":[{\"@type\":\"ListItem\",\"position\":1,\"name\":\"Home\",\"item\":\"https:\/\/vosgesinfo.fr\/gerardmerinfo\/\"},{\"@type\":\"ListItem\",\"position\":2,\"name\":\"Le parcours de Sant\u00e9 des Xettes vandalis\u00e9\"}]},{\"@type\":\"WebSite\",\"@id\":\"https:\/\/vosgesinfo.fr\/gerardmerinfo\/#website\",\"url\":\"https:\/\/vosgesinfo.fr\/gerardmerinfo\/\",\"name\":\"Gerardmer Info\",\"description\":\"Toute l&#039;actualit\u00e9 de G\u00e9rardmer\",\"publisher\":{\"@id\":\"https:\/\/vosgesinfo.fr\/gerardmerinfo\/#organization\"},\"alternateName\":\"Toute l'actualit\u00e9 de G\u00e9rardmer\",\"potentialAction\":[{\"@type\":\"SearchAction\",\"target\":{\"@type\":\"EntryPoint\",\"urlTemplate\":\"https:\/\/vosgesinfo.fr\/gerardmerinfo\/?s={search_term_string}\"},\"query-input\":\"required name=search_term_string\"}],\"inLanguage\":\"fr-FR\"},{\"@type\":\"Organization\",\"@id\":\"https:\/\/vosgesinfo.fr\/gerardmerinfo\/#organization\",\"name\":\"Gerardmer Info\",\"url\":\"https:\/\/vosgesinfo.fr\/gerardmerinfo\/\",\"logo\":{\"@type\":\"ImageObject\",\"inLanguage\":\"fr-FR\",\"@id\":\"https:\/\/vosgesinfo.fr\/gerardmerinfo\/#\/schema\/logo\/image\/\",\"url\":\"https:\/\/vosgesinfo.fr\/app\/uploads\/sites\/6\/2023\/08\/favicon-gerardmerinfo.png\",\"contentUrl\":\"https:\/\/vosgesinfo.fr\/app\/uploads\/sites\/6\/2023\/08\/favicon-gerardmerinfo.png\",\"width\":512,\"height\":512,\"caption\":\"Gerardmer Info\"},\"image\":{\"@id\":\"https:\/\/vosgesinfo.fr\/gerardmerinfo\/#\/schema\/logo\/image\/\"},\"sameAs\":[\"https:\/\/www.facebook.com\/profile.php?id=100049475262660\",\"https:\/\/x.com\/VosgesInfo88\",\"https:\/\/www.youtube.com\/@vosgesinfo\"]},{\"@type\":\"Person\",\"@id\":\"https:\/\/vosgesinfo.fr\/gerardmerinfo\/#\/schema\/person\/6eb2a66750698b2bf04c10b358392b00\",\"name\":\"M.JACQUELIN\",\"image\":{\"@type\":\"ImageObject\",\"inLanguage\":\"fr-FR\",\"@id\":\"https:\/\/vosgesinfo.fr\/gerardmerinfo\/#\/schema\/person\/image\/\",\"url\":\"https:\/\/secure.gravatar.com\/avatar\/96e941a676305fd74961d9b7cfc775ec939b9c07383d1dc96981333639cc3a87?s=96&d=mm&r=g\",\"contentUrl\":\"https:\/\/secure.gravatar.com\/avatar\/96e941a676305fd74961d9b7cfc775ec939b9c07383d1dc96981333639cc3a87?s=96&d=mm&r=g\",\"caption\":\"M.JACQUELIN\"},\"url\":\"https:\/\/vosgesinfo.fr\/gerardmerinfo\/author\/m-jacquelin\/\"}]}<\/script>\n<!-- \/ Yoast SEO plugin. -->","yoast_head_json":{"title":"Le parcours de Sant\u00e9 des Xettes vandalis\u00e9 - Gerardmer Info","robots":{"index":"index","follow":"follow","max-snippet":"max-snippet:-1","max-image-preview":"max-image-preview:large","max-video-preview":"max-video-preview:-1"},"canonical":"https:\/\/vosgesinfo.fr\/gerardmerinfo\/2015\/03\/le-parcours-de-sante-des-xettes-vandalise-3\/","twitter_card":"summary_large_image","twitter_title":"Le parcours de Sant\u00e9 des Xettes vandalis\u00e9 - Gerardmer Info","twitter_description":"Irr\u00e9pressible volont\u00e9 de nuire ou b\u00eatise insondable\u00a0? Sans doute les deux\u00a0 pour en arriver \u00e0 commettre des d\u00e9gradations sur \u00a0les [&hellip;]","twitter_creator":"@VosgesInfo88","twitter_site":"@VosgesInfo88","twitter_misc":{"\u00c9crit par":"M.JACQUELIN","Dur\u00e9e de lecture estim\u00e9e":"2 minutes"},"schema":{"@context":"https:\/\/schema.org","@graph":[{"@type":"Article","@id":"https:\/\/vosgesinfo.fr\/gerardmerinfo\/2015\/03\/le-parcours-de-sante-des-xettes-vandalise-3\/#article","isPartOf":{"@id":"https:\/\/vosgesinfo.fr\/gerardmerinfo\/2015\/03\/le-parcours-de-sante-des-xettes-vandalise-3\/"},"author":{"name":"M.JACQUELIN","@id":"https:\/\/vosgesinfo.fr\/gerardmerinfo\/#\/schema\/person\/6eb2a66750698b2bf04c10b358392b00"},"headline":"Le parcours de Sant\u00e9 des Xettes vandalis\u00e9","datePublished":"2015-03-16T06:31:57+00:00","dateModified":"2015-03-16T06:31:57+00:00","mainEntityOfPage":{"@id":"https:\/\/vosgesinfo.fr\/gerardmerinfo\/2015\/03\/le-parcours-de-sante-des-xettes-vandalise-3\/"},"wordCount":308,"commentCount":0,"publisher":{"@id":"https:\/\/vosgesinfo.fr\/gerardmerinfo\/#organization"},"articleSection":["Faits-divers"],"inLanguage":"fr-FR","potentialAction":[{"@type":"CommentAction","name":"Comment","target":["https:\/\/vosgesinfo.fr\/gerardmerinfo\/2015\/03\/le-parcours-de-sante-des-xettes-vandalise-3\/#respond"]}]},{"@type":"WebPage","@id":"https:\/\/vosgesinfo.fr\/gerardmerinfo\/2015\/03\/le-parcours-de-sante-des-xettes-vandalise-3\/","url":"https:\/\/vosgesinfo.fr\/gerardmerinfo\/2015\/03\/le-parcours-de-sante-des-xettes-vandalise-3\/","name":"Le parcours de Sant\u00e9 des Xettes vandalis\u00e9 - Gerardmer Info","isPartOf":{"@id":"https:\/\/vosgesinfo.fr\/gerardmerinfo\/#website"},"datePublished":"2015-03-16T06:31:57+00:00","dateModified":"2015-03-16T06:31:57+00:00","breadcrumb":{"@id":"https:\/\/vosgesinfo.fr\/gerardmerinfo\/2015\/03\/le-parcours-de-sante-des-xettes-vandalise-3\/#breadcrumb"},"inLanguage":"fr-FR","potentialAction":[{"@type":"ReadAction","target":["https:\/\/vosgesinfo.fr\/gerardmerinfo\/2015\/03\/le-parcours-de-sante-des-xettes-vandalise-3\/"]}]},{"@type":"BreadcrumbList","@id":"https:\/\/vosgesinfo.fr\/gerardmerinfo\/2015\/03\/le-parcours-de-sante-des-xettes-vandalise-3\/#breadcrumb","itemListElement":[{"@type":"ListItem","position":1,"name":"Home","item":"https:\/\/vosgesinfo.fr\/gerardmerinfo\/"},{"@type":"ListItem","position":2,"name":"Le parcours de Sant\u00e9 des Xettes vandalis\u00e9"}]},{"@type":"WebSite","@id":"https:\/\/vosgesinfo.fr\/gerardmerinfo\/#website","url":"https:\/\/vosgesinfo.fr\/gerardmerinfo\/","name":"Gerardmer Info","description":"Toute l&#039;actualit\u00e9 de G\u00e9rardmer","publisher":{"@id":"https:\/\/vosgesinfo.fr\/gerardmerinfo\/#organization"},"alternateName":"Toute l'actualit\u00e9 de G\u00e9rardmer","potentialAction":[{"@type":"SearchAction","target":{"@type":"EntryPoint","urlTemplate":"https:\/\/vosgesinfo.fr\/gerardmerinfo\/?s={search_term_string}"},"query-input":"required name=search_term_string"}],"inLanguage":"fr-FR"},{"@type":"Organization","@id":"https:\/\/vosgesinfo.fr\/gerardmerinfo\/#organization","name":"Gerardmer Info","url":"https:\/\/vosgesinfo.fr\/gerardmerinfo\/","logo":{"@type":"ImageObject","inLanguage":"fr-FR","@id":"https:\/\/vosgesinfo.fr\/gerardmerinfo\/#\/schema\/logo\/image\/","url":"https:\/\/vosgesinfo.fr\/app\/uploads\/sites\/6\/2023\/08\/favicon-gerardmerinfo.png","contentUrl":"https:\/\/vosgesinfo.fr\/app\/uploads\/sites\/6\/2023\/08\/favicon-gerardmerinfo.png","width":512,"height":512,"caption":"Gerardmer Info"},"image":{"@id":"https:\/\/vosgesinfo.fr\/gerardmerinfo\/#\/schema\/logo\/image\/"},"sameAs":["https:\/\/www.facebook.com\/profile.php?id=100049475262660","https:\/\/x.com\/VosgesInfo88","https:\/\/www.youtube.com\/@vosgesinfo"]},{"@type":"Person","@id":"https:\/\/vosgesinfo.fr\/gerardmerinfo\/#\/schema\/person\/6eb2a66750698b2bf04c10b358392b00","name":"M.JACQUELIN","image":{"@type":"ImageObject","inLanguage":"fr-FR","@id":"https:\/\/vosgesinfo.fr\/gerardmerinfo\/#\/schema\/person\/image\/","url":"https:\/\/secure.gravatar.com\/avatar\/96e941a676305fd74961d9b7cfc775ec939b9c07383d1dc96981333639cc3a87?s=96&d=mm&r=g","contentUrl":"https:\/\/secure.gravatar.com\/avatar\/96e941a676305fd74961d9b7cfc775ec939b9c07383d1dc96981333639cc3a87?s=96&d=mm&r=g","caption":"M.JACQUELIN"},"url":"https:\/\/vosgesinfo.fr\/gerardmerinfo\/author\/m-jacquelin\/"}]}},"_links":{"self":[{"href":"https:\/\/vosgesinfo.fr\/gerardmerinfo\/wp-json\/wp\/v2\/posts\/12449","targetHints":{"allow":["GET"]}}],"collection":[{"href":"https:\/\/vosgesinfo.fr\/gerardmerinfo\/wp-json\/wp\/v2\/posts"}],"about":[{"href":"https:\/\/vosgesinfo.fr\/gerardmerinfo\/wp-json\/wp\/v2\/types\/post"}],"author":[{"embeddable":true,"href":"https:\/\/vosgesinfo.fr\/gerardmerinfo\/wp-json\/wp\/v2\/users\/162"}],"replies":[{"embeddable":true,"href":"https:\/\/vosgesinfo.fr\/gerardmerinfo\/wp-json\/wp\/v2\/comments?post=12449"}],"version-history":[{"count":0,"href":"https:\/\/vosgesinfo.fr\/gerardmerinfo\/wp-json\/wp\/v2\/posts\/12449\/revisions"}],"wp:attachment":[{"href":"https:\/\/vosgesinfo.fr\/gerardmerinfo\/wp-json\/wp\/v2\/media?parent=12449"}],"wp:term":[{"taxonomy":"category","embeddable":true,"href":"https:\/\/vosgesinfo.fr\/gerardmerinfo\/wp-json\/wp\/v2\/categories?post=12449"},{"taxonomy":"post_tag","embeddable":true,"href":"https:\/\/vosgesinfo.fr\/gerardmerinfo\/wp-json\/wp\/v2\/tags?post=12449"}],"curies":[{"name":"wp","href":"https:\/\/api.w.org\/{rel}","templated":true}]}}