{"id":12451,"date":"2015-03-16T07:02:25","date_gmt":"2015-03-16T06:02:25","guid":{"rendered":"https:\/\/vosgesinfo.fr\/gerardmerinfo\/2015\/03\/une-boule-de-feu-observee-dans-le-ciel-vosgien-ce-dimanche-soir\/"},"modified":"2015-03-16T07:02:25","modified_gmt":"2015-03-16T06:02:25","slug":"une-boule-de-feu-observee-dans-le-ciel-vosgien-ce-dimanche-soir","status":"publish","type":"post","link":"https:\/\/vosgesinfo.fr\/gerardmerinfo\/2015\/03\/une-boule-de-feu-observee-dans-le-ciel-vosgien-ce-dimanche-soir\/","title":{"rendered":"Une boule de feu observ\u00e9e dans le ciel vosgien ce dimanche soir"},"content":{"rendered":"<p><strong>Sur le site http:\/\/www.cidehom.com\/, Daniel Dechambenoit, domicili\u00e9 au Thillot, signale avoir aper\u00e7u ce\u00a0dimanche 15 mars vers 20 h 40 \u00ab\u00a0une \u00e9norme \u00e9toile filante traversant le ciel du nord au sud sur la quasi totalit\u00e9 de la vo\u00fbte c\u00e9leste pendant 3 ou 4 secondes. Il y avait comme une boule tr\u00e8s brillante \u00e0 l\u2019avant et une grande queue l\u2019ensemble \u00e9tant de couleurs jaune, orange, rouge\u00a0\u00bb.<\/strong><\/p>\n<p>A l\u2019\u00e9vidence, ce ph\u00e9nom\u00e8ne a \u00e9t\u00e9 tr\u00e8s largement observ\u00e9 dans le ciel des Vosges. Des dizaines de t\u00e9moignages, \u00e0 travers toute la r\u00e9gion, viennent confirmer les observations de Daniel Dechambenoit. Il pourrait s\u2019agir d\u2019un magnifique bolide, autrement dit une \u00e9toile filante tr\u00e8s intense due \u00e0 l\u2019entr\u00e9e dans l\u2019atmosph\u00e8re d\u2019un m\u00e9t\u00e9orite d\u2019un fort beau gabarit.<\/p>\n<div>Des t\u00e9moignages \u00e0 retrouver en cliquant sur ce lien\u00a0<a href=\"http:\/\/www.cidehom.com\/question.php?_q_id=6208\">ici<\/a><\/div>\n","protected":false},"excerpt":{"rendered":"<p>Sur le site http:\/\/www.cidehom.com\/, Daniel Dechambenoit, domicili\u00e9 au Thillot, signale avoir aper\u00e7u ce\u00a0dimanche 15 mars vers 20 h 40 \u00ab\u00a0une [&hellip;]<\/p>\n","protected":false},"author":1,"featured_media":0,"comment_status":"open","ping_status":"open","sticky":false,"template":"","format":"standard","meta":{"footnotes":""},"categories":[8,31],"tags":[],"class_list":["post-12451","post","type-post","status-publish","format-standard","hentry","category-faits-divers","category-vosges-faits-divers"],"acf":[],"yoast_head":"<!-- This site is optimized with the Yoast SEO plugin v22.5 - https:\/\/yoast.com\/wordpress\/plugins\/seo\/ -->\n<title>Une boule de feu observ\u00e9e dans le ciel vosgien ce dimanche soir - Gerardmer Info<\/title>\n<meta name=\"robots\" content=\"index, follow, max-snippet:-1, max-image-preview:large, max-video-preview:-1\" \/>\n<link rel=\"canonical\" href=\"https:\/\/vosgesinfo.fr\/gerardmerinfo\/2015\/03\/une-boule-de-feu-observee-dans-le-ciel-vosgien-ce-dimanche-soir\/\" \/>\n<meta name=\"twitter:card\" content=\"summary_large_image\" \/>\n<meta name=\"twitter:title\" content=\"Une boule de feu observ\u00e9e dans le ciel vosgien ce dimanche soir - Gerardmer Info\" \/>\n<meta name=\"twitter:description\" content=\"Sur le site http:\/\/www.cidehom.com\/, Daniel Dechambenoit, domicili\u00e9 au Thillot, signale avoir aper\u00e7u ce\u00a0dimanche 15 mars vers 20 h 40 \u00ab\u00a0une [&hellip;]\" \/>\n<meta name=\"twitter:creator\" content=\"@VosgesInfo88\" \/>\n<meta name=\"twitter:site\" content=\"@VosgesInfo88\" \/>\n<meta name=\"twitter:label1\" content=\"\u00c9crit par\" \/>\n\t<meta name=\"twitter:data1\" content=\"qs_admin\" \/>\n\t<meta name=\"twitter:label2\" content=\"Dur\u00e9e de lecture estim\u00e9e\" \/>\n\t<meta name=\"twitter:data2\" content=\"1 minute\" \/>\n<script type=\"application\/ld+json\" class=\"yoast-schema-graph\">{\"@context\":\"https:\/\/schema.org\",\"@graph\":[{\"@type\":\"Article\",\"@id\":\"https:\/\/vosgesinfo.fr\/gerardmerinfo\/2015\/03\/une-boule-de-feu-observee-dans-le-ciel-vosgien-ce-dimanche-soir\/#article\",\"isPartOf\":{\"@id\":\"https:\/\/vosgesinfo.fr\/gerardmerinfo\/2015\/03\/une-boule-de-feu-observee-dans-le-ciel-vosgien-ce-dimanche-soir\/\"},\"author\":{\"name\":\"qs_admin\",\"@id\":\"https:\/\/vosgesinfo.fr\/gerardmerinfo\/#\/schema\/person\/bc5d02d71e6932e81b6dadb7386667b1\"},\"headline\":\"Une boule de feu observ\u00e9e dans le ciel vosgien ce dimanche soir\",\"datePublished\":\"2015-03-16T06:02:25+00:00\",\"dateModified\":\"2015-03-16T06:02:25+00:00\",\"mainEntityOfPage\":{\"@id\":\"https:\/\/vosgesinfo.fr\/gerardmerinfo\/2015\/03\/une-boule-de-feu-observee-dans-le-ciel-vosgien-ce-dimanche-soir\/\"},\"wordCount\":160,\"commentCount\":0,\"publisher\":{\"@id\":\"https:\/\/vosgesinfo.fr\/gerardmerinfo\/#organization\"},\"articleSection\":[\"Faits-divers\",\"Vosges\"],\"inLanguage\":\"fr-FR\",\"potentialAction\":[{\"@type\":\"CommentAction\",\"name\":\"Comment\",\"target\":[\"https:\/\/vosgesinfo.fr\/gerardmerinfo\/2015\/03\/une-boule-de-feu-observee-dans-le-ciel-vosgien-ce-dimanche-soir\/#respond\"]}]},{\"@type\":\"WebPage\",\"@id\":\"https:\/\/vosgesinfo.fr\/gerardmerinfo\/2015\/03\/une-boule-de-feu-observee-dans-le-ciel-vosgien-ce-dimanche-soir\/\",\"url\":\"https:\/\/vosgesinfo.fr\/gerardmerinfo\/2015\/03\/une-boule-de-feu-observee-dans-le-ciel-vosgien-ce-dimanche-soir\/\",\"name\":\"Une boule de feu observ\u00e9e dans le ciel vosgien ce dimanche soir - Gerardmer Info\",\"isPartOf\":{\"@id\":\"https:\/\/vosgesinfo.fr\/gerardmerinfo\/#website\"},\"datePublished\":\"2015-03-16T06:02:25+00:00\",\"dateModified\":\"2015-03-16T06:02:25+00:00\",\"breadcrumb\":{\"@id\":\"https:\/\/vosgesinfo.fr\/gerardmerinfo\/2015\/03\/une-boule-de-feu-observee-dans-le-ciel-vosgien-ce-dimanche-soir\/#breadcrumb\"},\"inLanguage\":\"fr-FR\",\"potentialAction\":[{\"@type\":\"ReadAction\",\"target\":[\"https:\/\/vosgesinfo.fr\/gerardmerinfo\/2015\/03\/une-boule-de-feu-observee-dans-le-ciel-vosgien-ce-dimanche-soir\/\"]}]},{\"@type\":\"BreadcrumbList\",\"@id\":\"https:\/\/vosgesinfo.fr\/gerardmerinfo\/2015\/03\/une-boule-de-feu-observee-dans-le-ciel-vosgien-ce-dimanche-soir\/#breadcrumb\",\"itemListElement\":[{\"@type\":\"ListItem\",\"position\":1,\"name\":\"Home\",\"item\":\"https:\/\/vosgesinfo.fr\/gerardmerinfo\/\"},{\"@type\":\"ListItem\",\"position\":2,\"name\":\"Une boule de feu observ\u00e9e dans le ciel vosgien ce dimanche soir\"}]},{\"@type\":\"WebSite\",\"@id\":\"https:\/\/vosgesinfo.fr\/gerardmerinfo\/#website\",\"url\":\"https:\/\/vosgesinfo.fr\/gerardmerinfo\/\",\"name\":\"Gerardmer Info\",\"description\":\"Toute l&#039;actualit\u00e9 de G\u00e9rardmer\",\"publisher\":{\"@id\":\"https:\/\/vosgesinfo.fr\/gerardmerinfo\/#organization\"},\"alternateName\":\"Toute l'actualit\u00e9 de G\u00e9rardmer\",\"potentialAction\":[{\"@type\":\"SearchAction\",\"target\":{\"@type\":\"EntryPoint\",\"urlTemplate\":\"https:\/\/vosgesinfo.fr\/gerardmerinfo\/?s={search_term_string}\"},\"query-input\":\"required name=search_term_string\"}],\"inLanguage\":\"fr-FR\"},{\"@type\":\"Organization\",\"@id\":\"https:\/\/vosgesinfo.fr\/gerardmerinfo\/#organization\",\"name\":\"Gerardmer Info\",\"url\":\"https:\/\/vosgesinfo.fr\/gerardmerinfo\/\",\"logo\":{\"@type\":\"ImageObject\",\"inLanguage\":\"fr-FR\",\"@id\":\"https:\/\/vosgesinfo.fr\/gerardmerinfo\/#\/schema\/logo\/image\/\",\"url\":\"https:\/\/vosgesinfo.fr\/app\/uploads\/sites\/6\/2023\/08\/favicon-gerardmerinfo.png\",\"contentUrl\":\"https:\/\/vosgesinfo.fr\/app\/uploads\/sites\/6\/2023\/08\/favicon-gerardmerinfo.png\",\"width\":512,\"height\":512,\"caption\":\"Gerardmer Info\"},\"image\":{\"@id\":\"https:\/\/vosgesinfo.fr\/gerardmerinfo\/#\/schema\/logo\/image\/\"},\"sameAs\":[\"https:\/\/www.facebook.com\/profile.php?id=100049475262660\",\"https:\/\/x.com\/VosgesInfo88\",\"https:\/\/www.youtube.com\/@vosgesinfo\"]},{\"@type\":\"Person\",\"@id\":\"https:\/\/vosgesinfo.fr\/gerardmerinfo\/#\/schema\/person\/bc5d02d71e6932e81b6dadb7386667b1\",\"name\":\"qs_admin\",\"image\":{\"@type\":\"ImageObject\",\"inLanguage\":\"fr-FR\",\"@id\":\"https:\/\/vosgesinfo.fr\/gerardmerinfo\/#\/schema\/person\/image\/\",\"url\":\"https:\/\/secure.gravatar.com\/avatar\/94b18ee0ed79e4a42ea2f2931277b6841a8999fc6fde214600c78057cf1fe1de?s=96&d=mm&r=g\",\"contentUrl\":\"https:\/\/secure.gravatar.com\/avatar\/94b18ee0ed79e4a42ea2f2931277b6841a8999fc6fde214600c78057cf1fe1de?s=96&d=mm&r=g\",\"caption\":\"qs_admin\"},\"sameAs\":[\"https:\/\/vosgesinfo.fr\/wp\"],\"url\":\"https:\/\/vosgesinfo.fr\/gerardmerinfo\/author\/qs_admin\/\"}]}<\/script>\n<!-- \/ Yoast SEO plugin. -->","yoast_head_json":{"title":"Une boule de feu observ\u00e9e dans le ciel vosgien ce dimanche soir - Gerardmer Info","robots":{"index":"index","follow":"follow","max-snippet":"max-snippet:-1","max-image-preview":"max-image-preview:large","max-video-preview":"max-video-preview:-1"},"canonical":"https:\/\/vosgesinfo.fr\/gerardmerinfo\/2015\/03\/une-boule-de-feu-observee-dans-le-ciel-vosgien-ce-dimanche-soir\/","twitter_card":"summary_large_image","twitter_title":"Une boule de feu observ\u00e9e dans le ciel vosgien ce dimanche soir - Gerardmer Info","twitter_description":"Sur le site http:\/\/www.cidehom.com\/, Daniel Dechambenoit, domicili\u00e9 au Thillot, signale avoir aper\u00e7u ce\u00a0dimanche 15 mars vers 20 h 40 \u00ab\u00a0une [&hellip;]","twitter_creator":"@VosgesInfo88","twitter_site":"@VosgesInfo88","twitter_misc":{"\u00c9crit par":"qs_admin","Dur\u00e9e de lecture estim\u00e9e":"1 minute"},"schema":{"@context":"https:\/\/schema.org","@graph":[{"@type":"Article","@id":"https:\/\/vosgesinfo.fr\/gerardmerinfo\/2015\/03\/une-boule-de-feu-observee-dans-le-ciel-vosgien-ce-dimanche-soir\/#article","isPartOf":{"@id":"https:\/\/vosgesinfo.fr\/gerardmerinfo\/2015\/03\/une-boule-de-feu-observee-dans-le-ciel-vosgien-ce-dimanche-soir\/"},"author":{"name":"qs_admin","@id":"https:\/\/vosgesinfo.fr\/gerardmerinfo\/#\/schema\/person\/bc5d02d71e6932e81b6dadb7386667b1"},"headline":"Une boule de feu observ\u00e9e dans le ciel vosgien ce dimanche soir","datePublished":"2015-03-16T06:02:25+00:00","dateModified":"2015-03-16T06:02:25+00:00","mainEntityOfPage":{"@id":"https:\/\/vosgesinfo.fr\/gerardmerinfo\/2015\/03\/une-boule-de-feu-observee-dans-le-ciel-vosgien-ce-dimanche-soir\/"},"wordCount":160,"commentCount":0,"publisher":{"@id":"https:\/\/vosgesinfo.fr\/gerardmerinfo\/#organization"},"articleSection":["Faits-divers","Vosges"],"inLanguage":"fr-FR","potentialAction":[{"@type":"CommentAction","name":"Comment","target":["https:\/\/vosgesinfo.fr\/gerardmerinfo\/2015\/03\/une-boule-de-feu-observee-dans-le-ciel-vosgien-ce-dimanche-soir\/#respond"]}]},{"@type":"WebPage","@id":"https:\/\/vosgesinfo.fr\/gerardmerinfo\/2015\/03\/une-boule-de-feu-observee-dans-le-ciel-vosgien-ce-dimanche-soir\/","url":"https:\/\/vosgesinfo.fr\/gerardmerinfo\/2015\/03\/une-boule-de-feu-observee-dans-le-ciel-vosgien-ce-dimanche-soir\/","name":"Une boule de feu observ\u00e9e dans le ciel vosgien ce dimanche soir - Gerardmer Info","isPartOf":{"@id":"https:\/\/vosgesinfo.fr\/gerardmerinfo\/#website"},"datePublished":"2015-03-16T06:02:25+00:00","dateModified":"2015-03-16T06:02:25+00:00","breadcrumb":{"@id":"https:\/\/vosgesinfo.fr\/gerardmerinfo\/2015\/03\/une-boule-de-feu-observee-dans-le-ciel-vosgien-ce-dimanche-soir\/#breadcrumb"},"inLanguage":"fr-FR","potentialAction":[{"@type":"ReadAction","target":["https:\/\/vosgesinfo.fr\/gerardmerinfo\/2015\/03\/une-boule-de-feu-observee-dans-le-ciel-vosgien-ce-dimanche-soir\/"]}]},{"@type":"BreadcrumbList","@id":"https:\/\/vosgesinfo.fr\/gerardmerinfo\/2015\/03\/une-boule-de-feu-observee-dans-le-ciel-vosgien-ce-dimanche-soir\/#breadcrumb","itemListElement":[{"@type":"ListItem","position":1,"name":"Home","item":"https:\/\/vosgesinfo.fr\/gerardmerinfo\/"},{"@type":"ListItem","position":2,"name":"Une boule de feu observ\u00e9e dans le ciel vosgien ce dimanche soir"}]},{"@type":"WebSite","@id":"https:\/\/vosgesinfo.fr\/gerardmerinfo\/#website","url":"https:\/\/vosgesinfo.fr\/gerardmerinfo\/","name":"Gerardmer Info","description":"Toute l&#039;actualit\u00e9 de G\u00e9rardmer","publisher":{"@id":"https:\/\/vosgesinfo.fr\/gerardmerinfo\/#organization"},"alternateName":"Toute l'actualit\u00e9 de G\u00e9rardmer","potentialAction":[{"@type":"SearchAction","target":{"@type":"EntryPoint","urlTemplate":"https:\/\/vosgesinfo.fr\/gerardmerinfo\/?s={search_term_string}"},"query-input":"required name=search_term_string"}],"inLanguage":"fr-FR"},{"@type":"Organization","@id":"https:\/\/vosgesinfo.fr\/gerardmerinfo\/#organization","name":"Gerardmer Info","url":"https:\/\/vosgesinfo.fr\/gerardmerinfo\/","logo":{"@type":"ImageObject","inLanguage":"fr-FR","@id":"https:\/\/vosgesinfo.fr\/gerardmerinfo\/#\/schema\/logo\/image\/","url":"https:\/\/vosgesinfo.fr\/app\/uploads\/sites\/6\/2023\/08\/favicon-gerardmerinfo.png","contentUrl":"https:\/\/vosgesinfo.fr\/app\/uploads\/sites\/6\/2023\/08\/favicon-gerardmerinfo.png","width":512,"height":512,"caption":"Gerardmer Info"},"image":{"@id":"https:\/\/vosgesinfo.fr\/gerardmerinfo\/#\/schema\/logo\/image\/"},"sameAs":["https:\/\/www.facebook.com\/profile.php?id=100049475262660","https:\/\/x.com\/VosgesInfo88","https:\/\/www.youtube.com\/@vosgesinfo"]},{"@type":"Person","@id":"https:\/\/vosgesinfo.fr\/gerardmerinfo\/#\/schema\/person\/bc5d02d71e6932e81b6dadb7386667b1","name":"qs_admin","image":{"@type":"ImageObject","inLanguage":"fr-FR","@id":"https:\/\/vosgesinfo.fr\/gerardmerinfo\/#\/schema\/person\/image\/","url":"https:\/\/secure.gravatar.com\/avatar\/94b18ee0ed79e4a42ea2f2931277b6841a8999fc6fde214600c78057cf1fe1de?s=96&d=mm&r=g","contentUrl":"https:\/\/secure.gravatar.com\/avatar\/94b18ee0ed79e4a42ea2f2931277b6841a8999fc6fde214600c78057cf1fe1de?s=96&d=mm&r=g","caption":"qs_admin"},"sameAs":["https:\/\/vosgesinfo.fr\/wp"],"url":"https:\/\/vosgesinfo.fr\/gerardmerinfo\/author\/qs_admin\/"}]}},"_links":{"self":[{"href":"https:\/\/vosgesinfo.fr\/gerardmerinfo\/wp-json\/wp\/v2\/posts\/12451","targetHints":{"allow":["GET"]}}],"collection":[{"href":"https:\/\/vosgesinfo.fr\/gerardmerinfo\/wp-json\/wp\/v2\/posts"}],"about":[{"href":"https:\/\/vosgesinfo.fr\/gerardmerinfo\/wp-json\/wp\/v2\/types\/post"}],"author":[{"embeddable":true,"href":"https:\/\/vosgesinfo.fr\/gerardmerinfo\/wp-json\/wp\/v2\/users\/1"}],"replies":[{"embeddable":true,"href":"https:\/\/vosgesinfo.fr\/gerardmerinfo\/wp-json\/wp\/v2\/comments?post=12451"}],"version-history":[{"count":0,"href":"https:\/\/vosgesinfo.fr\/gerardmerinfo\/wp-json\/wp\/v2\/posts\/12451\/revisions"}],"wp:attachment":[{"href":"https:\/\/vosgesinfo.fr\/gerardmerinfo\/wp-json\/wp\/v2\/media?parent=12451"}],"wp:term":[{"taxonomy":"category","embeddable":true,"href":"https:\/\/vosgesinfo.fr\/gerardmerinfo\/wp-json\/wp\/v2\/categories?post=12451"},{"taxonomy":"post_tag","embeddable":true,"href":"https:\/\/vosgesinfo.fr\/gerardmerinfo\/wp-json\/wp\/v2\/tags?post=12451"}],"curies":[{"name":"wp","href":"https:\/\/api.w.org\/{rel}","templated":true}]}}