{"id":12453,"date":"2015-03-17T18:16:55","date_gmt":"2015-03-17T17:16:55","guid":{"rendered":"https:\/\/vosgesinfo.fr\/gerardmerinfo\/2015\/03\/belle-performance-des-filles-de-lasg-voile-a-vesoul\/"},"modified":"2015-03-17T18:16:55","modified_gmt":"2015-03-17T17:16:55","slug":"belle-performance-des-filles-de-lasg-voile-a-vesoul","status":"publish","type":"post","link":"https:\/\/vosgesinfo.fr\/gerardmerinfo\/2015\/03\/belle-performance-des-filles-de-lasg-voile-a-vesoul\/","title":{"rendered":"Belle performance des filles de l&rsquo;ASG Voile \u00e0 Vesoul"},"content":{"rendered":"<p><strong>Tr\u00e8s bonnes conditions de navigation, grand beau temps, une eau \u00e0 9\u00b0, presque chaude (compar\u00e9e \u00e0 G\u00e9rardmer)\u00a0et vent de 9-10\u00a0n\u0153uds\u00a0le matin,\u00a0faiblissant l&rsquo;apr\u00e8s-midi, pour cette premi\u00e8re r\u00e9gate r\u00e9gionale de Vesoul.\u00a0<\/strong><\/p>\n<p>Les filles de l&rsquo;ASG ont montr\u00e9 que la planche \u00e0 voile pouvait \u00eatre un sport d&rsquo;\u00e9quipe en prenant les trois premi\u00e8res places de la s\u00e9rie espoirs filles,\u00a0 Lily Dieudonn\u00e9 s&rsquo;imposant devant Mathilde Valentin et Margaux Cretin. Chlo\u00e9 Weckel, en difficult\u00e9 ce week-end, ne r\u00e9ussissait pas le grand chelem des G\u00e9r\u00f4moises, s\u2019intercalant seulement \u00e0 la 5i\u00e8me place\u00a0entre Sarah Bouveret\u00a0et Maeva Regnaud, toutes deux de Vesoul. Emma Milanesi 2i\u00e8me minime filles, Sarah Gaillard (3i\u00e8me minime filles), et Val\u00e9rie Valentin (5i\u00e8me en raceboard s\u00e9niors) compl\u00e8tent la belle performance des filles G\u00e9r\u00f4moises.<\/p>\n<p>Un bel hommage \u00e0 Florence Arthaud, avec des filles rivalisant avec les gar\u00e7ons, Lily se classant m\u00eame\u00a0troisi\u00e8me au scratch toutes cat\u00e9gories, remport\u00e9 par Paul Loup Romary-Contet (Vesoul) devant Nathan Sanahuja (Messein)&#8230;<\/p>\n<p>L&rsquo;honneur des gar\u00e7ons G\u00e9r\u00f4mois\u00a0\u00e9tait tout de m\u00eame sauf, gr\u00e2ce \u00e0\u00a0Gautier Valentin, troisi\u00e8me (et premier jeune en planche \u00ab\u00a0hybrid\u00a0\u00bb) de la cat\u00e9gorie Raceboard s\u00e9niors, et son petit fr\u00e8re Cl\u00e9ment, premier benjamin..<\/p>\n<p><strong>M.M<\/strong><\/p>\n","protected":false},"excerpt":{"rendered":"<p>Tr\u00e8s bonnes conditions de navigation, grand beau temps, une eau \u00e0 9\u00b0, presque chaude (compar\u00e9e \u00e0 G\u00e9rardmer)\u00a0et vent de 9-10\u00a0n\u0153uds\u00a0le [&hellip;]<\/p>\n","protected":false},"author":1,"featured_media":0,"comment_status":"open","ping_status":"open","sticky":false,"template":"","format":"standard","meta":{"footnotes":""},"categories":[14],"tags":[],"class_list":["post-12453","post","type-post","status-publish","format-standard","hentry","category-sport"],"acf":[],"yoast_head":"<!-- This site is optimized with the Yoast SEO plugin v22.5 - https:\/\/yoast.com\/wordpress\/plugins\/seo\/ -->\n<title>Belle performance des filles de l&#039;ASG Voile \u00e0 Vesoul - Gerardmer Info<\/title>\n<meta name=\"robots\" content=\"index, follow, max-snippet:-1, max-image-preview:large, max-video-preview:-1\" \/>\n<link rel=\"canonical\" href=\"https:\/\/vosgesinfo.fr\/gerardmerinfo\/2015\/03\/belle-performance-des-filles-de-lasg-voile-a-vesoul\/\" \/>\n<meta name=\"twitter:card\" content=\"summary_large_image\" \/>\n<meta name=\"twitter:title\" content=\"Belle performance des filles de l&#039;ASG Voile \u00e0 Vesoul - Gerardmer Info\" \/>\n<meta name=\"twitter:description\" content=\"Tr\u00e8s bonnes conditions de navigation, grand beau temps, une eau \u00e0 9\u00b0, presque chaude (compar\u00e9e \u00e0 G\u00e9rardmer)\u00a0et vent de 9-10\u00a0n\u0153uds\u00a0le [&hellip;]\" \/>\n<meta name=\"twitter:creator\" content=\"@VosgesInfo88\" \/>\n<meta name=\"twitter:site\" content=\"@VosgesInfo88\" \/>\n<meta name=\"twitter:label1\" content=\"\u00c9crit par\" \/>\n\t<meta name=\"twitter:data1\" content=\"qs_admin\" \/>\n\t<meta name=\"twitter:label2\" content=\"Dur\u00e9e de lecture estim\u00e9e\" \/>\n\t<meta name=\"twitter:data2\" content=\"1 minute\" \/>\n<script type=\"application\/ld+json\" class=\"yoast-schema-graph\">{\"@context\":\"https:\/\/schema.org\",\"@graph\":[{\"@type\":\"Article\",\"@id\":\"https:\/\/vosgesinfo.fr\/gerardmerinfo\/2015\/03\/belle-performance-des-filles-de-lasg-voile-a-vesoul\/#article\",\"isPartOf\":{\"@id\":\"https:\/\/vosgesinfo.fr\/gerardmerinfo\/2015\/03\/belle-performance-des-filles-de-lasg-voile-a-vesoul\/\"},\"author\":{\"name\":\"qs_admin\",\"@id\":\"https:\/\/vosgesinfo.fr\/gerardmerinfo\/#\/schema\/person\/bc5d02d71e6932e81b6dadb7386667b1\"},\"headline\":\"Belle performance des filles de l&rsquo;ASG Voile \u00e0 Vesoul\",\"datePublished\":\"2015-03-17T17:16:55+00:00\",\"dateModified\":\"2015-03-17T17:16:55+00:00\",\"mainEntityOfPage\":{\"@id\":\"https:\/\/vosgesinfo.fr\/gerardmerinfo\/2015\/03\/belle-performance-des-filles-de-lasg-voile-a-vesoul\/\"},\"wordCount\":233,\"commentCount\":0,\"publisher\":{\"@id\":\"https:\/\/vosgesinfo.fr\/gerardmerinfo\/#organization\"},\"articleSection\":[\"Sport\"],\"inLanguage\":\"fr-FR\",\"potentialAction\":[{\"@type\":\"CommentAction\",\"name\":\"Comment\",\"target\":[\"https:\/\/vosgesinfo.fr\/gerardmerinfo\/2015\/03\/belle-performance-des-filles-de-lasg-voile-a-vesoul\/#respond\"]}]},{\"@type\":\"WebPage\",\"@id\":\"https:\/\/vosgesinfo.fr\/gerardmerinfo\/2015\/03\/belle-performance-des-filles-de-lasg-voile-a-vesoul\/\",\"url\":\"https:\/\/vosgesinfo.fr\/gerardmerinfo\/2015\/03\/belle-performance-des-filles-de-lasg-voile-a-vesoul\/\",\"name\":\"Belle performance des filles de l'ASG Voile \u00e0 Vesoul - Gerardmer Info\",\"isPartOf\":{\"@id\":\"https:\/\/vosgesinfo.fr\/gerardmerinfo\/#website\"},\"datePublished\":\"2015-03-17T17:16:55+00:00\",\"dateModified\":\"2015-03-17T17:16:55+00:00\",\"breadcrumb\":{\"@id\":\"https:\/\/vosgesinfo.fr\/gerardmerinfo\/2015\/03\/belle-performance-des-filles-de-lasg-voile-a-vesoul\/#breadcrumb\"},\"inLanguage\":\"fr-FR\",\"potentialAction\":[{\"@type\":\"ReadAction\",\"target\":[\"https:\/\/vosgesinfo.fr\/gerardmerinfo\/2015\/03\/belle-performance-des-filles-de-lasg-voile-a-vesoul\/\"]}]},{\"@type\":\"BreadcrumbList\",\"@id\":\"https:\/\/vosgesinfo.fr\/gerardmerinfo\/2015\/03\/belle-performance-des-filles-de-lasg-voile-a-vesoul\/#breadcrumb\",\"itemListElement\":[{\"@type\":\"ListItem\",\"position\":1,\"name\":\"Home\",\"item\":\"https:\/\/vosgesinfo.fr\/gerardmerinfo\/\"},{\"@type\":\"ListItem\",\"position\":2,\"name\":\"Belle performance des filles de l&rsquo;ASG Voile \u00e0 Vesoul\"}]},{\"@type\":\"WebSite\",\"@id\":\"https:\/\/vosgesinfo.fr\/gerardmerinfo\/#website\",\"url\":\"https:\/\/vosgesinfo.fr\/gerardmerinfo\/\",\"name\":\"Gerardmer Info\",\"description\":\"Toute l&#039;actualit\u00e9 de G\u00e9rardmer\",\"publisher\":{\"@id\":\"https:\/\/vosgesinfo.fr\/gerardmerinfo\/#organization\"},\"alternateName\":\"Toute l'actualit\u00e9 de G\u00e9rardmer\",\"potentialAction\":[{\"@type\":\"SearchAction\",\"target\":{\"@type\":\"EntryPoint\",\"urlTemplate\":\"https:\/\/vosgesinfo.fr\/gerardmerinfo\/?s={search_term_string}\"},\"query-input\":\"required name=search_term_string\"}],\"inLanguage\":\"fr-FR\"},{\"@type\":\"Organization\",\"@id\":\"https:\/\/vosgesinfo.fr\/gerardmerinfo\/#organization\",\"name\":\"Gerardmer Info\",\"url\":\"https:\/\/vosgesinfo.fr\/gerardmerinfo\/\",\"logo\":{\"@type\":\"ImageObject\",\"inLanguage\":\"fr-FR\",\"@id\":\"https:\/\/vosgesinfo.fr\/gerardmerinfo\/#\/schema\/logo\/image\/\",\"url\":\"https:\/\/vosgesinfo.fr\/app\/uploads\/sites\/6\/2023\/08\/favicon-gerardmerinfo.png\",\"contentUrl\":\"https:\/\/vosgesinfo.fr\/app\/uploads\/sites\/6\/2023\/08\/favicon-gerardmerinfo.png\",\"width\":512,\"height\":512,\"caption\":\"Gerardmer Info\"},\"image\":{\"@id\":\"https:\/\/vosgesinfo.fr\/gerardmerinfo\/#\/schema\/logo\/image\/\"},\"sameAs\":[\"https:\/\/www.facebook.com\/profile.php?id=100049475262660\",\"https:\/\/x.com\/VosgesInfo88\",\"https:\/\/www.youtube.com\/@vosgesinfo\"]},{\"@type\":\"Person\",\"@id\":\"https:\/\/vosgesinfo.fr\/gerardmerinfo\/#\/schema\/person\/bc5d02d71e6932e81b6dadb7386667b1\",\"name\":\"qs_admin\",\"image\":{\"@type\":\"ImageObject\",\"inLanguage\":\"fr-FR\",\"@id\":\"https:\/\/vosgesinfo.fr\/gerardmerinfo\/#\/schema\/person\/image\/\",\"url\":\"https:\/\/secure.gravatar.com\/avatar\/94b18ee0ed79e4a42ea2f2931277b6841a8999fc6fde214600c78057cf1fe1de?s=96&d=mm&r=g\",\"contentUrl\":\"https:\/\/secure.gravatar.com\/avatar\/94b18ee0ed79e4a42ea2f2931277b6841a8999fc6fde214600c78057cf1fe1de?s=96&d=mm&r=g\",\"caption\":\"qs_admin\"},\"sameAs\":[\"https:\/\/vosgesinfo.fr\/wp\"],\"url\":\"https:\/\/vosgesinfo.fr\/gerardmerinfo\/author\/qs_admin\/\"}]}<\/script>\n<!-- \/ Yoast SEO plugin. -->","yoast_head_json":{"title":"Belle performance des filles de l'ASG Voile \u00e0 Vesoul - Gerardmer Info","robots":{"index":"index","follow":"follow","max-snippet":"max-snippet:-1","max-image-preview":"max-image-preview:large","max-video-preview":"max-video-preview:-1"},"canonical":"https:\/\/vosgesinfo.fr\/gerardmerinfo\/2015\/03\/belle-performance-des-filles-de-lasg-voile-a-vesoul\/","twitter_card":"summary_large_image","twitter_title":"Belle performance des filles de l'ASG Voile \u00e0 Vesoul - Gerardmer Info","twitter_description":"Tr\u00e8s bonnes conditions de navigation, grand beau temps, une eau \u00e0 9\u00b0, presque chaude (compar\u00e9e \u00e0 G\u00e9rardmer)\u00a0et vent de 9-10\u00a0n\u0153uds\u00a0le [&hellip;]","twitter_creator":"@VosgesInfo88","twitter_site":"@VosgesInfo88","twitter_misc":{"\u00c9crit par":"qs_admin","Dur\u00e9e de lecture estim\u00e9e":"1 minute"},"schema":{"@context":"https:\/\/schema.org","@graph":[{"@type":"Article","@id":"https:\/\/vosgesinfo.fr\/gerardmerinfo\/2015\/03\/belle-performance-des-filles-de-lasg-voile-a-vesoul\/#article","isPartOf":{"@id":"https:\/\/vosgesinfo.fr\/gerardmerinfo\/2015\/03\/belle-performance-des-filles-de-lasg-voile-a-vesoul\/"},"author":{"name":"qs_admin","@id":"https:\/\/vosgesinfo.fr\/gerardmerinfo\/#\/schema\/person\/bc5d02d71e6932e81b6dadb7386667b1"},"headline":"Belle performance des filles de l&rsquo;ASG Voile \u00e0 Vesoul","datePublished":"2015-03-17T17:16:55+00:00","dateModified":"2015-03-17T17:16:55+00:00","mainEntityOfPage":{"@id":"https:\/\/vosgesinfo.fr\/gerardmerinfo\/2015\/03\/belle-performance-des-filles-de-lasg-voile-a-vesoul\/"},"wordCount":233,"commentCount":0,"publisher":{"@id":"https:\/\/vosgesinfo.fr\/gerardmerinfo\/#organization"},"articleSection":["Sport"],"inLanguage":"fr-FR","potentialAction":[{"@type":"CommentAction","name":"Comment","target":["https:\/\/vosgesinfo.fr\/gerardmerinfo\/2015\/03\/belle-performance-des-filles-de-lasg-voile-a-vesoul\/#respond"]}]},{"@type":"WebPage","@id":"https:\/\/vosgesinfo.fr\/gerardmerinfo\/2015\/03\/belle-performance-des-filles-de-lasg-voile-a-vesoul\/","url":"https:\/\/vosgesinfo.fr\/gerardmerinfo\/2015\/03\/belle-performance-des-filles-de-lasg-voile-a-vesoul\/","name":"Belle performance des filles de l'ASG Voile \u00e0 Vesoul - Gerardmer Info","isPartOf":{"@id":"https:\/\/vosgesinfo.fr\/gerardmerinfo\/#website"},"datePublished":"2015-03-17T17:16:55+00:00","dateModified":"2015-03-17T17:16:55+00:00","breadcrumb":{"@id":"https:\/\/vosgesinfo.fr\/gerardmerinfo\/2015\/03\/belle-performance-des-filles-de-lasg-voile-a-vesoul\/#breadcrumb"},"inLanguage":"fr-FR","potentialAction":[{"@type":"ReadAction","target":["https:\/\/vosgesinfo.fr\/gerardmerinfo\/2015\/03\/belle-performance-des-filles-de-lasg-voile-a-vesoul\/"]}]},{"@type":"BreadcrumbList","@id":"https:\/\/vosgesinfo.fr\/gerardmerinfo\/2015\/03\/belle-performance-des-filles-de-lasg-voile-a-vesoul\/#breadcrumb","itemListElement":[{"@type":"ListItem","position":1,"name":"Home","item":"https:\/\/vosgesinfo.fr\/gerardmerinfo\/"},{"@type":"ListItem","position":2,"name":"Belle performance des filles de l&rsquo;ASG Voile \u00e0 Vesoul"}]},{"@type":"WebSite","@id":"https:\/\/vosgesinfo.fr\/gerardmerinfo\/#website","url":"https:\/\/vosgesinfo.fr\/gerardmerinfo\/","name":"Gerardmer Info","description":"Toute l&#039;actualit\u00e9 de G\u00e9rardmer","publisher":{"@id":"https:\/\/vosgesinfo.fr\/gerardmerinfo\/#organization"},"alternateName":"Toute l'actualit\u00e9 de G\u00e9rardmer","potentialAction":[{"@type":"SearchAction","target":{"@type":"EntryPoint","urlTemplate":"https:\/\/vosgesinfo.fr\/gerardmerinfo\/?s={search_term_string}"},"query-input":"required name=search_term_string"}],"inLanguage":"fr-FR"},{"@type":"Organization","@id":"https:\/\/vosgesinfo.fr\/gerardmerinfo\/#organization","name":"Gerardmer Info","url":"https:\/\/vosgesinfo.fr\/gerardmerinfo\/","logo":{"@type":"ImageObject","inLanguage":"fr-FR","@id":"https:\/\/vosgesinfo.fr\/gerardmerinfo\/#\/schema\/logo\/image\/","url":"https:\/\/vosgesinfo.fr\/app\/uploads\/sites\/6\/2023\/08\/favicon-gerardmerinfo.png","contentUrl":"https:\/\/vosgesinfo.fr\/app\/uploads\/sites\/6\/2023\/08\/favicon-gerardmerinfo.png","width":512,"height":512,"caption":"Gerardmer Info"},"image":{"@id":"https:\/\/vosgesinfo.fr\/gerardmerinfo\/#\/schema\/logo\/image\/"},"sameAs":["https:\/\/www.facebook.com\/profile.php?id=100049475262660","https:\/\/x.com\/VosgesInfo88","https:\/\/www.youtube.com\/@vosgesinfo"]},{"@type":"Person","@id":"https:\/\/vosgesinfo.fr\/gerardmerinfo\/#\/schema\/person\/bc5d02d71e6932e81b6dadb7386667b1","name":"qs_admin","image":{"@type":"ImageObject","inLanguage":"fr-FR","@id":"https:\/\/vosgesinfo.fr\/gerardmerinfo\/#\/schema\/person\/image\/","url":"https:\/\/secure.gravatar.com\/avatar\/94b18ee0ed79e4a42ea2f2931277b6841a8999fc6fde214600c78057cf1fe1de?s=96&d=mm&r=g","contentUrl":"https:\/\/secure.gravatar.com\/avatar\/94b18ee0ed79e4a42ea2f2931277b6841a8999fc6fde214600c78057cf1fe1de?s=96&d=mm&r=g","caption":"qs_admin"},"sameAs":["https:\/\/vosgesinfo.fr\/wp"],"url":"https:\/\/vosgesinfo.fr\/gerardmerinfo\/author\/qs_admin\/"}]}},"_links":{"self":[{"href":"https:\/\/vosgesinfo.fr\/gerardmerinfo\/wp-json\/wp\/v2\/posts\/12453","targetHints":{"allow":["GET"]}}],"collection":[{"href":"https:\/\/vosgesinfo.fr\/gerardmerinfo\/wp-json\/wp\/v2\/posts"}],"about":[{"href":"https:\/\/vosgesinfo.fr\/gerardmerinfo\/wp-json\/wp\/v2\/types\/post"}],"author":[{"embeddable":true,"href":"https:\/\/vosgesinfo.fr\/gerardmerinfo\/wp-json\/wp\/v2\/users\/1"}],"replies":[{"embeddable":true,"href":"https:\/\/vosgesinfo.fr\/gerardmerinfo\/wp-json\/wp\/v2\/comments?post=12453"}],"version-history":[{"count":0,"href":"https:\/\/vosgesinfo.fr\/gerardmerinfo\/wp-json\/wp\/v2\/posts\/12453\/revisions"}],"wp:attachment":[{"href":"https:\/\/vosgesinfo.fr\/gerardmerinfo\/wp-json\/wp\/v2\/media?parent=12453"}],"wp:term":[{"taxonomy":"category","embeddable":true,"href":"https:\/\/vosgesinfo.fr\/gerardmerinfo\/wp-json\/wp\/v2\/categories?post=12453"},{"taxonomy":"post_tag","embeddable":true,"href":"https:\/\/vosgesinfo.fr\/gerardmerinfo\/wp-json\/wp\/v2\/tags?post=12453"}],"curies":[{"name":"wp","href":"https:\/\/api.w.org\/{rel}","templated":true}]}}