{"id":12461,"date":"2015-03-16T17:57:09","date_gmt":"2015-03-16T16:57:09","guid":{"rendered":"https:\/\/vosgesinfo.fr\/gerardmerinfo\/2015\/03\/annee-pleine-pour-lunion-musicale\/"},"modified":"2015-03-16T17:57:09","modified_gmt":"2015-03-16T16:57:09","slug":"annee-pleine-pour-lunion-musicale","status":"publish","type":"post","link":"https:\/\/vosgesinfo.fr\/gerardmerinfo\/2015\/03\/annee-pleine-pour-lunion-musicale\/","title":{"rendered":"Ann\u00e9e pleine pour l&rsquo;Union Musicale"},"content":{"rendered":"<p>&nbsp;<\/p>\n<p><b>Le pr\u00e9sident de l&rsquo;Union Musicale de G\u00e9rardmer (UMG) Eric Tisserant est revenu sur une ann\u00e9e 2014 bien garnie pour lui et ses troupes qui seront \u00e0 nouveau dirig\u00e9es par Ludovic B\u00e9rard pour 5 ann\u00e9es suppl\u00e9mentaires.<\/b><\/p>\n Le pr\u00e9sident Eric Tisserant est revenu sur une ann\u00e9e 2014 \u00e9minemment musicale qui a largement mobilis\u00e9 les forces de l&rsquo;harmonie et de son directeur Ludovic B\u00e9rard\n<p>En effet, c&rsquo;\u00e9tait la petite nouvelle du jour d\u00e9livr\u00e9e lors des r\u00e9centes assises annuelles de l&rsquo;union\u00a0: pour ceux qui ne le savaient pas encore, apr\u00e8s un premier mandat de direction qui s&rsquo;est achev\u00e9 en 2014, Ludovic B\u00e9rard a \u00e9t\u00e9 reconduit dans ses fonctions au sein de l&rsquo;Union Musicale pour un nouveau quinquennat. Il sera donc en poste jusqu&rsquo;\u00e0 la fin de l&rsquo;ann\u00e9e 2019. Une bonne nouvelle quand on sait le dynamisme et le professionnalisme dont il a fait preuve jusqu&rsquo;alors.<\/p>\n<p>Pour en revenir \u00e0 2014, on notera surtout que l&rsquo;agenda de l&rsquo;Union Musicale aura \u00e9t\u00e9 fort bien garni et que les effectifs de la structure restent stables. L&rsquo;harmonie locale compte ainsi 77 musiciens, 40 femmes et 37 hommes dont la moyenne d&rsquo;\u00e2ge est de 41 ans (les 28-45 \u00e9tant les plus repr\u00e9sent\u00e9s) et la moyenne d&rsquo;anciennet\u00e9 est de 12 ans. Une moyenne qui, comme l&rsquo;a rappel\u00e9 Eric Tisserant, prouve la fid\u00e9lit\u00e9 d&rsquo;un grand nombre de membres qui quittent souvent la formation \u00e0 regret pour des raisons professionnelles ou pour poursuivre leurs \u00e9tudes.<\/p>\n<p>Pour ce qui est de l&rsquo;activit\u00e9 particuli\u00e8rement dense de l&rsquo;union en 2014, on rappellera que cette derni\u00e8re a assur\u00e9 la bagatelle de 26 prestations diff\u00e9rentes dont huit concerts principaux, deux aubades (Nouvel An et Tour de France) et trois d\u00e9fil\u00e9s (13 et 14 juillet ainsi que Saint Nicolas). A cela vient s&rsquo;ajouter la participation de l&rsquo;harmonie aux diverses c\u00e9r\u00e9monies patriotiques et journ\u00e9es de comm\u00e9morations et l&rsquo;animation musicale de certains \u00e9v\u00e9nements comme son traditionnel loto.<\/p>\n<p>Mais deux \u00e9v\u00e9nements majeurs sont venus marquer la vie de l&rsquo;Union Musicale en 2014, il s&rsquo;agit bien s\u00fbr de la participation \u00e0 l&rsquo;organisation des Virades de l&rsquo;Espoir ainsi que l&rsquo;organisation du Congr\u00e8s de la Conf\u00e9d\u00e9ration Musicale de France, congr\u00e8s qui s&rsquo;est \u00e9tal\u00e9 sur trois jours et s&rsquo;est d\u00e9roul\u00e9 \u00e0 l&rsquo;Espace LAC. Un rendez-vous dont le pr\u00e9sident Eric Tisserant a soulign\u00e9 \u00e0 juste titre la qualit\u00e9 de l&rsquo;accueil avant d&rsquo;ajouter\u00a0: \u00ab\u00a0Sachant que les participants \u00e0 ce congr\u00e8s venaient de la France enti\u00e8re, je pense sinc\u00e8rement que cela aura \u00e9t\u00e9 une superbe publicit\u00e9 pour l&rsquo;Union Musicale et la ville de G\u00e9rardmer\u00a0\u00bb.<\/p>\n<p>Les 27 et 28 septembre 2014, place \u00e0 la premi\u00e8re \u00e9dition des Virades de l&rsquo;Espoir, op\u00e9ration de lutte contre la mucoviscidose d&rsquo;envergure nationale et organis\u00e9e \u00e0 l&rsquo;\u00e9chelle d\u00e9partementale par Sylvia B\u00e9rard, \u00e9pouse de Ludovic B\u00e9rard. Une vraie r\u00e9ussite pour une premi\u00e8re qui a re\u00e7u le soutien de la Municipalit\u00e9 et de nombreuses autres associations g\u00e9r\u00f4moises. Ce joli travail d&rsquo;\u00e9quipe et une partition assur\u00e9e de main de ma\u00eetre par l&rsquo;UMG ont permis de r\u00e9aliser un r\u00e9sultat financier important en faveur de la lutte contre la maladie.<\/p>\n<p>Pour conclure ce bilan d&rsquo;activit\u00e9s \u00e9logieux et cette r\u00e9trospective de l&rsquo;ann\u00e9e 2014, comment ne pas aborder le sujet du Concert de Sainte C\u00e9cile, \u00e9v\u00e9nement phare des fins d&rsquo;ann\u00e9es g\u00e9r\u00f4moises. Une repr\u00e9sentation dont le th\u00e8me \u00e9tait les soldats de la Premi\u00e8re Guerre Mondiale. Un th\u00e8me qui a manifestement s\u00e9duit le public venu en masse \u00e0 l&rsquo;Espace LAC. La combinaison de l&rsquo;excellent choix des morceaux et de la lecture des lettres des Poilus a fonctionn\u00e9 \u00e0 merveille, contribuant \u00e0 la r\u00e9ussite de ce concert. Une soir\u00e9e du 14 d\u00e9cembre charg\u00e9e en \u00e9motions qui restera sans doute dans les m\u00e9moires des m\u00e9lomanes pr\u00e9sents dans les gradins\u00a0!<\/p>\n","protected":false},"excerpt":{"rendered":"<p>&nbsp; Le pr\u00e9sident de l&rsquo;Union Musicale de G\u00e9rardmer (UMG) Eric Tisserant est revenu sur une ann\u00e9e 2014 bien garnie pour [&hellip;]<\/p>\n","protected":false},"author":42,"featured_media":0,"comment_status":"open","ping_status":"open","sticky":false,"template":"","format":"standard","meta":{"footnotes":""},"categories":[4,17],"tags":[],"class_list":["post-12461","post","type-post","status-publish","format-standard","hentry","category-culture","category-vie-associative"],"acf":[],"yoast_head":"<!-- This site is optimized with the Yoast SEO plugin v22.5 - https:\/\/yoast.com\/wordpress\/plugins\/seo\/ -->\n<title>Ann\u00e9e pleine pour l&#039;Union Musicale - Gerardmer Info<\/title>\n<meta name=\"robots\" content=\"index, follow, max-snippet:-1, max-image-preview:large, max-video-preview:-1\" \/>\n<link rel=\"canonical\" href=\"https:\/\/vosgesinfo.fr\/gerardmerinfo\/2015\/03\/annee-pleine-pour-lunion-musicale\/\" \/>\n<meta name=\"twitter:card\" content=\"summary_large_image\" \/>\n<meta name=\"twitter:title\" content=\"Ann\u00e9e pleine pour l&#039;Union Musicale - Gerardmer Info\" \/>\n<meta name=\"twitter:description\" content=\"&nbsp; Le pr\u00e9sident de l&rsquo;Union Musicale de G\u00e9rardmer (UMG) Eric Tisserant est revenu sur une ann\u00e9e 2014 bien garnie pour [&hellip;]\" \/>\n<meta name=\"twitter:creator\" content=\"@VosgesInfo88\" \/>\n<meta name=\"twitter:site\" content=\"@VosgesInfo88\" \/>\n<meta name=\"twitter:label1\" content=\"\u00c9crit par\" \/>\n\t<meta name=\"twitter:data1\" content=\"QG\" \/>\n\t<meta name=\"twitter:label2\" content=\"Dur\u00e9e de lecture estim\u00e9e\" \/>\n\t<meta name=\"twitter:data2\" content=\"3 minutes\" \/>\n<script type=\"application\/ld+json\" class=\"yoast-schema-graph\">{\"@context\":\"https:\/\/schema.org\",\"@graph\":[{\"@type\":\"Article\",\"@id\":\"https:\/\/vosgesinfo.fr\/gerardmerinfo\/2015\/03\/annee-pleine-pour-lunion-musicale\/#article\",\"isPartOf\":{\"@id\":\"https:\/\/vosgesinfo.fr\/gerardmerinfo\/2015\/03\/annee-pleine-pour-lunion-musicale\/\"},\"author\":{\"name\":\"QG\",\"@id\":\"https:\/\/vosgesinfo.fr\/gerardmerinfo\/#\/schema\/person\/db5605779a843dad16b5368f3e7613a5\"},\"headline\":\"Ann\u00e9e pleine pour l&rsquo;Union Musicale\",\"datePublished\":\"2015-03-16T16:57:09+00:00\",\"dateModified\":\"2015-03-16T16:57:09+00:00\",\"mainEntityOfPage\":{\"@id\":\"https:\/\/vosgesinfo.fr\/gerardmerinfo\/2015\/03\/annee-pleine-pour-lunion-musicale\/\"},\"wordCount\":693,\"commentCount\":0,\"publisher\":{\"@id\":\"https:\/\/vosgesinfo.fr\/gerardmerinfo\/#organization\"},\"articleSection\":[\"Culture\",\"Vie Associative\"],\"inLanguage\":\"fr-FR\",\"potentialAction\":[{\"@type\":\"CommentAction\",\"name\":\"Comment\",\"target\":[\"https:\/\/vosgesinfo.fr\/gerardmerinfo\/2015\/03\/annee-pleine-pour-lunion-musicale\/#respond\"]}]},{\"@type\":\"WebPage\",\"@id\":\"https:\/\/vosgesinfo.fr\/gerardmerinfo\/2015\/03\/annee-pleine-pour-lunion-musicale\/\",\"url\":\"https:\/\/vosgesinfo.fr\/gerardmerinfo\/2015\/03\/annee-pleine-pour-lunion-musicale\/\",\"name\":\"Ann\u00e9e pleine pour l'Union Musicale - Gerardmer Info\",\"isPartOf\":{\"@id\":\"https:\/\/vosgesinfo.fr\/gerardmerinfo\/#website\"},\"datePublished\":\"2015-03-16T16:57:09+00:00\",\"dateModified\":\"2015-03-16T16:57:09+00:00\",\"breadcrumb\":{\"@id\":\"https:\/\/vosgesinfo.fr\/gerardmerinfo\/2015\/03\/annee-pleine-pour-lunion-musicale\/#breadcrumb\"},\"inLanguage\":\"fr-FR\",\"potentialAction\":[{\"@type\":\"ReadAction\",\"target\":[\"https:\/\/vosgesinfo.fr\/gerardmerinfo\/2015\/03\/annee-pleine-pour-lunion-musicale\/\"]}]},{\"@type\":\"BreadcrumbList\",\"@id\":\"https:\/\/vosgesinfo.fr\/gerardmerinfo\/2015\/03\/annee-pleine-pour-lunion-musicale\/#breadcrumb\",\"itemListElement\":[{\"@type\":\"ListItem\",\"position\":1,\"name\":\"Home\",\"item\":\"https:\/\/vosgesinfo.fr\/gerardmerinfo\/\"},{\"@type\":\"ListItem\",\"position\":2,\"name\":\"Ann\u00e9e pleine pour l&rsquo;Union Musicale\"}]},{\"@type\":\"WebSite\",\"@id\":\"https:\/\/vosgesinfo.fr\/gerardmerinfo\/#website\",\"url\":\"https:\/\/vosgesinfo.fr\/gerardmerinfo\/\",\"name\":\"Gerardmer Info\",\"description\":\"Toute l&#039;actualit\u00e9 de G\u00e9rardmer\",\"publisher\":{\"@id\":\"https:\/\/vosgesinfo.fr\/gerardmerinfo\/#organization\"},\"alternateName\":\"Toute l'actualit\u00e9 de G\u00e9rardmer\",\"potentialAction\":[{\"@type\":\"SearchAction\",\"target\":{\"@type\":\"EntryPoint\",\"urlTemplate\":\"https:\/\/vosgesinfo.fr\/gerardmerinfo\/?s={search_term_string}\"},\"query-input\":\"required name=search_term_string\"}],\"inLanguage\":\"fr-FR\"},{\"@type\":\"Organization\",\"@id\":\"https:\/\/vosgesinfo.fr\/gerardmerinfo\/#organization\",\"name\":\"Gerardmer Info\",\"url\":\"https:\/\/vosgesinfo.fr\/gerardmerinfo\/\",\"logo\":{\"@type\":\"ImageObject\",\"inLanguage\":\"fr-FR\",\"@id\":\"https:\/\/vosgesinfo.fr\/gerardmerinfo\/#\/schema\/logo\/image\/\",\"url\":\"https:\/\/vosgesinfo.fr\/app\/uploads\/sites\/6\/2023\/08\/favicon-gerardmerinfo.png\",\"contentUrl\":\"https:\/\/vosgesinfo.fr\/app\/uploads\/sites\/6\/2023\/08\/favicon-gerardmerinfo.png\",\"width\":512,\"height\":512,\"caption\":\"Gerardmer Info\"},\"image\":{\"@id\":\"https:\/\/vosgesinfo.fr\/gerardmerinfo\/#\/schema\/logo\/image\/\"},\"sameAs\":[\"https:\/\/www.facebook.com\/profile.php?id=100049475262660\",\"https:\/\/x.com\/VosgesInfo88\",\"https:\/\/www.youtube.com\/@vosgesinfo\"]},{\"@type\":\"Person\",\"@id\":\"https:\/\/vosgesinfo.fr\/gerardmerinfo\/#\/schema\/person\/db5605779a843dad16b5368f3e7613a5\",\"name\":\"QG\",\"image\":{\"@type\":\"ImageObject\",\"inLanguage\":\"fr-FR\",\"@id\":\"https:\/\/vosgesinfo.fr\/gerardmerinfo\/#\/schema\/person\/image\/\",\"url\":\"https:\/\/secure.gravatar.com\/avatar\/ea80c42c204b534408512832fde52504ecabb9706bcb6151cf6175e5b64e6793?s=96&d=mm&r=g\",\"contentUrl\":\"https:\/\/secure.gravatar.com\/avatar\/ea80c42c204b534408512832fde52504ecabb9706bcb6151cf6175e5b64e6793?s=96&d=mm&r=g\",\"caption\":\"QG\"},\"url\":\"https:\/\/vosgesinfo.fr\/gerardmerinfo\/author\/quentin88\/\"}]}<\/script>\n<!-- \/ Yoast SEO plugin. -->","yoast_head_json":{"title":"Ann\u00e9e pleine pour l'Union Musicale - Gerardmer Info","robots":{"index":"index","follow":"follow","max-snippet":"max-snippet:-1","max-image-preview":"max-image-preview:large","max-video-preview":"max-video-preview:-1"},"canonical":"https:\/\/vosgesinfo.fr\/gerardmerinfo\/2015\/03\/annee-pleine-pour-lunion-musicale\/","twitter_card":"summary_large_image","twitter_title":"Ann\u00e9e pleine pour l'Union Musicale - Gerardmer Info","twitter_description":"&nbsp; Le pr\u00e9sident de l&rsquo;Union Musicale de G\u00e9rardmer (UMG) Eric Tisserant est revenu sur une ann\u00e9e 2014 bien garnie pour [&hellip;]","twitter_creator":"@VosgesInfo88","twitter_site":"@VosgesInfo88","twitter_misc":{"\u00c9crit par":"QG","Dur\u00e9e de lecture estim\u00e9e":"3 minutes"},"schema":{"@context":"https:\/\/schema.org","@graph":[{"@type":"Article","@id":"https:\/\/vosgesinfo.fr\/gerardmerinfo\/2015\/03\/annee-pleine-pour-lunion-musicale\/#article","isPartOf":{"@id":"https:\/\/vosgesinfo.fr\/gerardmerinfo\/2015\/03\/annee-pleine-pour-lunion-musicale\/"},"author":{"name":"QG","@id":"https:\/\/vosgesinfo.fr\/gerardmerinfo\/#\/schema\/person\/db5605779a843dad16b5368f3e7613a5"},"headline":"Ann\u00e9e pleine pour l&rsquo;Union Musicale","datePublished":"2015-03-16T16:57:09+00:00","dateModified":"2015-03-16T16:57:09+00:00","mainEntityOfPage":{"@id":"https:\/\/vosgesinfo.fr\/gerardmerinfo\/2015\/03\/annee-pleine-pour-lunion-musicale\/"},"wordCount":693,"commentCount":0,"publisher":{"@id":"https:\/\/vosgesinfo.fr\/gerardmerinfo\/#organization"},"articleSection":["Culture","Vie Associative"],"inLanguage":"fr-FR","potentialAction":[{"@type":"CommentAction","name":"Comment","target":["https:\/\/vosgesinfo.fr\/gerardmerinfo\/2015\/03\/annee-pleine-pour-lunion-musicale\/#respond"]}]},{"@type":"WebPage","@id":"https:\/\/vosgesinfo.fr\/gerardmerinfo\/2015\/03\/annee-pleine-pour-lunion-musicale\/","url":"https:\/\/vosgesinfo.fr\/gerardmerinfo\/2015\/03\/annee-pleine-pour-lunion-musicale\/","name":"Ann\u00e9e pleine pour l'Union Musicale - Gerardmer Info","isPartOf":{"@id":"https:\/\/vosgesinfo.fr\/gerardmerinfo\/#website"},"datePublished":"2015-03-16T16:57:09+00:00","dateModified":"2015-03-16T16:57:09+00:00","breadcrumb":{"@id":"https:\/\/vosgesinfo.fr\/gerardmerinfo\/2015\/03\/annee-pleine-pour-lunion-musicale\/#breadcrumb"},"inLanguage":"fr-FR","potentialAction":[{"@type":"ReadAction","target":["https:\/\/vosgesinfo.fr\/gerardmerinfo\/2015\/03\/annee-pleine-pour-lunion-musicale\/"]}]},{"@type":"BreadcrumbList","@id":"https:\/\/vosgesinfo.fr\/gerardmerinfo\/2015\/03\/annee-pleine-pour-lunion-musicale\/#breadcrumb","itemListElement":[{"@type":"ListItem","position":1,"name":"Home","item":"https:\/\/vosgesinfo.fr\/gerardmerinfo\/"},{"@type":"ListItem","position":2,"name":"Ann\u00e9e pleine pour l&rsquo;Union Musicale"}]},{"@type":"WebSite","@id":"https:\/\/vosgesinfo.fr\/gerardmerinfo\/#website","url":"https:\/\/vosgesinfo.fr\/gerardmerinfo\/","name":"Gerardmer Info","description":"Toute l&#039;actualit\u00e9 de G\u00e9rardmer","publisher":{"@id":"https:\/\/vosgesinfo.fr\/gerardmerinfo\/#organization"},"alternateName":"Toute l'actualit\u00e9 de G\u00e9rardmer","potentialAction":[{"@type":"SearchAction","target":{"@type":"EntryPoint","urlTemplate":"https:\/\/vosgesinfo.fr\/gerardmerinfo\/?s={search_term_string}"},"query-input":"required name=search_term_string"}],"inLanguage":"fr-FR"},{"@type":"Organization","@id":"https:\/\/vosgesinfo.fr\/gerardmerinfo\/#organization","name":"Gerardmer Info","url":"https:\/\/vosgesinfo.fr\/gerardmerinfo\/","logo":{"@type":"ImageObject","inLanguage":"fr-FR","@id":"https:\/\/vosgesinfo.fr\/gerardmerinfo\/#\/schema\/logo\/image\/","url":"https:\/\/vosgesinfo.fr\/app\/uploads\/sites\/6\/2023\/08\/favicon-gerardmerinfo.png","contentUrl":"https:\/\/vosgesinfo.fr\/app\/uploads\/sites\/6\/2023\/08\/favicon-gerardmerinfo.png","width":512,"height":512,"caption":"Gerardmer Info"},"image":{"@id":"https:\/\/vosgesinfo.fr\/gerardmerinfo\/#\/schema\/logo\/image\/"},"sameAs":["https:\/\/www.facebook.com\/profile.php?id=100049475262660","https:\/\/x.com\/VosgesInfo88","https:\/\/www.youtube.com\/@vosgesinfo"]},{"@type":"Person","@id":"https:\/\/vosgesinfo.fr\/gerardmerinfo\/#\/schema\/person\/db5605779a843dad16b5368f3e7613a5","name":"QG","image":{"@type":"ImageObject","inLanguage":"fr-FR","@id":"https:\/\/vosgesinfo.fr\/gerardmerinfo\/#\/schema\/person\/image\/","url":"https:\/\/secure.gravatar.com\/avatar\/ea80c42c204b534408512832fde52504ecabb9706bcb6151cf6175e5b64e6793?s=96&d=mm&r=g","contentUrl":"https:\/\/secure.gravatar.com\/avatar\/ea80c42c204b534408512832fde52504ecabb9706bcb6151cf6175e5b64e6793?s=96&d=mm&r=g","caption":"QG"},"url":"https:\/\/vosgesinfo.fr\/gerardmerinfo\/author\/quentin88\/"}]}},"_links":{"self":[{"href":"https:\/\/vosgesinfo.fr\/gerardmerinfo\/wp-json\/wp\/v2\/posts\/12461","targetHints":{"allow":["GET"]}}],"collection":[{"href":"https:\/\/vosgesinfo.fr\/gerardmerinfo\/wp-json\/wp\/v2\/posts"}],"about":[{"href":"https:\/\/vosgesinfo.fr\/gerardmerinfo\/wp-json\/wp\/v2\/types\/post"}],"author":[{"embeddable":true,"href":"https:\/\/vosgesinfo.fr\/gerardmerinfo\/wp-json\/wp\/v2\/users\/42"}],"replies":[{"embeddable":true,"href":"https:\/\/vosgesinfo.fr\/gerardmerinfo\/wp-json\/wp\/v2\/comments?post=12461"}],"version-history":[{"count":0,"href":"https:\/\/vosgesinfo.fr\/gerardmerinfo\/wp-json\/wp\/v2\/posts\/12461\/revisions"}],"wp:attachment":[{"href":"https:\/\/vosgesinfo.fr\/gerardmerinfo\/wp-json\/wp\/v2\/media?parent=12461"}],"wp:term":[{"taxonomy":"category","embeddable":true,"href":"https:\/\/vosgesinfo.fr\/gerardmerinfo\/wp-json\/wp\/v2\/categories?post=12461"},{"taxonomy":"post_tag","embeddable":true,"href":"https:\/\/vosgesinfo.fr\/gerardmerinfo\/wp-json\/wp\/v2\/tags?post=12461"}],"curies":[{"name":"wp","href":"https:\/\/api.w.org\/{rel}","templated":true}]}}