{"id":12462,"date":"2015-03-17T07:24:00","date_gmt":"2015-03-17T06:24:00","guid":{"rendered":"https:\/\/vosgesinfo.fr\/gerardmerinfo\/2015\/03\/poncelet-tire-sa-reverence\/"},"modified":"2015-03-17T07:24:00","modified_gmt":"2015-03-17T06:24:00","slug":"poncelet-tire-sa-reverence","status":"publish","type":"post","link":"https:\/\/vosgesinfo.fr\/gerardmerinfo\/2015\/03\/poncelet-tire-sa-reverence\/","title":{"rendered":"Poncelet tire sa r\u00e9v\u00e9rence"},"content":{"rendered":"<div class=\"entry-byline cf\"><\/div>\n<div class=\"entry-content cf\">\n<p><strong>50 ann\u00e9es de vie politique se sont achev\u00e9es ce matin\u00a0: Christian Poncelet prend sa retraite \u00e0 l\u2019\u00e2ge de 86 ans\u2026 mais pas totalement\u00a0! Il s\u2019est adress\u00e9 \u00e0 la presse au travers d\u2019un long discours retra\u00e7ant sa carri\u00e8re, sans oublier de mentionner ses conseils pour l\u2019avenir des Vosges.<\/strong><\/p>\n<p>La liste est longue\u00a0: Secr\u00e9taire d\u2019Etat de trois cabinets, d\u00e9put\u00e9, s\u00e9nateur pendant 37 ans, pr\u00e9sident du S\u00e9nat durant 10 ans, pr\u00e9sident du Conseil g\u00e9n\u00e9ral des Vosges depuis 39 ans\u2026 C\u2019est une page dense de la politique qui s\u2019est tourn\u00e9e ce matin. Christian Poncelet a annonc\u00e9 sa retraite d\u00e9partementale \u00e0 la presse, apr\u00e8s avoir tenu sa derni\u00e8re commission permanente. Pour autant, notre gaulliste vosgien a affirm\u00e9 garder un pied au S\u00e9nat dans un bureau permanent.<\/p>\n<p><strong>De la dynamique des Vosges\u2026 jusqu\u2019en Chine\u00a0!<\/strong><\/p>\n<p>Les Vosges n\u2019ont cess\u00e9 d\u2019\u00eatre au centre de son discours, de son combat pour le d\u00e9senclavement \u00e9conomique aux infrastructures du d\u00e9partement. Au tableau d\u2019honneur de notre pr\u00e9sident du Conseil : tentatives d\u2019attirer les march\u00e9s industriels europ\u00e9ens (comme les entreprises Minolta ou Innothera), travaux de la RN 57 jusqu\u2019\u00a0\u00ab\u00a0aux portes de la Haute-Sa\u00f4ne\u00a0\u00bb, arr\u00eat du TGV \u00e0 Epinal, Remiremont et Saint-Di\u00e9, tr\u00e8s haut d\u00e9bit dans les Vosges. Il a aussi insist\u00e9 sur les accords commerciaux pass\u00e9s entre les Vosges et la Chine lors de ses mandats\u00a0: <em>\u00ab\u00a0En Asie, la France est synonyme de luxe, sachons en profiter\u00a0\u00bb\u00a0<\/em>!<\/p>\n<p><strong>Serrons-nous les coudes<\/strong><\/p>\n<p>Christian Poncelet a rappel\u00e9 ses actions sociales en direction des plus jeunes avec les 4000 emplois cr\u00e9\u00e9s au travers de l\u2019op\u00e9ration \u00ab\u00a0Jeunes pr\u00eats \u00e0 bosser\u00a0\u00bb, mais aussi des moins jeunes avec la construction d\u2019EHPAD (Etablissements pour personnes \u00e2g\u00e9es d\u00e9pendantes) sur le territoire vosgien. Cette coh\u00e9sion de toile de fond, c\u2019est aussi son plus beau souvenir\u00a0politique : <em>\u00ab\u00a0la p\u00e9riode du G\u00e9n\u00e9ral de Gaulle o\u00f9 il y avait une unit\u00e9\u00a0\u00bb<\/em> se souvient-il.<\/p>\n<p><strong>En \u00e9voquant sa succession<\/strong><\/p>\n<p>C\u2019est sans conteste le lien entre pass\u00e9, pr\u00e9sent et futur que Christian Poncelet souhaitait \u00e9voquer aujourd\u2019hui. Selon lui, son successeur devra <em>\u00ab\u00a0maintenir l\u2019unit\u00e9 dans les Vosges et d\u00e9velopper le patriotisme vosgien\u00a0\u00bb<\/em>. Il est d\u2019ailleurs de sa volont\u00e9 propre d\u2019<em>\u00abaider celui qui va [le] remplacer\u00a0\u00bb<\/em>. Pour ce qui est de la question du soutien qu\u2019il apporte \u00e0 Fran\u00e7ois Vannson sur son propre canton, le pr\u00e9sident du Conseil g\u00e9n\u00e9ral conclue simplement <em>\u00ab\u00a0nous sommes en d\u00e9mocratie\u00a0\u00bb<\/em>.<\/p>\n<p>Fier de la confiance accord\u00e9e par les Vosgiens, et de sa r\u00e9cente distinction en tant qu\u2019Officier de la L\u00e9gion d\u2019Honneur, Christian Poncelet a adress\u00e9 ses remerciements \u00e0 la population de notre d\u00e9partement. Pour l\u2019heure, notre homme politique octog\u00e9naire est fatigu\u00e9\u00a0: il nous a confi\u00e9 vouloir <em>\u00ab\u00a0prendre un moment de repos, quelques temps dans le sud de la France\u00a0\u00bb<\/em>.<\/p>\n<p>C\u00e9lia Klein-Nav\u00e9<\/p>\n<\/div>\n","protected":false},"excerpt":{"rendered":"<p>50 ann\u00e9es de vie politique se sont achev\u00e9es ce matin\u00a0: Christian Poncelet prend sa retraite \u00e0 l\u2019\u00e2ge de 86 ans\u2026 [&hellip;]<\/p>\n","protected":false},"author":1,"featured_media":0,"comment_status":"open","ping_status":"open","sticky":false,"template":"","format":"standard","meta":{"footnotes":""},"categories":[10,18],"tags":[],"class_list":["post-12462","post","type-post","status-publish","format-standard","hentry","category-politique","category-vosges"],"acf":[],"yoast_head":"<!-- This site is optimized with the Yoast SEO plugin v22.5 - https:\/\/yoast.com\/wordpress\/plugins\/seo\/ -->\n<title>Poncelet tire sa r\u00e9v\u00e9rence - Gerardmer Info<\/title>\n<meta name=\"robots\" content=\"index, follow, max-snippet:-1, max-image-preview:large, max-video-preview:-1\" \/>\n<link rel=\"canonical\" href=\"https:\/\/vosgesinfo.fr\/gerardmerinfo\/2015\/03\/poncelet-tire-sa-reverence\/\" \/>\n<meta name=\"twitter:card\" content=\"summary_large_image\" \/>\n<meta name=\"twitter:title\" content=\"Poncelet tire sa r\u00e9v\u00e9rence - Gerardmer Info\" \/>\n<meta name=\"twitter:description\" content=\"50 ann\u00e9es de vie politique se sont achev\u00e9es ce matin\u00a0: Christian Poncelet prend sa retraite \u00e0 l\u2019\u00e2ge de 86 ans\u2026 [&hellip;]\" \/>\n<meta name=\"twitter:creator\" content=\"@VosgesInfo88\" \/>\n<meta name=\"twitter:site\" content=\"@VosgesInfo88\" \/>\n<meta name=\"twitter:label1\" content=\"\u00c9crit par\" \/>\n\t<meta name=\"twitter:data1\" content=\"qs_admin\" \/>\n\t<meta name=\"twitter:label2\" content=\"Dur\u00e9e de lecture estim\u00e9e\" \/>\n\t<meta name=\"twitter:data2\" content=\"2 minutes\" \/>\n<script type=\"application\/ld+json\" class=\"yoast-schema-graph\">{\"@context\":\"https:\/\/schema.org\",\"@graph\":[{\"@type\":\"Article\",\"@id\":\"https:\/\/vosgesinfo.fr\/gerardmerinfo\/2015\/03\/poncelet-tire-sa-reverence\/#article\",\"isPartOf\":{\"@id\":\"https:\/\/vosgesinfo.fr\/gerardmerinfo\/2015\/03\/poncelet-tire-sa-reverence\/\"},\"author\":{\"name\":\"qs_admin\",\"@id\":\"https:\/\/vosgesinfo.fr\/gerardmerinfo\/#\/schema\/person\/bc5d02d71e6932e81b6dadb7386667b1\"},\"headline\":\"Poncelet tire sa r\u00e9v\u00e9rence\",\"datePublished\":\"2015-03-17T06:24:00+00:00\",\"dateModified\":\"2015-03-17T06:24:00+00:00\",\"mainEntityOfPage\":{\"@id\":\"https:\/\/vosgesinfo.fr\/gerardmerinfo\/2015\/03\/poncelet-tire-sa-reverence\/\"},\"wordCount\":499,\"commentCount\":0,\"publisher\":{\"@id\":\"https:\/\/vosgesinfo.fr\/gerardmerinfo\/#organization\"},\"articleSection\":[\"Politique\",\"Vosges\"],\"inLanguage\":\"fr-FR\",\"potentialAction\":[{\"@type\":\"CommentAction\",\"name\":\"Comment\",\"target\":[\"https:\/\/vosgesinfo.fr\/gerardmerinfo\/2015\/03\/poncelet-tire-sa-reverence\/#respond\"]}]},{\"@type\":\"WebPage\",\"@id\":\"https:\/\/vosgesinfo.fr\/gerardmerinfo\/2015\/03\/poncelet-tire-sa-reverence\/\",\"url\":\"https:\/\/vosgesinfo.fr\/gerardmerinfo\/2015\/03\/poncelet-tire-sa-reverence\/\",\"name\":\"Poncelet tire sa r\u00e9v\u00e9rence - Gerardmer Info\",\"isPartOf\":{\"@id\":\"https:\/\/vosgesinfo.fr\/gerardmerinfo\/#website\"},\"datePublished\":\"2015-03-17T06:24:00+00:00\",\"dateModified\":\"2015-03-17T06:24:00+00:00\",\"breadcrumb\":{\"@id\":\"https:\/\/vosgesinfo.fr\/gerardmerinfo\/2015\/03\/poncelet-tire-sa-reverence\/#breadcrumb\"},\"inLanguage\":\"fr-FR\",\"potentialAction\":[{\"@type\":\"ReadAction\",\"target\":[\"https:\/\/vosgesinfo.fr\/gerardmerinfo\/2015\/03\/poncelet-tire-sa-reverence\/\"]}]},{\"@type\":\"BreadcrumbList\",\"@id\":\"https:\/\/vosgesinfo.fr\/gerardmerinfo\/2015\/03\/poncelet-tire-sa-reverence\/#breadcrumb\",\"itemListElement\":[{\"@type\":\"ListItem\",\"position\":1,\"name\":\"Home\",\"item\":\"https:\/\/vosgesinfo.fr\/gerardmerinfo\/\"},{\"@type\":\"ListItem\",\"position\":2,\"name\":\"Poncelet tire sa r\u00e9v\u00e9rence\"}]},{\"@type\":\"WebSite\",\"@id\":\"https:\/\/vosgesinfo.fr\/gerardmerinfo\/#website\",\"url\":\"https:\/\/vosgesinfo.fr\/gerardmerinfo\/\",\"name\":\"Gerardmer Info\",\"description\":\"Toute l&#039;actualit\u00e9 de G\u00e9rardmer\",\"publisher\":{\"@id\":\"https:\/\/vosgesinfo.fr\/gerardmerinfo\/#organization\"},\"alternateName\":\"Toute l'actualit\u00e9 de G\u00e9rardmer\",\"potentialAction\":[{\"@type\":\"SearchAction\",\"target\":{\"@type\":\"EntryPoint\",\"urlTemplate\":\"https:\/\/vosgesinfo.fr\/gerardmerinfo\/?s={search_term_string}\"},\"query-input\":\"required name=search_term_string\"}],\"inLanguage\":\"fr-FR\"},{\"@type\":\"Organization\",\"@id\":\"https:\/\/vosgesinfo.fr\/gerardmerinfo\/#organization\",\"name\":\"Gerardmer Info\",\"url\":\"https:\/\/vosgesinfo.fr\/gerardmerinfo\/\",\"logo\":{\"@type\":\"ImageObject\",\"inLanguage\":\"fr-FR\",\"@id\":\"https:\/\/vosgesinfo.fr\/gerardmerinfo\/#\/schema\/logo\/image\/\",\"url\":\"https:\/\/vosgesinfo.fr\/app\/uploads\/sites\/6\/2023\/08\/favicon-gerardmerinfo.png\",\"contentUrl\":\"https:\/\/vosgesinfo.fr\/app\/uploads\/sites\/6\/2023\/08\/favicon-gerardmerinfo.png\",\"width\":512,\"height\":512,\"caption\":\"Gerardmer Info\"},\"image\":{\"@id\":\"https:\/\/vosgesinfo.fr\/gerardmerinfo\/#\/schema\/logo\/image\/\"},\"sameAs\":[\"https:\/\/www.facebook.com\/profile.php?id=100049475262660\",\"https:\/\/x.com\/VosgesInfo88\",\"https:\/\/www.youtube.com\/@vosgesinfo\"]},{\"@type\":\"Person\",\"@id\":\"https:\/\/vosgesinfo.fr\/gerardmerinfo\/#\/schema\/person\/bc5d02d71e6932e81b6dadb7386667b1\",\"name\":\"qs_admin\",\"image\":{\"@type\":\"ImageObject\",\"inLanguage\":\"fr-FR\",\"@id\":\"https:\/\/vosgesinfo.fr\/gerardmerinfo\/#\/schema\/person\/image\/\",\"url\":\"https:\/\/secure.gravatar.com\/avatar\/94b18ee0ed79e4a42ea2f2931277b6841a8999fc6fde214600c78057cf1fe1de?s=96&d=mm&r=g\",\"contentUrl\":\"https:\/\/secure.gravatar.com\/avatar\/94b18ee0ed79e4a42ea2f2931277b6841a8999fc6fde214600c78057cf1fe1de?s=96&d=mm&r=g\",\"caption\":\"qs_admin\"},\"sameAs\":[\"https:\/\/vosgesinfo.fr\/wp\"],\"url\":\"https:\/\/vosgesinfo.fr\/gerardmerinfo\/author\/qs_admin\/\"}]}<\/script>\n<!-- \/ Yoast SEO plugin. -->","yoast_head_json":{"title":"Poncelet tire sa r\u00e9v\u00e9rence - Gerardmer Info","robots":{"index":"index","follow":"follow","max-snippet":"max-snippet:-1","max-image-preview":"max-image-preview:large","max-video-preview":"max-video-preview:-1"},"canonical":"https:\/\/vosgesinfo.fr\/gerardmerinfo\/2015\/03\/poncelet-tire-sa-reverence\/","twitter_card":"summary_large_image","twitter_title":"Poncelet tire sa r\u00e9v\u00e9rence - Gerardmer Info","twitter_description":"50 ann\u00e9es de vie politique se sont achev\u00e9es ce matin\u00a0: Christian Poncelet prend sa retraite \u00e0 l\u2019\u00e2ge de 86 ans\u2026 [&hellip;]","twitter_creator":"@VosgesInfo88","twitter_site":"@VosgesInfo88","twitter_misc":{"\u00c9crit par":"qs_admin","Dur\u00e9e de lecture estim\u00e9e":"2 minutes"},"schema":{"@context":"https:\/\/schema.org","@graph":[{"@type":"Article","@id":"https:\/\/vosgesinfo.fr\/gerardmerinfo\/2015\/03\/poncelet-tire-sa-reverence\/#article","isPartOf":{"@id":"https:\/\/vosgesinfo.fr\/gerardmerinfo\/2015\/03\/poncelet-tire-sa-reverence\/"},"author":{"name":"qs_admin","@id":"https:\/\/vosgesinfo.fr\/gerardmerinfo\/#\/schema\/person\/bc5d02d71e6932e81b6dadb7386667b1"},"headline":"Poncelet tire sa r\u00e9v\u00e9rence","datePublished":"2015-03-17T06:24:00+00:00","dateModified":"2015-03-17T06:24:00+00:00","mainEntityOfPage":{"@id":"https:\/\/vosgesinfo.fr\/gerardmerinfo\/2015\/03\/poncelet-tire-sa-reverence\/"},"wordCount":499,"commentCount":0,"publisher":{"@id":"https:\/\/vosgesinfo.fr\/gerardmerinfo\/#organization"},"articleSection":["Politique","Vosges"],"inLanguage":"fr-FR","potentialAction":[{"@type":"CommentAction","name":"Comment","target":["https:\/\/vosgesinfo.fr\/gerardmerinfo\/2015\/03\/poncelet-tire-sa-reverence\/#respond"]}]},{"@type":"WebPage","@id":"https:\/\/vosgesinfo.fr\/gerardmerinfo\/2015\/03\/poncelet-tire-sa-reverence\/","url":"https:\/\/vosgesinfo.fr\/gerardmerinfo\/2015\/03\/poncelet-tire-sa-reverence\/","name":"Poncelet tire sa r\u00e9v\u00e9rence - Gerardmer Info","isPartOf":{"@id":"https:\/\/vosgesinfo.fr\/gerardmerinfo\/#website"},"datePublished":"2015-03-17T06:24:00+00:00","dateModified":"2015-03-17T06:24:00+00:00","breadcrumb":{"@id":"https:\/\/vosgesinfo.fr\/gerardmerinfo\/2015\/03\/poncelet-tire-sa-reverence\/#breadcrumb"},"inLanguage":"fr-FR","potentialAction":[{"@type":"ReadAction","target":["https:\/\/vosgesinfo.fr\/gerardmerinfo\/2015\/03\/poncelet-tire-sa-reverence\/"]}]},{"@type":"BreadcrumbList","@id":"https:\/\/vosgesinfo.fr\/gerardmerinfo\/2015\/03\/poncelet-tire-sa-reverence\/#breadcrumb","itemListElement":[{"@type":"ListItem","position":1,"name":"Home","item":"https:\/\/vosgesinfo.fr\/gerardmerinfo\/"},{"@type":"ListItem","position":2,"name":"Poncelet tire sa r\u00e9v\u00e9rence"}]},{"@type":"WebSite","@id":"https:\/\/vosgesinfo.fr\/gerardmerinfo\/#website","url":"https:\/\/vosgesinfo.fr\/gerardmerinfo\/","name":"Gerardmer Info","description":"Toute l&#039;actualit\u00e9 de G\u00e9rardmer","publisher":{"@id":"https:\/\/vosgesinfo.fr\/gerardmerinfo\/#organization"},"alternateName":"Toute l'actualit\u00e9 de G\u00e9rardmer","potentialAction":[{"@type":"SearchAction","target":{"@type":"EntryPoint","urlTemplate":"https:\/\/vosgesinfo.fr\/gerardmerinfo\/?s={search_term_string}"},"query-input":"required name=search_term_string"}],"inLanguage":"fr-FR"},{"@type":"Organization","@id":"https:\/\/vosgesinfo.fr\/gerardmerinfo\/#organization","name":"Gerardmer Info","url":"https:\/\/vosgesinfo.fr\/gerardmerinfo\/","logo":{"@type":"ImageObject","inLanguage":"fr-FR","@id":"https:\/\/vosgesinfo.fr\/gerardmerinfo\/#\/schema\/logo\/image\/","url":"https:\/\/vosgesinfo.fr\/app\/uploads\/sites\/6\/2023\/08\/favicon-gerardmerinfo.png","contentUrl":"https:\/\/vosgesinfo.fr\/app\/uploads\/sites\/6\/2023\/08\/favicon-gerardmerinfo.png","width":512,"height":512,"caption":"Gerardmer Info"},"image":{"@id":"https:\/\/vosgesinfo.fr\/gerardmerinfo\/#\/schema\/logo\/image\/"},"sameAs":["https:\/\/www.facebook.com\/profile.php?id=100049475262660","https:\/\/x.com\/VosgesInfo88","https:\/\/www.youtube.com\/@vosgesinfo"]},{"@type":"Person","@id":"https:\/\/vosgesinfo.fr\/gerardmerinfo\/#\/schema\/person\/bc5d02d71e6932e81b6dadb7386667b1","name":"qs_admin","image":{"@type":"ImageObject","inLanguage":"fr-FR","@id":"https:\/\/vosgesinfo.fr\/gerardmerinfo\/#\/schema\/person\/image\/","url":"https:\/\/secure.gravatar.com\/avatar\/94b18ee0ed79e4a42ea2f2931277b6841a8999fc6fde214600c78057cf1fe1de?s=96&d=mm&r=g","contentUrl":"https:\/\/secure.gravatar.com\/avatar\/94b18ee0ed79e4a42ea2f2931277b6841a8999fc6fde214600c78057cf1fe1de?s=96&d=mm&r=g","caption":"qs_admin"},"sameAs":["https:\/\/vosgesinfo.fr\/wp"],"url":"https:\/\/vosgesinfo.fr\/gerardmerinfo\/author\/qs_admin\/"}]}},"_links":{"self":[{"href":"https:\/\/vosgesinfo.fr\/gerardmerinfo\/wp-json\/wp\/v2\/posts\/12462","targetHints":{"allow":["GET"]}}],"collection":[{"href":"https:\/\/vosgesinfo.fr\/gerardmerinfo\/wp-json\/wp\/v2\/posts"}],"about":[{"href":"https:\/\/vosgesinfo.fr\/gerardmerinfo\/wp-json\/wp\/v2\/types\/post"}],"author":[{"embeddable":true,"href":"https:\/\/vosgesinfo.fr\/gerardmerinfo\/wp-json\/wp\/v2\/users\/1"}],"replies":[{"embeddable":true,"href":"https:\/\/vosgesinfo.fr\/gerardmerinfo\/wp-json\/wp\/v2\/comments?post=12462"}],"version-history":[{"count":0,"href":"https:\/\/vosgesinfo.fr\/gerardmerinfo\/wp-json\/wp\/v2\/posts\/12462\/revisions"}],"wp:attachment":[{"href":"https:\/\/vosgesinfo.fr\/gerardmerinfo\/wp-json\/wp\/v2\/media?parent=12462"}],"wp:term":[{"taxonomy":"category","embeddable":true,"href":"https:\/\/vosgesinfo.fr\/gerardmerinfo\/wp-json\/wp\/v2\/categories?post=12462"},{"taxonomy":"post_tag","embeddable":true,"href":"https:\/\/vosgesinfo.fr\/gerardmerinfo\/wp-json\/wp\/v2\/tags?post=12462"}],"curies":[{"name":"wp","href":"https:\/\/api.w.org\/{rel}","templated":true}]}}