{"id":12463,"date":"2015-03-17T18:16:34","date_gmt":"2015-03-17T17:16:34","guid":{"rendered":"https:\/\/vosgesinfo.fr\/gerardmerinfo\/2015\/03\/les-philatelistes-a-lheure-de-la-47eme\/"},"modified":"2015-03-17T18:16:34","modified_gmt":"2015-03-17T17:16:34","slug":"les-philatelistes-a-lheure-de-la-47eme","status":"publish","type":"post","link":"https:\/\/vosgesinfo.fr\/gerardmerinfo\/2015\/03\/les-philatelistes-a-lheure-de-la-47eme\/","title":{"rendered":"Les philat\u00e9listes \u00e0 l&rsquo;heure de la 47\u00e8me"},"content":{"rendered":" Bureau inchang\u00e9 pour les philat\u00e9listes avec toujours Patrick Fleurance en qualit\u00e9 de pr\u00e9sident\n<p>De la 47\u00e8me quoi ? Mais enfin F\u00eate des Jonquilles qui se d\u00e9roulera le 12 avril prochain et un corso fleuri qui se respecte n&rsquo;est pas possible sans une r\u00e9elle proximit\u00e9 avec le club philat\u00e9lique. Et qui dit timbre, dit plaquette de 10 pi\u00e8ces vendues au prix de 12\u20ac directement aupr\u00e8s du pr\u00e9sident Patrick Fleurance par Email : <a href=\"http:\/\/www.orange.fr\/\">fleurance.p@wanadoo.fr<\/a><\/p>\n<p>ou directement \u00e0 l&rsquo;abattoir dans les locaux de la Soci\u00e9t\u00e9 des F\u00eates. Sans conteste, la sortie du nouveau timbre \u00e9tait le dossier principal de l&rsquo;assembl\u00e9e g\u00e9n\u00e9rale du club qui se tenait dimanche matin \u00e0 la Maison de la Culture. \u00a0\u00bb C<em>&lsquo;est une fabrication que l&rsquo;on doit \u00e0 la poste. Nous avons une tr\u00e8s bonne relation avec le bureau local notamment son directeur Luc Mougenot<\/em> \u00a0\u00bb explique Patrick Fleurance \u00a0\u00bb <em>nous sommes toujours tr\u00e8s bien re\u00e7us, \u00e9cout\u00e9s et nos demandes aboutissent\u00a0 r\u00e9guli\u00e8rement<\/em>\u00ab\u00a0.<\/p>\n Le timbre de la 47\u00e8me F\u00eate des Jonquilles\n<p>Les rapports avec la poste n&rsquo;ont pas toujours \u00e9t\u00e9 au beau fixe, souvenons-nous\u00a0 du seul grand timbre consacr\u00e9 \u00e0 la ville de G\u00e9rardmer. Les d\u00e9marches furent longues\u00a0 presque sans fin. Mais le pass\u00e9 est oubli\u00e9 m\u00eame s&rsquo;il est bon de s&rsquo;appuyer sur le souvenir des cr\u00e9ateurs du club cr\u00e9\u00e9\u00a0 en 1963 par un monsieur Andr\u00e9 de la Ray\u00e9e. Il fut le premier pr\u00e9sident, puis lui succ\u00e9d\u00e8rent Mr Chevalet, Jean-Marie Leduc et enfin aujourd&rsquo;hui et ce depuis 2002 Patrick Fleurance. La r\u00e9union de travail permettait \u00e9galement de saluer la pr\u00e9sence de Robert Cuny, le plus ancien des 16 philat\u00e9listes du club adh\u00e9rent depuis 1973 soit 42 ans de bons et loyaux services. \u00a0\u00bb C<em>&lsquo;est vrai que cette sp\u00e9cialit\u00e9 concerne plus les anciens<\/em>\u00a0\u00bb poursuit le pr\u00e9sident \u00ab\u00a0<em> mais l\u2019int\u00e9r\u00eat d\u2019adh\u00e9rer \u00e0 un club consiste aussi, au del\u00e0 de l&rsquo;aspect collectionneur, d\u2019aguerrir du mat\u00e9riel\u00a0 moins cher aupr\u00e8s de fournisseurs. Un jeune qui d\u00e9bute doit tout de m\u00eame consacrer 600\u20ac par an pour acqu\u00e9rir\u00a0 toutes les publications\u00a0\u00bb<\/em>.<\/p>\n 16 adh\u00e9rents pour le club philat\u00e9liste\n<p>Ainsi va la vie des philat\u00e9listes, presque un peu \u00e0 contre-temps d&rsquo;une \u00e9poque depuis l\u2019av\u00e8nement des Email.<\/p>\n","protected":false},"excerpt":{"rendered":"<p>De la 47\u00e8me quoi ? Mais enfin F\u00eate des Jonquilles qui se d\u00e9roulera le 12 avril prochain et un corso [&hellip;]<\/p>\n","protected":false},"author":1,"featured_media":0,"comment_status":"open","ping_status":"open","sticky":false,"template":"","format":"standard","meta":{"footnotes":""},"categories":[17],"tags":[],"class_list":["post-12463","post","type-post","status-publish","format-standard","hentry","category-vie-associative"],"acf":[],"yoast_head":"<!-- This site is optimized with the Yoast SEO plugin v22.5 - https:\/\/yoast.com\/wordpress\/plugins\/seo\/ -->\n<title>Les philat\u00e9listes \u00e0 l&#039;heure de la 47\u00e8me - Gerardmer Info<\/title>\n<meta name=\"robots\" content=\"index, follow, max-snippet:-1, max-image-preview:large, max-video-preview:-1\" \/>\n<link rel=\"canonical\" href=\"https:\/\/vosgesinfo.fr\/gerardmerinfo\/2015\/03\/les-philatelistes-a-lheure-de-la-47eme\/\" \/>\n<meta name=\"twitter:card\" content=\"summary_large_image\" \/>\n<meta name=\"twitter:title\" content=\"Les philat\u00e9listes \u00e0 l&#039;heure de la 47\u00e8me - Gerardmer Info\" \/>\n<meta name=\"twitter:description\" content=\"De la 47\u00e8me quoi ? Mais enfin F\u00eate des Jonquilles qui se d\u00e9roulera le 12 avril prochain et un corso [&hellip;]\" \/>\n<meta name=\"twitter:creator\" content=\"@VosgesInfo88\" \/>\n<meta name=\"twitter:site\" content=\"@VosgesInfo88\" \/>\n<meta name=\"twitter:label1\" content=\"\u00c9crit par\" \/>\n\t<meta name=\"twitter:data1\" content=\"qs_admin\" \/>\n\t<meta name=\"twitter:label2\" content=\"Dur\u00e9e de lecture estim\u00e9e\" \/>\n\t<meta name=\"twitter:data2\" content=\"2 minutes\" \/>\n<script type=\"application\/ld+json\" class=\"yoast-schema-graph\">{\"@context\":\"https:\/\/schema.org\",\"@graph\":[{\"@type\":\"Article\",\"@id\":\"https:\/\/vosgesinfo.fr\/gerardmerinfo\/2015\/03\/les-philatelistes-a-lheure-de-la-47eme\/#article\",\"isPartOf\":{\"@id\":\"https:\/\/vosgesinfo.fr\/gerardmerinfo\/2015\/03\/les-philatelistes-a-lheure-de-la-47eme\/\"},\"author\":{\"name\":\"qs_admin\",\"@id\":\"https:\/\/vosgesinfo.fr\/gerardmerinfo\/#\/schema\/person\/bc5d02d71e6932e81b6dadb7386667b1\"},\"headline\":\"Les philat\u00e9listes \u00e0 l&rsquo;heure de la 47\u00e8me\",\"datePublished\":\"2015-03-17T17:16:34+00:00\",\"dateModified\":\"2015-03-17T17:16:34+00:00\",\"mainEntityOfPage\":{\"@id\":\"https:\/\/vosgesinfo.fr\/gerardmerinfo\/2015\/03\/les-philatelistes-a-lheure-de-la-47eme\/\"},\"wordCount\":419,\"commentCount\":0,\"publisher\":{\"@id\":\"https:\/\/vosgesinfo.fr\/gerardmerinfo\/#organization\"},\"articleSection\":[\"Vie Associative\"],\"inLanguage\":\"fr-FR\",\"potentialAction\":[{\"@type\":\"CommentAction\",\"name\":\"Comment\",\"target\":[\"https:\/\/vosgesinfo.fr\/gerardmerinfo\/2015\/03\/les-philatelistes-a-lheure-de-la-47eme\/#respond\"]}]},{\"@type\":\"WebPage\",\"@id\":\"https:\/\/vosgesinfo.fr\/gerardmerinfo\/2015\/03\/les-philatelistes-a-lheure-de-la-47eme\/\",\"url\":\"https:\/\/vosgesinfo.fr\/gerardmerinfo\/2015\/03\/les-philatelistes-a-lheure-de-la-47eme\/\",\"name\":\"Les philat\u00e9listes \u00e0 l'heure de la 47\u00e8me - Gerardmer Info\",\"isPartOf\":{\"@id\":\"https:\/\/vosgesinfo.fr\/gerardmerinfo\/#website\"},\"datePublished\":\"2015-03-17T17:16:34+00:00\",\"dateModified\":\"2015-03-17T17:16:34+00:00\",\"breadcrumb\":{\"@id\":\"https:\/\/vosgesinfo.fr\/gerardmerinfo\/2015\/03\/les-philatelistes-a-lheure-de-la-47eme\/#breadcrumb\"},\"inLanguage\":\"fr-FR\",\"potentialAction\":[{\"@type\":\"ReadAction\",\"target\":[\"https:\/\/vosgesinfo.fr\/gerardmerinfo\/2015\/03\/les-philatelistes-a-lheure-de-la-47eme\/\"]}]},{\"@type\":\"BreadcrumbList\",\"@id\":\"https:\/\/vosgesinfo.fr\/gerardmerinfo\/2015\/03\/les-philatelistes-a-lheure-de-la-47eme\/#breadcrumb\",\"itemListElement\":[{\"@type\":\"ListItem\",\"position\":1,\"name\":\"Home\",\"item\":\"https:\/\/vosgesinfo.fr\/gerardmerinfo\/\"},{\"@type\":\"ListItem\",\"position\":2,\"name\":\"Les philat\u00e9listes \u00e0 l&rsquo;heure de la 47\u00e8me\"}]},{\"@type\":\"WebSite\",\"@id\":\"https:\/\/vosgesinfo.fr\/gerardmerinfo\/#website\",\"url\":\"https:\/\/vosgesinfo.fr\/gerardmerinfo\/\",\"name\":\"Gerardmer Info\",\"description\":\"Toute l&#039;actualit\u00e9 de G\u00e9rardmer\",\"publisher\":{\"@id\":\"https:\/\/vosgesinfo.fr\/gerardmerinfo\/#organization\"},\"alternateName\":\"Toute l'actualit\u00e9 de G\u00e9rardmer\",\"potentialAction\":[{\"@type\":\"SearchAction\",\"target\":{\"@type\":\"EntryPoint\",\"urlTemplate\":\"https:\/\/vosgesinfo.fr\/gerardmerinfo\/?s={search_term_string}\"},\"query-input\":\"required name=search_term_string\"}],\"inLanguage\":\"fr-FR\"},{\"@type\":\"Organization\",\"@id\":\"https:\/\/vosgesinfo.fr\/gerardmerinfo\/#organization\",\"name\":\"Gerardmer Info\",\"url\":\"https:\/\/vosgesinfo.fr\/gerardmerinfo\/\",\"logo\":{\"@type\":\"ImageObject\",\"inLanguage\":\"fr-FR\",\"@id\":\"https:\/\/vosgesinfo.fr\/gerardmerinfo\/#\/schema\/logo\/image\/\",\"url\":\"https:\/\/vosgesinfo.fr\/app\/uploads\/sites\/6\/2023\/08\/favicon-gerardmerinfo.png\",\"contentUrl\":\"https:\/\/vosgesinfo.fr\/app\/uploads\/sites\/6\/2023\/08\/favicon-gerardmerinfo.png\",\"width\":512,\"height\":512,\"caption\":\"Gerardmer Info\"},\"image\":{\"@id\":\"https:\/\/vosgesinfo.fr\/gerardmerinfo\/#\/schema\/logo\/image\/\"},\"sameAs\":[\"https:\/\/www.facebook.com\/profile.php?id=100049475262660\",\"https:\/\/x.com\/VosgesInfo88\",\"https:\/\/www.youtube.com\/@vosgesinfo\"]},{\"@type\":\"Person\",\"@id\":\"https:\/\/vosgesinfo.fr\/gerardmerinfo\/#\/schema\/person\/bc5d02d71e6932e81b6dadb7386667b1\",\"name\":\"qs_admin\",\"image\":{\"@type\":\"ImageObject\",\"inLanguage\":\"fr-FR\",\"@id\":\"https:\/\/vosgesinfo.fr\/gerardmerinfo\/#\/schema\/person\/image\/\",\"url\":\"https:\/\/secure.gravatar.com\/avatar\/94b18ee0ed79e4a42ea2f2931277b6841a8999fc6fde214600c78057cf1fe1de?s=96&d=mm&r=g\",\"contentUrl\":\"https:\/\/secure.gravatar.com\/avatar\/94b18ee0ed79e4a42ea2f2931277b6841a8999fc6fde214600c78057cf1fe1de?s=96&d=mm&r=g\",\"caption\":\"qs_admin\"},\"sameAs\":[\"https:\/\/vosgesinfo.fr\/wp\"],\"url\":\"https:\/\/vosgesinfo.fr\/gerardmerinfo\/author\/qs_admin\/\"}]}<\/script>\n<!-- \/ Yoast SEO plugin. -->","yoast_head_json":{"title":"Les philat\u00e9listes \u00e0 l'heure de la 47\u00e8me - Gerardmer Info","robots":{"index":"index","follow":"follow","max-snippet":"max-snippet:-1","max-image-preview":"max-image-preview:large","max-video-preview":"max-video-preview:-1"},"canonical":"https:\/\/vosgesinfo.fr\/gerardmerinfo\/2015\/03\/les-philatelistes-a-lheure-de-la-47eme\/","twitter_card":"summary_large_image","twitter_title":"Les philat\u00e9listes \u00e0 l'heure de la 47\u00e8me - Gerardmer Info","twitter_description":"De la 47\u00e8me quoi ? Mais enfin F\u00eate des Jonquilles qui se d\u00e9roulera le 12 avril prochain et un corso [&hellip;]","twitter_creator":"@VosgesInfo88","twitter_site":"@VosgesInfo88","twitter_misc":{"\u00c9crit par":"qs_admin","Dur\u00e9e de lecture estim\u00e9e":"2 minutes"},"schema":{"@context":"https:\/\/schema.org","@graph":[{"@type":"Article","@id":"https:\/\/vosgesinfo.fr\/gerardmerinfo\/2015\/03\/les-philatelistes-a-lheure-de-la-47eme\/#article","isPartOf":{"@id":"https:\/\/vosgesinfo.fr\/gerardmerinfo\/2015\/03\/les-philatelistes-a-lheure-de-la-47eme\/"},"author":{"name":"qs_admin","@id":"https:\/\/vosgesinfo.fr\/gerardmerinfo\/#\/schema\/person\/bc5d02d71e6932e81b6dadb7386667b1"},"headline":"Les philat\u00e9listes \u00e0 l&rsquo;heure de la 47\u00e8me","datePublished":"2015-03-17T17:16:34+00:00","dateModified":"2015-03-17T17:16:34+00:00","mainEntityOfPage":{"@id":"https:\/\/vosgesinfo.fr\/gerardmerinfo\/2015\/03\/les-philatelistes-a-lheure-de-la-47eme\/"},"wordCount":419,"commentCount":0,"publisher":{"@id":"https:\/\/vosgesinfo.fr\/gerardmerinfo\/#organization"},"articleSection":["Vie Associative"],"inLanguage":"fr-FR","potentialAction":[{"@type":"CommentAction","name":"Comment","target":["https:\/\/vosgesinfo.fr\/gerardmerinfo\/2015\/03\/les-philatelistes-a-lheure-de-la-47eme\/#respond"]}]},{"@type":"WebPage","@id":"https:\/\/vosgesinfo.fr\/gerardmerinfo\/2015\/03\/les-philatelistes-a-lheure-de-la-47eme\/","url":"https:\/\/vosgesinfo.fr\/gerardmerinfo\/2015\/03\/les-philatelistes-a-lheure-de-la-47eme\/","name":"Les philat\u00e9listes \u00e0 l'heure de la 47\u00e8me - Gerardmer Info","isPartOf":{"@id":"https:\/\/vosgesinfo.fr\/gerardmerinfo\/#website"},"datePublished":"2015-03-17T17:16:34+00:00","dateModified":"2015-03-17T17:16:34+00:00","breadcrumb":{"@id":"https:\/\/vosgesinfo.fr\/gerardmerinfo\/2015\/03\/les-philatelistes-a-lheure-de-la-47eme\/#breadcrumb"},"inLanguage":"fr-FR","potentialAction":[{"@type":"ReadAction","target":["https:\/\/vosgesinfo.fr\/gerardmerinfo\/2015\/03\/les-philatelistes-a-lheure-de-la-47eme\/"]}]},{"@type":"BreadcrumbList","@id":"https:\/\/vosgesinfo.fr\/gerardmerinfo\/2015\/03\/les-philatelistes-a-lheure-de-la-47eme\/#breadcrumb","itemListElement":[{"@type":"ListItem","position":1,"name":"Home","item":"https:\/\/vosgesinfo.fr\/gerardmerinfo\/"},{"@type":"ListItem","position":2,"name":"Les philat\u00e9listes \u00e0 l&rsquo;heure de la 47\u00e8me"}]},{"@type":"WebSite","@id":"https:\/\/vosgesinfo.fr\/gerardmerinfo\/#website","url":"https:\/\/vosgesinfo.fr\/gerardmerinfo\/","name":"Gerardmer Info","description":"Toute l&#039;actualit\u00e9 de G\u00e9rardmer","publisher":{"@id":"https:\/\/vosgesinfo.fr\/gerardmerinfo\/#organization"},"alternateName":"Toute l'actualit\u00e9 de G\u00e9rardmer","potentialAction":[{"@type":"SearchAction","target":{"@type":"EntryPoint","urlTemplate":"https:\/\/vosgesinfo.fr\/gerardmerinfo\/?s={search_term_string}"},"query-input":"required name=search_term_string"}],"inLanguage":"fr-FR"},{"@type":"Organization","@id":"https:\/\/vosgesinfo.fr\/gerardmerinfo\/#organization","name":"Gerardmer Info","url":"https:\/\/vosgesinfo.fr\/gerardmerinfo\/","logo":{"@type":"ImageObject","inLanguage":"fr-FR","@id":"https:\/\/vosgesinfo.fr\/gerardmerinfo\/#\/schema\/logo\/image\/","url":"https:\/\/vosgesinfo.fr\/app\/uploads\/sites\/6\/2023\/08\/favicon-gerardmerinfo.png","contentUrl":"https:\/\/vosgesinfo.fr\/app\/uploads\/sites\/6\/2023\/08\/favicon-gerardmerinfo.png","width":512,"height":512,"caption":"Gerardmer Info"},"image":{"@id":"https:\/\/vosgesinfo.fr\/gerardmerinfo\/#\/schema\/logo\/image\/"},"sameAs":["https:\/\/www.facebook.com\/profile.php?id=100049475262660","https:\/\/x.com\/VosgesInfo88","https:\/\/www.youtube.com\/@vosgesinfo"]},{"@type":"Person","@id":"https:\/\/vosgesinfo.fr\/gerardmerinfo\/#\/schema\/person\/bc5d02d71e6932e81b6dadb7386667b1","name":"qs_admin","image":{"@type":"ImageObject","inLanguage":"fr-FR","@id":"https:\/\/vosgesinfo.fr\/gerardmerinfo\/#\/schema\/person\/image\/","url":"https:\/\/secure.gravatar.com\/avatar\/94b18ee0ed79e4a42ea2f2931277b6841a8999fc6fde214600c78057cf1fe1de?s=96&d=mm&r=g","contentUrl":"https:\/\/secure.gravatar.com\/avatar\/94b18ee0ed79e4a42ea2f2931277b6841a8999fc6fde214600c78057cf1fe1de?s=96&d=mm&r=g","caption":"qs_admin"},"sameAs":["https:\/\/vosgesinfo.fr\/wp"],"url":"https:\/\/vosgesinfo.fr\/gerardmerinfo\/author\/qs_admin\/"}]}},"_links":{"self":[{"href":"https:\/\/vosgesinfo.fr\/gerardmerinfo\/wp-json\/wp\/v2\/posts\/12463","targetHints":{"allow":["GET"]}}],"collection":[{"href":"https:\/\/vosgesinfo.fr\/gerardmerinfo\/wp-json\/wp\/v2\/posts"}],"about":[{"href":"https:\/\/vosgesinfo.fr\/gerardmerinfo\/wp-json\/wp\/v2\/types\/post"}],"author":[{"embeddable":true,"href":"https:\/\/vosgesinfo.fr\/gerardmerinfo\/wp-json\/wp\/v2\/users\/1"}],"replies":[{"embeddable":true,"href":"https:\/\/vosgesinfo.fr\/gerardmerinfo\/wp-json\/wp\/v2\/comments?post=12463"}],"version-history":[{"count":0,"href":"https:\/\/vosgesinfo.fr\/gerardmerinfo\/wp-json\/wp\/v2\/posts\/12463\/revisions"}],"wp:attachment":[{"href":"https:\/\/vosgesinfo.fr\/gerardmerinfo\/wp-json\/wp\/v2\/media?parent=12463"}],"wp:term":[{"taxonomy":"category","embeddable":true,"href":"https:\/\/vosgesinfo.fr\/gerardmerinfo\/wp-json\/wp\/v2\/categories?post=12463"},{"taxonomy":"post_tag","embeddable":true,"href":"https:\/\/vosgesinfo.fr\/gerardmerinfo\/wp-json\/wp\/v2\/tags?post=12463"}],"curies":[{"name":"wp","href":"https:\/\/api.w.org\/{rel}","templated":true}]}}