{"id":12473,"date":"2015-03-20T10:34:20","date_gmt":"2015-03-20T09:34:20","guid":{"rendered":"https:\/\/vosgesinfo.fr\/gerardmerinfo\/2015\/03\/des-pat-des-pat-oui-mais-des-rocknroll\/"},"modified":"2015-03-20T10:34:20","modified_gmt":"2015-03-20T09:34:20","slug":"des-pat-des-pat-oui-mais-des-rocknroll","status":"publish","type":"post","link":"https:\/\/vosgesinfo.fr\/gerardmerinfo\/2015\/03\/des-pat-des-pat-oui-mais-des-rocknroll\/","title":{"rendered":"Des Pat, des Pat&#8230;Oui , mais des rock\u2019n\u2019roll"},"content":{"rendered":" Patrick Curien \u00e0 la baguette de Rock Altitude\n<p>Rock Altitude prend de la hauteur&#8230;elle est facile celle-l\u00e0, servie \u00e0 toutes les sauces, trop facile sans doute. Cela \u00e9tant, des Pat, des Pat oui des rock&rsquo;n&rsquo;roll elle est \u00ab\u00a0<em>easy\u00a0\u00bb<\/em> \u00e9galement. Mais quand on a deux pattes droites sur la sc\u00e8ne guitare en main, forc\u00e9ment on en redemande et on met l&rsquo;accent sur la pr\u00e9sence de Pat MacManus et Pat O&rsquo; May \u00e0 La Bresse samedi 4 avril \u00e0 20h30 \u00e0 La Halle des Congr\u00e8s. Le concert va dans le sens du travail r\u00e9alis\u00e9 en amont par la bande \u00e0 Patrick Curien depuis plusieurs ann\u00e9es et le prochain rendez-vous\u00a0 sonne comme le 11\u00e8me \u00e9v\u00e9nement mont\u00e9 de toutes pi\u00e8ces par l\u2019association bressaude. Comme nous l&rsquo;avons dit pr\u00e9c\u00e9demment, il y aura de la patte sur les grattes : of Course. Pat MacManus et Pat O&rsquo;May sont deux grands guitaristes pour \u00e9voluer depuis plus de 35 ans sur les plus grands plateaux de rock\/blues\/fusion teint\u00e9s de musique irlandaise. D\u2019o\u00f9 l&rsquo;intitul\u00e9 de la soir\u00e9e \u00ab\u00a0<em>Irish rock guitare night<\/em>\u00ab\u00a0. En fran\u00e7ais dans le texte \u00ab\u00a0<em>soir\u00e9e rock pour une nuit irlandaise<\/em>\u00ab\u00a0&#8230;.enfin, c&rsquo;est dans le sens que vous souhaitez apr\u00e8s tout. Mais une chose est s\u00fbre, il faut absolument marquer en gras le concert sur votre calendrier d\u2019autant que la date du 4 avril approche \u00e0 pas de g\u00e9ant. C&rsquo;est d\u2019ailleurs pour cette raison que l&rsquo;on retrouvait jeudi soir Les Pat Boys et les Pat Girls pour une \u00e9ni\u00e8me r\u00e9union de r\u00e9glage sur fond d\u2019interview en direct de Pat O&rsquo;May&#8230;A ce propos May en avril c&rsquo;est plut\u00f4t rare, alors il faut\u00a0 profiter de la saison avant l&rsquo;heure !<\/p>\n Les b\u00e9n\u00e9voles Bressauds sont une r\u00e9elle force d&rsquo;organisation\n<p>Le pr\u00e9sident de R.A Patrick Curien a dit, si, si il a dit \u00a0\u00bb <em>surprise y aura une premi\u00e8re partie<\/em>\u00a0\u00bb avant que nos deux lascars finissent la soir\u00e9e en b\u0153uf&#8230;Pas en mironton mirontaine, en vrai charolais bien muscl\u00e9, ampli \u00e0 fond&#8230;C&rsquo;est sur \u00e7a va finir en\u00a0 120 d\u00e9cibels&#8230;et au del\u00e0\u00a0 ! C&rsquo;est Dan Egan qui va tenir en main la troisi\u00e8me gratte. Un irlandais \u00e9galement qui m\u00e9lange les genres et surtout jamais la bi\u00e8re ni le whisky. Imaginez la mayonnaise devenue pl\u00e2tre \u00e0 partir de 23h : de quoi monter une cloison. C\u0153ur fragile et oreille sensible s&rsquo;abstenir.<\/p>\n<p>A Vosges Info on dit pourtant qu&rsquo;un d\u00e9tour s&rsquo;impose comme disait jadis\u00a0 un charmeur de midinette\u00a0\u00bb <em>pour le plaisir<\/em>\u00ab\u00a0&#8230;En cette p\u00e9riode agit\u00e9e, c&rsquo;est tellement rare et important. Alors, on y va\u00a0 !<\/p>\n<p><strong>Concert : Samedi 4 Avril 2015<\/strong><br \/>\n<strong> Halle des Congr\u00e8s \u2013 LA BRESSE<\/strong><br \/>\n<strong> Tarifs : 24\u20ac en pr\u00e9vente\u202629\u20ac sur place<\/strong><br \/>\n<strong> R\u00e9servations sur www.rockaltitude.fr<\/strong><br \/>\n<strong> R\u00e9seaux FNAC et Ticketnet<\/strong><\/p>\n<p><strong><span style=\"color: #ff0000;\">Voir une vid\u00e9o de Pat MacManus&#8230;un sacr\u00e9 client + l&rsquo;interview audio de Pat O&rsquo;May<br \/>\n<\/span><\/strong><\/p>\n<p>[youtube]https:\/\/www.youtube.com\/watch?v=e-EbXACaqHg[\/youtube]<\/p>\n<!--[if lt IE 9]><script>document.createElement('audio');<\/script><![endif]-->\n<audio class=\"wp-audio-shortcode\" id=\"audio-12473-1\" preload=\"none\" style=\"width: 100%;\" controls=\"controls\"><source type=\"audio\/mpeg\" src=\"http:\/\/gerardmerinfo.fr\/audio\/itw_pat_o_may.mp3?_=1\" \/><a href=\"http:\/\/gerardmerinfo.fr\/audio\/itw_pat_o_may.mp3\">http:\/\/gerardmerinfo.fr\/audio\/itw_pat_o_may.mp3<\/a><\/audio>\n","protected":false},"excerpt":{"rendered":"<p>Rock Altitude prend de la hauteur&#8230;elle est facile celle-l\u00e0, servie \u00e0 toutes les sauces, trop facile sans doute. Cela \u00e9tant, [&hellip;]<\/p>\n","protected":false},"author":1,"featured_media":0,"comment_status":"open","ping_status":"open","sticky":false,"template":"","format":"standard","meta":{"footnotes":""},"categories":[34,4,18],"tags":[],"class_list":["post-12473","post","type-post","status-publish","format-standard","hentry","category-concert","category-culture","category-vosges"],"acf":[],"yoast_head":"<!-- This site is optimized with the Yoast SEO plugin v22.5 - https:\/\/yoast.com\/wordpress\/plugins\/seo\/ -->\n<title>Des Pat, des Pat...Oui , mais des rock\u2019n\u2019roll - Gerardmer Info<\/title>\n<meta name=\"robots\" content=\"index, follow, max-snippet:-1, max-image-preview:large, max-video-preview:-1\" \/>\n<link rel=\"canonical\" href=\"https:\/\/vosgesinfo.fr\/gerardmerinfo\/2015\/03\/des-pat-des-pat-oui-mais-des-rocknroll\/\" \/>\n<meta name=\"twitter:card\" content=\"summary_large_image\" \/>\n<meta name=\"twitter:title\" content=\"Des Pat, des Pat...Oui , mais des rock\u2019n\u2019roll - Gerardmer Info\" \/>\n<meta name=\"twitter:description\" content=\"Rock Altitude prend de la hauteur&#8230;elle est facile celle-l\u00e0, servie \u00e0 toutes les sauces, trop facile sans doute. Cela \u00e9tant, [&hellip;]\" \/>\n<meta name=\"twitter:creator\" content=\"@VosgesInfo88\" \/>\n<meta name=\"twitter:site\" content=\"@VosgesInfo88\" \/>\n<meta name=\"twitter:label1\" content=\"\u00c9crit par\" \/>\n\t<meta name=\"twitter:data1\" content=\"qs_admin\" \/>\n\t<meta name=\"twitter:label2\" content=\"Dur\u00e9e de lecture estim\u00e9e\" \/>\n\t<meta name=\"twitter:data2\" content=\"3 minutes\" \/>\n<script type=\"application\/ld+json\" class=\"yoast-schema-graph\">{\"@context\":\"https:\/\/schema.org\",\"@graph\":[{\"@type\":\"Article\",\"@id\":\"https:\/\/vosgesinfo.fr\/gerardmerinfo\/2015\/03\/des-pat-des-pat-oui-mais-des-rocknroll\/#article\",\"isPartOf\":{\"@id\":\"https:\/\/vosgesinfo.fr\/gerardmerinfo\/2015\/03\/des-pat-des-pat-oui-mais-des-rocknroll\/\"},\"author\":{\"name\":\"qs_admin\",\"@id\":\"https:\/\/vosgesinfo.fr\/gerardmerinfo\/#\/schema\/person\/bc5d02d71e6932e81b6dadb7386667b1\"},\"headline\":\"Des Pat, des Pat&#8230;Oui , mais des rock\u2019n\u2019roll\",\"datePublished\":\"2015-03-20T09:34:20+00:00\",\"dateModified\":\"2015-03-20T09:34:20+00:00\",\"mainEntityOfPage\":{\"@id\":\"https:\/\/vosgesinfo.fr\/gerardmerinfo\/2015\/03\/des-pat-des-pat-oui-mais-des-rocknroll\/\"},\"wordCount\":546,\"commentCount\":0,\"publisher\":{\"@id\":\"https:\/\/vosgesinfo.fr\/gerardmerinfo\/#organization\"},\"articleSection\":[\"Concert\",\"Culture\",\"Vosges\"],\"inLanguage\":\"fr-FR\",\"potentialAction\":[{\"@type\":\"CommentAction\",\"name\":\"Comment\",\"target\":[\"https:\/\/vosgesinfo.fr\/gerardmerinfo\/2015\/03\/des-pat-des-pat-oui-mais-des-rocknroll\/#respond\"]}]},{\"@type\":\"WebPage\",\"@id\":\"https:\/\/vosgesinfo.fr\/gerardmerinfo\/2015\/03\/des-pat-des-pat-oui-mais-des-rocknroll\/\",\"url\":\"https:\/\/vosgesinfo.fr\/gerardmerinfo\/2015\/03\/des-pat-des-pat-oui-mais-des-rocknroll\/\",\"name\":\"Des Pat, des Pat...Oui , mais des rock\u2019n\u2019roll - Gerardmer Info\",\"isPartOf\":{\"@id\":\"https:\/\/vosgesinfo.fr\/gerardmerinfo\/#website\"},\"datePublished\":\"2015-03-20T09:34:20+00:00\",\"dateModified\":\"2015-03-20T09:34:20+00:00\",\"breadcrumb\":{\"@id\":\"https:\/\/vosgesinfo.fr\/gerardmerinfo\/2015\/03\/des-pat-des-pat-oui-mais-des-rocknroll\/#breadcrumb\"},\"inLanguage\":\"fr-FR\",\"potentialAction\":[{\"@type\":\"ReadAction\",\"target\":[\"https:\/\/vosgesinfo.fr\/gerardmerinfo\/2015\/03\/des-pat-des-pat-oui-mais-des-rocknroll\/\"]}]},{\"@type\":\"BreadcrumbList\",\"@id\":\"https:\/\/vosgesinfo.fr\/gerardmerinfo\/2015\/03\/des-pat-des-pat-oui-mais-des-rocknroll\/#breadcrumb\",\"itemListElement\":[{\"@type\":\"ListItem\",\"position\":1,\"name\":\"Home\",\"item\":\"https:\/\/vosgesinfo.fr\/gerardmerinfo\/\"},{\"@type\":\"ListItem\",\"position\":2,\"name\":\"Des Pat, des Pat&#8230;Oui , mais des rock\u2019n\u2019roll\"}]},{\"@type\":\"WebSite\",\"@id\":\"https:\/\/vosgesinfo.fr\/gerardmerinfo\/#website\",\"url\":\"https:\/\/vosgesinfo.fr\/gerardmerinfo\/\",\"name\":\"Gerardmer Info\",\"description\":\"Toute l&#039;actualit\u00e9 de G\u00e9rardmer\",\"publisher\":{\"@id\":\"https:\/\/vosgesinfo.fr\/gerardmerinfo\/#organization\"},\"alternateName\":\"Toute l'actualit\u00e9 de G\u00e9rardmer\",\"potentialAction\":[{\"@type\":\"SearchAction\",\"target\":{\"@type\":\"EntryPoint\",\"urlTemplate\":\"https:\/\/vosgesinfo.fr\/gerardmerinfo\/?s={search_term_string}\"},\"query-input\":\"required name=search_term_string\"}],\"inLanguage\":\"fr-FR\"},{\"@type\":\"Organization\",\"@id\":\"https:\/\/vosgesinfo.fr\/gerardmerinfo\/#organization\",\"name\":\"Gerardmer Info\",\"url\":\"https:\/\/vosgesinfo.fr\/gerardmerinfo\/\",\"logo\":{\"@type\":\"ImageObject\",\"inLanguage\":\"fr-FR\",\"@id\":\"https:\/\/vosgesinfo.fr\/gerardmerinfo\/#\/schema\/logo\/image\/\",\"url\":\"https:\/\/vosgesinfo.fr\/app\/uploads\/sites\/6\/2023\/08\/favicon-gerardmerinfo.png\",\"contentUrl\":\"https:\/\/vosgesinfo.fr\/app\/uploads\/sites\/6\/2023\/08\/favicon-gerardmerinfo.png\",\"width\":512,\"height\":512,\"caption\":\"Gerardmer Info\"},\"image\":{\"@id\":\"https:\/\/vosgesinfo.fr\/gerardmerinfo\/#\/schema\/logo\/image\/\"},\"sameAs\":[\"https:\/\/www.facebook.com\/profile.php?id=100049475262660\",\"https:\/\/x.com\/VosgesInfo88\",\"https:\/\/www.youtube.com\/@vosgesinfo\"]},{\"@type\":\"Person\",\"@id\":\"https:\/\/vosgesinfo.fr\/gerardmerinfo\/#\/schema\/person\/bc5d02d71e6932e81b6dadb7386667b1\",\"name\":\"qs_admin\",\"image\":{\"@type\":\"ImageObject\",\"inLanguage\":\"fr-FR\",\"@id\":\"https:\/\/vosgesinfo.fr\/gerardmerinfo\/#\/schema\/person\/image\/\",\"url\":\"https:\/\/secure.gravatar.com\/avatar\/94b18ee0ed79e4a42ea2f2931277b6841a8999fc6fde214600c78057cf1fe1de?s=96&d=mm&r=g\",\"contentUrl\":\"https:\/\/secure.gravatar.com\/avatar\/94b18ee0ed79e4a42ea2f2931277b6841a8999fc6fde214600c78057cf1fe1de?s=96&d=mm&r=g\",\"caption\":\"qs_admin\"},\"sameAs\":[\"https:\/\/vosgesinfo.fr\/wp\"],\"url\":\"https:\/\/vosgesinfo.fr\/gerardmerinfo\/author\/qs_admin\/\"}]}<\/script>\n<!-- \/ Yoast SEO plugin. -->","yoast_head_json":{"title":"Des Pat, des Pat...Oui , mais des rock\u2019n\u2019roll - Gerardmer Info","robots":{"index":"index","follow":"follow","max-snippet":"max-snippet:-1","max-image-preview":"max-image-preview:large","max-video-preview":"max-video-preview:-1"},"canonical":"https:\/\/vosgesinfo.fr\/gerardmerinfo\/2015\/03\/des-pat-des-pat-oui-mais-des-rocknroll\/","twitter_card":"summary_large_image","twitter_title":"Des Pat, des Pat...Oui , mais des rock\u2019n\u2019roll - Gerardmer Info","twitter_description":"Rock Altitude prend de la hauteur&#8230;elle est facile celle-l\u00e0, servie \u00e0 toutes les sauces, trop facile sans doute. Cela \u00e9tant, [&hellip;]","twitter_creator":"@VosgesInfo88","twitter_site":"@VosgesInfo88","twitter_misc":{"\u00c9crit par":"qs_admin","Dur\u00e9e de lecture estim\u00e9e":"3 minutes"},"schema":{"@context":"https:\/\/schema.org","@graph":[{"@type":"Article","@id":"https:\/\/vosgesinfo.fr\/gerardmerinfo\/2015\/03\/des-pat-des-pat-oui-mais-des-rocknroll\/#article","isPartOf":{"@id":"https:\/\/vosgesinfo.fr\/gerardmerinfo\/2015\/03\/des-pat-des-pat-oui-mais-des-rocknroll\/"},"author":{"name":"qs_admin","@id":"https:\/\/vosgesinfo.fr\/gerardmerinfo\/#\/schema\/person\/bc5d02d71e6932e81b6dadb7386667b1"},"headline":"Des Pat, des Pat&#8230;Oui , mais des rock\u2019n\u2019roll","datePublished":"2015-03-20T09:34:20+00:00","dateModified":"2015-03-20T09:34:20+00:00","mainEntityOfPage":{"@id":"https:\/\/vosgesinfo.fr\/gerardmerinfo\/2015\/03\/des-pat-des-pat-oui-mais-des-rocknroll\/"},"wordCount":546,"commentCount":0,"publisher":{"@id":"https:\/\/vosgesinfo.fr\/gerardmerinfo\/#organization"},"articleSection":["Concert","Culture","Vosges"],"inLanguage":"fr-FR","potentialAction":[{"@type":"CommentAction","name":"Comment","target":["https:\/\/vosgesinfo.fr\/gerardmerinfo\/2015\/03\/des-pat-des-pat-oui-mais-des-rocknroll\/#respond"]}]},{"@type":"WebPage","@id":"https:\/\/vosgesinfo.fr\/gerardmerinfo\/2015\/03\/des-pat-des-pat-oui-mais-des-rocknroll\/","url":"https:\/\/vosgesinfo.fr\/gerardmerinfo\/2015\/03\/des-pat-des-pat-oui-mais-des-rocknroll\/","name":"Des Pat, des Pat...Oui , mais des rock\u2019n\u2019roll - Gerardmer Info","isPartOf":{"@id":"https:\/\/vosgesinfo.fr\/gerardmerinfo\/#website"},"datePublished":"2015-03-20T09:34:20+00:00","dateModified":"2015-03-20T09:34:20+00:00","breadcrumb":{"@id":"https:\/\/vosgesinfo.fr\/gerardmerinfo\/2015\/03\/des-pat-des-pat-oui-mais-des-rocknroll\/#breadcrumb"},"inLanguage":"fr-FR","potentialAction":[{"@type":"ReadAction","target":["https:\/\/vosgesinfo.fr\/gerardmerinfo\/2015\/03\/des-pat-des-pat-oui-mais-des-rocknroll\/"]}]},{"@type":"BreadcrumbList","@id":"https:\/\/vosgesinfo.fr\/gerardmerinfo\/2015\/03\/des-pat-des-pat-oui-mais-des-rocknroll\/#breadcrumb","itemListElement":[{"@type":"ListItem","position":1,"name":"Home","item":"https:\/\/vosgesinfo.fr\/gerardmerinfo\/"},{"@type":"ListItem","position":2,"name":"Des Pat, des Pat&#8230;Oui , mais des rock\u2019n\u2019roll"}]},{"@type":"WebSite","@id":"https:\/\/vosgesinfo.fr\/gerardmerinfo\/#website","url":"https:\/\/vosgesinfo.fr\/gerardmerinfo\/","name":"Gerardmer Info","description":"Toute l&#039;actualit\u00e9 de G\u00e9rardmer","publisher":{"@id":"https:\/\/vosgesinfo.fr\/gerardmerinfo\/#organization"},"alternateName":"Toute l'actualit\u00e9 de G\u00e9rardmer","potentialAction":[{"@type":"SearchAction","target":{"@type":"EntryPoint","urlTemplate":"https:\/\/vosgesinfo.fr\/gerardmerinfo\/?s={search_term_string}"},"query-input":"required name=search_term_string"}],"inLanguage":"fr-FR"},{"@type":"Organization","@id":"https:\/\/vosgesinfo.fr\/gerardmerinfo\/#organization","name":"Gerardmer Info","url":"https:\/\/vosgesinfo.fr\/gerardmerinfo\/","logo":{"@type":"ImageObject","inLanguage":"fr-FR","@id":"https:\/\/vosgesinfo.fr\/gerardmerinfo\/#\/schema\/logo\/image\/","url":"https:\/\/vosgesinfo.fr\/app\/uploads\/sites\/6\/2023\/08\/favicon-gerardmerinfo.png","contentUrl":"https:\/\/vosgesinfo.fr\/app\/uploads\/sites\/6\/2023\/08\/favicon-gerardmerinfo.png","width":512,"height":512,"caption":"Gerardmer Info"},"image":{"@id":"https:\/\/vosgesinfo.fr\/gerardmerinfo\/#\/schema\/logo\/image\/"},"sameAs":["https:\/\/www.facebook.com\/profile.php?id=100049475262660","https:\/\/x.com\/VosgesInfo88","https:\/\/www.youtube.com\/@vosgesinfo"]},{"@type":"Person","@id":"https:\/\/vosgesinfo.fr\/gerardmerinfo\/#\/schema\/person\/bc5d02d71e6932e81b6dadb7386667b1","name":"qs_admin","image":{"@type":"ImageObject","inLanguage":"fr-FR","@id":"https:\/\/vosgesinfo.fr\/gerardmerinfo\/#\/schema\/person\/image\/","url":"https:\/\/secure.gravatar.com\/avatar\/94b18ee0ed79e4a42ea2f2931277b6841a8999fc6fde214600c78057cf1fe1de?s=96&d=mm&r=g","contentUrl":"https:\/\/secure.gravatar.com\/avatar\/94b18ee0ed79e4a42ea2f2931277b6841a8999fc6fde214600c78057cf1fe1de?s=96&d=mm&r=g","caption":"qs_admin"},"sameAs":["https:\/\/vosgesinfo.fr\/wp"],"url":"https:\/\/vosgesinfo.fr\/gerardmerinfo\/author\/qs_admin\/"}]}},"_links":{"self":[{"href":"https:\/\/vosgesinfo.fr\/gerardmerinfo\/wp-json\/wp\/v2\/posts\/12473","targetHints":{"allow":["GET"]}}],"collection":[{"href":"https:\/\/vosgesinfo.fr\/gerardmerinfo\/wp-json\/wp\/v2\/posts"}],"about":[{"href":"https:\/\/vosgesinfo.fr\/gerardmerinfo\/wp-json\/wp\/v2\/types\/post"}],"author":[{"embeddable":true,"href":"https:\/\/vosgesinfo.fr\/gerardmerinfo\/wp-json\/wp\/v2\/users\/1"}],"replies":[{"embeddable":true,"href":"https:\/\/vosgesinfo.fr\/gerardmerinfo\/wp-json\/wp\/v2\/comments?post=12473"}],"version-history":[{"count":0,"href":"https:\/\/vosgesinfo.fr\/gerardmerinfo\/wp-json\/wp\/v2\/posts\/12473\/revisions"}],"wp:attachment":[{"href":"https:\/\/vosgesinfo.fr\/gerardmerinfo\/wp-json\/wp\/v2\/media?parent=12473"}],"wp:term":[{"taxonomy":"category","embeddable":true,"href":"https:\/\/vosgesinfo.fr\/gerardmerinfo\/wp-json\/wp\/v2\/categories?post=12473"},{"taxonomy":"post_tag","embeddable":true,"href":"https:\/\/vosgesinfo.fr\/gerardmerinfo\/wp-json\/wp\/v2\/tags?post=12473"}],"curies":[{"name":"wp","href":"https:\/\/api.w.org\/{rel}","templated":true}]}}