{"id":12474,"date":"2015-03-20T12:19:28","date_gmt":"2015-03-20T11:19:28","guid":{"rendered":"https:\/\/vosgesinfo.fr\/gerardmerinfo\/2015\/03\/les-rencontres-du-cine-une-promenade-sur-les-sentiers-du-7eme-art\/"},"modified":"2015-03-20T12:19:28","modified_gmt":"2015-03-20T11:19:28","slug":"les-rencontres-du-cine-une-promenade-sur-les-sentiers-du-7eme-art","status":"publish","type":"post","link":"https:\/\/vosgesinfo.fr\/gerardmerinfo\/2015\/03\/les-rencontres-du-cine-une-promenade-sur-les-sentiers-du-7eme-art\/","title":{"rendered":"Les rencontres du Cin\u00e9 : une promenade sur les sentiers du 7\u00e8me Art"},"content":{"rendered":" Le pr\u00e9sident de l&rsquo;Office du Tourisme Herv\u00e9 Badonnel a eu le plaisir d&rsquo;ouvrir cette traditionnelle conf\u00e9rence de presse en compagnie de Denis Blum, Stessy Speissmann et Thierry Tabaraud\n<p>&nbsp;<\/p>\n<p><b>Les 19\u00e8me Rencontres du Cin\u00e9ma de G\u00e9rardmer auront lieu du 7 au 10 avril prochain au cin\u00e9ma du casino Joa. Un rendez-vous des cin\u00e9philes qui vous invite \u00e0 une petite promenade \u00e0 travers les genres et les origines des prochaines sorties de l&rsquo;ann\u00e9e 2015.,<\/b><\/p>\n<p>Une fois de plus, le pr\u00e9sident de l&rsquo;Office du Tourisme, Herv\u00e9 Badonnel ainsi que l&rsquo;\u00e9quipe charg\u00e9e de la programmation des Rencontres du Cin\u00e9ma avaient le plaisir de pr\u00e9senter cette 19\u00e8me \u00e9dition au beau milieu de l&rsquo;\u00e9clipse solaire qui a eu lieu ce vendredi matin. Ce qui fera dire \u00e0 Thierry Tabaraud,\u00a0Pr\u00e9sident du Syndicat des Exploitants de l&rsquo;Est, que tout cela n&rsquo;\u00e9tait pas sans lui rappeler \u00ab\u00a0Tintin et le temple du Soleil\u00a0\u00bb\u00a0: \u00ab\u00a0D\u00e9cid\u00e9ment, entre la neige, la pluie, le soleil, le froid le vent et maintenant une \u00e9clipse en pleine conf\u00e9rence de presse, on aura tout connu \u00e0 G\u00e9rardmer\u00a0\u00bb, commentera-t-il amus\u00e9 et enthousiaste.<\/p>\n Denis Blum a mis en avant le c\u00f4t\u00e9 convivial de G\u00e9rardmer, id\u00e9al pour accueillir les Rencontres du Cin\u00e9ma\n<p>Mais revenons-en au vif du sujet\u00a0: \u00e0 quelle sauce les cin\u00e9philes, public, professionnels et journalistes, vont-ils \u00eatre mang\u00e9s\u00a0? \u00ab\u00a0Nous avons tent\u00e9 de dresser un panorama le plus large possible des sorties \u00e0 venir \u00e0 travers une s\u00e9lection d&rsquo;une vingtaine de films dont certains ne sortiront pas avant septembre. Ce sera comme un promenade \u00e0 travers les genres, mais aussi une promenade g\u00e9ographique. La s\u00e9lection est d&rsquo;une exceptionnelle diversit\u00e9 cette ann\u00e9e, avec des productions venant d&rsquo;Inde, d\u2019\u00c9thiopie, d&rsquo;Angleterre, de Cor\u00e9e du Sud, de Br\u00e9sil, d&rsquo;Autriche, des\u00c9tats-Unis et bien s\u00fbr de France, avec m\u00eame une production lorraine\u00a0\u00bb, pr\u00e9cise Denis Blum.<\/p>\n<p>Pour ce qui est des genres cin\u00e9matographiques repr\u00e9sent\u00e9s, l\u00e0 aussi l\u2019\u00e9clectisme sera de mise m\u00eame si cette \u00e9dition fera la part belle \u00e0 la com\u00e9die et \u00e0 la com\u00e9die dramatique, genre qui ont sans doute contribu\u00e9 aux lettres de noblesse des Rencontres. \u00ab\u00a0Les Rencontres, c&rsquo;est surtout des coups de c\u0153ur que nous voulons partager avec un public qui nous suit \u00e0 G\u00e9rardmer depuis bient\u00f4t 20 ans\u00a0\u00bb, souligne Thierry Tabaraud. C&rsquo;est d&rsquo;ailleurs sans doute pour cela que les rencontres ont toujours lieu en Perle des Vosges, l&rsquo;\u00e9quipe n&rsquo;ayant pas c\u00e9d\u00e9 aux sir\u00e8nes d&rsquo;autres grandes villes lorraines.<\/p>\n<p>\u00ab\u00a0Nous aimons vraiment faire les Rencontres \u00e0 G\u00e9rardmer, nous aimons ce c\u00f4t\u00e9 convivial et, me concernant, je ne me verrais pas le faire dans une grande ville avec un c\u00f4t\u00e9 beaucoup plus impersonnel. (\u2026) M\u00eame si nous avons eu des moments de doute et que nous en aurons sans doute encore, nous ne craignons pas l&rsquo;essoufflement car nous b\u00e9n\u00e9ficions de partenaires qui nous suivent largement, et plus encore cette ann\u00e9e, qu&rsquo;il s&rsquo;agisse des partenaires publics comme priv\u00e9s\u00a0\u00bb, a conclu Denis Blum avant de laisser la parole au maire de G\u00e9rardmer.<\/p>\n<p>Un Stessy Speissmann qui \u00e9voquait avec humour une petite pointe de d\u00e9ception. Ce dernier, en grand fan d&rsquo;Albert Dupontel, convoitait en effet l&rsquo;espoir de rencontrer l&rsquo;acteur qui sera \u00e0 l&rsquo;affiche de \u00ab\u00a0En \u00e9quilibre\u00a0\u00bb, de Denis Dercourt avec C\u00e9cile de France&#8230; Mais comme l&rsquo;a sp\u00e9cifi\u00e9 Denis Blum, beaucoup de r\u00e9alisateur seront pr\u00e9sents cette ann\u00e9e mais finalement assez peu d&rsquo;acteurs, si ce n&rsquo;est Charlotte de Turckheim et Alice Pol pour \u00ab\u00a0Qui c&rsquo;est les plus forts\u00a0?\u00a0\u00bb, ou encore Lucie Debay pour \u00ab\u00a0Melody\u00a0\u00bb.<\/p>\n<p>Quant \u00e0 la programmation en d\u00e9tail, vous \u00eates invit\u00e9s \u00e0 la retrouver sur le site des Rencontres\u00a0: http:\/\/www.rencontres-du-cinema.com\/2015.php<\/p>\n<p>Vous y retrouverez \u00e9galement les tarifs et tr\u00e8s prochainement les horaires des s\u00e9ances. Bonnes toiles \u00e0 tous\u00a0!<\/p>\n","protected":false},"excerpt":{"rendered":"<p>&nbsp; Les 19\u00e8me Rencontres du Cin\u00e9ma de G\u00e9rardmer auront lieu du 7 au 10 avril prochain au cin\u00e9ma du casino [&hellip;]<\/p>\n","protected":false},"author":42,"featured_media":0,"comment_status":"open","ping_status":"open","sticky":false,"template":"","format":"standard","meta":{"footnotes":""},"categories":[4,18],"tags":[],"class_list":["post-12474","post","type-post","status-publish","format-standard","hentry","category-culture","category-vosges"],"acf":[],"yoast_head":"<!-- This site is optimized with the Yoast SEO plugin v22.5 - https:\/\/yoast.com\/wordpress\/plugins\/seo\/ -->\n<title>Les rencontres du Cin\u00e9 : une promenade sur les sentiers du 7\u00e8me Art - Gerardmer Info<\/title>\n<meta name=\"robots\" content=\"index, follow, max-snippet:-1, max-image-preview:large, max-video-preview:-1\" \/>\n<link rel=\"canonical\" href=\"https:\/\/vosgesinfo.fr\/gerardmerinfo\/2015\/03\/les-rencontres-du-cine-une-promenade-sur-les-sentiers-du-7eme-art\/\" \/>\n<meta name=\"twitter:card\" content=\"summary_large_image\" \/>\n<meta name=\"twitter:title\" content=\"Les rencontres du Cin\u00e9 : une promenade sur les sentiers du 7\u00e8me Art - Gerardmer Info\" \/>\n<meta name=\"twitter:description\" content=\"&nbsp; Les 19\u00e8me Rencontres du Cin\u00e9ma de G\u00e9rardmer auront lieu du 7 au 10 avril prochain au cin\u00e9ma du casino [&hellip;]\" \/>\n<meta name=\"twitter:creator\" content=\"@VosgesInfo88\" \/>\n<meta name=\"twitter:site\" content=\"@VosgesInfo88\" \/>\n<meta name=\"twitter:label1\" content=\"\u00c9crit par\" \/>\n\t<meta name=\"twitter:data1\" content=\"QG\" \/>\n\t<meta name=\"twitter:label2\" content=\"Dur\u00e9e de lecture estim\u00e9e\" \/>\n\t<meta name=\"twitter:data2\" content=\"3 minutes\" \/>\n<script type=\"application\/ld+json\" class=\"yoast-schema-graph\">{\"@context\":\"https:\/\/schema.org\",\"@graph\":[{\"@type\":\"Article\",\"@id\":\"https:\/\/vosgesinfo.fr\/gerardmerinfo\/2015\/03\/les-rencontres-du-cine-une-promenade-sur-les-sentiers-du-7eme-art\/#article\",\"isPartOf\":{\"@id\":\"https:\/\/vosgesinfo.fr\/gerardmerinfo\/2015\/03\/les-rencontres-du-cine-une-promenade-sur-les-sentiers-du-7eme-art\/\"},\"author\":{\"name\":\"QG\",\"@id\":\"https:\/\/vosgesinfo.fr\/gerardmerinfo\/#\/schema\/person\/db5605779a843dad16b5368f3e7613a5\"},\"headline\":\"Les rencontres du Cin\u00e9 : une promenade sur les sentiers du 7\u00e8me Art\",\"datePublished\":\"2015-03-20T11:19:28+00:00\",\"dateModified\":\"2015-03-20T11:19:28+00:00\",\"mainEntityOfPage\":{\"@id\":\"https:\/\/vosgesinfo.fr\/gerardmerinfo\/2015\/03\/les-rencontres-du-cine-une-promenade-sur-les-sentiers-du-7eme-art\/\"},\"wordCount\":694,\"commentCount\":0,\"publisher\":{\"@id\":\"https:\/\/vosgesinfo.fr\/gerardmerinfo\/#organization\"},\"articleSection\":[\"Culture\",\"Vosges\"],\"inLanguage\":\"fr-FR\",\"potentialAction\":[{\"@type\":\"CommentAction\",\"name\":\"Comment\",\"target\":[\"https:\/\/vosgesinfo.fr\/gerardmerinfo\/2015\/03\/les-rencontres-du-cine-une-promenade-sur-les-sentiers-du-7eme-art\/#respond\"]}]},{\"@type\":\"WebPage\",\"@id\":\"https:\/\/vosgesinfo.fr\/gerardmerinfo\/2015\/03\/les-rencontres-du-cine-une-promenade-sur-les-sentiers-du-7eme-art\/\",\"url\":\"https:\/\/vosgesinfo.fr\/gerardmerinfo\/2015\/03\/les-rencontres-du-cine-une-promenade-sur-les-sentiers-du-7eme-art\/\",\"name\":\"Les rencontres du Cin\u00e9 : une promenade sur les sentiers du 7\u00e8me Art - Gerardmer Info\",\"isPartOf\":{\"@id\":\"https:\/\/vosgesinfo.fr\/gerardmerinfo\/#website\"},\"datePublished\":\"2015-03-20T11:19:28+00:00\",\"dateModified\":\"2015-03-20T11:19:28+00:00\",\"breadcrumb\":{\"@id\":\"https:\/\/vosgesinfo.fr\/gerardmerinfo\/2015\/03\/les-rencontres-du-cine-une-promenade-sur-les-sentiers-du-7eme-art\/#breadcrumb\"},\"inLanguage\":\"fr-FR\",\"potentialAction\":[{\"@type\":\"ReadAction\",\"target\":[\"https:\/\/vosgesinfo.fr\/gerardmerinfo\/2015\/03\/les-rencontres-du-cine-une-promenade-sur-les-sentiers-du-7eme-art\/\"]}]},{\"@type\":\"BreadcrumbList\",\"@id\":\"https:\/\/vosgesinfo.fr\/gerardmerinfo\/2015\/03\/les-rencontres-du-cine-une-promenade-sur-les-sentiers-du-7eme-art\/#breadcrumb\",\"itemListElement\":[{\"@type\":\"ListItem\",\"position\":1,\"name\":\"Home\",\"item\":\"https:\/\/vosgesinfo.fr\/gerardmerinfo\/\"},{\"@type\":\"ListItem\",\"position\":2,\"name\":\"Les rencontres du Cin\u00e9 : une promenade sur les sentiers du 7\u00e8me Art\"}]},{\"@type\":\"WebSite\",\"@id\":\"https:\/\/vosgesinfo.fr\/gerardmerinfo\/#website\",\"url\":\"https:\/\/vosgesinfo.fr\/gerardmerinfo\/\",\"name\":\"Gerardmer Info\",\"description\":\"Toute l&#039;actualit\u00e9 de G\u00e9rardmer\",\"publisher\":{\"@id\":\"https:\/\/vosgesinfo.fr\/gerardmerinfo\/#organization\"},\"alternateName\":\"Toute l'actualit\u00e9 de G\u00e9rardmer\",\"potentialAction\":[{\"@type\":\"SearchAction\",\"target\":{\"@type\":\"EntryPoint\",\"urlTemplate\":\"https:\/\/vosgesinfo.fr\/gerardmerinfo\/?s={search_term_string}\"},\"query-input\":\"required name=search_term_string\"}],\"inLanguage\":\"fr-FR\"},{\"@type\":\"Organization\",\"@id\":\"https:\/\/vosgesinfo.fr\/gerardmerinfo\/#organization\",\"name\":\"Gerardmer Info\",\"url\":\"https:\/\/vosgesinfo.fr\/gerardmerinfo\/\",\"logo\":{\"@type\":\"ImageObject\",\"inLanguage\":\"fr-FR\",\"@id\":\"https:\/\/vosgesinfo.fr\/gerardmerinfo\/#\/schema\/logo\/image\/\",\"url\":\"https:\/\/vosgesinfo.fr\/app\/uploads\/sites\/6\/2023\/08\/favicon-gerardmerinfo.png\",\"contentUrl\":\"https:\/\/vosgesinfo.fr\/app\/uploads\/sites\/6\/2023\/08\/favicon-gerardmerinfo.png\",\"width\":512,\"height\":512,\"caption\":\"Gerardmer Info\"},\"image\":{\"@id\":\"https:\/\/vosgesinfo.fr\/gerardmerinfo\/#\/schema\/logo\/image\/\"},\"sameAs\":[\"https:\/\/www.facebook.com\/profile.php?id=100049475262660\",\"https:\/\/x.com\/VosgesInfo88\",\"https:\/\/www.youtube.com\/@vosgesinfo\"]},{\"@type\":\"Person\",\"@id\":\"https:\/\/vosgesinfo.fr\/gerardmerinfo\/#\/schema\/person\/db5605779a843dad16b5368f3e7613a5\",\"name\":\"QG\",\"image\":{\"@type\":\"ImageObject\",\"inLanguage\":\"fr-FR\",\"@id\":\"https:\/\/vosgesinfo.fr\/gerardmerinfo\/#\/schema\/person\/image\/\",\"url\":\"https:\/\/secure.gravatar.com\/avatar\/ea80c42c204b534408512832fde52504ecabb9706bcb6151cf6175e5b64e6793?s=96&d=mm&r=g\",\"contentUrl\":\"https:\/\/secure.gravatar.com\/avatar\/ea80c42c204b534408512832fde52504ecabb9706bcb6151cf6175e5b64e6793?s=96&d=mm&r=g\",\"caption\":\"QG\"},\"url\":\"https:\/\/vosgesinfo.fr\/gerardmerinfo\/author\/quentin88\/\"}]}<\/script>\n<!-- \/ Yoast SEO plugin. -->","yoast_head_json":{"title":"Les rencontres du Cin\u00e9 : une promenade sur les sentiers du 7\u00e8me Art - Gerardmer Info","robots":{"index":"index","follow":"follow","max-snippet":"max-snippet:-1","max-image-preview":"max-image-preview:large","max-video-preview":"max-video-preview:-1"},"canonical":"https:\/\/vosgesinfo.fr\/gerardmerinfo\/2015\/03\/les-rencontres-du-cine-une-promenade-sur-les-sentiers-du-7eme-art\/","twitter_card":"summary_large_image","twitter_title":"Les rencontres du Cin\u00e9 : une promenade sur les sentiers du 7\u00e8me Art - Gerardmer Info","twitter_description":"&nbsp; Les 19\u00e8me Rencontres du Cin\u00e9ma de G\u00e9rardmer auront lieu du 7 au 10 avril prochain au cin\u00e9ma du casino [&hellip;]","twitter_creator":"@VosgesInfo88","twitter_site":"@VosgesInfo88","twitter_misc":{"\u00c9crit par":"QG","Dur\u00e9e de lecture estim\u00e9e":"3 minutes"},"schema":{"@context":"https:\/\/schema.org","@graph":[{"@type":"Article","@id":"https:\/\/vosgesinfo.fr\/gerardmerinfo\/2015\/03\/les-rencontres-du-cine-une-promenade-sur-les-sentiers-du-7eme-art\/#article","isPartOf":{"@id":"https:\/\/vosgesinfo.fr\/gerardmerinfo\/2015\/03\/les-rencontres-du-cine-une-promenade-sur-les-sentiers-du-7eme-art\/"},"author":{"name":"QG","@id":"https:\/\/vosgesinfo.fr\/gerardmerinfo\/#\/schema\/person\/db5605779a843dad16b5368f3e7613a5"},"headline":"Les rencontres du Cin\u00e9 : une promenade sur les sentiers du 7\u00e8me Art","datePublished":"2015-03-20T11:19:28+00:00","dateModified":"2015-03-20T11:19:28+00:00","mainEntityOfPage":{"@id":"https:\/\/vosgesinfo.fr\/gerardmerinfo\/2015\/03\/les-rencontres-du-cine-une-promenade-sur-les-sentiers-du-7eme-art\/"},"wordCount":694,"commentCount":0,"publisher":{"@id":"https:\/\/vosgesinfo.fr\/gerardmerinfo\/#organization"},"articleSection":["Culture","Vosges"],"inLanguage":"fr-FR","potentialAction":[{"@type":"CommentAction","name":"Comment","target":["https:\/\/vosgesinfo.fr\/gerardmerinfo\/2015\/03\/les-rencontres-du-cine-une-promenade-sur-les-sentiers-du-7eme-art\/#respond"]}]},{"@type":"WebPage","@id":"https:\/\/vosgesinfo.fr\/gerardmerinfo\/2015\/03\/les-rencontres-du-cine-une-promenade-sur-les-sentiers-du-7eme-art\/","url":"https:\/\/vosgesinfo.fr\/gerardmerinfo\/2015\/03\/les-rencontres-du-cine-une-promenade-sur-les-sentiers-du-7eme-art\/","name":"Les rencontres du Cin\u00e9 : une promenade sur les sentiers du 7\u00e8me Art - Gerardmer Info","isPartOf":{"@id":"https:\/\/vosgesinfo.fr\/gerardmerinfo\/#website"},"datePublished":"2015-03-20T11:19:28+00:00","dateModified":"2015-03-20T11:19:28+00:00","breadcrumb":{"@id":"https:\/\/vosgesinfo.fr\/gerardmerinfo\/2015\/03\/les-rencontres-du-cine-une-promenade-sur-les-sentiers-du-7eme-art\/#breadcrumb"},"inLanguage":"fr-FR","potentialAction":[{"@type":"ReadAction","target":["https:\/\/vosgesinfo.fr\/gerardmerinfo\/2015\/03\/les-rencontres-du-cine-une-promenade-sur-les-sentiers-du-7eme-art\/"]}]},{"@type":"BreadcrumbList","@id":"https:\/\/vosgesinfo.fr\/gerardmerinfo\/2015\/03\/les-rencontres-du-cine-une-promenade-sur-les-sentiers-du-7eme-art\/#breadcrumb","itemListElement":[{"@type":"ListItem","position":1,"name":"Home","item":"https:\/\/vosgesinfo.fr\/gerardmerinfo\/"},{"@type":"ListItem","position":2,"name":"Les rencontres du Cin\u00e9 : une promenade sur les sentiers du 7\u00e8me Art"}]},{"@type":"WebSite","@id":"https:\/\/vosgesinfo.fr\/gerardmerinfo\/#website","url":"https:\/\/vosgesinfo.fr\/gerardmerinfo\/","name":"Gerardmer Info","description":"Toute l&#039;actualit\u00e9 de G\u00e9rardmer","publisher":{"@id":"https:\/\/vosgesinfo.fr\/gerardmerinfo\/#organization"},"alternateName":"Toute l'actualit\u00e9 de G\u00e9rardmer","potentialAction":[{"@type":"SearchAction","target":{"@type":"EntryPoint","urlTemplate":"https:\/\/vosgesinfo.fr\/gerardmerinfo\/?s={search_term_string}"},"query-input":"required name=search_term_string"}],"inLanguage":"fr-FR"},{"@type":"Organization","@id":"https:\/\/vosgesinfo.fr\/gerardmerinfo\/#organization","name":"Gerardmer Info","url":"https:\/\/vosgesinfo.fr\/gerardmerinfo\/","logo":{"@type":"ImageObject","inLanguage":"fr-FR","@id":"https:\/\/vosgesinfo.fr\/gerardmerinfo\/#\/schema\/logo\/image\/","url":"https:\/\/vosgesinfo.fr\/app\/uploads\/sites\/6\/2023\/08\/favicon-gerardmerinfo.png","contentUrl":"https:\/\/vosgesinfo.fr\/app\/uploads\/sites\/6\/2023\/08\/favicon-gerardmerinfo.png","width":512,"height":512,"caption":"Gerardmer Info"},"image":{"@id":"https:\/\/vosgesinfo.fr\/gerardmerinfo\/#\/schema\/logo\/image\/"},"sameAs":["https:\/\/www.facebook.com\/profile.php?id=100049475262660","https:\/\/x.com\/VosgesInfo88","https:\/\/www.youtube.com\/@vosgesinfo"]},{"@type":"Person","@id":"https:\/\/vosgesinfo.fr\/gerardmerinfo\/#\/schema\/person\/db5605779a843dad16b5368f3e7613a5","name":"QG","image":{"@type":"ImageObject","inLanguage":"fr-FR","@id":"https:\/\/vosgesinfo.fr\/gerardmerinfo\/#\/schema\/person\/image\/","url":"https:\/\/secure.gravatar.com\/avatar\/ea80c42c204b534408512832fde52504ecabb9706bcb6151cf6175e5b64e6793?s=96&d=mm&r=g","contentUrl":"https:\/\/secure.gravatar.com\/avatar\/ea80c42c204b534408512832fde52504ecabb9706bcb6151cf6175e5b64e6793?s=96&d=mm&r=g","caption":"QG"},"url":"https:\/\/vosgesinfo.fr\/gerardmerinfo\/author\/quentin88\/"}]}},"_links":{"self":[{"href":"https:\/\/vosgesinfo.fr\/gerardmerinfo\/wp-json\/wp\/v2\/posts\/12474","targetHints":{"allow":["GET"]}}],"collection":[{"href":"https:\/\/vosgesinfo.fr\/gerardmerinfo\/wp-json\/wp\/v2\/posts"}],"about":[{"href":"https:\/\/vosgesinfo.fr\/gerardmerinfo\/wp-json\/wp\/v2\/types\/post"}],"author":[{"embeddable":true,"href":"https:\/\/vosgesinfo.fr\/gerardmerinfo\/wp-json\/wp\/v2\/users\/42"}],"replies":[{"embeddable":true,"href":"https:\/\/vosgesinfo.fr\/gerardmerinfo\/wp-json\/wp\/v2\/comments?post=12474"}],"version-history":[{"count":0,"href":"https:\/\/vosgesinfo.fr\/gerardmerinfo\/wp-json\/wp\/v2\/posts\/12474\/revisions"}],"wp:attachment":[{"href":"https:\/\/vosgesinfo.fr\/gerardmerinfo\/wp-json\/wp\/v2\/media?parent=12474"}],"wp:term":[{"taxonomy":"category","embeddable":true,"href":"https:\/\/vosgesinfo.fr\/gerardmerinfo\/wp-json\/wp\/v2\/categories?post=12474"},{"taxonomy":"post_tag","embeddable":true,"href":"https:\/\/vosgesinfo.fr\/gerardmerinfo\/wp-json\/wp\/v2\/tags?post=12474"}],"curies":[{"name":"wp","href":"https:\/\/api.w.org\/{rel}","templated":true}]}}