{"id":12475,"date":"2015-03-20T17:35:32","date_gmt":"2015-03-20T16:35:32","guid":{"rendered":"https:\/\/vosgesinfo.fr\/gerardmerinfo\/2015\/03\/algerie-un-souvenir-et-un-avenir-communs\/"},"modified":"2015-03-20T17:35:32","modified_gmt":"2015-03-20T16:35:32","slug":"algerie-un-souvenir-et-un-avenir-communs","status":"publish","type":"post","link":"https:\/\/vosgesinfo.fr\/gerardmerinfo\/2015\/03\/algerie-un-souvenir-et-un-avenir-communs\/","title":{"rendered":"Alg\u00e9rie : un souvenir et un avenir communs"},"content":{"rendered":"<p><b>Ce jeudi 19 mars 2015 avait lieu la traditionnelle c\u00e9r\u00e9monie comm\u00e9morative du cessez-le-feu de la guerre d&rsquo;Alg\u00e9rie proclam\u00e9 en 1962.<\/b><\/p>\n<p>Une c\u00e9r\u00e9monie qui s&rsquo;est d\u00e9roul\u00e9e au Monument aux Morts de la Perle des Vosges en pr\u00e9sence des nombreuses associations patriotiques du secteur ainsi que des \u00e9lus du Conseil Municipal, R\u00e9gional et D\u00e9partemental, sans oublier le sous-pr\u00e9fet Yves Camier qui avait fait une nouvelle fois le d\u00e9placement.<\/p>\n<p>Comme le veut d\u00e9sormais le protocole, cette comm\u00e9moration a d\u00e9but\u00e9 par un premier d\u00e9p\u00f4t de gerbe sur la st\u00e8le d\u00e9di\u00e9e aux combattants d&rsquo;Afrique du Nord effectu\u00e9 par Marcel Bastien pr\u00e9sident de la FNACA, Michel Gr\u00fcner, pr\u00e9sident de l&rsquo;ARAC, G\u00e9rard Roussel pr\u00e9sident des AFN, ainsi que No\u00ebl Quinanzoni, pr\u00e9sident de la section locale des m\u00e9daill\u00e9s militaires.<\/p>\n<p>La c\u00e9r\u00e9monie s&rsquo;est ensuite poursuivie aux pieds du Monument aux Morts avec la lecture du manifeste national pour le 19 mars par Marcel Bastien ainsi que celle du message de l&rsquo;ARAC par Michel Gr\u00fcner. L&rsquo;occasion de rappeler que les deux nations avaient un devoir de m\u00e9moire \u00e0 r\u00e9aliser\u00a0: \u00ab\u00a0Les gouvernements de chacun des deux pays doivent assumer leurs responsabilit\u00e9s quant aux causes, aux circonstances et au d\u00e9roulement de la guerre. C&rsquo;est un devoir de l&rsquo;un \u00e0 l&rsquo;\u00e9gard de l&rsquo;autre, dans le respect de chacun des deux peuples. C&rsquo;est la condition de l&rsquo;apaisement r\u00e9el d&rsquo;un c\u00f4t\u00e9 comme de l&rsquo;autre\u00a0\u00bb, pr\u00e9cise le message de l&rsquo;ARAC qui estime que, concernant la France, il doit notamment \u00eatre reconnu que cette guerre \u00e9tait une guerre coloniale.<\/p>\n<p>\u00ab\u00a0C&rsquo;est sur la base de la reconnaissance de ces responsabilit\u00e9s que l&rsquo;apaisement r\u00e9el peut se d\u00e9velopper et permettre la n\u00e9gociation et la signature d&rsquo;un trait\u00e9 de paix stabilisant les rapports entre nos deux nations tout en cr\u00e9ant une zone d&rsquo;entente en M\u00e9diterran\u00e9e \u00bb, stipulait \u00e9galement ce message prononc\u00e9 par le pr\u00e9sident de l&rsquo;ARAC. Apr\u00e8s ces deux interventions, les \u00e9lus ont \u00e0 leur tour proc\u00e9d\u00e9 \u00e0 deux autres d\u00e9p\u00f4ts de gerbes, la conseill\u00e8re r\u00e9gionale Mich\u00e8le Gr\u00fcner \u00e9tant pour l&rsquo;occasion accompagn\u00e9e des repr\u00e9sentants de la brigade de gendarmerie et de la caserne des pompiers de G\u00e9rardmer, \u00e0 savoir l&rsquo;adjudant-chef F\u00e9gly et le lieutenant Humbert.<\/p>\n\n\t\t<style type=\"text\/css\">\n\t\t\t#gallery-1 {\n\t\t\t\tmargin: auto;\n\t\t\t}\n\t\t\t#gallery-1 .gallery-item {\n\t\t\t\tfloat: left;\n\t\t\t\tmargin-top: 10px;\n\t\t\t\ttext-align: center;\n\t\t\t\twidth: 25%;\n\t\t\t}\n\t\t\t#gallery-1 img {\n\t\t\t\tborder: 2px solid #cfcfcf;\n\t\t\t}\n\t\t\t#gallery-1 .gallery-caption {\n\t\t\t\tmargin-left: 0;\n\t\t\t}\n\t\t\t\/* see gallery_shortcode() in wp-includes\/media.php *\/\n\t\t<\/style>\n\t\t<div id='gallery-1' class='gallery galleryid-12475 gallery-columns-4 gallery-size-medium'><dl class='gallery-item'>\n\t\t\t<dt class='gallery-icon portrait'>\n\t\t\t\t<a href='https:\/\/vosgesinfo.fr\/gerardmerinfo\/2020\/08\/letang-de-belbriette-vers-nouveau-miroir-deau\/2020-08-1350-2\/'><img decoding=\"async\" width=\"237\" height=\"300\" src=\"https:\/\/vosgesinfo.fr\/app\/uploads\/sites\/6\/2024\/07\/2020081350-2-237x300.jpg\" class=\"attachment-medium size-medium\" alt=\"\" srcset=\"https:\/\/vosgesinfo.fr\/app\/uploads\/sites\/6\/2024\/07\/2020081350-2-237x300.jpg 237w, https:\/\/vosgesinfo.fr\/app\/uploads\/sites\/6\/2024\/07\/2020081350-2.jpg 633w\" sizes=\"(max-width: 237px) 100vw, 237px\" \/><\/a>\n\t\t\t<\/dt><\/dl><dl class='gallery-item'>\n\t\t\t<dt class='gallery-icon landscape'>\n\t\t\t\t<a href='https:\/\/vosgesinfo.fr\/gerardmerinfo\/2020\/08\/remiremont-homme-de-76-ans-disparu-hier-matin\/2020-08-annotation-2020-08-20-122233\/'><img decoding=\"async\" width=\"300\" height=\"200\" src=\"https:\/\/vosgesinfo.fr\/app\/uploads\/sites\/6\/2024\/07\/202008annotation-2020-08-20-122233-300x200.png\" class=\"attachment-medium size-medium\" alt=\"\" srcset=\"https:\/\/vosgesinfo.fr\/app\/uploads\/sites\/6\/2024\/07\/202008annotation-2020-08-20-122233-300x200.png 300w, https:\/\/vosgesinfo.fr\/app\/uploads\/sites\/6\/2024\/07\/202008annotation-2020-08-20-122233-768x513.png 768w, https:\/\/vosgesinfo.fr\/app\/uploads\/sites\/6\/2024\/07\/202008annotation-2020-08-20-122233.png 800w\" sizes=\"(max-width: 300px) 100vw, 300px\" \/><\/a>\n\t\t\t<\/dt><\/dl>\n\t\t\t<br style='clear: both' \/>\n\t\t<\/div>\n\n","protected":false},"excerpt":{"rendered":"<p>Ce jeudi 19 mars 2015 avait lieu la traditionnelle c\u00e9r\u00e9monie comm\u00e9morative du cessez-le-feu de la guerre d&rsquo;Alg\u00e9rie proclam\u00e9 en 1962. [&hellip;]<\/p>\n","protected":false},"author":42,"featured_media":0,"comment_status":"open","ping_status":"open","sticky":false,"template":"","format":"standard","meta":{"footnotes":""},"categories":[24,25],"tags":[],"class_list":["post-12475","post","type-post","status-publish","format-standard","hentry","category-evenements","category-gerardmer"],"acf":[],"yoast_head":"<!-- This site is optimized with the Yoast SEO plugin v22.5 - https:\/\/yoast.com\/wordpress\/plugins\/seo\/ -->\n<title>Alg\u00e9rie : un souvenir et un avenir communs - Gerardmer Info<\/title>\n<meta name=\"robots\" content=\"index, follow, max-snippet:-1, max-image-preview:large, max-video-preview:-1\" \/>\n<link rel=\"canonical\" href=\"https:\/\/vosgesinfo.fr\/gerardmerinfo\/2015\/03\/algerie-un-souvenir-et-un-avenir-communs\/\" \/>\n<meta name=\"twitter:card\" content=\"summary_large_image\" \/>\n<meta name=\"twitter:title\" content=\"Alg\u00e9rie : un souvenir et un avenir communs - Gerardmer Info\" \/>\n<meta name=\"twitter:description\" content=\"Ce jeudi 19 mars 2015 avait lieu la traditionnelle c\u00e9r\u00e9monie comm\u00e9morative du cessez-le-feu de la guerre d&rsquo;Alg\u00e9rie proclam\u00e9 en 1962. [&hellip;]\" \/>\n<meta name=\"twitter:creator\" content=\"@VosgesInfo88\" \/>\n<meta name=\"twitter:site\" content=\"@VosgesInfo88\" \/>\n<meta name=\"twitter:label1\" content=\"\u00c9crit par\" \/>\n\t<meta name=\"twitter:data1\" content=\"QG\" \/>\n\t<meta name=\"twitter:label2\" content=\"Dur\u00e9e de lecture estim\u00e9e\" \/>\n\t<meta name=\"twitter:data2\" content=\"2 minutes\" \/>\n<script type=\"application\/ld+json\" class=\"yoast-schema-graph\">{\"@context\":\"https:\/\/schema.org\",\"@graph\":[{\"@type\":\"Article\",\"@id\":\"https:\/\/vosgesinfo.fr\/gerardmerinfo\/2015\/03\/algerie-un-souvenir-et-un-avenir-communs\/#article\",\"isPartOf\":{\"@id\":\"https:\/\/vosgesinfo.fr\/gerardmerinfo\/2015\/03\/algerie-un-souvenir-et-un-avenir-communs\/\"},\"author\":{\"name\":\"QG\",\"@id\":\"https:\/\/vosgesinfo.fr\/gerardmerinfo\/#\/schema\/person\/db5605779a843dad16b5368f3e7613a5\"},\"headline\":\"Alg\u00e9rie : un souvenir et un avenir communs\",\"datePublished\":\"2015-03-20T16:35:32+00:00\",\"dateModified\":\"2015-03-20T16:35:32+00:00\",\"mainEntityOfPage\":{\"@id\":\"https:\/\/vosgesinfo.fr\/gerardmerinfo\/2015\/03\/algerie-un-souvenir-et-un-avenir-communs\/\"},\"wordCount\":430,\"commentCount\":0,\"publisher\":{\"@id\":\"https:\/\/vosgesinfo.fr\/gerardmerinfo\/#organization\"},\"articleSection\":[\"Ev\u00e8nements\",\"G\u00e9rardmer\"],\"inLanguage\":\"fr-FR\",\"potentialAction\":[{\"@type\":\"CommentAction\",\"name\":\"Comment\",\"target\":[\"https:\/\/vosgesinfo.fr\/gerardmerinfo\/2015\/03\/algerie-un-souvenir-et-un-avenir-communs\/#respond\"]}]},{\"@type\":\"WebPage\",\"@id\":\"https:\/\/vosgesinfo.fr\/gerardmerinfo\/2015\/03\/algerie-un-souvenir-et-un-avenir-communs\/\",\"url\":\"https:\/\/vosgesinfo.fr\/gerardmerinfo\/2015\/03\/algerie-un-souvenir-et-un-avenir-communs\/\",\"name\":\"Alg\u00e9rie : un souvenir et un avenir communs - Gerardmer Info\",\"isPartOf\":{\"@id\":\"https:\/\/vosgesinfo.fr\/gerardmerinfo\/#website\"},\"datePublished\":\"2015-03-20T16:35:32+00:00\",\"dateModified\":\"2015-03-20T16:35:32+00:00\",\"breadcrumb\":{\"@id\":\"https:\/\/vosgesinfo.fr\/gerardmerinfo\/2015\/03\/algerie-un-souvenir-et-un-avenir-communs\/#breadcrumb\"},\"inLanguage\":\"fr-FR\",\"potentialAction\":[{\"@type\":\"ReadAction\",\"target\":[\"https:\/\/vosgesinfo.fr\/gerardmerinfo\/2015\/03\/algerie-un-souvenir-et-un-avenir-communs\/\"]}]},{\"@type\":\"BreadcrumbList\",\"@id\":\"https:\/\/vosgesinfo.fr\/gerardmerinfo\/2015\/03\/algerie-un-souvenir-et-un-avenir-communs\/#breadcrumb\",\"itemListElement\":[{\"@type\":\"ListItem\",\"position\":1,\"name\":\"Home\",\"item\":\"https:\/\/vosgesinfo.fr\/gerardmerinfo\/\"},{\"@type\":\"ListItem\",\"position\":2,\"name\":\"Alg\u00e9rie : un souvenir et un avenir communs\"}]},{\"@type\":\"WebSite\",\"@id\":\"https:\/\/vosgesinfo.fr\/gerardmerinfo\/#website\",\"url\":\"https:\/\/vosgesinfo.fr\/gerardmerinfo\/\",\"name\":\"Gerardmer Info\",\"description\":\"Toute l&#039;actualit\u00e9 de G\u00e9rardmer\",\"publisher\":{\"@id\":\"https:\/\/vosgesinfo.fr\/gerardmerinfo\/#organization\"},\"alternateName\":\"Toute l'actualit\u00e9 de G\u00e9rardmer\",\"potentialAction\":[{\"@type\":\"SearchAction\",\"target\":{\"@type\":\"EntryPoint\",\"urlTemplate\":\"https:\/\/vosgesinfo.fr\/gerardmerinfo\/?s={search_term_string}\"},\"query-input\":\"required name=search_term_string\"}],\"inLanguage\":\"fr-FR\"},{\"@type\":\"Organization\",\"@id\":\"https:\/\/vosgesinfo.fr\/gerardmerinfo\/#organization\",\"name\":\"Gerardmer Info\",\"url\":\"https:\/\/vosgesinfo.fr\/gerardmerinfo\/\",\"logo\":{\"@type\":\"ImageObject\",\"inLanguage\":\"fr-FR\",\"@id\":\"https:\/\/vosgesinfo.fr\/gerardmerinfo\/#\/schema\/logo\/image\/\",\"url\":\"https:\/\/vosgesinfo.fr\/app\/uploads\/sites\/6\/2023\/08\/favicon-gerardmerinfo.png\",\"contentUrl\":\"https:\/\/vosgesinfo.fr\/app\/uploads\/sites\/6\/2023\/08\/favicon-gerardmerinfo.png\",\"width\":512,\"height\":512,\"caption\":\"Gerardmer Info\"},\"image\":{\"@id\":\"https:\/\/vosgesinfo.fr\/gerardmerinfo\/#\/schema\/logo\/image\/\"},\"sameAs\":[\"https:\/\/www.facebook.com\/profile.php?id=100049475262660\",\"https:\/\/x.com\/VosgesInfo88\",\"https:\/\/www.youtube.com\/@vosgesinfo\"]},{\"@type\":\"Person\",\"@id\":\"https:\/\/vosgesinfo.fr\/gerardmerinfo\/#\/schema\/person\/db5605779a843dad16b5368f3e7613a5\",\"name\":\"QG\",\"image\":{\"@type\":\"ImageObject\",\"inLanguage\":\"fr-FR\",\"@id\":\"https:\/\/vosgesinfo.fr\/gerardmerinfo\/#\/schema\/person\/image\/\",\"url\":\"https:\/\/secure.gravatar.com\/avatar\/ea80c42c204b534408512832fde52504ecabb9706bcb6151cf6175e5b64e6793?s=96&d=mm&r=g\",\"contentUrl\":\"https:\/\/secure.gravatar.com\/avatar\/ea80c42c204b534408512832fde52504ecabb9706bcb6151cf6175e5b64e6793?s=96&d=mm&r=g\",\"caption\":\"QG\"},\"url\":\"https:\/\/vosgesinfo.fr\/gerardmerinfo\/author\/quentin88\/\"}]}<\/script>\n<!-- \/ Yoast SEO plugin. -->","yoast_head_json":{"title":"Alg\u00e9rie : un souvenir et un avenir communs - Gerardmer Info","robots":{"index":"index","follow":"follow","max-snippet":"max-snippet:-1","max-image-preview":"max-image-preview:large","max-video-preview":"max-video-preview:-1"},"canonical":"https:\/\/vosgesinfo.fr\/gerardmerinfo\/2015\/03\/algerie-un-souvenir-et-un-avenir-communs\/","twitter_card":"summary_large_image","twitter_title":"Alg\u00e9rie : un souvenir et un avenir communs - Gerardmer Info","twitter_description":"Ce jeudi 19 mars 2015 avait lieu la traditionnelle c\u00e9r\u00e9monie comm\u00e9morative du cessez-le-feu de la guerre d&rsquo;Alg\u00e9rie proclam\u00e9 en 1962. [&hellip;]","twitter_creator":"@VosgesInfo88","twitter_site":"@VosgesInfo88","twitter_misc":{"\u00c9crit par":"QG","Dur\u00e9e de lecture estim\u00e9e":"2 minutes"},"schema":{"@context":"https:\/\/schema.org","@graph":[{"@type":"Article","@id":"https:\/\/vosgesinfo.fr\/gerardmerinfo\/2015\/03\/algerie-un-souvenir-et-un-avenir-communs\/#article","isPartOf":{"@id":"https:\/\/vosgesinfo.fr\/gerardmerinfo\/2015\/03\/algerie-un-souvenir-et-un-avenir-communs\/"},"author":{"name":"QG","@id":"https:\/\/vosgesinfo.fr\/gerardmerinfo\/#\/schema\/person\/db5605779a843dad16b5368f3e7613a5"},"headline":"Alg\u00e9rie : un souvenir et un avenir communs","datePublished":"2015-03-20T16:35:32+00:00","dateModified":"2015-03-20T16:35:32+00:00","mainEntityOfPage":{"@id":"https:\/\/vosgesinfo.fr\/gerardmerinfo\/2015\/03\/algerie-un-souvenir-et-un-avenir-communs\/"},"wordCount":430,"commentCount":0,"publisher":{"@id":"https:\/\/vosgesinfo.fr\/gerardmerinfo\/#organization"},"articleSection":["Ev\u00e8nements","G\u00e9rardmer"],"inLanguage":"fr-FR","potentialAction":[{"@type":"CommentAction","name":"Comment","target":["https:\/\/vosgesinfo.fr\/gerardmerinfo\/2015\/03\/algerie-un-souvenir-et-un-avenir-communs\/#respond"]}]},{"@type":"WebPage","@id":"https:\/\/vosgesinfo.fr\/gerardmerinfo\/2015\/03\/algerie-un-souvenir-et-un-avenir-communs\/","url":"https:\/\/vosgesinfo.fr\/gerardmerinfo\/2015\/03\/algerie-un-souvenir-et-un-avenir-communs\/","name":"Alg\u00e9rie : un souvenir et un avenir communs - Gerardmer Info","isPartOf":{"@id":"https:\/\/vosgesinfo.fr\/gerardmerinfo\/#website"},"datePublished":"2015-03-20T16:35:32+00:00","dateModified":"2015-03-20T16:35:32+00:00","breadcrumb":{"@id":"https:\/\/vosgesinfo.fr\/gerardmerinfo\/2015\/03\/algerie-un-souvenir-et-un-avenir-communs\/#breadcrumb"},"inLanguage":"fr-FR","potentialAction":[{"@type":"ReadAction","target":["https:\/\/vosgesinfo.fr\/gerardmerinfo\/2015\/03\/algerie-un-souvenir-et-un-avenir-communs\/"]}]},{"@type":"BreadcrumbList","@id":"https:\/\/vosgesinfo.fr\/gerardmerinfo\/2015\/03\/algerie-un-souvenir-et-un-avenir-communs\/#breadcrumb","itemListElement":[{"@type":"ListItem","position":1,"name":"Home","item":"https:\/\/vosgesinfo.fr\/gerardmerinfo\/"},{"@type":"ListItem","position":2,"name":"Alg\u00e9rie : un souvenir et un avenir communs"}]},{"@type":"WebSite","@id":"https:\/\/vosgesinfo.fr\/gerardmerinfo\/#website","url":"https:\/\/vosgesinfo.fr\/gerardmerinfo\/","name":"Gerardmer Info","description":"Toute l&#039;actualit\u00e9 de G\u00e9rardmer","publisher":{"@id":"https:\/\/vosgesinfo.fr\/gerardmerinfo\/#organization"},"alternateName":"Toute l'actualit\u00e9 de G\u00e9rardmer","potentialAction":[{"@type":"SearchAction","target":{"@type":"EntryPoint","urlTemplate":"https:\/\/vosgesinfo.fr\/gerardmerinfo\/?s={search_term_string}"},"query-input":"required name=search_term_string"}],"inLanguage":"fr-FR"},{"@type":"Organization","@id":"https:\/\/vosgesinfo.fr\/gerardmerinfo\/#organization","name":"Gerardmer Info","url":"https:\/\/vosgesinfo.fr\/gerardmerinfo\/","logo":{"@type":"ImageObject","inLanguage":"fr-FR","@id":"https:\/\/vosgesinfo.fr\/gerardmerinfo\/#\/schema\/logo\/image\/","url":"https:\/\/vosgesinfo.fr\/app\/uploads\/sites\/6\/2023\/08\/favicon-gerardmerinfo.png","contentUrl":"https:\/\/vosgesinfo.fr\/app\/uploads\/sites\/6\/2023\/08\/favicon-gerardmerinfo.png","width":512,"height":512,"caption":"Gerardmer Info"},"image":{"@id":"https:\/\/vosgesinfo.fr\/gerardmerinfo\/#\/schema\/logo\/image\/"},"sameAs":["https:\/\/www.facebook.com\/profile.php?id=100049475262660","https:\/\/x.com\/VosgesInfo88","https:\/\/www.youtube.com\/@vosgesinfo"]},{"@type":"Person","@id":"https:\/\/vosgesinfo.fr\/gerardmerinfo\/#\/schema\/person\/db5605779a843dad16b5368f3e7613a5","name":"QG","image":{"@type":"ImageObject","inLanguage":"fr-FR","@id":"https:\/\/vosgesinfo.fr\/gerardmerinfo\/#\/schema\/person\/image\/","url":"https:\/\/secure.gravatar.com\/avatar\/ea80c42c204b534408512832fde52504ecabb9706bcb6151cf6175e5b64e6793?s=96&d=mm&r=g","contentUrl":"https:\/\/secure.gravatar.com\/avatar\/ea80c42c204b534408512832fde52504ecabb9706bcb6151cf6175e5b64e6793?s=96&d=mm&r=g","caption":"QG"},"url":"https:\/\/vosgesinfo.fr\/gerardmerinfo\/author\/quentin88\/"}]}},"_links":{"self":[{"href":"https:\/\/vosgesinfo.fr\/gerardmerinfo\/wp-json\/wp\/v2\/posts\/12475","targetHints":{"allow":["GET"]}}],"collection":[{"href":"https:\/\/vosgesinfo.fr\/gerardmerinfo\/wp-json\/wp\/v2\/posts"}],"about":[{"href":"https:\/\/vosgesinfo.fr\/gerardmerinfo\/wp-json\/wp\/v2\/types\/post"}],"author":[{"embeddable":true,"href":"https:\/\/vosgesinfo.fr\/gerardmerinfo\/wp-json\/wp\/v2\/users\/42"}],"replies":[{"embeddable":true,"href":"https:\/\/vosgesinfo.fr\/gerardmerinfo\/wp-json\/wp\/v2\/comments?post=12475"}],"version-history":[{"count":0,"href":"https:\/\/vosgesinfo.fr\/gerardmerinfo\/wp-json\/wp\/v2\/posts\/12475\/revisions"}],"wp:attachment":[{"href":"https:\/\/vosgesinfo.fr\/gerardmerinfo\/wp-json\/wp\/v2\/media?parent=12475"}],"wp:term":[{"taxonomy":"category","embeddable":true,"href":"https:\/\/vosgesinfo.fr\/gerardmerinfo\/wp-json\/wp\/v2\/categories?post=12475"},{"taxonomy":"post_tag","embeddable":true,"href":"https:\/\/vosgesinfo.fr\/gerardmerinfo\/wp-json\/wp\/v2\/tags?post=12475"}],"curies":[{"name":"wp","href":"https:\/\/api.w.org\/{rel}","templated":true}]}}