{"id":12482,"date":"2015-03-21T17:06:07","date_gmt":"2015-03-21T16:06:07","guid":{"rendered":"https:\/\/vosgesinfo.fr\/gerardmerinfo\/2015\/03\/un-nouveau-centre-vosgien-pour-les-maladies-du-sein\/"},"modified":"2015-03-21T17:06:07","modified_gmt":"2015-03-21T16:06:07","slug":"un-nouveau-centre-vosgien-pour-les-maladies-du-sein","status":"publish","type":"post","link":"https:\/\/vosgesinfo.fr\/gerardmerinfo\/2015\/03\/un-nouveau-centre-vosgien-pour-les-maladies-du-sein\/","title":{"rendered":"Un nouveau centre vosgien pour les maladies du sein"},"content":{"rendered":"<div class=\"entry-content cf\">\n<p><strong>Une grande nouveaut\u00e9 dans les Vosges\u00a0! Organis\u00e9 dans le cadre de la semaine nationale contre le cancer 2015, le lancement du centre vosgien des maladies du sein localis\u00e9 \u00e0 la polyclinique La Ligne Bleue \u00e0 Epinal a eu lieu hier soir.<\/strong><\/p>\n<p><em>\u00ab\u00a0Epinal dispose de tous les savoir-faire et \u00e9quipements pour traiter au plus vite la maladie, qu\u2019il s\u2019agisse du d\u00e9pistage, du diagnostic, et des traitements chirurgicaux et post op\u00e9ratoires\u00a0\u00bb<\/em> expliquent les m\u00e9decins.<\/p>\n<h4><strong>Un rendez-vous dans les 48h<\/strong><\/h4>\n<p>Apr\u00e8s la d\u00e9tection d\u2019une image suspecte lors d\u2019une mammographie, le nouveau centre garantit un rendez-vous dans les 48 heures avec l\u2019un des 4 chirurgiens du centre. Une fois choisi, ce dernier ordonnancera la suite des op\u00e9rations. La patiente peut ainsi \u00eatre op\u00e9r\u00e9e dans les huit jours\u00a0!<\/p>\n<p><em>\u00ab\u00a0Entre l\u2019annonce de l\u2019image suspecte et la biopsie, on peut agir tout de suite. C\u2019est une vraie chance g\u00e9ographique locale\u00a0\u00bb<\/em> souligne le Dr Or\u00e9fice, inspirateur et coordinateur d\u2019une id\u00e9e d\u00e9j\u00e0 ancienne qui prend d\u00e9sormais corps.<\/p>\n<p>Vital et essentiel quand on sait que le cancer du sein est l\u2019un des cancers d\u2019organe les plus r\u00e9pandus aujourd\u2019hui. <em>\u00ab\u00a0Il n\u2019existait rien sur les Vosges de mani\u00e8re regroup\u00e9. Aujourd\u2019hui tout est regroup\u00e9 dans une seule et m\u00eame structure\u00a0\u00bb<\/em> explique le Dr Bibas, anatomo-pathologiste.<\/p>\n<p>Pendant la soir\u00e9e de lancement des \u00e9changes ont eu lieu sur la th\u00e9matique\u00a0: \u00ab\u00a0les cancers du sein dans les Vosges\u00a0: du d\u00e9pistage aux traitements\u00a0\u00bb.<\/p>\n<p><strong>Renseignements\u00a0:<\/strong> Polyclinique La Ligne Bleue et Maternit\u00e9 Arc-en-Ciel, 9-11 avenue du Rose Poirier, 88000 EPINAL. <strong>T\u00e9l\u00e9phone\u00a0:<\/strong> 03.29.68.60.60.<\/p>\n<p>C.K.N.<\/p>\n<\/div>\n","protected":false},"excerpt":{"rendered":"<p>Une grande nouveaut\u00e9 dans les Vosges\u00a0! Organis\u00e9 dans le cadre de la semaine nationale contre le cancer 2015, le lancement [&hellip;]<\/p>\n","protected":false},"author":1,"featured_media":0,"comment_status":"open","ping_status":"open","sticky":false,"template":"","format":"standard","meta":{"footnotes":""},"categories":[13,18],"tags":[],"class_list":["post-12482","post","type-post","status-publish","format-standard","hentry","category-societe","category-vosges"],"acf":[],"yoast_head":"<!-- This site is optimized with the Yoast SEO plugin v22.5 - https:\/\/yoast.com\/wordpress\/plugins\/seo\/ -->\n<title>Un nouveau centre vosgien pour les maladies du sein - Gerardmer Info<\/title>\n<meta name=\"robots\" content=\"index, follow, max-snippet:-1, max-image-preview:large, max-video-preview:-1\" \/>\n<link rel=\"canonical\" href=\"https:\/\/vosgesinfo.fr\/gerardmerinfo\/2015\/03\/un-nouveau-centre-vosgien-pour-les-maladies-du-sein\/\" \/>\n<meta name=\"twitter:card\" content=\"summary_large_image\" \/>\n<meta name=\"twitter:title\" content=\"Un nouveau centre vosgien pour les maladies du sein - Gerardmer Info\" \/>\n<meta name=\"twitter:description\" content=\"Une grande nouveaut\u00e9 dans les Vosges\u00a0! Organis\u00e9 dans le cadre de la semaine nationale contre le cancer 2015, le lancement [&hellip;]\" \/>\n<meta name=\"twitter:creator\" content=\"@VosgesInfo88\" \/>\n<meta name=\"twitter:site\" content=\"@VosgesInfo88\" \/>\n<meta name=\"twitter:label1\" content=\"\u00c9crit par\" \/>\n\t<meta name=\"twitter:data1\" content=\"qs_admin\" \/>\n\t<meta name=\"twitter:label2\" content=\"Dur\u00e9e de lecture estim\u00e9e\" \/>\n\t<meta name=\"twitter:data2\" content=\"1 minute\" \/>\n<script type=\"application\/ld+json\" class=\"yoast-schema-graph\">{\"@context\":\"https:\/\/schema.org\",\"@graph\":[{\"@type\":\"Article\",\"@id\":\"https:\/\/vosgesinfo.fr\/gerardmerinfo\/2015\/03\/un-nouveau-centre-vosgien-pour-les-maladies-du-sein\/#article\",\"isPartOf\":{\"@id\":\"https:\/\/vosgesinfo.fr\/gerardmerinfo\/2015\/03\/un-nouveau-centre-vosgien-pour-les-maladies-du-sein\/\"},\"author\":{\"name\":\"qs_admin\",\"@id\":\"https:\/\/vosgesinfo.fr\/gerardmerinfo\/#\/schema\/person\/bc5d02d71e6932e81b6dadb7386667b1\"},\"headline\":\"Un nouveau centre vosgien pour les maladies du sein\",\"datePublished\":\"2015-03-21T16:06:07+00:00\",\"dateModified\":\"2015-03-21T16:06:07+00:00\",\"mainEntityOfPage\":{\"@id\":\"https:\/\/vosgesinfo.fr\/gerardmerinfo\/2015\/03\/un-nouveau-centre-vosgien-pour-les-maladies-du-sein\/\"},\"wordCount\":283,\"commentCount\":0,\"publisher\":{\"@id\":\"https:\/\/vosgesinfo.fr\/gerardmerinfo\/#organization\"},\"articleSection\":[\"Soci\u00e9t\u00e9\",\"Vosges\"],\"inLanguage\":\"fr-FR\",\"potentialAction\":[{\"@type\":\"CommentAction\",\"name\":\"Comment\",\"target\":[\"https:\/\/vosgesinfo.fr\/gerardmerinfo\/2015\/03\/un-nouveau-centre-vosgien-pour-les-maladies-du-sein\/#respond\"]}]},{\"@type\":\"WebPage\",\"@id\":\"https:\/\/vosgesinfo.fr\/gerardmerinfo\/2015\/03\/un-nouveau-centre-vosgien-pour-les-maladies-du-sein\/\",\"url\":\"https:\/\/vosgesinfo.fr\/gerardmerinfo\/2015\/03\/un-nouveau-centre-vosgien-pour-les-maladies-du-sein\/\",\"name\":\"Un nouveau centre vosgien pour les maladies du sein - Gerardmer Info\",\"isPartOf\":{\"@id\":\"https:\/\/vosgesinfo.fr\/gerardmerinfo\/#website\"},\"datePublished\":\"2015-03-21T16:06:07+00:00\",\"dateModified\":\"2015-03-21T16:06:07+00:00\",\"breadcrumb\":{\"@id\":\"https:\/\/vosgesinfo.fr\/gerardmerinfo\/2015\/03\/un-nouveau-centre-vosgien-pour-les-maladies-du-sein\/#breadcrumb\"},\"inLanguage\":\"fr-FR\",\"potentialAction\":[{\"@type\":\"ReadAction\",\"target\":[\"https:\/\/vosgesinfo.fr\/gerardmerinfo\/2015\/03\/un-nouveau-centre-vosgien-pour-les-maladies-du-sein\/\"]}]},{\"@type\":\"BreadcrumbList\",\"@id\":\"https:\/\/vosgesinfo.fr\/gerardmerinfo\/2015\/03\/un-nouveau-centre-vosgien-pour-les-maladies-du-sein\/#breadcrumb\",\"itemListElement\":[{\"@type\":\"ListItem\",\"position\":1,\"name\":\"Home\",\"item\":\"https:\/\/vosgesinfo.fr\/gerardmerinfo\/\"},{\"@type\":\"ListItem\",\"position\":2,\"name\":\"Un nouveau centre vosgien pour les maladies du sein\"}]},{\"@type\":\"WebSite\",\"@id\":\"https:\/\/vosgesinfo.fr\/gerardmerinfo\/#website\",\"url\":\"https:\/\/vosgesinfo.fr\/gerardmerinfo\/\",\"name\":\"Gerardmer Info\",\"description\":\"Toute l&#039;actualit\u00e9 de G\u00e9rardmer\",\"publisher\":{\"@id\":\"https:\/\/vosgesinfo.fr\/gerardmerinfo\/#organization\"},\"alternateName\":\"Toute l'actualit\u00e9 de G\u00e9rardmer\",\"potentialAction\":[{\"@type\":\"SearchAction\",\"target\":{\"@type\":\"EntryPoint\",\"urlTemplate\":\"https:\/\/vosgesinfo.fr\/gerardmerinfo\/?s={search_term_string}\"},\"query-input\":\"required name=search_term_string\"}],\"inLanguage\":\"fr-FR\"},{\"@type\":\"Organization\",\"@id\":\"https:\/\/vosgesinfo.fr\/gerardmerinfo\/#organization\",\"name\":\"Gerardmer Info\",\"url\":\"https:\/\/vosgesinfo.fr\/gerardmerinfo\/\",\"logo\":{\"@type\":\"ImageObject\",\"inLanguage\":\"fr-FR\",\"@id\":\"https:\/\/vosgesinfo.fr\/gerardmerinfo\/#\/schema\/logo\/image\/\",\"url\":\"https:\/\/vosgesinfo.fr\/app\/uploads\/sites\/6\/2023\/08\/favicon-gerardmerinfo.png\",\"contentUrl\":\"https:\/\/vosgesinfo.fr\/app\/uploads\/sites\/6\/2023\/08\/favicon-gerardmerinfo.png\",\"width\":512,\"height\":512,\"caption\":\"Gerardmer Info\"},\"image\":{\"@id\":\"https:\/\/vosgesinfo.fr\/gerardmerinfo\/#\/schema\/logo\/image\/\"},\"sameAs\":[\"https:\/\/www.facebook.com\/profile.php?id=100049475262660\",\"https:\/\/x.com\/VosgesInfo88\",\"https:\/\/www.youtube.com\/@vosgesinfo\"]},{\"@type\":\"Person\",\"@id\":\"https:\/\/vosgesinfo.fr\/gerardmerinfo\/#\/schema\/person\/bc5d02d71e6932e81b6dadb7386667b1\",\"name\":\"qs_admin\",\"image\":{\"@type\":\"ImageObject\",\"inLanguage\":\"fr-FR\",\"@id\":\"https:\/\/vosgesinfo.fr\/gerardmerinfo\/#\/schema\/person\/image\/\",\"url\":\"https:\/\/secure.gravatar.com\/avatar\/94b18ee0ed79e4a42ea2f2931277b6841a8999fc6fde214600c78057cf1fe1de?s=96&d=mm&r=g\",\"contentUrl\":\"https:\/\/secure.gravatar.com\/avatar\/94b18ee0ed79e4a42ea2f2931277b6841a8999fc6fde214600c78057cf1fe1de?s=96&d=mm&r=g\",\"caption\":\"qs_admin\"},\"sameAs\":[\"https:\/\/vosgesinfo.fr\/wp\"],\"url\":\"https:\/\/vosgesinfo.fr\/gerardmerinfo\/author\/qs_admin\/\"}]}<\/script>\n<!-- \/ Yoast SEO plugin. -->","yoast_head_json":{"title":"Un nouveau centre vosgien pour les maladies du sein - Gerardmer Info","robots":{"index":"index","follow":"follow","max-snippet":"max-snippet:-1","max-image-preview":"max-image-preview:large","max-video-preview":"max-video-preview:-1"},"canonical":"https:\/\/vosgesinfo.fr\/gerardmerinfo\/2015\/03\/un-nouveau-centre-vosgien-pour-les-maladies-du-sein\/","twitter_card":"summary_large_image","twitter_title":"Un nouveau centre vosgien pour les maladies du sein - Gerardmer Info","twitter_description":"Une grande nouveaut\u00e9 dans les Vosges\u00a0! Organis\u00e9 dans le cadre de la semaine nationale contre le cancer 2015, le lancement [&hellip;]","twitter_creator":"@VosgesInfo88","twitter_site":"@VosgesInfo88","twitter_misc":{"\u00c9crit par":"qs_admin","Dur\u00e9e de lecture estim\u00e9e":"1 minute"},"schema":{"@context":"https:\/\/schema.org","@graph":[{"@type":"Article","@id":"https:\/\/vosgesinfo.fr\/gerardmerinfo\/2015\/03\/un-nouveau-centre-vosgien-pour-les-maladies-du-sein\/#article","isPartOf":{"@id":"https:\/\/vosgesinfo.fr\/gerardmerinfo\/2015\/03\/un-nouveau-centre-vosgien-pour-les-maladies-du-sein\/"},"author":{"name":"qs_admin","@id":"https:\/\/vosgesinfo.fr\/gerardmerinfo\/#\/schema\/person\/bc5d02d71e6932e81b6dadb7386667b1"},"headline":"Un nouveau centre vosgien pour les maladies du sein","datePublished":"2015-03-21T16:06:07+00:00","dateModified":"2015-03-21T16:06:07+00:00","mainEntityOfPage":{"@id":"https:\/\/vosgesinfo.fr\/gerardmerinfo\/2015\/03\/un-nouveau-centre-vosgien-pour-les-maladies-du-sein\/"},"wordCount":283,"commentCount":0,"publisher":{"@id":"https:\/\/vosgesinfo.fr\/gerardmerinfo\/#organization"},"articleSection":["Soci\u00e9t\u00e9","Vosges"],"inLanguage":"fr-FR","potentialAction":[{"@type":"CommentAction","name":"Comment","target":["https:\/\/vosgesinfo.fr\/gerardmerinfo\/2015\/03\/un-nouveau-centre-vosgien-pour-les-maladies-du-sein\/#respond"]}]},{"@type":"WebPage","@id":"https:\/\/vosgesinfo.fr\/gerardmerinfo\/2015\/03\/un-nouveau-centre-vosgien-pour-les-maladies-du-sein\/","url":"https:\/\/vosgesinfo.fr\/gerardmerinfo\/2015\/03\/un-nouveau-centre-vosgien-pour-les-maladies-du-sein\/","name":"Un nouveau centre vosgien pour les maladies du sein - Gerardmer Info","isPartOf":{"@id":"https:\/\/vosgesinfo.fr\/gerardmerinfo\/#website"},"datePublished":"2015-03-21T16:06:07+00:00","dateModified":"2015-03-21T16:06:07+00:00","breadcrumb":{"@id":"https:\/\/vosgesinfo.fr\/gerardmerinfo\/2015\/03\/un-nouveau-centre-vosgien-pour-les-maladies-du-sein\/#breadcrumb"},"inLanguage":"fr-FR","potentialAction":[{"@type":"ReadAction","target":["https:\/\/vosgesinfo.fr\/gerardmerinfo\/2015\/03\/un-nouveau-centre-vosgien-pour-les-maladies-du-sein\/"]}]},{"@type":"BreadcrumbList","@id":"https:\/\/vosgesinfo.fr\/gerardmerinfo\/2015\/03\/un-nouveau-centre-vosgien-pour-les-maladies-du-sein\/#breadcrumb","itemListElement":[{"@type":"ListItem","position":1,"name":"Home","item":"https:\/\/vosgesinfo.fr\/gerardmerinfo\/"},{"@type":"ListItem","position":2,"name":"Un nouveau centre vosgien pour les maladies du sein"}]},{"@type":"WebSite","@id":"https:\/\/vosgesinfo.fr\/gerardmerinfo\/#website","url":"https:\/\/vosgesinfo.fr\/gerardmerinfo\/","name":"Gerardmer Info","description":"Toute l&#039;actualit\u00e9 de G\u00e9rardmer","publisher":{"@id":"https:\/\/vosgesinfo.fr\/gerardmerinfo\/#organization"},"alternateName":"Toute l'actualit\u00e9 de G\u00e9rardmer","potentialAction":[{"@type":"SearchAction","target":{"@type":"EntryPoint","urlTemplate":"https:\/\/vosgesinfo.fr\/gerardmerinfo\/?s={search_term_string}"},"query-input":"required name=search_term_string"}],"inLanguage":"fr-FR"},{"@type":"Organization","@id":"https:\/\/vosgesinfo.fr\/gerardmerinfo\/#organization","name":"Gerardmer Info","url":"https:\/\/vosgesinfo.fr\/gerardmerinfo\/","logo":{"@type":"ImageObject","inLanguage":"fr-FR","@id":"https:\/\/vosgesinfo.fr\/gerardmerinfo\/#\/schema\/logo\/image\/","url":"https:\/\/vosgesinfo.fr\/app\/uploads\/sites\/6\/2023\/08\/favicon-gerardmerinfo.png","contentUrl":"https:\/\/vosgesinfo.fr\/app\/uploads\/sites\/6\/2023\/08\/favicon-gerardmerinfo.png","width":512,"height":512,"caption":"Gerardmer Info"},"image":{"@id":"https:\/\/vosgesinfo.fr\/gerardmerinfo\/#\/schema\/logo\/image\/"},"sameAs":["https:\/\/www.facebook.com\/profile.php?id=100049475262660","https:\/\/x.com\/VosgesInfo88","https:\/\/www.youtube.com\/@vosgesinfo"]},{"@type":"Person","@id":"https:\/\/vosgesinfo.fr\/gerardmerinfo\/#\/schema\/person\/bc5d02d71e6932e81b6dadb7386667b1","name":"qs_admin","image":{"@type":"ImageObject","inLanguage":"fr-FR","@id":"https:\/\/vosgesinfo.fr\/gerardmerinfo\/#\/schema\/person\/image\/","url":"https:\/\/secure.gravatar.com\/avatar\/94b18ee0ed79e4a42ea2f2931277b6841a8999fc6fde214600c78057cf1fe1de?s=96&d=mm&r=g","contentUrl":"https:\/\/secure.gravatar.com\/avatar\/94b18ee0ed79e4a42ea2f2931277b6841a8999fc6fde214600c78057cf1fe1de?s=96&d=mm&r=g","caption":"qs_admin"},"sameAs":["https:\/\/vosgesinfo.fr\/wp"],"url":"https:\/\/vosgesinfo.fr\/gerardmerinfo\/author\/qs_admin\/"}]}},"_links":{"self":[{"href":"https:\/\/vosgesinfo.fr\/gerardmerinfo\/wp-json\/wp\/v2\/posts\/12482","targetHints":{"allow":["GET"]}}],"collection":[{"href":"https:\/\/vosgesinfo.fr\/gerardmerinfo\/wp-json\/wp\/v2\/posts"}],"about":[{"href":"https:\/\/vosgesinfo.fr\/gerardmerinfo\/wp-json\/wp\/v2\/types\/post"}],"author":[{"embeddable":true,"href":"https:\/\/vosgesinfo.fr\/gerardmerinfo\/wp-json\/wp\/v2\/users\/1"}],"replies":[{"embeddable":true,"href":"https:\/\/vosgesinfo.fr\/gerardmerinfo\/wp-json\/wp\/v2\/comments?post=12482"}],"version-history":[{"count":0,"href":"https:\/\/vosgesinfo.fr\/gerardmerinfo\/wp-json\/wp\/v2\/posts\/12482\/revisions"}],"wp:attachment":[{"href":"https:\/\/vosgesinfo.fr\/gerardmerinfo\/wp-json\/wp\/v2\/media?parent=12482"}],"wp:term":[{"taxonomy":"category","embeddable":true,"href":"https:\/\/vosgesinfo.fr\/gerardmerinfo\/wp-json\/wp\/v2\/categories?post=12482"},{"taxonomy":"post_tag","embeddable":true,"href":"https:\/\/vosgesinfo.fr\/gerardmerinfo\/wp-json\/wp\/v2\/tags?post=12482"}],"curies":[{"name":"wp","href":"https:\/\/api.w.org\/{rel}","templated":true}]}}