{"id":12498,"date":"2015-03-26T17:47:15","date_gmt":"2015-03-26T16:47:15","guid":{"rendered":"https:\/\/vosgesinfo.fr\/gerardmerinfo\/2015\/03\/programmation-printemps-ete-de-lecole-de-musique\/"},"modified":"2015-03-26T17:47:15","modified_gmt":"2015-03-26T16:47:15","slug":"programmation-printemps-ete-de-lecole-de-musique","status":"publish","type":"post","link":"https:\/\/vosgesinfo.fr\/gerardmerinfo\/2015\/03\/programmation-printemps-ete-de-lecole-de-musique\/","title":{"rendered":"Programmation printemps \/ \u00e9t\u00e9 de l\u2019\u00c9cole de Musique"},"content":{"rendered":"<p>&nbsp;<\/p>\n<p lang=\"fr-FR\"><span style=\"color: #000000; font-size: 14pt;\"><span style=\"font-family: 'Times New Roman', serif;\">Samedi 4 avril \u00e0 16h\u00a0: <\/span><\/span><\/p>\n<p lang=\"fr-FR\"><span style=\"color: #000000; font-size: 14pt;\"><span style=\"font-family: 'Times New Roman', serif;\">Auditorium de la Maison de la Musique<\/span><\/span><\/p>\n<p lang=\"fr-FR\"><span style=\"color: #000000; font-size: 14pt;\"><span style=\"font-family: 'Times New Roman', serif;\">Concert de la classe de violon dirig\u00e9e par Nelly Matchabeli<\/span><\/span><\/p>\n<p><span style=\"color: #000000; font-size: 14pt;\">\u00a0<\/span><\/p>\n<p lang=\"fr-FR\"><span style=\"color: #000000; font-size: 14pt;\"><span style=\"font-family: 'Times New Roman', serif;\">Jeudi 9 avril \u00e0 18h30\u00a0: <\/span><\/span><\/p>\n<p lang=\"fr-FR\"><span style=\"color: #000000; font-size: 14pt;\"><span style=\"font-family: 'Times New Roman', serif;\">Auditorium de la Maison de la Musique<\/span><\/span><\/p>\n<p><span style=\"color: #000000; font-size: 14pt;\"><span style=\"font-family: 'Times New Roman', serif;\">Les Musicales : ensembles d&rsquo;\u00e9l\u00e8ves<\/span><\/span><\/p>\n<p><span style=\"color: #000000; font-size: 14pt;\">\u00a0<\/span><\/p>\n<p lang=\"fr-FR\"><span style=\"color: #000000; font-size: 14pt;\"><span style=\"font-family: 'Times New Roman', serif;\">Samedi 11 et dimanche 12 avril<\/span><\/span><\/p>\n<p lang=\"fr-FR\"><span style=\"color: #000000; font-size: 14pt;\"><span style=\"font-family: 'Times New Roman', serif;\">F\u00eate des Jonquilles<\/span><\/span><\/p>\n<p lang=\"fr-FR\"><span style=\"color: #000000; font-size: 14pt;\"><span style=\"font-family: 'Times New Roman', serif;\">Diverses animations de l\u2019Union Musicale de G\u00e9rardmer au centre ville et sur le parking de l&rsquo;\u00e9cole<\/span><\/span><\/p>\n<p><span style=\"color: #000000; font-size: 14pt;\">\u00a0<\/span><\/p>\n<p lang=\"fr-FR\"><span style=\"color: #000000; font-size: 14pt;\"><span style=\"font-family: 'Times New Roman', serif;\">Samedi 25 avril \u00e0 20h30<\/span><\/span><\/p>\n<p lang=\"fr-FR\"><span style=\"color: #000000; font-size: 14pt;\"><span style=\"font-family: 'Times New Roman', serif;\">Salle Jeanne d&rsquo;Arc<\/span><\/span><\/p>\n<p lang=\"fr-FR\"><span style=\"color: #000000; font-size: 14pt;\"><span style=\"font-family: 'Times New Roman', serif;\">En premi\u00e8re partie du spectacle de la chorale \u201cLa Citadelle\u201c : les choeurs d&rsquo;enfants dirig\u00e9s par Sylvia CLEVY-BERARD<\/span><\/span><\/p>\n<p><span style=\"color: #000000; font-size: 14pt;\">\u00a0<\/span><\/p>\n<p lang=\"fr-FR\"><span style=\"color: #000000; font-size: 14pt;\"><span style=\"font-family: 'Times New Roman', serif;\">Dimanche 10 mai \u00e0 partir de 10h\u00a0: <\/span><\/span><\/p>\n<p lang=\"fr-FR\"><span style=\"color: #000000; font-size: 14pt;\"><span style=\"font-family: 'Times New Roman', serif;\">Flor\u00e9al au Ph\u00e9ny &#8211; Musique et po\u00e9sie \u00e0 l\u2019ancienne \u00e9cole du Ph\u00e9ny<\/span><\/span><\/p>\n<p><span style=\"color: #000000; font-size: 14pt;\">\u00a0<\/span><\/p>\n<p lang=\"fr-FR\"><span style=\"color: #000000; font-size: 14pt;\"><span style=\"font-family: 'Times New Roman', serif;\">Lundi 11 mai \u00e0 18h30\u00a0: <\/span><\/span><\/p>\n<p lang=\"fr-FR\"><span style=\"color: #000000; font-size: 14pt;\"><span style=\"font-family: 'Times New Roman', serif;\">Auditorium de la Maison de la Musique<\/span><\/span><\/p>\n<p lang=\"fr-FR\"><span style=\"color: #000000; font-size: 14pt;\"><span style=\"font-family: 'Times New Roman', serif;\">Les Musicales : ensembles d&rsquo;\u00e9l\u00e8ves<\/span><\/span><\/p>\n<p><span style=\"color: #000000; font-size: 14pt;\">\u00a0<\/span><\/p>\n<p lang=\"fr-FR\"><span style=\"color: #000000; font-size: 14pt;\"><span style=\"font-family: 'Times New Roman', serif;\">Samedi 30 mai \u00e0 18h\u00a0: <\/span><\/span><\/p>\n<p lang=\"fr-FR\"><span style=\"color: #000000; font-size: 14pt;\"><span style=\"font-family: 'Times New Roman', serif;\">Auditorium de la Maison de la Musique<\/span><\/span><\/p>\n<p lang=\"fr-FR\"><span style=\"color: #000000; font-size: 14pt;\"><span style=\"font-family: 'Times New Roman', serif;\">Concert de la classe de saxophone dirig\u00e9e par Geoffroy La Mancusa<\/span><\/span><\/p>\n<p><span style=\"color: #000000; font-size: 14pt;\">\u00a0<\/span><\/p>\n<p lang=\"fr-FR\"><span style=\"color: #000000; font-size: 14pt;\"><span style=\"font-family: 'Times New Roman', serif;\">Samedi 23 mai \u00e0 16h\u00a0: <\/span><\/span><\/p>\n<p lang=\"fr-FR\"><span style=\"color: #000000; font-size: 14pt;\"><span style=\"font-family: 'Times New Roman', serif;\">Salle polyvalente de Xonrupt<\/span><\/span><\/p>\n<p lang=\"fr-FR\"><span style=\"color: #000000; font-size: 14pt;\"><span style=\"font-family: 'Times New Roman', serif;\">Printemps Musical : Concert des classes de fl\u00fbte, violon et percussion<\/span><\/span><\/p>\n<p><span style=\"color: #000000; font-size: 14pt;\">\u00a0<\/span><\/p>\n<p lang=\"fr-FR\"><span style=\"color: #000000; font-size: 14pt;\"><span style=\"font-family: 'Times New Roman', serif;\">Samedi 23 mai \u00e0 16h<\/span><\/span><\/p>\n<p lang=\"fr-FR\"><span style=\"color: #000000; font-size: 14pt;\"><span style=\"font-family: 'Times New Roman', serif;\">Centre ville de Vittel<\/span><\/span><\/p>\n<p lang=\"fr-FR\"><span style=\"color: #000000; font-size: 14pt;\"><span style=\"font-family: 'Times New Roman', serif;\">Concert du Grand Ensemble de Cuivres dans le cadre du Festival de Cuivres de Vittel<\/span><\/span><\/p>\n<p><span style=\"color: #000000; font-size: 14pt;\">\u00a0<\/span><\/p>\n<p lang=\"fr-FR\"><span style=\"color: #000000; font-size: 14pt;\"><span style=\"font-family: 'Times New Roman', serif;\">Dimanche 24 mai \u00e0 16h\u00a0: <\/span><\/span><\/p>\n<p lang=\"fr-FR\"><span style=\"color: #000000; font-size: 14pt;\"><span style=\"font-family: 'Times New Roman', serif;\">Eglise Saint Barth\u00e9lemy<\/span><\/span><\/p>\n<p lang=\"fr-FR\"><span style=\"color: #000000; font-size: 14pt;\"><span style=\"font-family: 'Times New Roman', serif;\">Concert de Printemps de l\u2019Union Musicale de G\u00e9rardmer<\/span><\/span><\/p>\n<p><span style=\"color: #000000; font-size: 14pt;\">\u00a0<\/span><\/p>\n<p lang=\"fr-FR\"><span style=\"color: #000000; font-size: 14pt;\"><span style=\"font-family: 'Times New Roman', serif;\">Samedi 30 mai \u00e0 18h\u00a0: <\/span><\/span><\/p>\n<p lang=\"fr-FR\"><span style=\"color: #000000; font-size: 14pt;\"><span style=\"font-family: 'Times New Roman', serif;\">Foyer bar de la MCL<\/span><\/span><\/p>\n<p lang=\"fr-FR\"><span style=\"color: #000000; font-size: 14pt;\"><span style=\"font-family: 'Times New Roman', serif;\">Concert de l&rsquo;atelier d\u2019improvisation dirig\u00e9 et non dirig\u00e9 par Didier Barroy<\/span><\/span><\/p>\n<p><span style=\"color: #000000; font-size: 14pt;\">\u00a0<\/span><\/p>\n<p lang=\"fr-FR\"><span style=\"color: #000000; font-size: 14pt;\"><span style=\"font-family: 'Times New Roman', serif;\">Mercredi 3 juin, 18h\u00a0: <\/span><\/span><\/p>\n<p lang=\"fr-FR\"><span style=\"color: #000000; font-size: 14pt;\"><span style=\"font-family: 'Times New Roman', serif;\">Auditorium de la Maison de la Musique<\/span><\/span><\/p>\n<p lang=\"fr-FR\"><span style=\"color: #000000; font-size: 14pt;\"><span style=\"font-family: 'Times New Roman', serif;\">Concert de la classe de clarinette dirig\u00e9e par Fr\u00e9d\u00e9ric PERRIN<\/span><\/span><\/p>\n<p><span style=\"color: #000000; font-size: 14pt;\">\u00a0<\/span><\/p>\n<p lang=\"fr-FR\"><span style=\"color: #000000; font-size: 14pt;\"><span style=\"font-family: 'Times New Roman', serif;\">Samedi 6 juin \u00e0 20h45\u00a0: <\/span><\/span><\/p>\n<p lang=\"fr-FR\"><span style=\"color: #000000; font-size: 14pt;\"><span style=\"font-family: 'Times New Roman', serif;\">Eglise de Bar-Le-Duc<\/span><\/span><\/p>\n<p lang=\"fr-FR\"><span style=\"color: #000000; font-size: 14pt;\"><span style=\"font-family: 'Times New Roman', serif;\">Concert du Brassband des Hautes-Vosges L\u2019homme arm\u00e9, Requiem pour la paix, \u0153uvre avec des ch\u0153urs<\/span><\/span><\/p>\n<p><span style=\"color: #000000; font-size: 14pt;\">\u00a0<\/span><\/p>\n<p lang=\"fr-FR\"><span style=\"color: #000000; font-size: 14pt;\"><span style=\"font-family: 'Times New Roman', serif;\">Dimanche 7 juin \u00e0 16h\u00a0: <\/span><\/span><\/p>\n<p lang=\"fr-FR\"><span style=\"color: #000000; font-size: 14pt;\"><span style=\"font-family: 'Times New Roman', serif;\">Hombourg-Haut<\/span><\/span><\/p>\n<p lang=\"fr-FR\"><span style=\"color: #000000; font-size: 14pt;\"><span style=\"font-family: 'Times New Roman', serif;\">Concert du Brassband des Hautes-Vosges L\u2019homme arm\u00e9, Requiem pour la paix<\/span><\/span><\/p>\n<p><span style=\"color: #000000; font-size: 14pt;\">\u00a0<\/span><\/p>\n<p lang=\"fr-FR\"><span style=\"color: #000000; font-size: 14pt;\"><span style=\"font-family: 'Times New Roman', serif;\">Dimanche 7 juin\u00a0:\u00a0<\/span><\/span><\/p>\n<p lang=\"fr-FR\"><span style=\"color: #000000; font-size: 14pt;\"><span style=\"font-family: 'Times New Roman', serif;\">Ancienne Abbaye de Senones<\/span><\/span><\/p>\n<p lang=\"fr-FR\"><span style=\"color: #000000; font-size: 14pt;\"><span style=\"font-family: 'Times New Roman', serif;\">Concert 88 Saxes projet d\u00e9partemental, dans le cadre du Festival Jazz dans les Vall\u00e9es, en collaboration avec Vosges Arts Vivants<\/span><\/span><\/p>\n<p><span style=\"color: #000000; font-size: 14pt;\">\u00a0<\/span><\/p>\n<p lang=\"fr-FR\"><span style=\"color: #000000; font-size: 14pt;\"><span style=\"font-family: 'Times New Roman', serif;\">Samedi 13 juin \u00e0 20h45\u00a0: <\/span><\/span><\/p>\n<p lang=\"fr-FR\"><span style=\"color: #000000; font-size: 14pt;\"><span style=\"font-family: 'Times New Roman', serif;\">Th\u00e9\u00e2tre de la Louvi\u00e8re d&rsquo;Epinal<\/span><\/span><\/p>\n<p lang=\"fr-FR\"><span style=\"color: #000000; font-size: 14pt;\"><span style=\"font-family: 'Times New Roman', serif;\">Concert du Brassband des Hautes-Vosges L\u2019homme arm\u00e9, Requiem pour la paix<\/span><\/span><\/p>\n<p><span style=\"color: #000000; font-size: 14pt;\">\u00a0<\/span><\/p>\n<p lang=\"fr-FR\"><span style=\"color: #000000; font-size: 14pt;\"><span style=\"font-family: 'Times New Roman', serif;\">Samedi 13 juin \u00e0 20h\u00a0: <\/span><\/span><\/p>\n<p lang=\"fr-FR\"><span style=\"color: #000000; font-size: 14pt;\"><span style=\"font-family: 'Times New Roman', serif;\">Auditorium de la Maison de la Musique<\/span><\/span><\/p>\n<p lang=\"fr-FR\"><span style=\"color: #000000; font-size: 14pt;\"><span style=\"font-family: 'Times New Roman', serif;\">Concert de l\u2019ensemble de fl\u00fbtes dirig\u00e9 par Sophie Marc<\/span><\/span><\/p>\n<p><span style=\"color: #000000; font-size: 14pt;\">\u00a0<\/span><\/p>\n<p lang=\"fr-FR\"><span style=\"color: #000000; font-size: 14pt;\"><span style=\"font-family: 'Times New Roman', serif;\">Dimanche 14 juin \u00e0 16h\u00a0: <\/span><\/span><\/p>\n<p lang=\"fr-FR\"><span style=\"color: #000000; font-size: 14pt;\"><span style=\"font-family: 'Times New Roman', serif;\">Eglise Saint-Epvre de Nancy<\/span><\/span><\/p>\n<p lang=\"fr-FR\"><span style=\"color: #000000; font-size: 14pt;\"><span style=\"font-family: 'Times New Roman', serif;\">Concert du Brassband des Hautes-Vosges L\u2019homme arm\u00e9, Requiem pour la paix<\/span><\/span><\/p>\n<p><span style=\"color: #000000; font-size: 14pt;\">\u00a0<\/span><\/p>\n<p lang=\"fr-FR\"><span style=\"color: #000000; font-size: 14pt;\"><span style=\"font-family: 'Times New Roman', serif;\">Dimanche 14 juin\u00a0: <\/span><\/span><\/p>\n<p lang=\"fr-FR\"><span style=\"color: #000000; font-size: 14pt;\"><span style=\"font-family: 'Times New Roman', serif;\">Centre ville d&rsquo;Epinal<\/span><\/span><\/p>\n<p lang=\"fr-FR\"><span style=\"color: #000000; font-size: 14pt;\"><span style=\"font-family: 'Times New Roman', serif;\">Concert 88 Saxes projet d\u00e9partemental dans le cadre du Festival Rues et Cies<\/span><\/span><\/p>\n<p><span style=\"color: #000000; font-size: 14pt;\">\u00a0<\/span><\/p>\n<p lang=\"fr-FR\"><span style=\"color: #000000; font-size: 14pt;\"><span style=\"font-family: 'Times New Roman', serif;\">Dimanche 21 juin\u00a0: <\/span><\/span><\/p>\n<p lang=\"fr-FR\"><span style=\"color: #000000; font-size: 14pt;\"><span style=\"font-family: 'Times New Roman', serif;\">F\u00eate de la Musique<\/span><\/span><\/p>\n<p lang=\"fr-FR\"><span style=\"color: #000000; font-size: 14pt;\"><span style=\"font-family: 'Times New Roman', serif;\">De nombreuses animations musicales<\/span><\/span><\/p>\n<p><span style=\"color: #000000; font-size: 14pt;\">\u00a0<\/span><\/p>\n<p lang=\"fr-FR\"><span style=\"color: #000000; font-size: 14pt;\"><span style=\"font-family: 'Times New Roman', serif;\">Samedi 27 et dimanche 28 juin \u00e0 20h30\u00a0: <\/span><\/span><\/p>\n<p lang=\"fr-FR\"><span style=\"color: #000000; font-size: 14pt;\"><span style=\"font-family: 'Times New Roman', serif;\">Espace Sadoul de Saint-Di\u00e9<\/span><\/span><\/p>\n<p lang=\"fr-FR\"><span style=\"color: #000000; font-size: 14pt;\"><span style=\"font-family: 'Times New Roman', serif;\">Participation de la classe de contrebasse au spectacle \u201cGrains de sable et gouttes d&rsquo;eau\u201c pour choeur et orchestre<\/span><\/span><\/p>\n<p><span style=\"color: #000000; font-size: 14pt;\">\u00a0<\/span><\/p>\n<p lang=\"fr-FR\"><span style=\"color: #000000; font-size: 14pt;\"><span style=\"font-family: 'Times New Roman', serif;\">Mercredi 1er juillet \u00e0 10h\u00a0: <\/span><\/span><\/p>\n<p lang=\"fr-FR\"><span style=\"color: #000000; font-size: 14pt;\"><span style=\"font-family: 'Times New Roman', serif;\">Salle Jeanne d&rsquo;Arc<\/span><\/span><\/p>\n<p lang=\"fr-FR\"><span style=\"color: #000000; font-size: 14pt;\"><span style=\"font-family: 'Times New Roman', serif;\">Pr\u00e9sentation scolaire du spectacle Marco Polo et la princesse de Chine par les ch\u0153urs d\u2019enfants dirig\u00e9s par Sylvia B\u00e9rard et un quatuor de tubas dirig\u00e9 par Gilles Vuillemin<\/span><\/span><\/p>\n<p><span style=\"color: #000000; font-size: 14pt;\">\u00a0<\/span><\/p>\n<p lang=\"fr-FR\"><span style=\"color: #000000; font-size: 14pt;\"><span style=\"font-family: 'Times New Roman', serif;\">Mercredi 1er juillet \u00e0 17h30\u00a0: <\/span><\/span><\/p>\n<p lang=\"fr-FR\"><span style=\"color: #000000; font-size: 14pt;\"><span style=\"font-family: 'Times New Roman', serif;\">Auditorium de la Maison de la Musique<\/span><\/span><\/p>\n<p lang=\"fr-FR\"><span style=\"color: #000000; font-size: 14pt;\"><span style=\"font-family: 'Times New Roman', serif;\">Remise des dipl\u00f4mes 2015<\/span><\/span><\/p>\n<p><span style=\"color: #000000; font-size: 14pt;\">\u00a0<\/span><\/p>\n<p lang=\"fr-FR\"><span style=\"color: #000000; font-size: 14pt;\"><span style=\"font-family: 'Times New Roman', serif;\">Du vendredi 3 au dimanche 5 juillet\u00a0: <\/span><\/span><\/p>\n<p lang=\"fr-FR\"><span style=\"color: #000000; font-size: 14pt;\"><span style=\"font-family: 'Times New Roman', serif;\">Maison de la Musique, MCL,<\/span><\/span><\/p>\n<p lang=\"fr-FR\"><span style=\"color: #000000; font-size: 14pt;\"><span style=\"font-family: 'Times New Roman', serif;\">Eglise Saint Barth\u00e9lemy\u2026<\/span><\/span><\/p>\n<p lang=\"fr-FR\"><span style=\"color: #000000; font-size: 14pt;\"><span style=\"font-family: 'Times New Roman', serif;\">1\u00e8re Rencontre Autour des Cuivres avec en invit\u00e9 le quatuor Opus 4, dans le cadre de la saison culturelle<\/span><\/span><\/p>\n<p><span style=\"color: #000000; font-size: 14pt;\">\u00a0<\/span><\/p>\n<p lang=\"fr-FR\"><span style=\"color: #000000; font-size: 14pt;\"><span style=\"font-family: 'Times New Roman', serif;\">Samedi 4 juillet\u00a0: <\/span><\/span><\/p>\n<p lang=\"fr-FR\"><span style=\"color: #000000; font-size: 14pt;\"><span style=\"font-family: 'Times New Roman', serif;\">Centre ville de Saint-Di\u00e9<\/span><\/span><\/p>\n<p lang=\"fr-FR\"><span style=\"color: #000000; font-size: 14pt;\"><span style=\"font-family: 'Times New Roman', serif;\">Concert 88 Saxes projet d\u00e9partemental, Festival de rues<\/span><\/span><\/p>\n<p><span style=\"color: #000000; font-size: 14pt;\">\u00a0<\/span><\/p>\n<p lang=\"fr-FR\"><span style=\"color: #000000; font-size: 14pt;\"><span style=\"font-family: 'Times New Roman', serif;\">Mardi 14 juillet\u00a0: <\/span><\/span><\/p>\n<p lang=\"fr-FR\"><span style=\"color: #000000; font-size: 14pt;\"><span style=\"font-family: 'Times New Roman', serif;\">Quai du Locle ou Casino (par mauvais temps)<\/span><\/span><\/p>\n<p lang=\"fr-FR\"><span style=\"color: #000000; font-size: 14pt;\"><span style=\"font-family: 'Times New Roman', serif;\">15h00 concert du Brassband des Hautes-Vosges,<\/span><\/span><\/p>\n<p lang=\"fr-FR\"><span style=\"color: #000000; font-size: 14pt;\"><span style=\"font-family: 'Times New Roman', serif;\">16h00 concert de l\u2019Union Musicale de G\u00e9rardmer<\/span><\/span><\/p>\n<p><span style=\"color: #000000; font-size: 14pt;\">\u00a0<\/span><\/p>\n<p lang=\"fr-FR\"><span style=\"color: #000000; font-size: 14pt;\"><span style=\"font-family: 'Times New Roman', serif;\">Mercredi 23 septembre \u00e0 20h\u00a0: <\/span><\/span><\/p>\n<p lang=\"fr-FR\"><span style=\"color: #000000; font-size: 14pt;\"><span style=\"font-family: 'Times New Roman', serif;\">Maison de la Culture et des Loisirs<\/span><\/span><\/p>\n<p lang=\"fr-FR\"><span style=\"color: #000000; font-size: 14pt;\"><span style=\"font-family: 'Times New Roman', serif;\">Faites vos jeux soir\u00e9e casino au son du Ragtime par des ensembles de l\u2019\u00e9cole de musique, dans le cadre de la saison culturelle<\/span><\/span><\/p>\n<p><span style=\"color: #000000; font-size: 14pt;\">\u00a0<\/span><\/p>\n<p lang=\"fr-FR\"><span style=\"color: #000000; font-size: 14pt;\"><span style=\"font-family: 'Times New Roman', serif;\">Du Vendredi 25\u00a0: <\/span><\/span><\/p>\n<p lang=\"fr-FR\"><span style=\"color: #000000; font-size: 14pt;\"><span style=\"font-family: 'Times New Roman', serif;\">au dimanche 27 septembre,<\/span><\/span><\/p>\n<p lang=\"fr-FR\"><span style=\"color: #000000; font-size: 14pt;\"><span style=\"font-family: 'Times New Roman', serif;\">Centre ville, Casino, Espace LAC,<\/span><\/span><\/p>\n<p lang=\"fr-FR\"><span style=\"color: #000000; font-size: 14pt;\"><span style=\"font-family: 'Times New Roman', serif;\">Quai du Locle\u2026<\/span><\/span><\/p>\n<p lang=\"fr-FR\"><span style=\"color: #000000; font-size: 14pt;\"><span style=\"font-family: 'Times New Roman', serif;\">Rencontres d\u00e9partementales A l\u2019Uni&rsquo;son des ensembles \u00e0 vents et percussions des Vosges, programme \u00e0 venir<\/span><\/span><\/p>\n<p lang=\"fr-FR\"><span style=\"color: #000000; font-size: 14pt;\"><span style=\"font-family: 'Times New Roman', serif;\">Pour vous inscrire \u00e0 l&rsquo;Ecole de Musique, notez les dates d&rsquo;inscriptions :<\/span><\/span><\/p>\n<p><span style=\"color: #000000; font-size: 14pt;\"><span style=\"font-family: 'Times New Roman', serif;\"><span lang=\"fr-FR\">Mercredi 2 septembre de 14h \u00e0 18h<\/span><\/span><\/span><\/p>\n<p lang=\"fr-FR\"><span style=\"color: #000000; font-size: 14pt;\"><span style=\"font-family: 'Times New Roman', serif;\">Vendredi 4 septembre de 17h \u00e0 19h<\/span><\/span><\/p>\n<p lang=\"fr-FR\"><span style=\"color: #000000; font-size: 14pt;\"><span style=\"font-family: 'Times New Roman', serif;\">Samedi 5 septembre de 14h \u00e0 18h<\/span><\/span><\/p>\n<p><span style=\"color: #000000; font-size: 14pt;\">\u00a0<\/span><\/p>\n<p lang=\"fr-FR\"><span style=\"color: #000000; font-size: 14pt;\"><span style=\"font-family: 'Times New Roman', serif;\">A NE PAS MANQUER ! PORTES OUVERTES de la MAISON DE LA MUSIQUE<\/span><\/span><\/p>\n<p lang=\"fr-FR\"><span style=\"font-size: 14pt;\"><strong><span style=\"color: #000000;\"><span style=\"font-family: 'Times New Roman', serif;\">Le mercredi 2 septembre de 14 h \u00e0 18 h et le samedi 5 septembre de 10 h \u00e0 18 h.<\/span><\/span><\/strong><\/span><\/p>\n","protected":false},"excerpt":{"rendered":"<p>&nbsp; Samedi 4 avril \u00e0 16h\u00a0: Auditorium de la Maison de la Musique Concert de la classe de violon dirig\u00e9e [&hellip;]<\/p>\n","protected":false},"author":42,"featured_media":0,"comment_status":"open","ping_status":"open","sticky":false,"template":"","format":"standard","meta":{"footnotes":""},"categories":[4,24],"tags":[],"class_list":["post-12498","post","type-post","status-publish","format-standard","hentry","category-culture","category-evenements"],"acf":[],"yoast_head":"<!-- This site is optimized with the Yoast SEO plugin v22.5 - https:\/\/yoast.com\/wordpress\/plugins\/seo\/ -->\n<title>Programmation printemps \/ \u00e9t\u00e9 de l\u2019\u00c9cole de Musique - Gerardmer Info<\/title>\n<meta name=\"robots\" content=\"index, follow, max-snippet:-1, max-image-preview:large, max-video-preview:-1\" \/>\n<link rel=\"canonical\" href=\"https:\/\/vosgesinfo.fr\/gerardmerinfo\/2015\/03\/programmation-printemps-ete-de-lecole-de-musique\/\" \/>\n<meta name=\"twitter:card\" content=\"summary_large_image\" \/>\n<meta name=\"twitter:title\" content=\"Programmation printemps \/ \u00e9t\u00e9 de l\u2019\u00c9cole de Musique - Gerardmer Info\" \/>\n<meta name=\"twitter:description\" content=\"&nbsp; Samedi 4 avril \u00e0 16h\u00a0: Auditorium de la Maison de la Musique Concert de la classe de violon dirig\u00e9e [&hellip;]\" \/>\n<meta name=\"twitter:creator\" content=\"@VosgesInfo88\" \/>\n<meta name=\"twitter:site\" content=\"@VosgesInfo88\" \/>\n<meta name=\"twitter:label1\" content=\"\u00c9crit par\" \/>\n\t<meta name=\"twitter:data1\" content=\"QG\" \/>\n\t<meta name=\"twitter:label2\" content=\"Dur\u00e9e de lecture estim\u00e9e\" \/>\n\t<meta name=\"twitter:data2\" content=\"3 minutes\" \/>\n<script type=\"application\/ld+json\" class=\"yoast-schema-graph\">{\"@context\":\"https:\/\/schema.org\",\"@graph\":[{\"@type\":\"Article\",\"@id\":\"https:\/\/vosgesinfo.fr\/gerardmerinfo\/2015\/03\/programmation-printemps-ete-de-lecole-de-musique\/#article\",\"isPartOf\":{\"@id\":\"https:\/\/vosgesinfo.fr\/gerardmerinfo\/2015\/03\/programmation-printemps-ete-de-lecole-de-musique\/\"},\"author\":{\"name\":\"QG\",\"@id\":\"https:\/\/vosgesinfo.fr\/gerardmerinfo\/#\/schema\/person\/db5605779a843dad16b5368f3e7613a5\"},\"headline\":\"Programmation printemps \/ \u00e9t\u00e9 de l\u2019\u00c9cole de Musique\",\"datePublished\":\"2015-03-26T16:47:15+00:00\",\"dateModified\":\"2015-03-26T16:47:15+00:00\",\"mainEntityOfPage\":{\"@id\":\"https:\/\/vosgesinfo.fr\/gerardmerinfo\/2015\/03\/programmation-printemps-ete-de-lecole-de-musique\/\"},\"wordCount\":690,\"commentCount\":0,\"publisher\":{\"@id\":\"https:\/\/vosgesinfo.fr\/gerardmerinfo\/#organization\"},\"articleSection\":[\"Culture\",\"Ev\u00e8nements\"],\"inLanguage\":\"fr-FR\",\"potentialAction\":[{\"@type\":\"CommentAction\",\"name\":\"Comment\",\"target\":[\"https:\/\/vosgesinfo.fr\/gerardmerinfo\/2015\/03\/programmation-printemps-ete-de-lecole-de-musique\/#respond\"]}]},{\"@type\":\"WebPage\",\"@id\":\"https:\/\/vosgesinfo.fr\/gerardmerinfo\/2015\/03\/programmation-printemps-ete-de-lecole-de-musique\/\",\"url\":\"https:\/\/vosgesinfo.fr\/gerardmerinfo\/2015\/03\/programmation-printemps-ete-de-lecole-de-musique\/\",\"name\":\"Programmation printemps \/ \u00e9t\u00e9 de l\u2019\u00c9cole de Musique - Gerardmer Info\",\"isPartOf\":{\"@id\":\"https:\/\/vosgesinfo.fr\/gerardmerinfo\/#website\"},\"datePublished\":\"2015-03-26T16:47:15+00:00\",\"dateModified\":\"2015-03-26T16:47:15+00:00\",\"breadcrumb\":{\"@id\":\"https:\/\/vosgesinfo.fr\/gerardmerinfo\/2015\/03\/programmation-printemps-ete-de-lecole-de-musique\/#breadcrumb\"},\"inLanguage\":\"fr-FR\",\"potentialAction\":[{\"@type\":\"ReadAction\",\"target\":[\"https:\/\/vosgesinfo.fr\/gerardmerinfo\/2015\/03\/programmation-printemps-ete-de-lecole-de-musique\/\"]}]},{\"@type\":\"BreadcrumbList\",\"@id\":\"https:\/\/vosgesinfo.fr\/gerardmerinfo\/2015\/03\/programmation-printemps-ete-de-lecole-de-musique\/#breadcrumb\",\"itemListElement\":[{\"@type\":\"ListItem\",\"position\":1,\"name\":\"Home\",\"item\":\"https:\/\/vosgesinfo.fr\/gerardmerinfo\/\"},{\"@type\":\"ListItem\",\"position\":2,\"name\":\"Programmation printemps \/ \u00e9t\u00e9 de l\u2019\u00c9cole de Musique\"}]},{\"@type\":\"WebSite\",\"@id\":\"https:\/\/vosgesinfo.fr\/gerardmerinfo\/#website\",\"url\":\"https:\/\/vosgesinfo.fr\/gerardmerinfo\/\",\"name\":\"Gerardmer Info\",\"description\":\"Toute l&#039;actualit\u00e9 de G\u00e9rardmer\",\"publisher\":{\"@id\":\"https:\/\/vosgesinfo.fr\/gerardmerinfo\/#organization\"},\"alternateName\":\"Toute l'actualit\u00e9 de G\u00e9rardmer\",\"potentialAction\":[{\"@type\":\"SearchAction\",\"target\":{\"@type\":\"EntryPoint\",\"urlTemplate\":\"https:\/\/vosgesinfo.fr\/gerardmerinfo\/?s={search_term_string}\"},\"query-input\":\"required name=search_term_string\"}],\"inLanguage\":\"fr-FR\"},{\"@type\":\"Organization\",\"@id\":\"https:\/\/vosgesinfo.fr\/gerardmerinfo\/#organization\",\"name\":\"Gerardmer Info\",\"url\":\"https:\/\/vosgesinfo.fr\/gerardmerinfo\/\",\"logo\":{\"@type\":\"ImageObject\",\"inLanguage\":\"fr-FR\",\"@id\":\"https:\/\/vosgesinfo.fr\/gerardmerinfo\/#\/schema\/logo\/image\/\",\"url\":\"https:\/\/vosgesinfo.fr\/app\/uploads\/sites\/6\/2023\/08\/favicon-gerardmerinfo.png\",\"contentUrl\":\"https:\/\/vosgesinfo.fr\/app\/uploads\/sites\/6\/2023\/08\/favicon-gerardmerinfo.png\",\"width\":512,\"height\":512,\"caption\":\"Gerardmer Info\"},\"image\":{\"@id\":\"https:\/\/vosgesinfo.fr\/gerardmerinfo\/#\/schema\/logo\/image\/\"},\"sameAs\":[\"https:\/\/www.facebook.com\/profile.php?id=100049475262660\",\"https:\/\/x.com\/VosgesInfo88\",\"https:\/\/www.youtube.com\/@vosgesinfo\"]},{\"@type\":\"Person\",\"@id\":\"https:\/\/vosgesinfo.fr\/gerardmerinfo\/#\/schema\/person\/db5605779a843dad16b5368f3e7613a5\",\"name\":\"QG\",\"image\":{\"@type\":\"ImageObject\",\"inLanguage\":\"fr-FR\",\"@id\":\"https:\/\/vosgesinfo.fr\/gerardmerinfo\/#\/schema\/person\/image\/\",\"url\":\"https:\/\/secure.gravatar.com\/avatar\/ea80c42c204b534408512832fde52504ecabb9706bcb6151cf6175e5b64e6793?s=96&d=mm&r=g\",\"contentUrl\":\"https:\/\/secure.gravatar.com\/avatar\/ea80c42c204b534408512832fde52504ecabb9706bcb6151cf6175e5b64e6793?s=96&d=mm&r=g\",\"caption\":\"QG\"},\"url\":\"https:\/\/vosgesinfo.fr\/gerardmerinfo\/author\/quentin88\/\"}]}<\/script>\n<!-- \/ Yoast SEO plugin. -->","yoast_head_json":{"title":"Programmation printemps \/ \u00e9t\u00e9 de l\u2019\u00c9cole de Musique - Gerardmer Info","robots":{"index":"index","follow":"follow","max-snippet":"max-snippet:-1","max-image-preview":"max-image-preview:large","max-video-preview":"max-video-preview:-1"},"canonical":"https:\/\/vosgesinfo.fr\/gerardmerinfo\/2015\/03\/programmation-printemps-ete-de-lecole-de-musique\/","twitter_card":"summary_large_image","twitter_title":"Programmation printemps \/ \u00e9t\u00e9 de l\u2019\u00c9cole de Musique - Gerardmer Info","twitter_description":"&nbsp; Samedi 4 avril \u00e0 16h\u00a0: Auditorium de la Maison de la Musique Concert de la classe de violon dirig\u00e9e [&hellip;]","twitter_creator":"@VosgesInfo88","twitter_site":"@VosgesInfo88","twitter_misc":{"\u00c9crit par":"QG","Dur\u00e9e de lecture estim\u00e9e":"3 minutes"},"schema":{"@context":"https:\/\/schema.org","@graph":[{"@type":"Article","@id":"https:\/\/vosgesinfo.fr\/gerardmerinfo\/2015\/03\/programmation-printemps-ete-de-lecole-de-musique\/#article","isPartOf":{"@id":"https:\/\/vosgesinfo.fr\/gerardmerinfo\/2015\/03\/programmation-printemps-ete-de-lecole-de-musique\/"},"author":{"name":"QG","@id":"https:\/\/vosgesinfo.fr\/gerardmerinfo\/#\/schema\/person\/db5605779a843dad16b5368f3e7613a5"},"headline":"Programmation printemps \/ \u00e9t\u00e9 de l\u2019\u00c9cole de Musique","datePublished":"2015-03-26T16:47:15+00:00","dateModified":"2015-03-26T16:47:15+00:00","mainEntityOfPage":{"@id":"https:\/\/vosgesinfo.fr\/gerardmerinfo\/2015\/03\/programmation-printemps-ete-de-lecole-de-musique\/"},"wordCount":690,"commentCount":0,"publisher":{"@id":"https:\/\/vosgesinfo.fr\/gerardmerinfo\/#organization"},"articleSection":["Culture","Ev\u00e8nements"],"inLanguage":"fr-FR","potentialAction":[{"@type":"CommentAction","name":"Comment","target":["https:\/\/vosgesinfo.fr\/gerardmerinfo\/2015\/03\/programmation-printemps-ete-de-lecole-de-musique\/#respond"]}]},{"@type":"WebPage","@id":"https:\/\/vosgesinfo.fr\/gerardmerinfo\/2015\/03\/programmation-printemps-ete-de-lecole-de-musique\/","url":"https:\/\/vosgesinfo.fr\/gerardmerinfo\/2015\/03\/programmation-printemps-ete-de-lecole-de-musique\/","name":"Programmation printemps \/ \u00e9t\u00e9 de l\u2019\u00c9cole de Musique - Gerardmer Info","isPartOf":{"@id":"https:\/\/vosgesinfo.fr\/gerardmerinfo\/#website"},"datePublished":"2015-03-26T16:47:15+00:00","dateModified":"2015-03-26T16:47:15+00:00","breadcrumb":{"@id":"https:\/\/vosgesinfo.fr\/gerardmerinfo\/2015\/03\/programmation-printemps-ete-de-lecole-de-musique\/#breadcrumb"},"inLanguage":"fr-FR","potentialAction":[{"@type":"ReadAction","target":["https:\/\/vosgesinfo.fr\/gerardmerinfo\/2015\/03\/programmation-printemps-ete-de-lecole-de-musique\/"]}]},{"@type":"BreadcrumbList","@id":"https:\/\/vosgesinfo.fr\/gerardmerinfo\/2015\/03\/programmation-printemps-ete-de-lecole-de-musique\/#breadcrumb","itemListElement":[{"@type":"ListItem","position":1,"name":"Home","item":"https:\/\/vosgesinfo.fr\/gerardmerinfo\/"},{"@type":"ListItem","position":2,"name":"Programmation printemps \/ \u00e9t\u00e9 de l\u2019\u00c9cole de Musique"}]},{"@type":"WebSite","@id":"https:\/\/vosgesinfo.fr\/gerardmerinfo\/#website","url":"https:\/\/vosgesinfo.fr\/gerardmerinfo\/","name":"Gerardmer Info","description":"Toute l&#039;actualit\u00e9 de G\u00e9rardmer","publisher":{"@id":"https:\/\/vosgesinfo.fr\/gerardmerinfo\/#organization"},"alternateName":"Toute l'actualit\u00e9 de G\u00e9rardmer","potentialAction":[{"@type":"SearchAction","target":{"@type":"EntryPoint","urlTemplate":"https:\/\/vosgesinfo.fr\/gerardmerinfo\/?s={search_term_string}"},"query-input":"required name=search_term_string"}],"inLanguage":"fr-FR"},{"@type":"Organization","@id":"https:\/\/vosgesinfo.fr\/gerardmerinfo\/#organization","name":"Gerardmer Info","url":"https:\/\/vosgesinfo.fr\/gerardmerinfo\/","logo":{"@type":"ImageObject","inLanguage":"fr-FR","@id":"https:\/\/vosgesinfo.fr\/gerardmerinfo\/#\/schema\/logo\/image\/","url":"https:\/\/vosgesinfo.fr\/app\/uploads\/sites\/6\/2023\/08\/favicon-gerardmerinfo.png","contentUrl":"https:\/\/vosgesinfo.fr\/app\/uploads\/sites\/6\/2023\/08\/favicon-gerardmerinfo.png","width":512,"height":512,"caption":"Gerardmer Info"},"image":{"@id":"https:\/\/vosgesinfo.fr\/gerardmerinfo\/#\/schema\/logo\/image\/"},"sameAs":["https:\/\/www.facebook.com\/profile.php?id=100049475262660","https:\/\/x.com\/VosgesInfo88","https:\/\/www.youtube.com\/@vosgesinfo"]},{"@type":"Person","@id":"https:\/\/vosgesinfo.fr\/gerardmerinfo\/#\/schema\/person\/db5605779a843dad16b5368f3e7613a5","name":"QG","image":{"@type":"ImageObject","inLanguage":"fr-FR","@id":"https:\/\/vosgesinfo.fr\/gerardmerinfo\/#\/schema\/person\/image\/","url":"https:\/\/secure.gravatar.com\/avatar\/ea80c42c204b534408512832fde52504ecabb9706bcb6151cf6175e5b64e6793?s=96&d=mm&r=g","contentUrl":"https:\/\/secure.gravatar.com\/avatar\/ea80c42c204b534408512832fde52504ecabb9706bcb6151cf6175e5b64e6793?s=96&d=mm&r=g","caption":"QG"},"url":"https:\/\/vosgesinfo.fr\/gerardmerinfo\/author\/quentin88\/"}]}},"_links":{"self":[{"href":"https:\/\/vosgesinfo.fr\/gerardmerinfo\/wp-json\/wp\/v2\/posts\/12498","targetHints":{"allow":["GET"]}}],"collection":[{"href":"https:\/\/vosgesinfo.fr\/gerardmerinfo\/wp-json\/wp\/v2\/posts"}],"about":[{"href":"https:\/\/vosgesinfo.fr\/gerardmerinfo\/wp-json\/wp\/v2\/types\/post"}],"author":[{"embeddable":true,"href":"https:\/\/vosgesinfo.fr\/gerardmerinfo\/wp-json\/wp\/v2\/users\/42"}],"replies":[{"embeddable":true,"href":"https:\/\/vosgesinfo.fr\/gerardmerinfo\/wp-json\/wp\/v2\/comments?post=12498"}],"version-history":[{"count":0,"href":"https:\/\/vosgesinfo.fr\/gerardmerinfo\/wp-json\/wp\/v2\/posts\/12498\/revisions"}],"wp:attachment":[{"href":"https:\/\/vosgesinfo.fr\/gerardmerinfo\/wp-json\/wp\/v2\/media?parent=12498"}],"wp:term":[{"taxonomy":"category","embeddable":true,"href":"https:\/\/vosgesinfo.fr\/gerardmerinfo\/wp-json\/wp\/v2\/categories?post=12498"},{"taxonomy":"post_tag","embeddable":true,"href":"https:\/\/vosgesinfo.fr\/gerardmerinfo\/wp-json\/wp\/v2\/tags?post=12498"}],"curies":[{"name":"wp","href":"https:\/\/api.w.org\/{rel}","templated":true}]}}