{"id":12502,"date":"2015-03-25T18:09:01","date_gmt":"2015-03-25T17:09:01","guid":{"rendered":"https:\/\/vosgesinfo.fr\/gerardmerinfo\/2015\/03\/lhistoire-des-nourrices-a-la-mediatheque\/"},"modified":"2015-03-25T18:09:01","modified_gmt":"2015-03-25T17:09:01","slug":"lhistoire-des-nourrices-a-la-mediatheque","status":"publish","type":"post","link":"https:\/\/vosgesinfo.fr\/gerardmerinfo\/2015\/03\/lhistoire-des-nourrices-a-la-mediatheque\/","title":{"rendered":"L\u2019histoire des nourrices \u00e0 la m\u00e9diath\u00e8que"},"content":{"rendered":" Pr\u00e9sentation de Sophie Cmair avec \u00e0 ses cot\u00e9s Catherine Robb\u00e9&#8230;et Benoit Tallandier en second plan\n<p>Si vous souhaitez tout savoir sur la vie et l\u2019\u0153uvre des nourrices, c&rsquo;est possible. Une exposition de circonstance est visible dans le petit hall d&rsquo;entr\u00e9e de la m\u00e9diath\u00e8que la m\u00eame o\u00f9 la Main Cr\u00e9atrice de Sophie Clair a laiss\u00e9 parler son imagination. L\u2019inauguration s&rsquo;est d\u00e9roul\u00e9e vendredi dernier en pr\u00e9sence du Directeur du lieu de vie, Benoit Tallandier, et surtout de Catherine Robb\u00e9 qui a \u00e9voqu\u00e9, lors d&rsquo;une mini conf\u00e9rence,\u00a0 la condition des nourrices\u00a0 \u00e0 travers la vie de son arri\u00e8re-arri\u00e8re-grand-m\u00e8re Thierrie-Amable Ledanois.<\/p>\n<p>C&rsquo;est dans le Morvan que l&rsquo;on\u00a0 envoyait \u00e0 l&rsquo;\u00e9poque, il y a plusieurs centaines d&rsquo;ann\u00e9es, les enfants de la bourgeoisie parisienne afin de profiter, dans les meilleures conditions, des premiers\u00a0 mois de leur vie&#8230;. La machine \u00e0 remonter le temps nous transporte dans une France pleine de pr\u00e9jug\u00e9s, de peurs, de contradictions m\u00e9dicales et surtout de m\u00e9connaissances, sans doute li\u00e9es \u00e0 une religion omnipr\u00e9sente.<\/p>\n Catherine Robb\u00e9 invit\u00e9e de la m\u00e9ditah\u00e8que\n<p>L&rsquo;expo de la m\u00e9diath\u00e8que propose aux visiteurs de r\u00e9aliser un v\u00e9ritable pan\u00e9gyrique sur la condition des nourrices, sur leur \u00e9volution \u00e0 travers le temps, les croyances et surtout l&rsquo;avanc\u00e9e m\u00e9dicale notamment en termes de p\u00e9diatrie, de m\u00e9decine des nouveaux n\u00e9s.<\/p>\n<p>Les anecdotes sont nombreuses ponctuant des th\u00e8mes plus graves et souvent m\u00e9connus d&rsquo;une soci\u00e9t\u00e9 qui ignorait tout ou presque \u00e9voluant au rythme de l&#8217;empirisme. Saviez vous que l&rsquo;on pouvait choisir une nourrice via un bureau, une v\u00e9ritable agence d&rsquo;int\u00e9rim&#8230;.ou encore, il y a plus longtemps, on consid\u00e9rait que boire du lait d\u2019\u00c2nesse pouvait nuire \u00e0 l&rsquo;enfant au point qu&rsquo;il devienne lui m\u00eame un \u00e2ne&#8230;..Bref, \u00e0 voir et lire absolument.<\/p>\n B\u00e9cassine c&rsquo;est ma nourrice\n","protected":false},"excerpt":{"rendered":"<p>Si vous souhaitez tout savoir sur la vie et l\u2019\u0153uvre des nourrices, c&rsquo;est possible. Une exposition de circonstance est visible [&hellip;]<\/p>\n","protected":false},"author":1,"featured_media":0,"comment_status":"open","ping_status":"open","sticky":false,"template":"","format":"standard","meta":{"footnotes":""},"categories":[13],"tags":[],"class_list":["post-12502","post","type-post","status-publish","format-standard","hentry","category-societe"],"acf":[],"yoast_head":"<!-- This site is optimized with the Yoast SEO plugin v22.5 - https:\/\/yoast.com\/wordpress\/plugins\/seo\/ -->\n<title>L\u2019histoire des nourrices \u00e0 la m\u00e9diath\u00e8que - Gerardmer Info<\/title>\n<meta name=\"robots\" content=\"index, follow, max-snippet:-1, max-image-preview:large, max-video-preview:-1\" \/>\n<link rel=\"canonical\" href=\"https:\/\/vosgesinfo.fr\/gerardmerinfo\/2015\/03\/lhistoire-des-nourrices-a-la-mediatheque\/\" \/>\n<meta name=\"twitter:card\" content=\"summary_large_image\" \/>\n<meta name=\"twitter:title\" content=\"L\u2019histoire des nourrices \u00e0 la m\u00e9diath\u00e8que - Gerardmer Info\" \/>\n<meta name=\"twitter:description\" content=\"Si vous souhaitez tout savoir sur la vie et l\u2019\u0153uvre des nourrices, c&rsquo;est possible. Une exposition de circonstance est visible [&hellip;]\" \/>\n<meta name=\"twitter:creator\" content=\"@VosgesInfo88\" \/>\n<meta name=\"twitter:site\" content=\"@VosgesInfo88\" \/>\n<meta name=\"twitter:label1\" content=\"\u00c9crit par\" \/>\n\t<meta name=\"twitter:data1\" content=\"qs_admin\" \/>\n\t<meta name=\"twitter:label2\" content=\"Dur\u00e9e de lecture estim\u00e9e\" \/>\n\t<meta name=\"twitter:data2\" content=\"2 minutes\" \/>\n<script type=\"application\/ld+json\" class=\"yoast-schema-graph\">{\"@context\":\"https:\/\/schema.org\",\"@graph\":[{\"@type\":\"Article\",\"@id\":\"https:\/\/vosgesinfo.fr\/gerardmerinfo\/2015\/03\/lhistoire-des-nourrices-a-la-mediatheque\/#article\",\"isPartOf\":{\"@id\":\"https:\/\/vosgesinfo.fr\/gerardmerinfo\/2015\/03\/lhistoire-des-nourrices-a-la-mediatheque\/\"},\"author\":{\"name\":\"qs_admin\",\"@id\":\"https:\/\/vosgesinfo.fr\/gerardmerinfo\/#\/schema\/person\/bc5d02d71e6932e81b6dadb7386667b1\"},\"headline\":\"L\u2019histoire des nourrices \u00e0 la m\u00e9diath\u00e8que\",\"datePublished\":\"2015-03-25T17:09:01+00:00\",\"dateModified\":\"2015-03-25T17:09:01+00:00\",\"mainEntityOfPage\":{\"@id\":\"https:\/\/vosgesinfo.fr\/gerardmerinfo\/2015\/03\/lhistoire-des-nourrices-a-la-mediatheque\/\"},\"wordCount\":366,\"commentCount\":0,\"publisher\":{\"@id\":\"https:\/\/vosgesinfo.fr\/gerardmerinfo\/#organization\"},\"articleSection\":[\"Soci\u00e9t\u00e9\"],\"inLanguage\":\"fr-FR\",\"potentialAction\":[{\"@type\":\"CommentAction\",\"name\":\"Comment\",\"target\":[\"https:\/\/vosgesinfo.fr\/gerardmerinfo\/2015\/03\/lhistoire-des-nourrices-a-la-mediatheque\/#respond\"]}]},{\"@type\":\"WebPage\",\"@id\":\"https:\/\/vosgesinfo.fr\/gerardmerinfo\/2015\/03\/lhistoire-des-nourrices-a-la-mediatheque\/\",\"url\":\"https:\/\/vosgesinfo.fr\/gerardmerinfo\/2015\/03\/lhistoire-des-nourrices-a-la-mediatheque\/\",\"name\":\"L\u2019histoire des nourrices \u00e0 la m\u00e9diath\u00e8que - Gerardmer Info\",\"isPartOf\":{\"@id\":\"https:\/\/vosgesinfo.fr\/gerardmerinfo\/#website\"},\"datePublished\":\"2015-03-25T17:09:01+00:00\",\"dateModified\":\"2015-03-25T17:09:01+00:00\",\"breadcrumb\":{\"@id\":\"https:\/\/vosgesinfo.fr\/gerardmerinfo\/2015\/03\/lhistoire-des-nourrices-a-la-mediatheque\/#breadcrumb\"},\"inLanguage\":\"fr-FR\",\"potentialAction\":[{\"@type\":\"ReadAction\",\"target\":[\"https:\/\/vosgesinfo.fr\/gerardmerinfo\/2015\/03\/lhistoire-des-nourrices-a-la-mediatheque\/\"]}]},{\"@type\":\"BreadcrumbList\",\"@id\":\"https:\/\/vosgesinfo.fr\/gerardmerinfo\/2015\/03\/lhistoire-des-nourrices-a-la-mediatheque\/#breadcrumb\",\"itemListElement\":[{\"@type\":\"ListItem\",\"position\":1,\"name\":\"Home\",\"item\":\"https:\/\/vosgesinfo.fr\/gerardmerinfo\/\"},{\"@type\":\"ListItem\",\"position\":2,\"name\":\"L\u2019histoire des nourrices \u00e0 la m\u00e9diath\u00e8que\"}]},{\"@type\":\"WebSite\",\"@id\":\"https:\/\/vosgesinfo.fr\/gerardmerinfo\/#website\",\"url\":\"https:\/\/vosgesinfo.fr\/gerardmerinfo\/\",\"name\":\"Gerardmer Info\",\"description\":\"Toute l&#039;actualit\u00e9 de G\u00e9rardmer\",\"publisher\":{\"@id\":\"https:\/\/vosgesinfo.fr\/gerardmerinfo\/#organization\"},\"alternateName\":\"Toute l'actualit\u00e9 de G\u00e9rardmer\",\"potentialAction\":[{\"@type\":\"SearchAction\",\"target\":{\"@type\":\"EntryPoint\",\"urlTemplate\":\"https:\/\/vosgesinfo.fr\/gerardmerinfo\/?s={search_term_string}\"},\"query-input\":\"required name=search_term_string\"}],\"inLanguage\":\"fr-FR\"},{\"@type\":\"Organization\",\"@id\":\"https:\/\/vosgesinfo.fr\/gerardmerinfo\/#organization\",\"name\":\"Gerardmer Info\",\"url\":\"https:\/\/vosgesinfo.fr\/gerardmerinfo\/\",\"logo\":{\"@type\":\"ImageObject\",\"inLanguage\":\"fr-FR\",\"@id\":\"https:\/\/vosgesinfo.fr\/gerardmerinfo\/#\/schema\/logo\/image\/\",\"url\":\"https:\/\/vosgesinfo.fr\/app\/uploads\/sites\/6\/2023\/08\/favicon-gerardmerinfo.png\",\"contentUrl\":\"https:\/\/vosgesinfo.fr\/app\/uploads\/sites\/6\/2023\/08\/favicon-gerardmerinfo.png\",\"width\":512,\"height\":512,\"caption\":\"Gerardmer Info\"},\"image\":{\"@id\":\"https:\/\/vosgesinfo.fr\/gerardmerinfo\/#\/schema\/logo\/image\/\"},\"sameAs\":[\"https:\/\/www.facebook.com\/profile.php?id=100049475262660\",\"https:\/\/x.com\/VosgesInfo88\",\"https:\/\/www.youtube.com\/@vosgesinfo\"]},{\"@type\":\"Person\",\"@id\":\"https:\/\/vosgesinfo.fr\/gerardmerinfo\/#\/schema\/person\/bc5d02d71e6932e81b6dadb7386667b1\",\"name\":\"qs_admin\",\"image\":{\"@type\":\"ImageObject\",\"inLanguage\":\"fr-FR\",\"@id\":\"https:\/\/vosgesinfo.fr\/gerardmerinfo\/#\/schema\/person\/image\/\",\"url\":\"https:\/\/secure.gravatar.com\/avatar\/94b18ee0ed79e4a42ea2f2931277b6841a8999fc6fde214600c78057cf1fe1de?s=96&d=mm&r=g\",\"contentUrl\":\"https:\/\/secure.gravatar.com\/avatar\/94b18ee0ed79e4a42ea2f2931277b6841a8999fc6fde214600c78057cf1fe1de?s=96&d=mm&r=g\",\"caption\":\"qs_admin\"},\"sameAs\":[\"https:\/\/vosgesinfo.fr\/wp\"],\"url\":\"https:\/\/vosgesinfo.fr\/gerardmerinfo\/author\/qs_admin\/\"}]}<\/script>\n<!-- \/ Yoast SEO plugin. -->","yoast_head_json":{"title":"L\u2019histoire des nourrices \u00e0 la m\u00e9diath\u00e8que - Gerardmer Info","robots":{"index":"index","follow":"follow","max-snippet":"max-snippet:-1","max-image-preview":"max-image-preview:large","max-video-preview":"max-video-preview:-1"},"canonical":"https:\/\/vosgesinfo.fr\/gerardmerinfo\/2015\/03\/lhistoire-des-nourrices-a-la-mediatheque\/","twitter_card":"summary_large_image","twitter_title":"L\u2019histoire des nourrices \u00e0 la m\u00e9diath\u00e8que - Gerardmer Info","twitter_description":"Si vous souhaitez tout savoir sur la vie et l\u2019\u0153uvre des nourrices, c&rsquo;est possible. Une exposition de circonstance est visible [&hellip;]","twitter_creator":"@VosgesInfo88","twitter_site":"@VosgesInfo88","twitter_misc":{"\u00c9crit par":"qs_admin","Dur\u00e9e de lecture estim\u00e9e":"2 minutes"},"schema":{"@context":"https:\/\/schema.org","@graph":[{"@type":"Article","@id":"https:\/\/vosgesinfo.fr\/gerardmerinfo\/2015\/03\/lhistoire-des-nourrices-a-la-mediatheque\/#article","isPartOf":{"@id":"https:\/\/vosgesinfo.fr\/gerardmerinfo\/2015\/03\/lhistoire-des-nourrices-a-la-mediatheque\/"},"author":{"name":"qs_admin","@id":"https:\/\/vosgesinfo.fr\/gerardmerinfo\/#\/schema\/person\/bc5d02d71e6932e81b6dadb7386667b1"},"headline":"L\u2019histoire des nourrices \u00e0 la m\u00e9diath\u00e8que","datePublished":"2015-03-25T17:09:01+00:00","dateModified":"2015-03-25T17:09:01+00:00","mainEntityOfPage":{"@id":"https:\/\/vosgesinfo.fr\/gerardmerinfo\/2015\/03\/lhistoire-des-nourrices-a-la-mediatheque\/"},"wordCount":366,"commentCount":0,"publisher":{"@id":"https:\/\/vosgesinfo.fr\/gerardmerinfo\/#organization"},"articleSection":["Soci\u00e9t\u00e9"],"inLanguage":"fr-FR","potentialAction":[{"@type":"CommentAction","name":"Comment","target":["https:\/\/vosgesinfo.fr\/gerardmerinfo\/2015\/03\/lhistoire-des-nourrices-a-la-mediatheque\/#respond"]}]},{"@type":"WebPage","@id":"https:\/\/vosgesinfo.fr\/gerardmerinfo\/2015\/03\/lhistoire-des-nourrices-a-la-mediatheque\/","url":"https:\/\/vosgesinfo.fr\/gerardmerinfo\/2015\/03\/lhistoire-des-nourrices-a-la-mediatheque\/","name":"L\u2019histoire des nourrices \u00e0 la m\u00e9diath\u00e8que - Gerardmer Info","isPartOf":{"@id":"https:\/\/vosgesinfo.fr\/gerardmerinfo\/#website"},"datePublished":"2015-03-25T17:09:01+00:00","dateModified":"2015-03-25T17:09:01+00:00","breadcrumb":{"@id":"https:\/\/vosgesinfo.fr\/gerardmerinfo\/2015\/03\/lhistoire-des-nourrices-a-la-mediatheque\/#breadcrumb"},"inLanguage":"fr-FR","potentialAction":[{"@type":"ReadAction","target":["https:\/\/vosgesinfo.fr\/gerardmerinfo\/2015\/03\/lhistoire-des-nourrices-a-la-mediatheque\/"]}]},{"@type":"BreadcrumbList","@id":"https:\/\/vosgesinfo.fr\/gerardmerinfo\/2015\/03\/lhistoire-des-nourrices-a-la-mediatheque\/#breadcrumb","itemListElement":[{"@type":"ListItem","position":1,"name":"Home","item":"https:\/\/vosgesinfo.fr\/gerardmerinfo\/"},{"@type":"ListItem","position":2,"name":"L\u2019histoire des nourrices \u00e0 la m\u00e9diath\u00e8que"}]},{"@type":"WebSite","@id":"https:\/\/vosgesinfo.fr\/gerardmerinfo\/#website","url":"https:\/\/vosgesinfo.fr\/gerardmerinfo\/","name":"Gerardmer Info","description":"Toute l&#039;actualit\u00e9 de G\u00e9rardmer","publisher":{"@id":"https:\/\/vosgesinfo.fr\/gerardmerinfo\/#organization"},"alternateName":"Toute l'actualit\u00e9 de G\u00e9rardmer","potentialAction":[{"@type":"SearchAction","target":{"@type":"EntryPoint","urlTemplate":"https:\/\/vosgesinfo.fr\/gerardmerinfo\/?s={search_term_string}"},"query-input":"required name=search_term_string"}],"inLanguage":"fr-FR"},{"@type":"Organization","@id":"https:\/\/vosgesinfo.fr\/gerardmerinfo\/#organization","name":"Gerardmer Info","url":"https:\/\/vosgesinfo.fr\/gerardmerinfo\/","logo":{"@type":"ImageObject","inLanguage":"fr-FR","@id":"https:\/\/vosgesinfo.fr\/gerardmerinfo\/#\/schema\/logo\/image\/","url":"https:\/\/vosgesinfo.fr\/app\/uploads\/sites\/6\/2023\/08\/favicon-gerardmerinfo.png","contentUrl":"https:\/\/vosgesinfo.fr\/app\/uploads\/sites\/6\/2023\/08\/favicon-gerardmerinfo.png","width":512,"height":512,"caption":"Gerardmer Info"},"image":{"@id":"https:\/\/vosgesinfo.fr\/gerardmerinfo\/#\/schema\/logo\/image\/"},"sameAs":["https:\/\/www.facebook.com\/profile.php?id=100049475262660","https:\/\/x.com\/VosgesInfo88","https:\/\/www.youtube.com\/@vosgesinfo"]},{"@type":"Person","@id":"https:\/\/vosgesinfo.fr\/gerardmerinfo\/#\/schema\/person\/bc5d02d71e6932e81b6dadb7386667b1","name":"qs_admin","image":{"@type":"ImageObject","inLanguage":"fr-FR","@id":"https:\/\/vosgesinfo.fr\/gerardmerinfo\/#\/schema\/person\/image\/","url":"https:\/\/secure.gravatar.com\/avatar\/94b18ee0ed79e4a42ea2f2931277b6841a8999fc6fde214600c78057cf1fe1de?s=96&d=mm&r=g","contentUrl":"https:\/\/secure.gravatar.com\/avatar\/94b18ee0ed79e4a42ea2f2931277b6841a8999fc6fde214600c78057cf1fe1de?s=96&d=mm&r=g","caption":"qs_admin"},"sameAs":["https:\/\/vosgesinfo.fr\/wp"],"url":"https:\/\/vosgesinfo.fr\/gerardmerinfo\/author\/qs_admin\/"}]}},"_links":{"self":[{"href":"https:\/\/vosgesinfo.fr\/gerardmerinfo\/wp-json\/wp\/v2\/posts\/12502","targetHints":{"allow":["GET"]}}],"collection":[{"href":"https:\/\/vosgesinfo.fr\/gerardmerinfo\/wp-json\/wp\/v2\/posts"}],"about":[{"href":"https:\/\/vosgesinfo.fr\/gerardmerinfo\/wp-json\/wp\/v2\/types\/post"}],"author":[{"embeddable":true,"href":"https:\/\/vosgesinfo.fr\/gerardmerinfo\/wp-json\/wp\/v2\/users\/1"}],"replies":[{"embeddable":true,"href":"https:\/\/vosgesinfo.fr\/gerardmerinfo\/wp-json\/wp\/v2\/comments?post=12502"}],"version-history":[{"count":0,"href":"https:\/\/vosgesinfo.fr\/gerardmerinfo\/wp-json\/wp\/v2\/posts\/12502\/revisions"}],"wp:attachment":[{"href":"https:\/\/vosgesinfo.fr\/gerardmerinfo\/wp-json\/wp\/v2\/media?parent=12502"}],"wp:term":[{"taxonomy":"category","embeddable":true,"href":"https:\/\/vosgesinfo.fr\/gerardmerinfo\/wp-json\/wp\/v2\/categories?post=12502"},{"taxonomy":"post_tag","embeddable":true,"href":"https:\/\/vosgesinfo.fr\/gerardmerinfo\/wp-json\/wp\/v2\/tags?post=12502"}],"curies":[{"name":"wp","href":"https:\/\/api.w.org\/{rel}","templated":true}]}}