{"id":12508,"date":"2015-03-26T17:47:39","date_gmt":"2015-03-26T16:47:39","guid":{"rendered":"https:\/\/vosgesinfo.fr\/gerardmerinfo\/2015\/03\/gull-bob-cooper-en-concert-video\/"},"modified":"2015-03-26T17:47:39","modified_gmt":"2015-03-26T16:47:39","slug":"gull-bob-cooper-en-concert-video","status":"publish","type":"post","link":"https:\/\/vosgesinfo.fr\/gerardmerinfo\/2015\/03\/gull-bob-cooper-en-concert-video\/","title":{"rendered":"Gull + Bob Cooper en concert (+vid\u00e9o)"},"content":{"rendered":" Gull\n<p align=\"LEFT\"><span style=\"font-family: 'Times New Roman', serif;\"><span style=\"font-size: medium;\"><b>C&rsquo;est du bon et m\u00eame du tr\u00e8s bon que vous propose la commission Musiques Actuelles de la MCL de G\u00e9rardmer qui aura le plaisir d&rsquo;accueillir (enfin!) le one man band r\u00e9pondant au doux nom de \u00ab\u00a0Gull\u00a0\u00bb pour une soir\u00e9e tint\u00e9e de noise-rock&#8230; <\/b><\/span><\/span><\/p>\n<p align=\"LEFT\"><span style=\"font-family: 'Times New Roman', serif;\"><span style=\"font-size: medium;\">Et pour l&rsquo;occasion, Gull sera accompagn\u00e9 d&rsquo;un autre allum\u00e9 en la personne du frenchie Bob Cooper. La sc\u00e8ne de la MCL devrait se souvenir longtemps de ce concert plein de promesses et sans doute plein de surprises. En effet, avec autant de talent r\u00e9uni dans les mains de seulement deux hommes, on est en droit de ne rien s&rsquo;interdire&#8230; et surtout pas de venir\u00a0!!<\/span><\/span><\/p>\n<p style=\"text-align: center;\" align=\"LEFT\"><strong>Pr\u00e9sentation :\u00a0<\/strong><\/p>\n<p><em><span style=\"color: #141823;\">GULL, (\u00ab mouette \u00bb), aka Nathaniel Rappole, est originaire de Virginie. D\u00e9j\u00e0 connu de nos services pour avoir tenu la guitare dans le groupe math-rock Ultra Dolphin il m\u00e8ne depuis peu un nouveau projet dans lequel il joue seul guitare, batterie et chant, balan\u00e7ant des loops digitaux et vocalises psych\u00e9d\u00e9liques sous un masque home made dot\u00e9 d\u2019un micro. Pendant tropicaliste noise de Lightning Bolt ou bruitiste de Yeasayer, GULL propose \u00e0 la fois une impressionnante performance sc\u00e9nique et un univers musical voyageur et totalement tripp\u00e9. Tournant sans cesse aux USA, s\u2019arr\u00eatant o\u00f9 bon lui semble pour jouer dans la rue et poser ses amplis et sa batterie (branch\u00e9s sur un groupe \u00e9lectrog\u00e8ne), il semble presque reprendre la musique \u00e0 sa source originelle. Dans cette logique, GULL a entrepris un voyage en Afrique (soutenu par le site de crowdfunding Kickstarter) pour partir jammer \u00e0 la rencontre des musiciens de rues locaux. Un p\u00e9riple initiatique appel\u00e9 \u00ab Street Muse \u00bb, document\u00e9 par un film en cours de montage.<br \/>\nVous l\u2019aurez compris, GULL est un projet unique, conjuguant ambition et \u00e9conomie de moyens, une musique honn\u00eate et intemporelle, \u00e9voquant presque le m\u00e9lange noise et griot. Kongfuzi propose le groupe pour la premi\u00e8re fois en Europe!<\/span><\/em><\/p>\n<p>BOB COOPER<\/p>\n<p><em>BOB Cooper couple geste, guitare et ordinateur gr\u00e2ce \u00e0 diff\u00e9rents capteurs (midi, mouvements,..), et explore en temps-r\u00e9el leurs interactions selon un design dont il d\u00e9veloppe lui-m\u00eame l\u2019architecture. En construisant en live des beats et des boucles instrumentales organiques qui s\u2019enchev\u00eatrent dans des mesures souvent impaires et ent\u00eat\u00e9es, ou en les fondant dans des nappes aux textures color\u00e9es, il confronte \u00e9lectrique et \u00e9lectronique de 40 \u00e0 200 bpm. Entre r\u00eaveries fractales, matrices crypt\u00e9es et danses d\u00e9traqu\u00e9es&#8230;<\/em><\/p>\n<p align=\"LEFT\"><span style=\"font-family: 'Times New Roman', serif;\"><span style=\"font-size: medium;\"><span style=\"color: #141823;\">Dull + Bob Cooper en concert \u00e0 la MCL de G\u00e9rardmer<\/span><\/span><\/span><\/p>\n<p align=\"LEFT\"><span style=\"font-family: 'Times New Roman', serif;\"><span style=\"font-size: medium;\"><span style=\"color: #141823;\">Vendredi 17 avril 2015 \u00e0 21 h 00<\/span><\/span><\/span><\/p>\n<p align=\"LEFT\"><span style=\"font-family: 'Times New Roman', serif;\"><span style=\"font-size: medium;\"><span style=\"color: #141823;\">PAF : 6 \u20ac &#8211; 4 \u20ac adh\u00e9rent &#8211; de 26 ans<\/span><\/span><\/span><\/p>\n<p align=\"LEFT\">[youtube]https:\/\/youtu.be\/3uvMzriPA00[\/youtube]<\/p>\n","protected":false},"excerpt":{"rendered":"<p>C&rsquo;est du bon et m\u00eame du tr\u00e8s bon que vous propose la commission Musiques Actuelles de la MCL de G\u00e9rardmer [&hellip;]<\/p>\n","protected":false},"author":42,"featured_media":0,"comment_status":"open","ping_status":"open","sticky":false,"template":"","format":"standard","meta":{"footnotes":""},"categories":[34,4,25,18],"tags":[],"class_list":["post-12508","post","type-post","status-publish","format-standard","hentry","category-concert","category-culture","category-gerardmer","category-vosges"],"acf":[],"yoast_head":"<!-- This site is optimized with the Yoast SEO plugin v22.5 - https:\/\/yoast.com\/wordpress\/plugins\/seo\/ -->\n<title>Gull + Bob Cooper en concert (+vid\u00e9o) - Gerardmer Info<\/title>\n<meta name=\"robots\" content=\"index, follow, max-snippet:-1, max-image-preview:large, max-video-preview:-1\" \/>\n<link rel=\"canonical\" href=\"https:\/\/vosgesinfo.fr\/gerardmerinfo\/2015\/03\/gull-bob-cooper-en-concert-video\/\" \/>\n<meta name=\"twitter:card\" content=\"summary_large_image\" \/>\n<meta name=\"twitter:title\" content=\"Gull + Bob Cooper en concert (+vid\u00e9o) - Gerardmer Info\" \/>\n<meta name=\"twitter:description\" content=\"C&rsquo;est du bon et m\u00eame du tr\u00e8s bon que vous propose la commission Musiques Actuelles de la MCL de G\u00e9rardmer [&hellip;]\" \/>\n<meta name=\"twitter:creator\" content=\"@VosgesInfo88\" \/>\n<meta name=\"twitter:site\" content=\"@VosgesInfo88\" \/>\n<meta name=\"twitter:label1\" content=\"\u00c9crit par\" \/>\n\t<meta name=\"twitter:data1\" content=\"QG\" \/>\n\t<meta name=\"twitter:label2\" content=\"Dur\u00e9e de lecture estim\u00e9e\" \/>\n\t<meta name=\"twitter:data2\" content=\"2 minutes\" \/>\n<script type=\"application\/ld+json\" class=\"yoast-schema-graph\">{\"@context\":\"https:\/\/schema.org\",\"@graph\":[{\"@type\":\"Article\",\"@id\":\"https:\/\/vosgesinfo.fr\/gerardmerinfo\/2015\/03\/gull-bob-cooper-en-concert-video\/#article\",\"isPartOf\":{\"@id\":\"https:\/\/vosgesinfo.fr\/gerardmerinfo\/2015\/03\/gull-bob-cooper-en-concert-video\/\"},\"author\":{\"name\":\"QG\",\"@id\":\"https:\/\/vosgesinfo.fr\/gerardmerinfo\/#\/schema\/person\/db5605779a843dad16b5368f3e7613a5\"},\"headline\":\"Gull + Bob Cooper en concert (+vid\u00e9o)\",\"datePublished\":\"2015-03-26T16:47:39+00:00\",\"dateModified\":\"2015-03-26T16:47:39+00:00\",\"mainEntityOfPage\":{\"@id\":\"https:\/\/vosgesinfo.fr\/gerardmerinfo\/2015\/03\/gull-bob-cooper-en-concert-video\/\"},\"wordCount\":461,\"commentCount\":0,\"publisher\":{\"@id\":\"https:\/\/vosgesinfo.fr\/gerardmerinfo\/#organization\"},\"articleSection\":[\"Concert\",\"Culture\",\"G\u00e9rardmer\",\"Vosges\"],\"inLanguage\":\"fr-FR\",\"potentialAction\":[{\"@type\":\"CommentAction\",\"name\":\"Comment\",\"target\":[\"https:\/\/vosgesinfo.fr\/gerardmerinfo\/2015\/03\/gull-bob-cooper-en-concert-video\/#respond\"]}]},{\"@type\":\"WebPage\",\"@id\":\"https:\/\/vosgesinfo.fr\/gerardmerinfo\/2015\/03\/gull-bob-cooper-en-concert-video\/\",\"url\":\"https:\/\/vosgesinfo.fr\/gerardmerinfo\/2015\/03\/gull-bob-cooper-en-concert-video\/\",\"name\":\"Gull + Bob Cooper en concert (+vid\u00e9o) - Gerardmer Info\",\"isPartOf\":{\"@id\":\"https:\/\/vosgesinfo.fr\/gerardmerinfo\/#website\"},\"datePublished\":\"2015-03-26T16:47:39+00:00\",\"dateModified\":\"2015-03-26T16:47:39+00:00\",\"breadcrumb\":{\"@id\":\"https:\/\/vosgesinfo.fr\/gerardmerinfo\/2015\/03\/gull-bob-cooper-en-concert-video\/#breadcrumb\"},\"inLanguage\":\"fr-FR\",\"potentialAction\":[{\"@type\":\"ReadAction\",\"target\":[\"https:\/\/vosgesinfo.fr\/gerardmerinfo\/2015\/03\/gull-bob-cooper-en-concert-video\/\"]}]},{\"@type\":\"BreadcrumbList\",\"@id\":\"https:\/\/vosgesinfo.fr\/gerardmerinfo\/2015\/03\/gull-bob-cooper-en-concert-video\/#breadcrumb\",\"itemListElement\":[{\"@type\":\"ListItem\",\"position\":1,\"name\":\"Home\",\"item\":\"https:\/\/vosgesinfo.fr\/gerardmerinfo\/\"},{\"@type\":\"ListItem\",\"position\":2,\"name\":\"Gull + Bob Cooper en concert (+vid\u00e9o)\"}]},{\"@type\":\"WebSite\",\"@id\":\"https:\/\/vosgesinfo.fr\/gerardmerinfo\/#website\",\"url\":\"https:\/\/vosgesinfo.fr\/gerardmerinfo\/\",\"name\":\"Gerardmer Info\",\"description\":\"Toute l&#039;actualit\u00e9 de G\u00e9rardmer\",\"publisher\":{\"@id\":\"https:\/\/vosgesinfo.fr\/gerardmerinfo\/#organization\"},\"alternateName\":\"Toute l'actualit\u00e9 de G\u00e9rardmer\",\"potentialAction\":[{\"@type\":\"SearchAction\",\"target\":{\"@type\":\"EntryPoint\",\"urlTemplate\":\"https:\/\/vosgesinfo.fr\/gerardmerinfo\/?s={search_term_string}\"},\"query-input\":\"required name=search_term_string\"}],\"inLanguage\":\"fr-FR\"},{\"@type\":\"Organization\",\"@id\":\"https:\/\/vosgesinfo.fr\/gerardmerinfo\/#organization\",\"name\":\"Gerardmer Info\",\"url\":\"https:\/\/vosgesinfo.fr\/gerardmerinfo\/\",\"logo\":{\"@type\":\"ImageObject\",\"inLanguage\":\"fr-FR\",\"@id\":\"https:\/\/vosgesinfo.fr\/gerardmerinfo\/#\/schema\/logo\/image\/\",\"url\":\"https:\/\/vosgesinfo.fr\/app\/uploads\/sites\/6\/2023\/08\/favicon-gerardmerinfo.png\",\"contentUrl\":\"https:\/\/vosgesinfo.fr\/app\/uploads\/sites\/6\/2023\/08\/favicon-gerardmerinfo.png\",\"width\":512,\"height\":512,\"caption\":\"Gerardmer Info\"},\"image\":{\"@id\":\"https:\/\/vosgesinfo.fr\/gerardmerinfo\/#\/schema\/logo\/image\/\"},\"sameAs\":[\"https:\/\/www.facebook.com\/profile.php?id=100049475262660\",\"https:\/\/x.com\/VosgesInfo88\",\"https:\/\/www.youtube.com\/@vosgesinfo\"]},{\"@type\":\"Person\",\"@id\":\"https:\/\/vosgesinfo.fr\/gerardmerinfo\/#\/schema\/person\/db5605779a843dad16b5368f3e7613a5\",\"name\":\"QG\",\"image\":{\"@type\":\"ImageObject\",\"inLanguage\":\"fr-FR\",\"@id\":\"https:\/\/vosgesinfo.fr\/gerardmerinfo\/#\/schema\/person\/image\/\",\"url\":\"https:\/\/secure.gravatar.com\/avatar\/ea80c42c204b534408512832fde52504ecabb9706bcb6151cf6175e5b64e6793?s=96&d=mm&r=g\",\"contentUrl\":\"https:\/\/secure.gravatar.com\/avatar\/ea80c42c204b534408512832fde52504ecabb9706bcb6151cf6175e5b64e6793?s=96&d=mm&r=g\",\"caption\":\"QG\"},\"url\":\"https:\/\/vosgesinfo.fr\/gerardmerinfo\/author\/quentin88\/\"}]}<\/script>\n<!-- \/ Yoast SEO plugin. -->","yoast_head_json":{"title":"Gull + Bob Cooper en concert (+vid\u00e9o) - Gerardmer Info","robots":{"index":"index","follow":"follow","max-snippet":"max-snippet:-1","max-image-preview":"max-image-preview:large","max-video-preview":"max-video-preview:-1"},"canonical":"https:\/\/vosgesinfo.fr\/gerardmerinfo\/2015\/03\/gull-bob-cooper-en-concert-video\/","twitter_card":"summary_large_image","twitter_title":"Gull + Bob Cooper en concert (+vid\u00e9o) - Gerardmer Info","twitter_description":"C&rsquo;est du bon et m\u00eame du tr\u00e8s bon que vous propose la commission Musiques Actuelles de la MCL de G\u00e9rardmer [&hellip;]","twitter_creator":"@VosgesInfo88","twitter_site":"@VosgesInfo88","twitter_misc":{"\u00c9crit par":"QG","Dur\u00e9e de lecture estim\u00e9e":"2 minutes"},"schema":{"@context":"https:\/\/schema.org","@graph":[{"@type":"Article","@id":"https:\/\/vosgesinfo.fr\/gerardmerinfo\/2015\/03\/gull-bob-cooper-en-concert-video\/#article","isPartOf":{"@id":"https:\/\/vosgesinfo.fr\/gerardmerinfo\/2015\/03\/gull-bob-cooper-en-concert-video\/"},"author":{"name":"QG","@id":"https:\/\/vosgesinfo.fr\/gerardmerinfo\/#\/schema\/person\/db5605779a843dad16b5368f3e7613a5"},"headline":"Gull + Bob Cooper en concert (+vid\u00e9o)","datePublished":"2015-03-26T16:47:39+00:00","dateModified":"2015-03-26T16:47:39+00:00","mainEntityOfPage":{"@id":"https:\/\/vosgesinfo.fr\/gerardmerinfo\/2015\/03\/gull-bob-cooper-en-concert-video\/"},"wordCount":461,"commentCount":0,"publisher":{"@id":"https:\/\/vosgesinfo.fr\/gerardmerinfo\/#organization"},"articleSection":["Concert","Culture","G\u00e9rardmer","Vosges"],"inLanguage":"fr-FR","potentialAction":[{"@type":"CommentAction","name":"Comment","target":["https:\/\/vosgesinfo.fr\/gerardmerinfo\/2015\/03\/gull-bob-cooper-en-concert-video\/#respond"]}]},{"@type":"WebPage","@id":"https:\/\/vosgesinfo.fr\/gerardmerinfo\/2015\/03\/gull-bob-cooper-en-concert-video\/","url":"https:\/\/vosgesinfo.fr\/gerardmerinfo\/2015\/03\/gull-bob-cooper-en-concert-video\/","name":"Gull + Bob Cooper en concert (+vid\u00e9o) - Gerardmer Info","isPartOf":{"@id":"https:\/\/vosgesinfo.fr\/gerardmerinfo\/#website"},"datePublished":"2015-03-26T16:47:39+00:00","dateModified":"2015-03-26T16:47:39+00:00","breadcrumb":{"@id":"https:\/\/vosgesinfo.fr\/gerardmerinfo\/2015\/03\/gull-bob-cooper-en-concert-video\/#breadcrumb"},"inLanguage":"fr-FR","potentialAction":[{"@type":"ReadAction","target":["https:\/\/vosgesinfo.fr\/gerardmerinfo\/2015\/03\/gull-bob-cooper-en-concert-video\/"]}]},{"@type":"BreadcrumbList","@id":"https:\/\/vosgesinfo.fr\/gerardmerinfo\/2015\/03\/gull-bob-cooper-en-concert-video\/#breadcrumb","itemListElement":[{"@type":"ListItem","position":1,"name":"Home","item":"https:\/\/vosgesinfo.fr\/gerardmerinfo\/"},{"@type":"ListItem","position":2,"name":"Gull + Bob Cooper en concert (+vid\u00e9o)"}]},{"@type":"WebSite","@id":"https:\/\/vosgesinfo.fr\/gerardmerinfo\/#website","url":"https:\/\/vosgesinfo.fr\/gerardmerinfo\/","name":"Gerardmer Info","description":"Toute l&#039;actualit\u00e9 de G\u00e9rardmer","publisher":{"@id":"https:\/\/vosgesinfo.fr\/gerardmerinfo\/#organization"},"alternateName":"Toute l'actualit\u00e9 de G\u00e9rardmer","potentialAction":[{"@type":"SearchAction","target":{"@type":"EntryPoint","urlTemplate":"https:\/\/vosgesinfo.fr\/gerardmerinfo\/?s={search_term_string}"},"query-input":"required name=search_term_string"}],"inLanguage":"fr-FR"},{"@type":"Organization","@id":"https:\/\/vosgesinfo.fr\/gerardmerinfo\/#organization","name":"Gerardmer Info","url":"https:\/\/vosgesinfo.fr\/gerardmerinfo\/","logo":{"@type":"ImageObject","inLanguage":"fr-FR","@id":"https:\/\/vosgesinfo.fr\/gerardmerinfo\/#\/schema\/logo\/image\/","url":"https:\/\/vosgesinfo.fr\/app\/uploads\/sites\/6\/2023\/08\/favicon-gerardmerinfo.png","contentUrl":"https:\/\/vosgesinfo.fr\/app\/uploads\/sites\/6\/2023\/08\/favicon-gerardmerinfo.png","width":512,"height":512,"caption":"Gerardmer Info"},"image":{"@id":"https:\/\/vosgesinfo.fr\/gerardmerinfo\/#\/schema\/logo\/image\/"},"sameAs":["https:\/\/www.facebook.com\/profile.php?id=100049475262660","https:\/\/x.com\/VosgesInfo88","https:\/\/www.youtube.com\/@vosgesinfo"]},{"@type":"Person","@id":"https:\/\/vosgesinfo.fr\/gerardmerinfo\/#\/schema\/person\/db5605779a843dad16b5368f3e7613a5","name":"QG","image":{"@type":"ImageObject","inLanguage":"fr-FR","@id":"https:\/\/vosgesinfo.fr\/gerardmerinfo\/#\/schema\/person\/image\/","url":"https:\/\/secure.gravatar.com\/avatar\/ea80c42c204b534408512832fde52504ecabb9706bcb6151cf6175e5b64e6793?s=96&d=mm&r=g","contentUrl":"https:\/\/secure.gravatar.com\/avatar\/ea80c42c204b534408512832fde52504ecabb9706bcb6151cf6175e5b64e6793?s=96&d=mm&r=g","caption":"QG"},"url":"https:\/\/vosgesinfo.fr\/gerardmerinfo\/author\/quentin88\/"}]}},"_links":{"self":[{"href":"https:\/\/vosgesinfo.fr\/gerardmerinfo\/wp-json\/wp\/v2\/posts\/12508","targetHints":{"allow":["GET"]}}],"collection":[{"href":"https:\/\/vosgesinfo.fr\/gerardmerinfo\/wp-json\/wp\/v2\/posts"}],"about":[{"href":"https:\/\/vosgesinfo.fr\/gerardmerinfo\/wp-json\/wp\/v2\/types\/post"}],"author":[{"embeddable":true,"href":"https:\/\/vosgesinfo.fr\/gerardmerinfo\/wp-json\/wp\/v2\/users\/42"}],"replies":[{"embeddable":true,"href":"https:\/\/vosgesinfo.fr\/gerardmerinfo\/wp-json\/wp\/v2\/comments?post=12508"}],"version-history":[{"count":0,"href":"https:\/\/vosgesinfo.fr\/gerardmerinfo\/wp-json\/wp\/v2\/posts\/12508\/revisions"}],"wp:attachment":[{"href":"https:\/\/vosgesinfo.fr\/gerardmerinfo\/wp-json\/wp\/v2\/media?parent=12508"}],"wp:term":[{"taxonomy":"category","embeddable":true,"href":"https:\/\/vosgesinfo.fr\/gerardmerinfo\/wp-json\/wp\/v2\/categories?post=12508"},{"taxonomy":"post_tag","embeddable":true,"href":"https:\/\/vosgesinfo.fr\/gerardmerinfo\/wp-json\/wp\/v2\/tags?post=12508"}],"curies":[{"name":"wp","href":"https:\/\/api.w.org\/{rel}","templated":true}]}}