{"id":12513,"date":"2015-03-26T16:05:55","date_gmt":"2015-03-26T15:05:55","guid":{"rendered":"https:\/\/vosgesinfo.fr\/gerardmerinfo\/2015\/03\/lhomme-decouvre-la-musique-avec-los-magique\/"},"modified":"2015-03-26T16:05:55","modified_gmt":"2015-03-26T15:05:55","slug":"lhomme-decouvre-la-musique-avec-los-magique","status":"publish","type":"post","link":"https:\/\/vosgesinfo.fr\/gerardmerinfo\/2015\/03\/lhomme-decouvre-la-musique-avec-los-magique\/","title":{"rendered":"L&rsquo;Homme d\u00e9couvre la musique avec l&rsquo;Os magique"},"content":{"rendered":"<p>&nbsp;<\/p>\n<p><strong>Demain soir, les \u00e9l\u00e8ves de l&rsquo;\u00e9cole des Bas-Rupt auront le plaisir de vous pr\u00e9senter leur version de la com\u00e9die-musicale \u00ab\u00a0Les Contes de l&rsquo;Os Magique\u00a0\u00bb \u00e0 la MCL de G\u00e9rardmer.<\/strong><\/p>\n<p>Une repr\u00e9sentation que les 22 \u00e9l\u00e8ves d&rsquo;Anne Chwaliszewski pr\u00e9parent depuis quelques mois maintenant. C&rsquo;est dans le cadre d&rsquo;un Projet Territoriale d\u2019\u00c9ducation Artistique mis sur pieds gr\u00e2ce \u00e0 l&rsquo;union de la DRAC, de l\u2019\u00c9ducation Nationale, de la Ville de G\u00e9rardmer ainsi que de la MCL que les \u00e9coliers ont le plaisir de se r\u00e9unir r\u00e9guli\u00e8rement pour travailler autour d&rsquo;un objectif commun et pluridisciplinaire.<\/p>\n<p>En effet, la version que proposeront les \u00e9l\u00e8ves de CM1\/CM2 regroupera th\u00e9\u00e2tre, musique, danse et chant. Tout un programme me direz-vous, mais heureusement, la petite troupe a pu compter sur le professeur de percussions Gr\u00e9gory Grosjean pour la partie musicale du spectacle, ou encore sur le metteur en sc\u00e8ne professionnel Charly Labourier, venu sp\u00e9cialement de Paris o\u00f9 il officie au sein de la Compagnie des Passeurs. \u00ab\u00a0Ils ont pass\u00e9 une vingtaine d&rsquo;heure avec Charly dont une dizaine au mois de janvier d\u00e9j\u00e0. Et l\u00e0 il est \u00e0 nouveau pr\u00e9sent pour les derni\u00e8res s\u00e9ances avant le grand jour\u00a0\u00bb, explique Anne Chwaliszewski. on peut donc dire que \u00e7a bossait dur ce jeudi apr\u00e8s-midi et une grande r\u00e9p\u00e9tition g\u00e9n\u00e9rale aura donc lieu ce vendredi matin avant la pr\u00e9sentation du spectacle aux scolaires \u00e0 15 h, puis au public \u00e0 19 h 30.<\/p>\n<p>Autre \u00e9l\u00e9ment \u00e0 avoir particip\u00e9 aux projets, le professeur de guitare de la MCL Daniel Colnat accompagne la troupe gracieusement avec sa 6 cordes pour donner un peu plus de corps et de caract\u00e8re \u00e0 l&rsquo;ensemble. Mais il y a surtout une personne \u00e0 qui l&rsquo;enseignante des Bas-Rupts tenait \u00e0 tirer un majestueux coup de chapeau, c&rsquo;est l&rsquo;ATSEM de l&rsquo;\u00e9cole Agn\u00e8s Vigneux\u00a0: \u00ab\u00a0C&rsquo;est elle qui a r\u00e9alis\u00e9 l&rsquo;ensemble des costumes des enfants et je voulait vraiment la remercier pour cela\u00a0\u00bb.<\/p>\n<p>Oui, car il y aura des costumes, \u00ab\u00a0Les Contes de l&rsquo;Os Magique\u00a0\u00bb racontant l&rsquo;histoire de la d\u00e9couverte de la musique par les hommes en per\u00e7ant&#8230; un os\u00a0! Il va y avoir donc y avoir de la peau de b\u00eate sur les planches de la MCL, vous pouvez en \u00eatre s\u00fbr. Donc n&rsquo;oubliez pas, ce sera ce vendredi 27 mars 2015 \u00e0 19 h 30 pour le public et les familles. L&rsquo;entr\u00e9e sera libre et la dur\u00e9e du spectacle d&rsquo;environ une heure.<\/p>\n","protected":false},"excerpt":{"rendered":"<p>&nbsp; Demain soir, les \u00e9l\u00e8ves de l&rsquo;\u00e9cole des Bas-Rupt auront le plaisir de vous pr\u00e9senter leur version de la com\u00e9die-musicale [&hellip;]<\/p>\n","protected":false},"author":42,"featured_media":0,"comment_status":"open","ping_status":"open","sticky":false,"template":"","format":"standard","meta":{"footnotes":""},"categories":[4,24,25],"tags":[],"class_list":["post-12513","post","type-post","status-publish","format-standard","hentry","category-culture","category-evenements","category-gerardmer"],"acf":[],"yoast_head":"<!-- This site is optimized with the Yoast SEO plugin v22.5 - https:\/\/yoast.com\/wordpress\/plugins\/seo\/ -->\n<title>L&#039;Homme d\u00e9couvre la musique avec l&#039;Os magique - Gerardmer Info<\/title>\n<meta name=\"robots\" content=\"index, follow, max-snippet:-1, max-image-preview:large, max-video-preview:-1\" \/>\n<link rel=\"canonical\" href=\"https:\/\/vosgesinfo.fr\/gerardmerinfo\/2015\/03\/lhomme-decouvre-la-musique-avec-los-magique\/\" \/>\n<meta name=\"twitter:card\" content=\"summary_large_image\" \/>\n<meta name=\"twitter:title\" content=\"L&#039;Homme d\u00e9couvre la musique avec l&#039;Os magique - Gerardmer Info\" \/>\n<meta name=\"twitter:description\" content=\"&nbsp; Demain soir, les \u00e9l\u00e8ves de l&rsquo;\u00e9cole des Bas-Rupt auront le plaisir de vous pr\u00e9senter leur version de la com\u00e9die-musicale [&hellip;]\" \/>\n<meta name=\"twitter:creator\" content=\"@VosgesInfo88\" \/>\n<meta name=\"twitter:site\" content=\"@VosgesInfo88\" \/>\n<meta name=\"twitter:label1\" content=\"\u00c9crit par\" \/>\n\t<meta name=\"twitter:data1\" content=\"QG\" \/>\n\t<meta name=\"twitter:label2\" content=\"Dur\u00e9e de lecture estim\u00e9e\" \/>\n\t<meta name=\"twitter:data2\" content=\"2 minutes\" \/>\n<script type=\"application\/ld+json\" class=\"yoast-schema-graph\">{\"@context\":\"https:\/\/schema.org\",\"@graph\":[{\"@type\":\"Article\",\"@id\":\"https:\/\/vosgesinfo.fr\/gerardmerinfo\/2015\/03\/lhomme-decouvre-la-musique-avec-los-magique\/#article\",\"isPartOf\":{\"@id\":\"https:\/\/vosgesinfo.fr\/gerardmerinfo\/2015\/03\/lhomme-decouvre-la-musique-avec-los-magique\/\"},\"author\":{\"name\":\"QG\",\"@id\":\"https:\/\/vosgesinfo.fr\/gerardmerinfo\/#\/schema\/person\/db5605779a843dad16b5368f3e7613a5\"},\"headline\":\"L&rsquo;Homme d\u00e9couvre la musique avec l&rsquo;Os magique\",\"datePublished\":\"2015-03-26T15:05:55+00:00\",\"dateModified\":\"2015-03-26T15:05:55+00:00\",\"mainEntityOfPage\":{\"@id\":\"https:\/\/vosgesinfo.fr\/gerardmerinfo\/2015\/03\/lhomme-decouvre-la-musique-avec-los-magique\/\"},\"wordCount\":443,\"commentCount\":0,\"publisher\":{\"@id\":\"https:\/\/vosgesinfo.fr\/gerardmerinfo\/#organization\"},\"articleSection\":[\"Culture\",\"Ev\u00e8nements\",\"G\u00e9rardmer\"],\"inLanguage\":\"fr-FR\",\"potentialAction\":[{\"@type\":\"CommentAction\",\"name\":\"Comment\",\"target\":[\"https:\/\/vosgesinfo.fr\/gerardmerinfo\/2015\/03\/lhomme-decouvre-la-musique-avec-los-magique\/#respond\"]}]},{\"@type\":\"WebPage\",\"@id\":\"https:\/\/vosgesinfo.fr\/gerardmerinfo\/2015\/03\/lhomme-decouvre-la-musique-avec-los-magique\/\",\"url\":\"https:\/\/vosgesinfo.fr\/gerardmerinfo\/2015\/03\/lhomme-decouvre-la-musique-avec-los-magique\/\",\"name\":\"L'Homme d\u00e9couvre la musique avec l'Os magique - Gerardmer Info\",\"isPartOf\":{\"@id\":\"https:\/\/vosgesinfo.fr\/gerardmerinfo\/#website\"},\"datePublished\":\"2015-03-26T15:05:55+00:00\",\"dateModified\":\"2015-03-26T15:05:55+00:00\",\"breadcrumb\":{\"@id\":\"https:\/\/vosgesinfo.fr\/gerardmerinfo\/2015\/03\/lhomme-decouvre-la-musique-avec-los-magique\/#breadcrumb\"},\"inLanguage\":\"fr-FR\",\"potentialAction\":[{\"@type\":\"ReadAction\",\"target\":[\"https:\/\/vosgesinfo.fr\/gerardmerinfo\/2015\/03\/lhomme-decouvre-la-musique-avec-los-magique\/\"]}]},{\"@type\":\"BreadcrumbList\",\"@id\":\"https:\/\/vosgesinfo.fr\/gerardmerinfo\/2015\/03\/lhomme-decouvre-la-musique-avec-los-magique\/#breadcrumb\",\"itemListElement\":[{\"@type\":\"ListItem\",\"position\":1,\"name\":\"Home\",\"item\":\"https:\/\/vosgesinfo.fr\/gerardmerinfo\/\"},{\"@type\":\"ListItem\",\"position\":2,\"name\":\"L&rsquo;Homme d\u00e9couvre la musique avec l&rsquo;Os magique\"}]},{\"@type\":\"WebSite\",\"@id\":\"https:\/\/vosgesinfo.fr\/gerardmerinfo\/#website\",\"url\":\"https:\/\/vosgesinfo.fr\/gerardmerinfo\/\",\"name\":\"Gerardmer Info\",\"description\":\"Toute l&#039;actualit\u00e9 de G\u00e9rardmer\",\"publisher\":{\"@id\":\"https:\/\/vosgesinfo.fr\/gerardmerinfo\/#organization\"},\"alternateName\":\"Toute l'actualit\u00e9 de G\u00e9rardmer\",\"potentialAction\":[{\"@type\":\"SearchAction\",\"target\":{\"@type\":\"EntryPoint\",\"urlTemplate\":\"https:\/\/vosgesinfo.fr\/gerardmerinfo\/?s={search_term_string}\"},\"query-input\":\"required name=search_term_string\"}],\"inLanguage\":\"fr-FR\"},{\"@type\":\"Organization\",\"@id\":\"https:\/\/vosgesinfo.fr\/gerardmerinfo\/#organization\",\"name\":\"Gerardmer Info\",\"url\":\"https:\/\/vosgesinfo.fr\/gerardmerinfo\/\",\"logo\":{\"@type\":\"ImageObject\",\"inLanguage\":\"fr-FR\",\"@id\":\"https:\/\/vosgesinfo.fr\/gerardmerinfo\/#\/schema\/logo\/image\/\",\"url\":\"https:\/\/vosgesinfo.fr\/app\/uploads\/sites\/6\/2023\/08\/favicon-gerardmerinfo.png\",\"contentUrl\":\"https:\/\/vosgesinfo.fr\/app\/uploads\/sites\/6\/2023\/08\/favicon-gerardmerinfo.png\",\"width\":512,\"height\":512,\"caption\":\"Gerardmer Info\"},\"image\":{\"@id\":\"https:\/\/vosgesinfo.fr\/gerardmerinfo\/#\/schema\/logo\/image\/\"},\"sameAs\":[\"https:\/\/www.facebook.com\/profile.php?id=100049475262660\",\"https:\/\/x.com\/VosgesInfo88\",\"https:\/\/www.youtube.com\/@vosgesinfo\"]},{\"@type\":\"Person\",\"@id\":\"https:\/\/vosgesinfo.fr\/gerardmerinfo\/#\/schema\/person\/db5605779a843dad16b5368f3e7613a5\",\"name\":\"QG\",\"image\":{\"@type\":\"ImageObject\",\"inLanguage\":\"fr-FR\",\"@id\":\"https:\/\/vosgesinfo.fr\/gerardmerinfo\/#\/schema\/person\/image\/\",\"url\":\"https:\/\/secure.gravatar.com\/avatar\/ea80c42c204b534408512832fde52504ecabb9706bcb6151cf6175e5b64e6793?s=96&d=mm&r=g\",\"contentUrl\":\"https:\/\/secure.gravatar.com\/avatar\/ea80c42c204b534408512832fde52504ecabb9706bcb6151cf6175e5b64e6793?s=96&d=mm&r=g\",\"caption\":\"QG\"},\"url\":\"https:\/\/vosgesinfo.fr\/gerardmerinfo\/author\/quentin88\/\"}]}<\/script>\n<!-- \/ Yoast SEO plugin. -->","yoast_head_json":{"title":"L'Homme d\u00e9couvre la musique avec l'Os magique - Gerardmer Info","robots":{"index":"index","follow":"follow","max-snippet":"max-snippet:-1","max-image-preview":"max-image-preview:large","max-video-preview":"max-video-preview:-1"},"canonical":"https:\/\/vosgesinfo.fr\/gerardmerinfo\/2015\/03\/lhomme-decouvre-la-musique-avec-los-magique\/","twitter_card":"summary_large_image","twitter_title":"L'Homme d\u00e9couvre la musique avec l'Os magique - Gerardmer Info","twitter_description":"&nbsp; Demain soir, les \u00e9l\u00e8ves de l&rsquo;\u00e9cole des Bas-Rupt auront le plaisir de vous pr\u00e9senter leur version de la com\u00e9die-musicale [&hellip;]","twitter_creator":"@VosgesInfo88","twitter_site":"@VosgesInfo88","twitter_misc":{"\u00c9crit par":"QG","Dur\u00e9e de lecture estim\u00e9e":"2 minutes"},"schema":{"@context":"https:\/\/schema.org","@graph":[{"@type":"Article","@id":"https:\/\/vosgesinfo.fr\/gerardmerinfo\/2015\/03\/lhomme-decouvre-la-musique-avec-los-magique\/#article","isPartOf":{"@id":"https:\/\/vosgesinfo.fr\/gerardmerinfo\/2015\/03\/lhomme-decouvre-la-musique-avec-los-magique\/"},"author":{"name":"QG","@id":"https:\/\/vosgesinfo.fr\/gerardmerinfo\/#\/schema\/person\/db5605779a843dad16b5368f3e7613a5"},"headline":"L&rsquo;Homme d\u00e9couvre la musique avec l&rsquo;Os magique","datePublished":"2015-03-26T15:05:55+00:00","dateModified":"2015-03-26T15:05:55+00:00","mainEntityOfPage":{"@id":"https:\/\/vosgesinfo.fr\/gerardmerinfo\/2015\/03\/lhomme-decouvre-la-musique-avec-los-magique\/"},"wordCount":443,"commentCount":0,"publisher":{"@id":"https:\/\/vosgesinfo.fr\/gerardmerinfo\/#organization"},"articleSection":["Culture","Ev\u00e8nements","G\u00e9rardmer"],"inLanguage":"fr-FR","potentialAction":[{"@type":"CommentAction","name":"Comment","target":["https:\/\/vosgesinfo.fr\/gerardmerinfo\/2015\/03\/lhomme-decouvre-la-musique-avec-los-magique\/#respond"]}]},{"@type":"WebPage","@id":"https:\/\/vosgesinfo.fr\/gerardmerinfo\/2015\/03\/lhomme-decouvre-la-musique-avec-los-magique\/","url":"https:\/\/vosgesinfo.fr\/gerardmerinfo\/2015\/03\/lhomme-decouvre-la-musique-avec-los-magique\/","name":"L'Homme d\u00e9couvre la musique avec l'Os magique - Gerardmer Info","isPartOf":{"@id":"https:\/\/vosgesinfo.fr\/gerardmerinfo\/#website"},"datePublished":"2015-03-26T15:05:55+00:00","dateModified":"2015-03-26T15:05:55+00:00","breadcrumb":{"@id":"https:\/\/vosgesinfo.fr\/gerardmerinfo\/2015\/03\/lhomme-decouvre-la-musique-avec-los-magique\/#breadcrumb"},"inLanguage":"fr-FR","potentialAction":[{"@type":"ReadAction","target":["https:\/\/vosgesinfo.fr\/gerardmerinfo\/2015\/03\/lhomme-decouvre-la-musique-avec-los-magique\/"]}]},{"@type":"BreadcrumbList","@id":"https:\/\/vosgesinfo.fr\/gerardmerinfo\/2015\/03\/lhomme-decouvre-la-musique-avec-los-magique\/#breadcrumb","itemListElement":[{"@type":"ListItem","position":1,"name":"Home","item":"https:\/\/vosgesinfo.fr\/gerardmerinfo\/"},{"@type":"ListItem","position":2,"name":"L&rsquo;Homme d\u00e9couvre la musique avec l&rsquo;Os magique"}]},{"@type":"WebSite","@id":"https:\/\/vosgesinfo.fr\/gerardmerinfo\/#website","url":"https:\/\/vosgesinfo.fr\/gerardmerinfo\/","name":"Gerardmer Info","description":"Toute l&#039;actualit\u00e9 de G\u00e9rardmer","publisher":{"@id":"https:\/\/vosgesinfo.fr\/gerardmerinfo\/#organization"},"alternateName":"Toute l'actualit\u00e9 de G\u00e9rardmer","potentialAction":[{"@type":"SearchAction","target":{"@type":"EntryPoint","urlTemplate":"https:\/\/vosgesinfo.fr\/gerardmerinfo\/?s={search_term_string}"},"query-input":"required name=search_term_string"}],"inLanguage":"fr-FR"},{"@type":"Organization","@id":"https:\/\/vosgesinfo.fr\/gerardmerinfo\/#organization","name":"Gerardmer Info","url":"https:\/\/vosgesinfo.fr\/gerardmerinfo\/","logo":{"@type":"ImageObject","inLanguage":"fr-FR","@id":"https:\/\/vosgesinfo.fr\/gerardmerinfo\/#\/schema\/logo\/image\/","url":"https:\/\/vosgesinfo.fr\/app\/uploads\/sites\/6\/2023\/08\/favicon-gerardmerinfo.png","contentUrl":"https:\/\/vosgesinfo.fr\/app\/uploads\/sites\/6\/2023\/08\/favicon-gerardmerinfo.png","width":512,"height":512,"caption":"Gerardmer Info"},"image":{"@id":"https:\/\/vosgesinfo.fr\/gerardmerinfo\/#\/schema\/logo\/image\/"},"sameAs":["https:\/\/www.facebook.com\/profile.php?id=100049475262660","https:\/\/x.com\/VosgesInfo88","https:\/\/www.youtube.com\/@vosgesinfo"]},{"@type":"Person","@id":"https:\/\/vosgesinfo.fr\/gerardmerinfo\/#\/schema\/person\/db5605779a843dad16b5368f3e7613a5","name":"QG","image":{"@type":"ImageObject","inLanguage":"fr-FR","@id":"https:\/\/vosgesinfo.fr\/gerardmerinfo\/#\/schema\/person\/image\/","url":"https:\/\/secure.gravatar.com\/avatar\/ea80c42c204b534408512832fde52504ecabb9706bcb6151cf6175e5b64e6793?s=96&d=mm&r=g","contentUrl":"https:\/\/secure.gravatar.com\/avatar\/ea80c42c204b534408512832fde52504ecabb9706bcb6151cf6175e5b64e6793?s=96&d=mm&r=g","caption":"QG"},"url":"https:\/\/vosgesinfo.fr\/gerardmerinfo\/author\/quentin88\/"}]}},"_links":{"self":[{"href":"https:\/\/vosgesinfo.fr\/gerardmerinfo\/wp-json\/wp\/v2\/posts\/12513","targetHints":{"allow":["GET"]}}],"collection":[{"href":"https:\/\/vosgesinfo.fr\/gerardmerinfo\/wp-json\/wp\/v2\/posts"}],"about":[{"href":"https:\/\/vosgesinfo.fr\/gerardmerinfo\/wp-json\/wp\/v2\/types\/post"}],"author":[{"embeddable":true,"href":"https:\/\/vosgesinfo.fr\/gerardmerinfo\/wp-json\/wp\/v2\/users\/42"}],"replies":[{"embeddable":true,"href":"https:\/\/vosgesinfo.fr\/gerardmerinfo\/wp-json\/wp\/v2\/comments?post=12513"}],"version-history":[{"count":0,"href":"https:\/\/vosgesinfo.fr\/gerardmerinfo\/wp-json\/wp\/v2\/posts\/12513\/revisions"}],"wp:attachment":[{"href":"https:\/\/vosgesinfo.fr\/gerardmerinfo\/wp-json\/wp\/v2\/media?parent=12513"}],"wp:term":[{"taxonomy":"category","embeddable":true,"href":"https:\/\/vosgesinfo.fr\/gerardmerinfo\/wp-json\/wp\/v2\/categories?post=12513"},{"taxonomy":"post_tag","embeddable":true,"href":"https:\/\/vosgesinfo.fr\/gerardmerinfo\/wp-json\/wp\/v2\/tags?post=12513"}],"curies":[{"name":"wp","href":"https:\/\/api.w.org\/{rel}","templated":true}]}}