{"id":12515,"date":"2015-03-27T07:13:44","date_gmt":"2015-03-27T06:13:44","guid":{"rendered":"https:\/\/vosgesinfo.fr\/gerardmerinfo\/2015\/03\/crash-du-mont-sainte-odile-87-morts-et-9-survivants-toujours-ancre-dans-la-memoire-de-gaston-curien\/"},"modified":"2015-03-27T07:13:44","modified_gmt":"2015-03-27T06:13:44","slug":"crash-du-mont-sainte-odile-87-morts-et-9-survivants-toujours-ancre-dans-la-memoire-de-gaston-curien","status":"publish","type":"post","link":"https:\/\/vosgesinfo.fr\/gerardmerinfo\/2015\/03\/crash-du-mont-sainte-odile-87-morts-et-9-survivants-toujours-ancre-dans-la-memoire-de-gaston-curien\/","title":{"rendered":"Crash du Mont Sainte-Odile (87 morts et 9 survivants) toujours ancr\u00e9 dans la m\u00e9moire de Gaston Curien"},"content":{"rendered":"<p><strong>Gaston Curien nous livre ses souvenirs du crash d\u2019un avion au Mont Saint-Odile en janvier 1992. Il avait fait 87 morts et 9 survivants. Un r\u00e9cit aussi poignant qu\u2019authentique.<\/strong><\/p>\n<div class=\"tiled-gallery type-rectangular\" data-original-width=\"545\" data-carousel-extra=\"{&quot;blog_id&quot;:1,&quot;permalink&quot;:&quot;http:\/\/remiremontinfo.fr\/?p=87441&quot;,&quot;likes_blog_id&quot;:75687315}\">\n<div class=\"gallery-row\" data-original-width=\"545\" data-original-height=\"170\">\n<div class=\"gallery-group images-1\" data-original-width=\"282\" data-original-height=\"170\">\n<div class=\"tiled-gallery-item tiled-gallery-item-large\">  <\/div>\n<\/div>\n<div class=\"gallery-group images-1\" data-original-width=\"263\" data-original-height=\"170\">\n<div class=\"tiled-gallery-item tiled-gallery-item-large\">  <\/div>\n<\/div>\n<\/div>\n<div class=\"gallery-row\" data-original-width=\"545\" data-original-height=\"168\">\n<div class=\"gallery-group images-1\" data-original-width=\"280\" data-original-height=\"168\">\n<div class=\"tiled-gallery-item tiled-gallery-item-large\">  <\/div>\n<\/div>\n<div class=\"gallery-group images-1\" data-original-width=\"265\" data-original-height=\"168\">\n<div class=\"tiled-gallery-item tiled-gallery-item-large\">  <\/div>\n<\/div>\n<\/div>\n<\/div>\n<p><em>Le 20 janvier 1992, reporter photographe \u00e0 feu La Libert\u00e9 de l\u2019Est, je re\u00e7ois vers 20 heures un appel du journal m\u2019informant qu\u2019un avion de ligne vient de se crasher au Mont Sainte-Odile (87 morts et 9 survivants)\u00a0et qu\u2019il faut m\u2019y rendre. Apr\u00e8s un bref passage au journal\u00a0pour emmener\u00a0un r\u00e9dacteur avec moi, me voil\u00e0\u00a0 parti pour les Cr\u00eates Vosgiennes.<\/em><\/p>\n<p><em>Connaissant parfaitement le massif gr\u00e2ce \u00e0 mes p\u00e9r\u00e9grinations sportives dues au ski nordique, je prends la direction du Champ du Feu au lieu du parcours traditionnel, et ce malgr\u00e9 les contestations de mon accompagnateur.<\/em><\/p>\n<p><em>Bien m\u2019en prit, arriv\u00e9 sur le plateau, nous rencontrons un barrage de gendarmerie que nous parvenons \u00e0 passer all\u00e9grement gr\u00e2ce \u00e0 nos cartes de presse. Quelques hectom\u00e8tres plus loin, j\u2019aper\u00e7ois une silhouette marchant le long de la route menant au Mont Sainte-Odile. Arriv\u00e9 \u00e0 sa hauteur, je m\u2019aper\u00e7ois que cette personne est une\u00a0bonne s\u0153ur du couvent. Je lui demande si nous pouvons lui rendre service vu que le thermom\u00e8tre marque all\u00e9grement les moins 20 degr\u00e9s, elle me r\u00e9pond qu\u2019elle revient de l\u2019\u00e9pave et qu\u2019elle rentre au couvent. Malin, je lui propose de la raccompagner sachant qu\u2019avec cet alibi, nous aurions carte blanche pour la suite.<\/em><\/p>\n<p><em>Je ne vous dis pas la suite, apr\u00e8s un repas et une bonne nuit au couvent (je garde pr\u00e9cieusement la note de notre s\u00e9jour, comme un troph\u00e9e), le lendemain matin gr\u00e2ce \u00e0 notre guide de la veille, nous sommes les premiers journalistes sur les lieux du drame au grand \u00e9tonnement des forces de l\u2019ordre. Sur les lieux, c\u2019est l\u2019apocalypse, une odeur de k\u00e9ros\u00e8ne et de chair humaine nous prenait \u00e0 la gorge. Visuellement, c\u2019\u00e9tait l\u2019horreur\u00a0: des v\u00eatements \u00e9pars, des valises \u00e9ventr\u00e9es, des chaussures, et surtout des lambeaux de corps humains \u00e0 chaque pas (mains, pieds).<\/em><\/p>\n<p><em>Pour confirmer mes dires le spectacle, j\u2019avan\u00e7ais \u00e0 petits pas l\u2019\u0153il coll\u00e9 \u00e0 mon viseur d\u2019appareil photo afin de r\u00e9sister moralement. Heureusement, ce jour-l\u00e0, il y avait une \u00e9paisse couche de neige.<\/em><\/p>\n<p><em>Je plains les sauveteurs de ces jours derniers, ils ne sont pas pr\u00e8s d\u2019oublier. Personnellement et sans aide, j\u2019ai mis plusieurs ann\u00e9es \u00e0 effacer ces images de ma pens\u00e9e.<\/em><\/p>\n<p><em>Aujourd\u2019hui, pour avoir la preuve du suicide de ce pilote il faut savoir ce que celui-ci a fait du k\u00e9ros\u00e8ne des r\u00e9servoirs, vu que les t\u00e9moins n\u2019ont entendu aucune explosion lors du crash.<\/em><\/p>\n<p>Gaston Curien.<\/p>\n","protected":false},"excerpt":{"rendered":"<p>Gaston Curien nous livre ses souvenirs du crash d\u2019un avion au Mont Saint-Odile en janvier 1992. Il avait fait 87 [&hellip;]<\/p>\n","protected":false},"author":1,"featured_media":0,"comment_status":"open","ping_status":"open","sticky":false,"template":"","format":"standard","meta":{"footnotes":""},"categories":[8],"tags":[],"class_list":["post-12515","post","type-post","status-publish","format-standard","hentry","category-faits-divers"],"acf":[],"yoast_head":"<!-- This site is optimized with the Yoast SEO plugin v22.5 - https:\/\/yoast.com\/wordpress\/plugins\/seo\/ -->\n<title>Crash du Mont Sainte-Odile (87 morts et 9 survivants) toujours ancr\u00e9 dans la m\u00e9moire de Gaston Curien - Gerardmer Info<\/title>\n<meta name=\"robots\" content=\"index, follow, max-snippet:-1, max-image-preview:large, max-video-preview:-1\" \/>\n<link rel=\"canonical\" href=\"https:\/\/vosgesinfo.fr\/gerardmerinfo\/2015\/03\/crash-du-mont-sainte-odile-87-morts-et-9-survivants-toujours-ancre-dans-la-memoire-de-gaston-curien\/\" \/>\n<meta name=\"twitter:card\" content=\"summary_large_image\" \/>\n<meta name=\"twitter:title\" content=\"Crash du Mont Sainte-Odile (87 morts et 9 survivants) toujours ancr\u00e9 dans la m\u00e9moire de Gaston Curien - Gerardmer Info\" \/>\n<meta name=\"twitter:description\" content=\"Gaston Curien nous livre ses souvenirs du crash d\u2019un avion au Mont Saint-Odile en janvier 1992. Il avait fait 87 [&hellip;]\" \/>\n<meta name=\"twitter:creator\" content=\"@VosgesInfo88\" \/>\n<meta name=\"twitter:site\" content=\"@VosgesInfo88\" \/>\n<meta name=\"twitter:label1\" content=\"\u00c9crit par\" \/>\n\t<meta name=\"twitter:data1\" content=\"qs_admin\" \/>\n\t<meta name=\"twitter:label2\" content=\"Dur\u00e9e de lecture estim\u00e9e\" \/>\n\t<meta name=\"twitter:data2\" content=\"2 minutes\" \/>\n<script type=\"application\/ld+json\" class=\"yoast-schema-graph\">{\"@context\":\"https:\/\/schema.org\",\"@graph\":[{\"@type\":\"Article\",\"@id\":\"https:\/\/vosgesinfo.fr\/gerardmerinfo\/2015\/03\/crash-du-mont-sainte-odile-87-morts-et-9-survivants-toujours-ancre-dans-la-memoire-de-gaston-curien\/#article\",\"isPartOf\":{\"@id\":\"https:\/\/vosgesinfo.fr\/gerardmerinfo\/2015\/03\/crash-du-mont-sainte-odile-87-morts-et-9-survivants-toujours-ancre-dans-la-memoire-de-gaston-curien\/\"},\"author\":{\"name\":\"qs_admin\",\"@id\":\"https:\/\/vosgesinfo.fr\/gerardmerinfo\/#\/schema\/person\/bc5d02d71e6932e81b6dadb7386667b1\"},\"headline\":\"Crash du Mont Sainte-Odile (87 morts et 9 survivants) toujours ancr\u00e9 dans la m\u00e9moire de Gaston Curien\",\"datePublished\":\"2015-03-27T06:13:44+00:00\",\"dateModified\":\"2015-03-27T06:13:44+00:00\",\"mainEntityOfPage\":{\"@id\":\"https:\/\/vosgesinfo.fr\/gerardmerinfo\/2015\/03\/crash-du-mont-sainte-odile-87-morts-et-9-survivants-toujours-ancre-dans-la-memoire-de-gaston-curien\/\"},\"wordCount\":480,\"commentCount\":0,\"publisher\":{\"@id\":\"https:\/\/vosgesinfo.fr\/gerardmerinfo\/#organization\"},\"articleSection\":[\"Faits-divers\"],\"inLanguage\":\"fr-FR\",\"potentialAction\":[{\"@type\":\"CommentAction\",\"name\":\"Comment\",\"target\":[\"https:\/\/vosgesinfo.fr\/gerardmerinfo\/2015\/03\/crash-du-mont-sainte-odile-87-morts-et-9-survivants-toujours-ancre-dans-la-memoire-de-gaston-curien\/#respond\"]}]},{\"@type\":\"WebPage\",\"@id\":\"https:\/\/vosgesinfo.fr\/gerardmerinfo\/2015\/03\/crash-du-mont-sainte-odile-87-morts-et-9-survivants-toujours-ancre-dans-la-memoire-de-gaston-curien\/\",\"url\":\"https:\/\/vosgesinfo.fr\/gerardmerinfo\/2015\/03\/crash-du-mont-sainte-odile-87-morts-et-9-survivants-toujours-ancre-dans-la-memoire-de-gaston-curien\/\",\"name\":\"Crash du Mont Sainte-Odile (87 morts et 9 survivants) toujours ancr\u00e9 dans la m\u00e9moire de Gaston Curien - Gerardmer Info\",\"isPartOf\":{\"@id\":\"https:\/\/vosgesinfo.fr\/gerardmerinfo\/#website\"},\"datePublished\":\"2015-03-27T06:13:44+00:00\",\"dateModified\":\"2015-03-27T06:13:44+00:00\",\"breadcrumb\":{\"@id\":\"https:\/\/vosgesinfo.fr\/gerardmerinfo\/2015\/03\/crash-du-mont-sainte-odile-87-morts-et-9-survivants-toujours-ancre-dans-la-memoire-de-gaston-curien\/#breadcrumb\"},\"inLanguage\":\"fr-FR\",\"potentialAction\":[{\"@type\":\"ReadAction\",\"target\":[\"https:\/\/vosgesinfo.fr\/gerardmerinfo\/2015\/03\/crash-du-mont-sainte-odile-87-morts-et-9-survivants-toujours-ancre-dans-la-memoire-de-gaston-curien\/\"]}]},{\"@type\":\"BreadcrumbList\",\"@id\":\"https:\/\/vosgesinfo.fr\/gerardmerinfo\/2015\/03\/crash-du-mont-sainte-odile-87-morts-et-9-survivants-toujours-ancre-dans-la-memoire-de-gaston-curien\/#breadcrumb\",\"itemListElement\":[{\"@type\":\"ListItem\",\"position\":1,\"name\":\"Home\",\"item\":\"https:\/\/vosgesinfo.fr\/gerardmerinfo\/\"},{\"@type\":\"ListItem\",\"position\":2,\"name\":\"Crash du Mont Sainte-Odile (87 morts et 9 survivants) toujours ancr\u00e9 dans la m\u00e9moire de Gaston Curien\"}]},{\"@type\":\"WebSite\",\"@id\":\"https:\/\/vosgesinfo.fr\/gerardmerinfo\/#website\",\"url\":\"https:\/\/vosgesinfo.fr\/gerardmerinfo\/\",\"name\":\"Gerardmer Info\",\"description\":\"Toute l&#039;actualit\u00e9 de G\u00e9rardmer\",\"publisher\":{\"@id\":\"https:\/\/vosgesinfo.fr\/gerardmerinfo\/#organization\"},\"alternateName\":\"Toute l'actualit\u00e9 de G\u00e9rardmer\",\"potentialAction\":[{\"@type\":\"SearchAction\",\"target\":{\"@type\":\"EntryPoint\",\"urlTemplate\":\"https:\/\/vosgesinfo.fr\/gerardmerinfo\/?s={search_term_string}\"},\"query-input\":\"required name=search_term_string\"}],\"inLanguage\":\"fr-FR\"},{\"@type\":\"Organization\",\"@id\":\"https:\/\/vosgesinfo.fr\/gerardmerinfo\/#organization\",\"name\":\"Gerardmer Info\",\"url\":\"https:\/\/vosgesinfo.fr\/gerardmerinfo\/\",\"logo\":{\"@type\":\"ImageObject\",\"inLanguage\":\"fr-FR\",\"@id\":\"https:\/\/vosgesinfo.fr\/gerardmerinfo\/#\/schema\/logo\/image\/\",\"url\":\"https:\/\/vosgesinfo.fr\/app\/uploads\/sites\/6\/2023\/08\/favicon-gerardmerinfo.png\",\"contentUrl\":\"https:\/\/vosgesinfo.fr\/app\/uploads\/sites\/6\/2023\/08\/favicon-gerardmerinfo.png\",\"width\":512,\"height\":512,\"caption\":\"Gerardmer Info\"},\"image\":{\"@id\":\"https:\/\/vosgesinfo.fr\/gerardmerinfo\/#\/schema\/logo\/image\/\"},\"sameAs\":[\"https:\/\/www.facebook.com\/profile.php?id=100049475262660\",\"https:\/\/x.com\/VosgesInfo88\",\"https:\/\/www.youtube.com\/@vosgesinfo\"]},{\"@type\":\"Person\",\"@id\":\"https:\/\/vosgesinfo.fr\/gerardmerinfo\/#\/schema\/person\/bc5d02d71e6932e81b6dadb7386667b1\",\"name\":\"qs_admin\",\"image\":{\"@type\":\"ImageObject\",\"inLanguage\":\"fr-FR\",\"@id\":\"https:\/\/vosgesinfo.fr\/gerardmerinfo\/#\/schema\/person\/image\/\",\"url\":\"https:\/\/secure.gravatar.com\/avatar\/94b18ee0ed79e4a42ea2f2931277b6841a8999fc6fde214600c78057cf1fe1de?s=96&d=mm&r=g\",\"contentUrl\":\"https:\/\/secure.gravatar.com\/avatar\/94b18ee0ed79e4a42ea2f2931277b6841a8999fc6fde214600c78057cf1fe1de?s=96&d=mm&r=g\",\"caption\":\"qs_admin\"},\"sameAs\":[\"https:\/\/vosgesinfo.fr\/wp\"],\"url\":\"https:\/\/vosgesinfo.fr\/gerardmerinfo\/author\/qs_admin\/\"}]}<\/script>\n<!-- \/ Yoast SEO plugin. -->","yoast_head_json":{"title":"Crash du Mont Sainte-Odile (87 morts et 9 survivants) toujours ancr\u00e9 dans la m\u00e9moire de Gaston Curien - Gerardmer Info","robots":{"index":"index","follow":"follow","max-snippet":"max-snippet:-1","max-image-preview":"max-image-preview:large","max-video-preview":"max-video-preview:-1"},"canonical":"https:\/\/vosgesinfo.fr\/gerardmerinfo\/2015\/03\/crash-du-mont-sainte-odile-87-morts-et-9-survivants-toujours-ancre-dans-la-memoire-de-gaston-curien\/","twitter_card":"summary_large_image","twitter_title":"Crash du Mont Sainte-Odile (87 morts et 9 survivants) toujours ancr\u00e9 dans la m\u00e9moire de Gaston Curien - Gerardmer Info","twitter_description":"Gaston Curien nous livre ses souvenirs du crash d\u2019un avion au Mont Saint-Odile en janvier 1992. Il avait fait 87 [&hellip;]","twitter_creator":"@VosgesInfo88","twitter_site":"@VosgesInfo88","twitter_misc":{"\u00c9crit par":"qs_admin","Dur\u00e9e de lecture estim\u00e9e":"2 minutes"},"schema":{"@context":"https:\/\/schema.org","@graph":[{"@type":"Article","@id":"https:\/\/vosgesinfo.fr\/gerardmerinfo\/2015\/03\/crash-du-mont-sainte-odile-87-morts-et-9-survivants-toujours-ancre-dans-la-memoire-de-gaston-curien\/#article","isPartOf":{"@id":"https:\/\/vosgesinfo.fr\/gerardmerinfo\/2015\/03\/crash-du-mont-sainte-odile-87-morts-et-9-survivants-toujours-ancre-dans-la-memoire-de-gaston-curien\/"},"author":{"name":"qs_admin","@id":"https:\/\/vosgesinfo.fr\/gerardmerinfo\/#\/schema\/person\/bc5d02d71e6932e81b6dadb7386667b1"},"headline":"Crash du Mont Sainte-Odile (87 morts et 9 survivants) toujours ancr\u00e9 dans la m\u00e9moire de Gaston Curien","datePublished":"2015-03-27T06:13:44+00:00","dateModified":"2015-03-27T06:13:44+00:00","mainEntityOfPage":{"@id":"https:\/\/vosgesinfo.fr\/gerardmerinfo\/2015\/03\/crash-du-mont-sainte-odile-87-morts-et-9-survivants-toujours-ancre-dans-la-memoire-de-gaston-curien\/"},"wordCount":480,"commentCount":0,"publisher":{"@id":"https:\/\/vosgesinfo.fr\/gerardmerinfo\/#organization"},"articleSection":["Faits-divers"],"inLanguage":"fr-FR","potentialAction":[{"@type":"CommentAction","name":"Comment","target":["https:\/\/vosgesinfo.fr\/gerardmerinfo\/2015\/03\/crash-du-mont-sainte-odile-87-morts-et-9-survivants-toujours-ancre-dans-la-memoire-de-gaston-curien\/#respond"]}]},{"@type":"WebPage","@id":"https:\/\/vosgesinfo.fr\/gerardmerinfo\/2015\/03\/crash-du-mont-sainte-odile-87-morts-et-9-survivants-toujours-ancre-dans-la-memoire-de-gaston-curien\/","url":"https:\/\/vosgesinfo.fr\/gerardmerinfo\/2015\/03\/crash-du-mont-sainte-odile-87-morts-et-9-survivants-toujours-ancre-dans-la-memoire-de-gaston-curien\/","name":"Crash du Mont Sainte-Odile (87 morts et 9 survivants) toujours ancr\u00e9 dans la m\u00e9moire de Gaston Curien - Gerardmer Info","isPartOf":{"@id":"https:\/\/vosgesinfo.fr\/gerardmerinfo\/#website"},"datePublished":"2015-03-27T06:13:44+00:00","dateModified":"2015-03-27T06:13:44+00:00","breadcrumb":{"@id":"https:\/\/vosgesinfo.fr\/gerardmerinfo\/2015\/03\/crash-du-mont-sainte-odile-87-morts-et-9-survivants-toujours-ancre-dans-la-memoire-de-gaston-curien\/#breadcrumb"},"inLanguage":"fr-FR","potentialAction":[{"@type":"ReadAction","target":["https:\/\/vosgesinfo.fr\/gerardmerinfo\/2015\/03\/crash-du-mont-sainte-odile-87-morts-et-9-survivants-toujours-ancre-dans-la-memoire-de-gaston-curien\/"]}]},{"@type":"BreadcrumbList","@id":"https:\/\/vosgesinfo.fr\/gerardmerinfo\/2015\/03\/crash-du-mont-sainte-odile-87-morts-et-9-survivants-toujours-ancre-dans-la-memoire-de-gaston-curien\/#breadcrumb","itemListElement":[{"@type":"ListItem","position":1,"name":"Home","item":"https:\/\/vosgesinfo.fr\/gerardmerinfo\/"},{"@type":"ListItem","position":2,"name":"Crash du Mont Sainte-Odile (87 morts et 9 survivants) toujours ancr\u00e9 dans la m\u00e9moire de Gaston Curien"}]},{"@type":"WebSite","@id":"https:\/\/vosgesinfo.fr\/gerardmerinfo\/#website","url":"https:\/\/vosgesinfo.fr\/gerardmerinfo\/","name":"Gerardmer Info","description":"Toute l&#039;actualit\u00e9 de G\u00e9rardmer","publisher":{"@id":"https:\/\/vosgesinfo.fr\/gerardmerinfo\/#organization"},"alternateName":"Toute l'actualit\u00e9 de G\u00e9rardmer","potentialAction":[{"@type":"SearchAction","target":{"@type":"EntryPoint","urlTemplate":"https:\/\/vosgesinfo.fr\/gerardmerinfo\/?s={search_term_string}"},"query-input":"required name=search_term_string"}],"inLanguage":"fr-FR"},{"@type":"Organization","@id":"https:\/\/vosgesinfo.fr\/gerardmerinfo\/#organization","name":"Gerardmer Info","url":"https:\/\/vosgesinfo.fr\/gerardmerinfo\/","logo":{"@type":"ImageObject","inLanguage":"fr-FR","@id":"https:\/\/vosgesinfo.fr\/gerardmerinfo\/#\/schema\/logo\/image\/","url":"https:\/\/vosgesinfo.fr\/app\/uploads\/sites\/6\/2023\/08\/favicon-gerardmerinfo.png","contentUrl":"https:\/\/vosgesinfo.fr\/app\/uploads\/sites\/6\/2023\/08\/favicon-gerardmerinfo.png","width":512,"height":512,"caption":"Gerardmer Info"},"image":{"@id":"https:\/\/vosgesinfo.fr\/gerardmerinfo\/#\/schema\/logo\/image\/"},"sameAs":["https:\/\/www.facebook.com\/profile.php?id=100049475262660","https:\/\/x.com\/VosgesInfo88","https:\/\/www.youtube.com\/@vosgesinfo"]},{"@type":"Person","@id":"https:\/\/vosgesinfo.fr\/gerardmerinfo\/#\/schema\/person\/bc5d02d71e6932e81b6dadb7386667b1","name":"qs_admin","image":{"@type":"ImageObject","inLanguage":"fr-FR","@id":"https:\/\/vosgesinfo.fr\/gerardmerinfo\/#\/schema\/person\/image\/","url":"https:\/\/secure.gravatar.com\/avatar\/94b18ee0ed79e4a42ea2f2931277b6841a8999fc6fde214600c78057cf1fe1de?s=96&d=mm&r=g","contentUrl":"https:\/\/secure.gravatar.com\/avatar\/94b18ee0ed79e4a42ea2f2931277b6841a8999fc6fde214600c78057cf1fe1de?s=96&d=mm&r=g","caption":"qs_admin"},"sameAs":["https:\/\/vosgesinfo.fr\/wp"],"url":"https:\/\/vosgesinfo.fr\/gerardmerinfo\/author\/qs_admin\/"}]}},"_links":{"self":[{"href":"https:\/\/vosgesinfo.fr\/gerardmerinfo\/wp-json\/wp\/v2\/posts\/12515","targetHints":{"allow":["GET"]}}],"collection":[{"href":"https:\/\/vosgesinfo.fr\/gerardmerinfo\/wp-json\/wp\/v2\/posts"}],"about":[{"href":"https:\/\/vosgesinfo.fr\/gerardmerinfo\/wp-json\/wp\/v2\/types\/post"}],"author":[{"embeddable":true,"href":"https:\/\/vosgesinfo.fr\/gerardmerinfo\/wp-json\/wp\/v2\/users\/1"}],"replies":[{"embeddable":true,"href":"https:\/\/vosgesinfo.fr\/gerardmerinfo\/wp-json\/wp\/v2\/comments?post=12515"}],"version-history":[{"count":0,"href":"https:\/\/vosgesinfo.fr\/gerardmerinfo\/wp-json\/wp\/v2\/posts\/12515\/revisions"}],"wp:attachment":[{"href":"https:\/\/vosgesinfo.fr\/gerardmerinfo\/wp-json\/wp\/v2\/media?parent=12515"}],"wp:term":[{"taxonomy":"category","embeddable":true,"href":"https:\/\/vosgesinfo.fr\/gerardmerinfo\/wp-json\/wp\/v2\/categories?post=12515"},{"taxonomy":"post_tag","embeddable":true,"href":"https:\/\/vosgesinfo.fr\/gerardmerinfo\/wp-json\/wp\/v2\/tags?post=12515"}],"curies":[{"name":"wp","href":"https:\/\/api.w.org\/{rel}","templated":true}]}}