{"id":12572,"date":"2015-04-05T15:46:44","date_gmt":"2015-04-05T13:46:44","guid":{"rendered":"https:\/\/vosgesinfo.fr\/gerardmerinfo\/2015\/04\/la-fete-des-jonquilles-a-son-coup-de-coeur-du-public\/"},"modified":"2015-04-05T15:46:44","modified_gmt":"2015-04-05T13:46:44","slug":"la-fete-des-jonquilles-a-son-coup-de-coeur-du-public","status":"publish","type":"post","link":"https:\/\/vosgesinfo.fr\/gerardmerinfo\/2015\/04\/la-fete-des-jonquilles-a-son-coup-de-coeur-du-public\/","title":{"rendered":"La F\u00eate des jonquilles a son coup de c\u0153ur du public"},"content":{"rendered":"<p>Pour une nouveaut\u00e9, c\u2019est une nouveaut\u00e9. La f\u00eate des jonquilles existe depuis des lustres sur un m\u00eame mod\u00e8le mais entraine toujours les foules. Cette ann\u00e9e, la Soci\u00e9t\u00e9 des F\u00eates de G\u00e9rardmer innove en proposant le Coup de C\u0153ur du Public. Cette ann\u00e9e 2015 marquera un r\u00e9el virage avec la possibilit\u00e9 de voter par SMS pour l\u2019\u00e9lection du plus beau char&#8230;Un seul et unique char sera choisi par ce m\u00eame public&#8230;Le classement traditionnel est quant \u00e0 lui toujours laiss\u00e9 au jury<br \/>\nLes responsables du Corso fleuri qui aura lieu le dimanche 12 avril prochain ont pris la d\u00e9cision de mettre en place un syst\u00e8me de vote pas SMS en tapant \u00ab char \u00bb et le num\u00e9ro de la structure au 6 27 27.<br \/>\nLe vote aura lieu du dimanche matin jusqu\u2019au lundi soir et il vous en co\u00fbtera 50cts plus le prix du SMS. Un num\u00e9ro de t\u00e9l\u00e9phone sera tir\u00e9 au sort avec, \u00e0 la clef, un bon de 150 \u20ac offert par Le Groupement des Loueurs Saisonniers (GLS) \u00e0 valoir sur la location d\u2019un meubl\u00e9.<br \/>\nBref, tout peut d\u00e9buter pour la pr\u00e9sidente Nicole Curtit et les b\u00e9n\u00e9voles de la SDF. La mobilisation est totale, les constructions sont dans la phase finale, il ne reste plus qu\u2019aux jonquilles \u00e0 pousser dans les pr\u00e9s, aux \u00e9coliers \u00e0 cueillir les narcisses sauvages et aux piqueurs d\u2019habiller les chars de jaune&#8230;sans oublier les mat\u00e9riaux comme la mousse, l\u2019\u00e9corce de sapin et les feuilles mortes apparues il y a quelques ann\u00e9es.. Il reste encore du travail, beaucoup d\u2019\u00e9nergie \u00e0 d\u00e9penser pour une f\u00eate qui existe aujourd\u2019hui depuis le 22 avril 1935 : manifestation que l\u2019on doit \u00e0 l\u2019initiative de l\u2019amicale cyclomotoriste de l\u2019\u00e9poque&#8230;Finalement le centenaire n\u2019est plus si loin. En attendant de c\u00e9l\u00e9brer un si\u00e8cle de festivit\u00e9, pensez coup de c\u0153ur. Pour se rendre le 12 avril prochain en Perle des Vosges mais aussi pour voter. Voter au 6 27 27 pour le char qui vous semblera le plus beau, celui qui attirera votre attention. Rendez-vous est pris !<\/p>\n","protected":false},"excerpt":{"rendered":"<p>Pour une nouveaut\u00e9, c\u2019est une nouveaut\u00e9. La f\u00eate des jonquilles existe depuis des lustres sur un m\u00eame mod\u00e8le mais entraine [&hellip;]<\/p>\n","protected":false},"author":1,"featured_media":0,"comment_status":"open","ping_status":"open","sticky":false,"template":"","format":"standard","meta":{"footnotes":""},"categories":[24,8,31],"tags":[],"class_list":["post-12572","post","type-post","status-publish","format-standard","hentry","category-evenements","category-faits-divers","category-vosges-faits-divers"],"acf":[],"yoast_head":"<!-- This site is optimized with the Yoast SEO plugin v22.5 - https:\/\/yoast.com\/wordpress\/plugins\/seo\/ -->\n<title>La F\u00eate des jonquilles a son coup de c\u0153ur du public - Gerardmer Info<\/title>\n<meta name=\"robots\" content=\"index, follow, max-snippet:-1, max-image-preview:large, max-video-preview:-1\" \/>\n<link rel=\"canonical\" href=\"https:\/\/vosgesinfo.fr\/gerardmerinfo\/2015\/04\/la-fete-des-jonquilles-a-son-coup-de-coeur-du-public\/\" \/>\n<meta name=\"twitter:card\" content=\"summary_large_image\" \/>\n<meta name=\"twitter:title\" content=\"La F\u00eate des jonquilles a son coup de c\u0153ur du public - Gerardmer Info\" \/>\n<meta name=\"twitter:description\" content=\"Pour une nouveaut\u00e9, c\u2019est une nouveaut\u00e9. La f\u00eate des jonquilles existe depuis des lustres sur un m\u00eame mod\u00e8le mais entraine [&hellip;]\" \/>\n<meta name=\"twitter:creator\" content=\"@VosgesInfo88\" \/>\n<meta name=\"twitter:site\" content=\"@VosgesInfo88\" \/>\n<meta name=\"twitter:label1\" content=\"\u00c9crit par\" \/>\n\t<meta name=\"twitter:data1\" content=\"qs_admin\" \/>\n\t<meta name=\"twitter:label2\" content=\"Dur\u00e9e de lecture estim\u00e9e\" \/>\n\t<meta name=\"twitter:data2\" content=\"2 minutes\" \/>\n<script type=\"application\/ld+json\" class=\"yoast-schema-graph\">{\"@context\":\"https:\/\/schema.org\",\"@graph\":[{\"@type\":\"Article\",\"@id\":\"https:\/\/vosgesinfo.fr\/gerardmerinfo\/2015\/04\/la-fete-des-jonquilles-a-son-coup-de-coeur-du-public\/#article\",\"isPartOf\":{\"@id\":\"https:\/\/vosgesinfo.fr\/gerardmerinfo\/2015\/04\/la-fete-des-jonquilles-a-son-coup-de-coeur-du-public\/\"},\"author\":{\"name\":\"qs_admin\",\"@id\":\"https:\/\/vosgesinfo.fr\/gerardmerinfo\/#\/schema\/person\/bc5d02d71e6932e81b6dadb7386667b1\"},\"headline\":\"La F\u00eate des jonquilles a son coup de c\u0153ur du public\",\"datePublished\":\"2015-04-05T13:46:44+00:00\",\"dateModified\":\"2015-04-05T13:46:44+00:00\",\"mainEntityOfPage\":{\"@id\":\"https:\/\/vosgesinfo.fr\/gerardmerinfo\/2015\/04\/la-fete-des-jonquilles-a-son-coup-de-coeur-du-public\/\"},\"wordCount\":372,\"commentCount\":0,\"publisher\":{\"@id\":\"https:\/\/vosgesinfo.fr\/gerardmerinfo\/#organization\"},\"articleSection\":[\"Ev\u00e8nements\",\"Faits-divers\",\"Vosges\"],\"inLanguage\":\"fr-FR\",\"potentialAction\":[{\"@type\":\"CommentAction\",\"name\":\"Comment\",\"target\":[\"https:\/\/vosgesinfo.fr\/gerardmerinfo\/2015\/04\/la-fete-des-jonquilles-a-son-coup-de-coeur-du-public\/#respond\"]}]},{\"@type\":\"WebPage\",\"@id\":\"https:\/\/vosgesinfo.fr\/gerardmerinfo\/2015\/04\/la-fete-des-jonquilles-a-son-coup-de-coeur-du-public\/\",\"url\":\"https:\/\/vosgesinfo.fr\/gerardmerinfo\/2015\/04\/la-fete-des-jonquilles-a-son-coup-de-coeur-du-public\/\",\"name\":\"La F\u00eate des jonquilles a son coup de c\u0153ur du public - Gerardmer Info\",\"isPartOf\":{\"@id\":\"https:\/\/vosgesinfo.fr\/gerardmerinfo\/#website\"},\"datePublished\":\"2015-04-05T13:46:44+00:00\",\"dateModified\":\"2015-04-05T13:46:44+00:00\",\"breadcrumb\":{\"@id\":\"https:\/\/vosgesinfo.fr\/gerardmerinfo\/2015\/04\/la-fete-des-jonquilles-a-son-coup-de-coeur-du-public\/#breadcrumb\"},\"inLanguage\":\"fr-FR\",\"potentialAction\":[{\"@type\":\"ReadAction\",\"target\":[\"https:\/\/vosgesinfo.fr\/gerardmerinfo\/2015\/04\/la-fete-des-jonquilles-a-son-coup-de-coeur-du-public\/\"]}]},{\"@type\":\"BreadcrumbList\",\"@id\":\"https:\/\/vosgesinfo.fr\/gerardmerinfo\/2015\/04\/la-fete-des-jonquilles-a-son-coup-de-coeur-du-public\/#breadcrumb\",\"itemListElement\":[{\"@type\":\"ListItem\",\"position\":1,\"name\":\"Home\",\"item\":\"https:\/\/vosgesinfo.fr\/gerardmerinfo\/\"},{\"@type\":\"ListItem\",\"position\":2,\"name\":\"La F\u00eate des jonquilles a son coup de c\u0153ur du public\"}]},{\"@type\":\"WebSite\",\"@id\":\"https:\/\/vosgesinfo.fr\/gerardmerinfo\/#website\",\"url\":\"https:\/\/vosgesinfo.fr\/gerardmerinfo\/\",\"name\":\"Gerardmer Info\",\"description\":\"Toute l&#039;actualit\u00e9 de G\u00e9rardmer\",\"publisher\":{\"@id\":\"https:\/\/vosgesinfo.fr\/gerardmerinfo\/#organization\"},\"alternateName\":\"Toute l'actualit\u00e9 de G\u00e9rardmer\",\"potentialAction\":[{\"@type\":\"SearchAction\",\"target\":{\"@type\":\"EntryPoint\",\"urlTemplate\":\"https:\/\/vosgesinfo.fr\/gerardmerinfo\/?s={search_term_string}\"},\"query-input\":\"required name=search_term_string\"}],\"inLanguage\":\"fr-FR\"},{\"@type\":\"Organization\",\"@id\":\"https:\/\/vosgesinfo.fr\/gerardmerinfo\/#organization\",\"name\":\"Gerardmer Info\",\"url\":\"https:\/\/vosgesinfo.fr\/gerardmerinfo\/\",\"logo\":{\"@type\":\"ImageObject\",\"inLanguage\":\"fr-FR\",\"@id\":\"https:\/\/vosgesinfo.fr\/gerardmerinfo\/#\/schema\/logo\/image\/\",\"url\":\"https:\/\/vosgesinfo.fr\/app\/uploads\/sites\/6\/2023\/08\/favicon-gerardmerinfo.png\",\"contentUrl\":\"https:\/\/vosgesinfo.fr\/app\/uploads\/sites\/6\/2023\/08\/favicon-gerardmerinfo.png\",\"width\":512,\"height\":512,\"caption\":\"Gerardmer Info\"},\"image\":{\"@id\":\"https:\/\/vosgesinfo.fr\/gerardmerinfo\/#\/schema\/logo\/image\/\"},\"sameAs\":[\"https:\/\/www.facebook.com\/profile.php?id=100049475262660\",\"https:\/\/x.com\/VosgesInfo88\",\"https:\/\/www.youtube.com\/@vosgesinfo\"]},{\"@type\":\"Person\",\"@id\":\"https:\/\/vosgesinfo.fr\/gerardmerinfo\/#\/schema\/person\/bc5d02d71e6932e81b6dadb7386667b1\",\"name\":\"qs_admin\",\"image\":{\"@type\":\"ImageObject\",\"inLanguage\":\"fr-FR\",\"@id\":\"https:\/\/vosgesinfo.fr\/gerardmerinfo\/#\/schema\/person\/image\/\",\"url\":\"https:\/\/secure.gravatar.com\/avatar\/94b18ee0ed79e4a42ea2f2931277b6841a8999fc6fde214600c78057cf1fe1de?s=96&d=mm&r=g\",\"contentUrl\":\"https:\/\/secure.gravatar.com\/avatar\/94b18ee0ed79e4a42ea2f2931277b6841a8999fc6fde214600c78057cf1fe1de?s=96&d=mm&r=g\",\"caption\":\"qs_admin\"},\"sameAs\":[\"https:\/\/vosgesinfo.fr\/wp\"],\"url\":\"https:\/\/vosgesinfo.fr\/gerardmerinfo\/author\/qs_admin\/\"}]}<\/script>\n<!-- \/ Yoast SEO plugin. -->","yoast_head_json":{"title":"La F\u00eate des jonquilles a son coup de c\u0153ur du public - Gerardmer Info","robots":{"index":"index","follow":"follow","max-snippet":"max-snippet:-1","max-image-preview":"max-image-preview:large","max-video-preview":"max-video-preview:-1"},"canonical":"https:\/\/vosgesinfo.fr\/gerardmerinfo\/2015\/04\/la-fete-des-jonquilles-a-son-coup-de-coeur-du-public\/","twitter_card":"summary_large_image","twitter_title":"La F\u00eate des jonquilles a son coup de c\u0153ur du public - Gerardmer Info","twitter_description":"Pour une nouveaut\u00e9, c\u2019est une nouveaut\u00e9. La f\u00eate des jonquilles existe depuis des lustres sur un m\u00eame mod\u00e8le mais entraine [&hellip;]","twitter_creator":"@VosgesInfo88","twitter_site":"@VosgesInfo88","twitter_misc":{"\u00c9crit par":"qs_admin","Dur\u00e9e de lecture estim\u00e9e":"2 minutes"},"schema":{"@context":"https:\/\/schema.org","@graph":[{"@type":"Article","@id":"https:\/\/vosgesinfo.fr\/gerardmerinfo\/2015\/04\/la-fete-des-jonquilles-a-son-coup-de-coeur-du-public\/#article","isPartOf":{"@id":"https:\/\/vosgesinfo.fr\/gerardmerinfo\/2015\/04\/la-fete-des-jonquilles-a-son-coup-de-coeur-du-public\/"},"author":{"name":"qs_admin","@id":"https:\/\/vosgesinfo.fr\/gerardmerinfo\/#\/schema\/person\/bc5d02d71e6932e81b6dadb7386667b1"},"headline":"La F\u00eate des jonquilles a son coup de c\u0153ur du public","datePublished":"2015-04-05T13:46:44+00:00","dateModified":"2015-04-05T13:46:44+00:00","mainEntityOfPage":{"@id":"https:\/\/vosgesinfo.fr\/gerardmerinfo\/2015\/04\/la-fete-des-jonquilles-a-son-coup-de-coeur-du-public\/"},"wordCount":372,"commentCount":0,"publisher":{"@id":"https:\/\/vosgesinfo.fr\/gerardmerinfo\/#organization"},"articleSection":["Ev\u00e8nements","Faits-divers","Vosges"],"inLanguage":"fr-FR","potentialAction":[{"@type":"CommentAction","name":"Comment","target":["https:\/\/vosgesinfo.fr\/gerardmerinfo\/2015\/04\/la-fete-des-jonquilles-a-son-coup-de-coeur-du-public\/#respond"]}]},{"@type":"WebPage","@id":"https:\/\/vosgesinfo.fr\/gerardmerinfo\/2015\/04\/la-fete-des-jonquilles-a-son-coup-de-coeur-du-public\/","url":"https:\/\/vosgesinfo.fr\/gerardmerinfo\/2015\/04\/la-fete-des-jonquilles-a-son-coup-de-coeur-du-public\/","name":"La F\u00eate des jonquilles a son coup de c\u0153ur du public - Gerardmer Info","isPartOf":{"@id":"https:\/\/vosgesinfo.fr\/gerardmerinfo\/#website"},"datePublished":"2015-04-05T13:46:44+00:00","dateModified":"2015-04-05T13:46:44+00:00","breadcrumb":{"@id":"https:\/\/vosgesinfo.fr\/gerardmerinfo\/2015\/04\/la-fete-des-jonquilles-a-son-coup-de-coeur-du-public\/#breadcrumb"},"inLanguage":"fr-FR","potentialAction":[{"@type":"ReadAction","target":["https:\/\/vosgesinfo.fr\/gerardmerinfo\/2015\/04\/la-fete-des-jonquilles-a-son-coup-de-coeur-du-public\/"]}]},{"@type":"BreadcrumbList","@id":"https:\/\/vosgesinfo.fr\/gerardmerinfo\/2015\/04\/la-fete-des-jonquilles-a-son-coup-de-coeur-du-public\/#breadcrumb","itemListElement":[{"@type":"ListItem","position":1,"name":"Home","item":"https:\/\/vosgesinfo.fr\/gerardmerinfo\/"},{"@type":"ListItem","position":2,"name":"La F\u00eate des jonquilles a son coup de c\u0153ur du public"}]},{"@type":"WebSite","@id":"https:\/\/vosgesinfo.fr\/gerardmerinfo\/#website","url":"https:\/\/vosgesinfo.fr\/gerardmerinfo\/","name":"Gerardmer Info","description":"Toute l&#039;actualit\u00e9 de G\u00e9rardmer","publisher":{"@id":"https:\/\/vosgesinfo.fr\/gerardmerinfo\/#organization"},"alternateName":"Toute l'actualit\u00e9 de G\u00e9rardmer","potentialAction":[{"@type":"SearchAction","target":{"@type":"EntryPoint","urlTemplate":"https:\/\/vosgesinfo.fr\/gerardmerinfo\/?s={search_term_string}"},"query-input":"required name=search_term_string"}],"inLanguage":"fr-FR"},{"@type":"Organization","@id":"https:\/\/vosgesinfo.fr\/gerardmerinfo\/#organization","name":"Gerardmer Info","url":"https:\/\/vosgesinfo.fr\/gerardmerinfo\/","logo":{"@type":"ImageObject","inLanguage":"fr-FR","@id":"https:\/\/vosgesinfo.fr\/gerardmerinfo\/#\/schema\/logo\/image\/","url":"https:\/\/vosgesinfo.fr\/app\/uploads\/sites\/6\/2023\/08\/favicon-gerardmerinfo.png","contentUrl":"https:\/\/vosgesinfo.fr\/app\/uploads\/sites\/6\/2023\/08\/favicon-gerardmerinfo.png","width":512,"height":512,"caption":"Gerardmer Info"},"image":{"@id":"https:\/\/vosgesinfo.fr\/gerardmerinfo\/#\/schema\/logo\/image\/"},"sameAs":["https:\/\/www.facebook.com\/profile.php?id=100049475262660","https:\/\/x.com\/VosgesInfo88","https:\/\/www.youtube.com\/@vosgesinfo"]},{"@type":"Person","@id":"https:\/\/vosgesinfo.fr\/gerardmerinfo\/#\/schema\/person\/bc5d02d71e6932e81b6dadb7386667b1","name":"qs_admin","image":{"@type":"ImageObject","inLanguage":"fr-FR","@id":"https:\/\/vosgesinfo.fr\/gerardmerinfo\/#\/schema\/person\/image\/","url":"https:\/\/secure.gravatar.com\/avatar\/94b18ee0ed79e4a42ea2f2931277b6841a8999fc6fde214600c78057cf1fe1de?s=96&d=mm&r=g","contentUrl":"https:\/\/secure.gravatar.com\/avatar\/94b18ee0ed79e4a42ea2f2931277b6841a8999fc6fde214600c78057cf1fe1de?s=96&d=mm&r=g","caption":"qs_admin"},"sameAs":["https:\/\/vosgesinfo.fr\/wp"],"url":"https:\/\/vosgesinfo.fr\/gerardmerinfo\/author\/qs_admin\/"}]}},"_links":{"self":[{"href":"https:\/\/vosgesinfo.fr\/gerardmerinfo\/wp-json\/wp\/v2\/posts\/12572","targetHints":{"allow":["GET"]}}],"collection":[{"href":"https:\/\/vosgesinfo.fr\/gerardmerinfo\/wp-json\/wp\/v2\/posts"}],"about":[{"href":"https:\/\/vosgesinfo.fr\/gerardmerinfo\/wp-json\/wp\/v2\/types\/post"}],"author":[{"embeddable":true,"href":"https:\/\/vosgesinfo.fr\/gerardmerinfo\/wp-json\/wp\/v2\/users\/1"}],"replies":[{"embeddable":true,"href":"https:\/\/vosgesinfo.fr\/gerardmerinfo\/wp-json\/wp\/v2\/comments?post=12572"}],"version-history":[{"count":0,"href":"https:\/\/vosgesinfo.fr\/gerardmerinfo\/wp-json\/wp\/v2\/posts\/12572\/revisions"}],"wp:attachment":[{"href":"https:\/\/vosgesinfo.fr\/gerardmerinfo\/wp-json\/wp\/v2\/media?parent=12572"}],"wp:term":[{"taxonomy":"category","embeddable":true,"href":"https:\/\/vosgesinfo.fr\/gerardmerinfo\/wp-json\/wp\/v2\/categories?post=12572"},{"taxonomy":"post_tag","embeddable":true,"href":"https:\/\/vosgesinfo.fr\/gerardmerinfo\/wp-json\/wp\/v2\/tags?post=12572"}],"curies":[{"name":"wp","href":"https:\/\/api.w.org\/{rel}","templated":true}]}}