{"id":12576,"date":"2015-04-07T05:59:39","date_gmt":"2015-04-07T03:59:39","guid":{"rendered":"https:\/\/vosgesinfo.fr\/gerardmerinfo\/2015\/04\/les-rencontres-du-cinema-commencent-aujourdhui-2\/"},"modified":"2015-04-07T05:59:39","modified_gmt":"2015-04-07T03:59:39","slug":"les-rencontres-du-cinema-commencent-aujourdhui-2","status":"publish","type":"post","link":"https:\/\/vosgesinfo.fr\/gerardmerinfo\/2015\/04\/les-rencontres-du-cinema-commencent-aujourdhui-2\/","title":{"rendered":"Les Rencontres du Cin\u00e9ma commencent aujourd&rsquo;hui"},"content":{"rendered":"<h2><span style=\"font-size: 12pt;\"><strong>Rendez-vous pour les professionnels et le public.<\/strong><\/span><\/h2>\n<p>Durant quatre jours, une quinzaine de films sont projet\u00e9s en avant-premi\u00e8re nationale. Des films qui marqueront l\u2019actualit\u00e9 cin\u00e9matographique des prochains mois, qu\u2019il s\u2019agisse de films grand public attendus, de films Art &amp; Essai ou de films \u00e0 destination du jeune public.<\/p>\n<p>Les Rencontres r\u00e9unissent chaque ann\u00e9e une centaine d\u2019exploitants de salles de cin\u00e9ma de tout l\u2019Est de la France et d\u2019autres r\u00e9gions, qui d\u00e9couvrent ainsi les prochaines sorties, \u00e9changent leurs exp\u00e9riences, rencontrent les \u00e9quipes venues pr\u00e9senter leurs films ainsi que leurs partenaires : distributeurs, institutions et prestataires dans le domaine du cin\u00e9ma.<\/p>\n<p>Les rencontres de G\u00e9rardmer ont aussi la particularit\u00e9 de r\u00e9unir des journalistes et critiques de cin\u00e9ma.<\/p>\n<p>L\u2019Office de Tourisme et la Ville de G\u00e9rardmer ont \u00e9galement souhait\u00e9 associer le public de l\u2019ensemble de la r\u00e9gion \u00e0 ces journ\u00e9es de cin\u00e9ma non-stop, en offrant la possibilit\u00e9 au plus grand nombre d\u2019assister aux s\u00e9ances avec une politique tarifaire volontariste.<\/p>\n<h2><strong><span style=\"font-size: 12pt;\">Comment sont n\u00e9es les Rencontres du cin\u00e9ma ?<\/span><\/strong><\/h2>\n<p>Depuis le d\u00e9but de l\u2019ann\u00e9e 1995, avec l\u2019ouverture du Centre des Congr\u00e8s Espace L.A.C, la Ville a souhait\u00e9 renforcer l\u2019offre culturelle locale, notamment en mati\u00e8re d\u2019organisation de manifestations et d\u2019animations \u00e0 vocation culturelle (saison culturelle, concerts&#8230;). La pr\u00e9sence de Fantastic\u2019Arts, d\u2019une salle Art et Essai (\u00e0 la Maison de la Culture et des Loisirs), du cin\u00e9ma du Casino ont convaincu les \u00e9lus de la pertinence du renforcement d\u2019un projet culturel d\u00e9di\u00e9 au cin\u00e9ma.<\/p>\n<p>De plus, forte de ses atouts touristiques, de sa capacit\u00e9 d\u2019accueil tant en h\u00e9bergement qu\u2019en \u00e9quipements publics, de l\u2019exp\u00e9rience acquise au travers de l\u2019accueil du festival Fantastic\u2019Arts et convaincue que la fr\u00e9quentation des salles de cin\u00e9ma passe par des op\u00e9rations de promotion \u00e0 destination du grand public et des acteurs de la profession, la Ville de G\u00e9rardmer, d\u00e8s 1995, r\u00e9fl\u00e9chissait au concept des Rencontres du Cin\u00e9ma.<\/p>\n<p>De la collaboration entre les Syndicats d\u2019Exploitants de Salles du Grand Est, la Ville de G\u00e9rardmer, l\u2019Office de Tourisme et la Maison de la Culture et des Loisirs, est apparue la n\u00e9cessit\u00e9 pour les professionnels du cin\u00e9ma &#8211; exploitants et distributeurs &#8211; de se rencontrer pour \u00e9changer sur l\u2019actualit\u00e9 cin\u00e9matographique. C\u2019est ainsi qu\u2019est n\u00e9e l\u2019id\u00e9e d\u2019organiser \u00e0 G\u00e9rardmer des journ\u00e9es de Rencontres du cin\u00e9ma.<\/p>\n<p><strong><span style=\"font-size: 14pt;\">Info pratiques :<\/span><\/strong><\/p>\n<table border=\"1\" cellpadding=\"0\">\n<tbody>\n<tr>\n<td>La s\u00e9ance<\/td>\n<td align=\"right\" width=\"50px\">6.00 \u20ac<\/td>\n<\/tr>\n<tr>\n<td>Le Pass Journ\u00e9e (valable mercredi, jeudi ou vendredi)<\/td>\n<td align=\"right\">13.00 \u20ac<\/td>\n<\/tr>\n<tr>\n<td>Le Pass Rencontres (valable du mardi au vendredi inclus)<\/td>\n<td align=\"right\">35.00 \u20ac<\/td>\n<\/tr>\n<\/tbody>\n<\/table>\n<div class=\"encadre\">Les d\u00e9tenteurs de Pass ou d\u2019invitation doivent <b>obligatoirement<\/b> retirer au pr\u00e9alable leur place \u00e0 la caisse du cin\u00e9ma du Casino<\/div>\n<h3>Achats des tickets s\u00e9ance et des Pass<\/h3>\n<p>&nbsp;<\/p>\n<ul>\n<li>Achat des tickets s\u00e9ances \u00e0 partir du <b>mardi 7 avril 2015 \u00e0 14h<\/b> au Cin\u00e9ma du Casino<\/li>\n<li>Achat des Pass Rencontres et des Pass Journ\u00e9e d\u00e8s le <b>lundi 16 mars 2015<\/b> \u00e0 l&rsquo;Office de Tourisme de G\u00e9rardmer, place des D\u00e9port\u00e9s.<\/li>\n<\/ul>\n<p>&nbsp;<\/p>\n<h3>A savoir<\/h3>\n<p>&nbsp;<\/p>\n<ul>\n<li>Les d\u00e9tenteurs de Pass ou d\u2019invitation doivent <b>obligatoirement<\/b> retirer au pr\u00e9alable leur place \u00e0 la caisse du cin\u00e9ma du Casino<\/li>\n<li>L\u2019entr\u00e9e \u00e0 une s\u00e9ance publique se fait dans la limite des places disponibles. Selon les s\u00e9ances, pensez \u00e0 prendre vos dispositions et r\u00e9server vos places en amont.<\/li>\n<li>Les Pass et les invitations \u00e0 une s\u00e9ance ne sont en aucun cas prioritaires.<\/li>\n<\/ul>\n<p>&nbsp;<\/p>\n<p><span style=\"font-size: 14pt;\"><strong>Demandez le programme :<\/strong><\/span><\/p>\n<table border=\"0\">\n<tbody>\n<tr>\n<td class=\"date_films\" colspan=\"5\">Mardi 7 avril<\/td>\n<\/tr>\n<tr>\n<td>07\/04\/15<br \/>\n14h15<\/td>\n<td class=\"technique\">Dur\u00e9e : 1 h 37<br \/>\nDistributeur : Jour2f\u00eate<br \/>\nDate de sortie : 6 mai 2015<br \/>\nR\u00e9alis\u00e9 par : Andrea Pallaoro<br \/>\nAvec : Catalina Sandino Moreno, Br\u00edan F. O\u2019Byrne, Mary Mouser&#8230;<br \/>\nGenre : Drame (Italie &#8211; Mexique &#8211; Etats-Unis)<\/td>\n<td><\/td>\n<td class=\"titre_film\">MEDEAS<\/td>\n<td class=\"commentaire_films\">En V.O.S.T<\/td>\n<\/tr>\n<tr>\n<td class=\"commentaire_long\" colspan=\"5\">Medeas dresse le portrait intime d\u2019une famille d\u2019agriculteurs au sein d\u2019une nature hostile. Ennis, producteur laitier aust\u00e8re et travailleur, se bat pour garder le contr\u00f4le sur sa famille et son environnement tandis que sa femme, Christina, se replie sur elle-m\u00eame, se d\u00e9tachant progressivement de lui et de leurs cinq enfants. Au fur et \u00e0 mesure que les tensions grandissent, chacun doit confronter ses aspirations et ses angoisses, jusqu\u2019au conflit ultime entre contr\u00f4le et libert\u00e9, intimit\u00e9 et ali\u00e9nation.<\/td>\n<\/tr>\n<tr>\n<td class=\"inter_film\" colspan=\"5\"><\/td>\n<\/tr>\n<tr>\n<td>07\/04\/15<br \/>\n16h00<\/td>\n<td class=\"technique\">Dur\u00e9e : 1 h 38<br \/>\nDistributeur : ARP<br \/>\nDate de sortie : 29 avril 2015<br \/>\nR\u00e9alis\u00e9 par : Ariel Kleiman<br \/>\nAvec : Vincent Cassel<br \/>\nGenre : Drame, thriller (Australie)<\/td>\n<td><\/td>\n<td class=\"titre_film\">PARTISAN<\/td>\n<td class=\"commentaire_films\">En V.O.S.T<\/td>\n<\/tr>\n<tr>\n<td class=\"commentaire_long\" colspan=\"5\">Gr\u00e9gori est \u00e0 la t\u00eate d\u2019une communaut\u00e9 prot\u00e9g\u00e9e du monde qui abrite des femmes et leurs enfants. Parmi eux, Alexandre, 11 ans, a grandi en voyant le monde \u00e0 travers les yeux de Gr\u00e9gori. Mais des \u00e9v\u00e9nements inattendus vont l\u2019amener \u00e0 penser par lui-m\u00eame.<\/td>\n<\/tr>\n<tr>\n<td class=\"inter_film\" colspan=\"5\"><\/td>\n<\/tr>\n<tr>\n<td>07\/04\/15<br \/>\n17h45<\/td>\n<td class=\"technique\">Dur\u00e9e : 1 h 06<br \/>\nDistributeur : Les Acacias<br \/>\nDate de sortie : 13 mai 2015<br \/>\nR\u00e9alis\u00e9 par : Hong Sang-soo<br \/>\nAvec : Ryo Kase, Sori Moon, Younghwa Seo&#8230;<br \/>\nGenre : Drame (Cor\u00e9e du Sud)<\/td>\n<td><\/td>\n<td class=\"titre_film\">HILL OF FREEDOM<\/td>\n<td class=\"commentaire_films\">En V.O.S.T<\/td>\n<\/tr>\n<tr>\n<td class=\"commentaire_long\" colspan=\"5\">Un Japonais se rend en Cor\u00e9e pour y retrouver son ancien amour. S\u2019installant dans une chambre d\u2019h\u00f4tes il y fait diff\u00e9rentes rencontres&#8230;<\/td>\n<\/tr>\n<tr>\n<td class=\"inter_film\" colspan=\"5\"><\/td>\n<\/tr>\n<tr>\n<td>07\/04\/15<br \/>\n19h30<\/td>\n<td class=\"technique\">Dur\u00e9e : 1 h 40<br \/>\nDistributeur : Pyramide Distribution<br \/>\nDate de sortie : 22 avril 2015<br \/>\nR\u00e9alis\u00e9 par : Emmanuel Mouret<br \/>\nAvec : Emmanuel Mouret, Virginie Efira, Ana\u00efs Demoustier&#8230;<br \/>\nGenre : Com\u00e9die, romance (France)<\/td>\n<td><\/td>\n<td class=\"titre_film\">CAPRICE<\/td>\n<td class=\"commentaire_films\">En pr\u00e9sence du r\u00e9alisateur et acteur Emmanuel MOURET<\/td>\n<\/tr>\n<tr>\n<td class=\"commentaire_long\" colspan=\"5\">Cl\u00e9ment, instituteur, est combl\u00e9 jusqu\u2019\u00e0 l\u2019\u00e9tourdissement : Alicia, une actrice c\u00e9l\u00e8bre qu\u2019il admire au plus haut point, devient sa compagne. Tout se complique quand il rencontre Caprice, une jeune femme excessive et d\u00e9bordante qui s\u2019\u00e9prend de lui. Entre temps son meilleur ami, Thomas, se rapproche d\u2019Alicia&#8230;<\/td>\n<\/tr>\n<tr>\n<td class=\"inter_film\" colspan=\"5\"><\/td>\n<\/tr>\n<tr>\n<td class=\"date_films\" colspan=\"5\">Mercredi 8 avril<\/td>\n<\/tr>\n<tr>\n<td>08\/04\/15<br \/>\n09h00<\/td>\n<td class=\"technique\">Dur\u00e9e : 1 h 52<br \/>\nDistributeur : M\u00e9mento Films<br \/>\nDate de sortie : 20 juin 2015<br \/>\nR\u00e9alis\u00e9 par : Anna Muylaert<br \/>\nAvec : R\u00e9gina Cas\u00e9&#8230;<br \/>\nGenre : Com\u00e9die (Br\u00e9sil)<\/td>\n<td><\/td>\n<td class=\"titre_film\">SECOND MOTHER<\/td>\n<td class=\"commentaire_films\">En V.O.S.T<\/td>\n<\/tr>\n<tr>\n<td class=\"commentaire_long\" colspan=\"5\">Depuis plusieurs ann\u00e9es, Val travaille avec d\u00e9vouement pour une famille ais\u00e9e de Sao Paulo, devenant une seconde m\u00e8re pour le fils. L\u2019irruption de sa fille, qu\u2019elle n\u2019a pas pu \u00e9lever, va bouleverser le quotidien tranquille de la maisonn\u00e9e..<\/td>\n<\/tr>\n<tr>\n<td class=\"inter_film\" colspan=\"5\"><\/td>\n<\/tr>\n<tr>\n<td>08\/04\/15<br \/>\n11h00<\/td>\n<td class=\"technique\">Dur\u00e9e : 2 h 04<br \/>\nDistributeur : UFO Distribution<br \/>\nDate de sortie : 6 mai 2015<br \/>\nR\u00e9alis\u00e9 par : Kanu Behl<br \/>\nAvec : Shashank Arora, Shivani Raghuvanshi&#8230;<br \/>\nGenre : Drame (Inde)<\/td>\n<td><\/td>\n<td class=\"titre_film\">TITLI, UNE CHRONIQUE INDIENNE<\/td>\n<td class=\"commentaire_films\">En V.O.S.T<\/td>\n<\/tr>\n<tr>\n<td class=\"commentaire_long\" colspan=\"5\">Dans la banlieue de Delhi, Titli, benjamin d\u2019une fratrie de braqueurs de voitures, poursuit d\u2019autres r\u00eaves que de participer aux magouilles familiales. Ses plans sont contrecarr\u00e9s par ses fr\u00e8res, qui le marient contre son gr\u00e9. Mais Titli va trouver en Neelu, sa jeune \u00e9pouse, une alli\u00e9e inattendue pour se lib\u00e9rer du poids familial&#8230;<\/td>\n<\/tr>\n<tr>\n<td class=\"inter_film\" colspan=\"5\"><\/td>\n<\/tr>\n<tr>\n<td>08\/04\/15<br \/>\n14h15<\/td>\n<td class=\"technique\">Dur\u00e9e : 1 h 51<br \/>\nDistributeur : Synergy Cin\u00e9ma<br \/>\nDate de sortie : 10 juin 2015<br \/>\nR\u00e9alis\u00e9 par : Morgan Matthews<br \/>\nAvec : Asa Butterfield, Sally Hawkins, Eddie Marsan&#8230;<br \/>\nGenre : Drame (Etats-Unis)<\/td>\n<td><\/td>\n<td class=\"titre_film\">LE MONDE DE NATHAN<\/td>\n<td class=\"commentaire_films\">En V.O.S.T<\/td>\n<\/tr>\n<tr>\n<td class=\"commentaire_long\" colspan=\"5\">Nathan est un adolescent renferm\u00e9, qui vit repli\u00e9 sur lui-m\u00eame et fuit toute manifestation d\u2019affection m\u00eame quand elle vient de Julie, sa m\u00e8re. Incapable d\u2019appr\u00e9hender l\u2019amour, Nathan trouve le confort et la s\u00e9curit\u00e9 dans les math\u00e9matiques. \u00c9paul\u00e9 par son professeur particulier, le marginal M. Humphreys, Nathan d\u00e9couvre que son aisance avec les chiffres pourrait bien lui assurer une place dans l\u2019\u00e9quipe britannique concourant aux prestigieuses Olympiades Internationales de Math\u00e9matiques&#8230;<\/td>\n<\/tr>\n<tr>\n<td class=\"inter_film\" colspan=\"5\"><\/td>\n<\/tr>\n<tr>\n<td>08\/04\/15<br \/>\n16h15<\/td>\n<td class=\"technique\">Dur\u00e9e : 2 h 03<br \/>\nDistributeur : Sophie Dulac Distribution<br \/>\nDate de sortie : 29 avril 2015<br \/>\nR\u00e9alis\u00e9 par : Giulio Ricciarelli<br \/>\nAvec : Alexander Fehling, Gert Voss, Friederike Becht&#8230;<br \/>\nGenre : Historique, drame (Allemagne)<\/td>\n<td><\/td>\n<td class=\"titre_film\">LE LABYRINTHE DU SILENCE<\/td>\n<td class=\"commentaire_films\">En V.O.S.T<br \/>\nEn pr\u00e9sence de la co-sc\u00e9nariste Elisabeth BARTEL<\/td>\n<\/tr>\n<tr>\n<td class=\"commentaire_long\" colspan=\"5\">Allemagne 1958 : un jeune procureur d\u00e9couvre des pi\u00e8ces essentielles permettant l\u2019ouverture d\u2019un proc\u00e8s contre d\u2019anciens SS ayant servi \u00e0 Auschwitz. Mais il doit faire face \u00e0 de nombreuses hostilit\u00e9s dans cette Allemagne d\u2019apr\u00e8sguerre. D\u00e9termin\u00e9, il fera tout pour que les allemands ne fuient pas leur pass\u00e9.<\/td>\n<\/tr>\n<tr>\n<td class=\"inter_film\" colspan=\"5\"><\/td>\n<\/tr>\n<tr>\n<td>08\/04\/15<br \/>\n19h45<\/td>\n<td class=\"technique\">Dur\u00e9e : 1 h 30<br \/>\nDistributeur : StudioCanal<br \/>\nDate de sortie : 15 avril 2015<br \/>\nR\u00e9alis\u00e9 par : Denis Dercourt<br \/>\nAvec : C\u00e9cile de France, Albert Dupontel, Marie B\u00e4umer&#8230;<br \/>\nGenre : Drame (France)<\/td>\n<td><\/td>\n<td class=\"titre_film\">EN EQUILIBRE<\/td>\n<td class=\"commentaire_films\">En pr\u00e9sence du r\u00e9alisateur Denis DERCOURT<\/td>\n<\/tr>\n<tr>\n<td class=\"commentaire_long\" colspan=\"5\">Marc est cascadeur \u00e9questre. Apr\u00e8s un grave accident sur un tournage de film, il perd tout espoir de remonter \u00e0 cheval. Sa compagnie d\u2019assurance a charg\u00e9 Florence de s\u2019occuper de son dossier. Mais Florence n\u2019a pas pour habitude de mettre du sentiment dans les affaires qu\u2019on lui confie. Ce film est l\u2019histoire de leur rencontre. L\u2019histoire de deux \u00eatres qui retrouvent l\u2019\u00e9quilibre\u2026<\/td>\n<\/tr>\n<tr>\n<td class=\"inter_film\" colspan=\"5\"><\/td>\n<\/tr>\n<tr>\n<td class=\"date_films\" colspan=\"5\">Jeudi 9 avril<\/td>\n<\/tr>\n<tr>\n<td>09\/04\/15<br \/>\n09h00<\/td>\n<td class=\"technique\">Dur\u00e9e : 1 h 57<br \/>\nDistributeur : Septi\u00e8me Factory<br \/>\nDate de sortie : 6 mai 2015<br \/>\nR\u00e9alis\u00e9 par : Erik Poppe<br \/>\nAvec : Juliette Binoche, Nikolaj Coster-Waldau, Chlo\u00eb Annett&#8230;<br \/>\nGenre : Drame (Norv\u00e8ge &#8211; Irlande &#8211; Su\u00e8de)<\/td>\n<td><\/td>\n<td class=\"titre_film\">L&rsquo;EPREUVE<\/td>\n<td class=\"commentaire_films\">En V.O.S.T<\/td>\n<\/tr>\n<tr>\n<td class=\"commentaire_long\" colspan=\"5\">Rebecca est une photographe de guerre de renomm\u00e9e internationale. Alors qu\u2019elle est en reportage en Afghanistan pour suivre un groupe de femmes qui pr\u00e9parent un attentat suicide, elle est gravement bless\u00e9e par l\u2019explosion d\u2019une bombe. De retour chez elle en Irlande, pour se remettre de ce traumatisme, elle doit affronter une autre \u00e9preuve. Marcus, son mari et St\u00e9phanie, sa fille ain\u00e9e de 13 ans, ne supportent plus l\u2019angoisse provoqu\u00e9e par les risques que son m\u00e9tier impose. Rebecca, qui est d\u00e9chir\u00e9e entre les souffrances qu\u2019elle fait subir \u00e0 ses proches et sa passion de photoreporter, doit faire face \u00e0 un ultimatum : choisir entre son travail et sa famille. Mais peut-on vraiment \u00e9chapper \u00e0 sa vocation, aussi dangereuse soit-elle ? Renoncera t-elle \u00e0 couvrir ces zones de combats, et \u00e0 sa volont\u00e9 de d\u00e9noncer la trag\u00e9die humaine de son \u00e9poque?<\/td>\n<\/tr>\n<tr>\n<td class=\"inter_film\" colspan=\"5\"><\/td>\n<\/tr>\n<tr>\n<td>09\/04\/15<br \/>\n11h15<\/td>\n<td class=\"technique\">Dur\u00e9e : 1 h 30<br \/>\nDistributeur : Europacorp Distribution<br \/>\nDate de sortie : 24 juin 2015<br \/>\nR\u00e9alis\u00e9 par : Paul Lef\u00e8vre<br \/>\nAvec : Antoine Gouy, Paul Lef\u00e8vre, Fanny Valette&#8230;<br \/>\nGenre : Com\u00e9die (France)<\/td>\n<td><\/td>\n<td class=\"titre_film\">A LOVE YOU<\/td>\n<td class=\"commentaire_films\">En pr\u00e9sence du r\u00e9alisateur et acteur Paul LEF\u00c8VRE et de l\u2019acteur Antoine GOUY<\/td>\n<\/tr>\n<tr>\n<td class=\"commentaire_long\" colspan=\"5\">Suite \u00e0 une soir\u00e9e trop arros\u00e9e et une nuit inoubliable avec une inconnue, Manu se r\u00e9veille seul avec un message sur son bras lui donnant rendez-vous \u00e0 Avignon. Persuad\u00e9 qu\u2019il s\u2019agit de la femme de sa vie, il est pr\u00eat \u00e0 tout pour la retrouver. Manu embarque, malgr\u00e9 lui, son pote Fred sur la route. Ce qui semblait \u00eatre une simple vir\u00e9e entre amis va vite tourner \u00e0 la catastrophe\u2026<\/td>\n<\/tr>\n<tr>\n<td class=\"inter_film\" colspan=\"5\"><\/td>\n<\/tr>\n<tr>\n<td>09\/04\/15<br \/>\n14h45<\/td>\n<td class=\"technique\">Dur\u00e9e : 1 h 39<br \/>\nDistributeur : Ad Vitam<br \/>\nDate de sortie : 8 juillet 2015<br \/>\nR\u00e9alis\u00e9 par : Zeresenay Mehari<br \/>\nAvec : Meron Getnet, Tizita Hagere&#8230;<br \/>\nGenre : Drame (Ethiopie)<\/td>\n<td><\/td>\n<td class=\"titre_film\">DIFRET<\/td>\n<td class=\"commentaire_films\">En V.O.S.T<\/td>\n<\/tr>\n<tr>\n<td class=\"commentaire_long\" colspan=\"5\">A trois heures de route d\u2019Addis Abeba, Hirut, 14 ans, est kidnapp\u00e9e sur le chemin de l\u2019\u00e9cole: une tradition ancestrale veut que les hommes enl\u00e8vent celles qu\u2019ils veulent \u00e9pouser. Mais Hirut r\u00e9ussit \u00e0 s\u2019\u00e9chapper en tuant son agresseur. Accus\u00e9e de meurtre, elle est d\u00e9fendue par une jeune avocate, pionni\u00e8re du droit des femmes en Ethiopie. Leur combat pour la justice commence, mais peut-on d\u00e9fier une des plus anciennes traditions ?<\/td>\n<\/tr>\n<tr>\n<td class=\"inter_film\" colspan=\"5\"><\/td>\n<\/tr>\n<tr>\n<td>09\/04\/15<br \/>\n16h45<\/td>\n<td class=\"technique\">Dur\u00e9e : 1 h 32<br \/>\nDistributeur : Damned Distribution<br \/>\nDate de sortie : 6 mai 2015<br \/>\nR\u00e9alis\u00e9 par : Bernard Bellefroid<br \/>\nAvec : Rachael Blake, Lucie Debay, Catherine Sal\u00e9e&#8230;<br \/>\nGenre : Com\u00e9die dramatique (Belgique &#8211; Luxembourg &#8211; France)<\/td>\n<td><\/td>\n<td class=\"titre_film\">MELODY<\/td>\n<td class=\"commentaire_films\">En V.O.S.T<br \/>\nEn pr\u00e9sence du r\u00e9alisateur Bernard BELLEFROID et de l\u2019actrice Lucie DEBAY<\/td>\n<\/tr>\n<tr>\n<td class=\"commentaire_long\" colspan=\"5\">Melody, modeste coiffeuse \u00e0 domicile, est pr\u00eate \u00e0 tout pour r\u00e9aliser son r\u00eave : ouvrir son propre salon de coiffure. Contre une importante somme d\u2019argent, elle accepte de porter le b\u00e9b\u00e9 d\u2019une autre et rencontre Emily, riche Anglaise qui cherche d\u00e9sesp\u00e9r\u00e9ment \u00e0 en avoir un&#8230;<\/td>\n<\/tr>\n<tr>\n<td class=\"inter_film\" colspan=\"5\"><\/td>\n<\/tr>\n<tr>\n<td>09\/04\/15<br \/>\n19h45<\/td>\n<td class=\"technique\">Dur\u00e9e : 1 h 37<br \/>\nDistributeur : StudioCanal<br \/>\nDate de sortie : 8 juillet 2015<br \/>\nR\u00e9alis\u00e9 par : Jean-Pierre Am\u00e9ris<br \/>\nAvec : Beno\u00eet Poelvoorde, Virginie Efira, Fran\u00e7ois Morel &#8230;<br \/>\nGenre : Com\u00e9die (France)<\/td>\n<td><\/td>\n<td class=\"titre_film\">UNE FAMILLE A LOUER<\/td>\n<td class=\"commentaire_films\">En pr\u00e9sence du r\u00e9alisateur Jean-Pierre AM\u00c9RIS<\/td>\n<\/tr>\n<tr>\n<td class=\"commentaire_long\" colspan=\"5\">Paul-Andr\u00e9 est un homme timide et plut\u00f4t introverti. Riche mais seul, il s\u2019ennuie profond\u00e9ment et finit par conclure que ce dont il a besoin, c\u2019est d\u2019une famille. Violette, jeune femme pleine de peps, est menac\u00e9e d\u2019expulsion et a peur de perdre la garde de ses deux enfants. Paul-Andr\u00e9 lui propose alors de louer sa famille, en tout bien tout honneur, contre le remboursement de ses dettes, pour qu\u2019il puisse enfin go\u00fbter, \u00e0 l\u2019essai, aux joies de la vie familiale ! Pour le meilleur et pour le pire&#8230;<\/td>\n<\/tr>\n<tr>\n<td class=\"inter_film\" colspan=\"5\"><\/td>\n<\/tr>\n<tr>\n<td class=\"date_films\" colspan=\"5\">Vendredi 10 avril<\/td>\n<\/tr>\n<tr>\n<td>10\/04\/15<br \/>\n08h45<\/td>\n<td class=\"technique\">Dur\u00e9e : 1 h 30<br \/>\nDistributeur : Bac Films<br \/>\nDate de sortie : 8 juillet 2015<br \/>\nR\u00e9alis\u00e9 par : Maya Forbes<br \/>\nAvec : Mark Ruffalo, Zoe Saldana, Keir Dullea&#8230;<br \/>\nGenre : Com\u00e9die dramatique (Etats-Unis)<\/td>\n<td><\/td>\n<td class=\"titre_film\">INFINITELY POLAR BEAR<\/td>\n<td class=\"commentaire_films\">En V.O.S.T<\/td>\n<\/tr>\n<tr>\n<td class=\"commentaire_long\" colspan=\"5\">Entre fous rires et crises de larmes Cameron Stuart ne sait plus o\u00f9 donner de la t\u00eate. Diagnostiqu\u00e9 bi-polaire, Cameron suit un traitement dans le but de reconqu\u00e9rir sa femme Maggie et de r\u00e9int\u00e9grer le cocon familial qu\u2019il forme avec leurs deux filles. Mais lorsque Maggie d\u00e9cide de quitter Boston pour partir \u00e0 New-York reprendre ses \u00e9tudes, la jeune femme n\u2019a pas d\u2019autre choix que de confier la garde de ses enfants \u00e0 ce p\u00e8re pas tout \u00e0 fait comme les autres\u2026<\/td>\n<\/tr>\n<tr>\n<td class=\"inter_film\" colspan=\"5\"><\/td>\n<\/tr>\n<tr>\n<td>10\/04\/15<br \/>\n10h30<\/td>\n<td class=\"technique\">Dur\u00e9e : 1 h 30<br \/>\nDistributeur : Films en Lorraine Distribution<br \/>\nDate de sortie : 29 avril 2015<br \/>\nR\u00e9alis\u00e9 par : Vincent Schmitt, Chlo\u00e9 Aicha Boro<br \/>\nGenre : Documentaire (France)<\/td>\n<td><\/td>\n<td class=\"titre_film\">FARAFIN KO<\/td>\n<td class=\"commentaire_films\">En pr\u00e9sence du co-r\u00e9alisateur Vincent Schmitt et du producteur Emmanuel GEORGES<\/td>\n<\/tr>\n<tr>\n<td class=\"commentaire_long\" colspan=\"5\">Bobo Dioulasso, un million d\u2019habitants, seconde ville du Burkina Faso apr\u00e8s Ouagadougou ; ici comme ailleurs au Burkina, la vie s\u2019organise au sein de \u00abcours\u00bb familiales. innombrables, ces cours sont autant de microcosmes o\u00f9 se perp\u00e9tue la \u00abmani\u00e8re de faire\u00bb africaine, le \u00abFarafin Ko\u00bb, synonyme de relations de solidarit\u00e9 quasi intangibles. Ce film nous invite \u00e0 p\u00e9n\u00e9trer dans l\u2019une des ces cours, \u00e0 la rencontre de la famille Sissoko. Alassane, figure centrale, en est l\u2019unique soutien. Autour de lui, vivent ses deux \u00e9pouses, Djeneba et Fatoumata, son fr\u00e8re Ibrahim, les a\u00een\u00e9s, les enfants, les parents \u00e9loign\u00e9s mais si proches&#8230; Durant une ann\u00e9e enti\u00e8re, Farafin Ko \u00e9pouse le rythme propre \u00e0 cette cour en pleine transformation. Le portrait de famille se dessine, r\u00e9v\u00e9lant d\u2019une g\u00e9n\u00e9ration \u00e0 l\u2019autre des aspirations contrast\u00e9es, pour ne pas dire contradictoires : d\u00e9sir de perp\u00e9tuer les traditions, r\u00eave d\u2019une vie meilleure en Europe, joies, entraide ou rivalit\u00e9s au quotidien. En contrechanp, le film s\u2019attache aussi \u00e0 un \u00abgrin de th\u00e9\u00bb particuli\u00e8rement anim\u00e9, agora africaine o\u00f9 l\u2019on se r\u00e9unit la nuit, \u00e0 l\u2019\u00e9cart, pour parler plus librement. Une autre dimension, plus politique, s\u2019y r\u00e9v\u00e8le, mettant en relief les tensions qui agitent les mentalit\u00e9s africaines, entre communaut\u00e9 et individualisme, tentation du repli et prise de conscience, monde d\u2019hier et monde de demain&#8230;<\/td>\n<\/tr>\n<tr>\n<td class=\"inter_film\" colspan=\"5\"><\/td>\n<\/tr>\n<tr>\n<td>10\/04\/15<br \/>\n13h30<\/td>\n<td class=\"technique\">Dur\u00e9e : 1 h 45<br \/>\nDistributeur : KMBO<br \/>\nDate de sortie : septembre 2015<br \/>\nR\u00e9alis\u00e9 par : Umut Da\u011f<br \/>\nAvec : Murathan Muslu<br \/>\nGenre : Drame (Autriche)<\/td>\n<td><\/td>\n<td class=\"titre_film\">CRACKS<\/td>\n<td class=\"commentaire_films\">En V.O.S.T<\/td>\n<\/tr>\n<tr>\n<td class=\"commentaire_long\" colspan=\"5\">Ertan sort de prison apr\u00e8s 10 ans de d\u00e9tention. Il recroise rapidement ses anciennes fr\u00e9quentations qui ne manquant pas d\u2019essayer de le m\u00ealer \u00e0 des petits d\u00e9lits. Mais en qu\u00eate de repentance et d\u2019une nouvelle vie simple et sans histoires, il pr\u00e9f\u00e8re accepter un modeste petit boulot. Il croise sur son chemin un jeune d\u00e9linquant, plein de r\u00eaves de gloire, qui lui rappele sa propre histoire. Ertan ne tarde pas \u00e0 se pr\u00e9occuper de l\u2019adolescent et des coups dans lequel il est impliqu\u00e9, pour lui \u00e9viter de commettre ses erreurs du pass\u00e9.<\/td>\n<\/tr>\n<tr>\n<td class=\"inter_film\" colspan=\"5\"><\/td>\n<\/tr>\n<tr>\n<td>10\/04\/15<br \/>\n15h25<\/td>\n<td class=\"technique\">Dur\u00e9e : 1 h 33<br \/>\nDistributeur : Metropolitan FilmExport<br \/>\nDate de sortie : 22 avril 2015<br \/>\nR\u00e9alis\u00e9 par : Peter Bogdanovich<br \/>\nAvec : Imogen Poots, Jennifer Aniston, Owen Wilson&#8230;<br \/>\nGenre : Com\u00e9die romantique (Etats-Unis)<\/td>\n<td><\/td>\n<td class=\"titre_film\">BROADWAY THERAPY<\/td>\n<td class=\"commentaire_films\">En V.O.S.T<\/td>\n<\/tr>\n<tr>\n<td class=\"commentaire_long\" colspan=\"5\">Lorsqu\u2019Isabella rencontre Arnold, un charmant metteur en sc\u00e8ne de Broadway, sa vie bascule. \u00c0 travers les souvenirs \u2013 plus ou moins farfelus \u2013 qu\u2019elle confie \u00e0 une journaliste, l\u2019ancienne escort girl de Brooklyn venue tenter sa chance \u00e0 Hollywood, raconte comment ce \u00ab rendez-vous \u00bb lui a tout \u00e0 coup apport\u00e9 une fortune, et une chance qui ne se refuse pas&#8230; Tous ceux qui se trouvent m\u00eal\u00e9s de pr\u00e8s ou de loin \u00e0 cette d\u00e9lirante histoire vont voir leur vie changer \u00e0 jamais dans un encha\u00eenement de p\u00e9rip\u00e9ties aussi r\u00e9jouissantes qu\u2019impr\u00e9visibles. Personne n\u2019en sortira indemne, ni l\u2019\u00e9pouse d\u2019Arnold, Delta, ni le com\u00e9dien Seth Gilbert, ni le dramaturge Joshua Fleet, pas m\u00eame Jane, la psy d\u2019Isabella&#8230;<\/td>\n<\/tr>\n<tr>\n<td class=\"inter_film\" colspan=\"5\"><\/td>\n<\/tr>\n<tr>\n<td>10\/04\/15<br \/>\n17h05<\/td>\n<td class=\"technique\">Dur\u00e9e : 1 h 44<br \/>\nDistributeur : Le Pacte<br \/>\nDate de sortie : 15 juillet 2015<br \/>\nR\u00e9alis\u00e9 par : Alberto Rodriguez<br \/>\nAvec : Ra\u00fal Ar\u00e9valo, Javier Guti\u00e9rrez (II), Antonio de la Torre&#8230;<br \/>\nGenre : Policier (Espagnol)<\/td>\n<td><\/td>\n<td class=\"titre_film\">LA ISLA MINIMA<\/td>\n<td class=\"commentaire_films\">En V.O.S.T<\/td>\n<\/tr>\n<tr>\n<td class=\"commentaire_long\" colspan=\"5\">1980, dans le sud de l\u2019Espagne, des adolescentes sont assassin\u00e9es dans une petite ville. Deux d\u00e9tectives aux id\u00e9ologies diff\u00e9rentes sont charg\u00e9s d\u2019enqu\u00eater. Ils vont devoir mettre leurs diff\u00e9rences de c\u00f4t\u00e9 pour tenter de d\u2019arr\u00eater le meurtrier qui terrorise la petite ville.<\/td>\n<\/tr>\n<tr>\n<td class=\"inter_film\" colspan=\"5\"><\/td>\n<\/tr>\n<tr>\n<td>10\/04\/15<br \/>\n19h30<\/td>\n<td class=\"technique\">Dur\u00e9e : 1 h 43 Distributeur : Wild Bunch Distribution Date de sortie : 3 juin 2015 R\u00e9alis\u00e9 par : Charlotte De Turckheim Avec : Alice Pol, Audrey Lamy, Bruno Sanches&#8230; Genre : Com\u00e9die (France)<\/td>\n<td><\/td>\n<td class=\"titre_film\">QUI C&rsquo;EST DES PLUS FORTS<\/td>\n<td class=\"commentaire_films\">En pr\u00e9sence de la r\u00e9alisatrice et actrice Charlotte de TURCKHEIM<\/td>\n<\/tr>\n<tr>\n<td class=\"commentaire_long\" colspan=\"5\">Samantha, pom-pom girl \u00e0 ses heures, se bat pour conserver la garde de sa jeune soeur et pour arrondir les fins de mois difficiles. Avec C\u00e9line, sa colocataire et meilleure amie, elles imaginent toutes les solutions pour s\u2019en sortir \u2013 du t\u00e9l\u00e9phone rose \u00e0 l\u2019art floral \u2013jusqu\u2019au jour o\u00f9 un couple inattendu vient sonner \u00e0 leur porte\u2026<\/td>\n<\/tr>\n<\/tbody>\n<\/table>\n","protected":false},"excerpt":{"rendered":"<p>Rendez-vous pour les professionnels et le public. Durant quatre jours, une quinzaine de films sont projet\u00e9s en avant-premi\u00e8re nationale. Des [&hellip;]<\/p>\n","protected":false},"author":1,"featured_media":0,"comment_status":"open","ping_status":"open","sticky":false,"template":"","format":"standard","meta":{"footnotes":""},"categories":[4,13,18],"tags":[],"class_list":["post-12576","post","type-post","status-publish","format-standard","hentry","category-culture","category-societe","category-vosges"],"acf":[],"yoast_head":"<!-- This site is optimized with the Yoast SEO plugin v22.5 - https:\/\/yoast.com\/wordpress\/plugins\/seo\/ -->\n<title>Les Rencontres du Cin\u00e9ma commencent aujourd&#039;hui - Gerardmer Info<\/title>\n<meta name=\"robots\" content=\"index, follow, max-snippet:-1, max-image-preview:large, max-video-preview:-1\" \/>\n<link rel=\"canonical\" href=\"https:\/\/vosgesinfo.fr\/gerardmerinfo\/2015\/04\/les-rencontres-du-cinema-commencent-aujourdhui-2\/\" \/>\n<meta name=\"twitter:card\" content=\"summary_large_image\" \/>\n<meta name=\"twitter:title\" content=\"Les Rencontres du Cin\u00e9ma commencent aujourd&#039;hui - Gerardmer Info\" \/>\n<meta name=\"twitter:description\" content=\"Rendez-vous pour les professionnels et le public. Durant quatre jours, une quinzaine de films sont projet\u00e9s en avant-premi\u00e8re nationale. Des [&hellip;]\" \/>\n<meta name=\"twitter:creator\" content=\"@VosgesInfo88\" \/>\n<meta name=\"twitter:site\" content=\"@VosgesInfo88\" \/>\n<meta name=\"twitter:label1\" content=\"\u00c9crit par\" \/>\n\t<meta name=\"twitter:data1\" content=\"qs_admin\" \/>\n\t<meta name=\"twitter:label2\" content=\"Dur\u00e9e de lecture estim\u00e9e\" \/>\n\t<meta name=\"twitter:data2\" content=\"15 minutes\" \/>\n<script type=\"application\/ld+json\" class=\"yoast-schema-graph\">{\"@context\":\"https:\/\/schema.org\",\"@graph\":[{\"@type\":\"Article\",\"@id\":\"https:\/\/vosgesinfo.fr\/gerardmerinfo\/2015\/04\/les-rencontres-du-cinema-commencent-aujourdhui-2\/#article\",\"isPartOf\":{\"@id\":\"https:\/\/vosgesinfo.fr\/gerardmerinfo\/2015\/04\/les-rencontres-du-cinema-commencent-aujourdhui-2\/\"},\"author\":{\"name\":\"qs_admin\",\"@id\":\"https:\/\/vosgesinfo.fr\/gerardmerinfo\/#\/schema\/person\/bc5d02d71e6932e81b6dadb7386667b1\"},\"headline\":\"Les Rencontres du Cin\u00e9ma commencent aujourd&rsquo;hui\",\"datePublished\":\"2015-04-07T03:59:39+00:00\",\"dateModified\":\"2015-04-07T03:59:39+00:00\",\"mainEntityOfPage\":{\"@id\":\"https:\/\/vosgesinfo.fr\/gerardmerinfo\/2015\/04\/les-rencontres-du-cinema-commencent-aujourdhui-2\/\"},\"wordCount\":3029,\"commentCount\":0,\"publisher\":{\"@id\":\"https:\/\/vosgesinfo.fr\/gerardmerinfo\/#organization\"},\"articleSection\":[\"Culture\",\"Soci\u00e9t\u00e9\",\"Vosges\"],\"inLanguage\":\"fr-FR\",\"potentialAction\":[{\"@type\":\"CommentAction\",\"name\":\"Comment\",\"target\":[\"https:\/\/vosgesinfo.fr\/gerardmerinfo\/2015\/04\/les-rencontres-du-cinema-commencent-aujourdhui-2\/#respond\"]}]},{\"@type\":\"WebPage\",\"@id\":\"https:\/\/vosgesinfo.fr\/gerardmerinfo\/2015\/04\/les-rencontres-du-cinema-commencent-aujourdhui-2\/\",\"url\":\"https:\/\/vosgesinfo.fr\/gerardmerinfo\/2015\/04\/les-rencontres-du-cinema-commencent-aujourdhui-2\/\",\"name\":\"Les Rencontres du Cin\u00e9ma commencent aujourd'hui - Gerardmer Info\",\"isPartOf\":{\"@id\":\"https:\/\/vosgesinfo.fr\/gerardmerinfo\/#website\"},\"datePublished\":\"2015-04-07T03:59:39+00:00\",\"dateModified\":\"2015-04-07T03:59:39+00:00\",\"breadcrumb\":{\"@id\":\"https:\/\/vosgesinfo.fr\/gerardmerinfo\/2015\/04\/les-rencontres-du-cinema-commencent-aujourdhui-2\/#breadcrumb\"},\"inLanguage\":\"fr-FR\",\"potentialAction\":[{\"@type\":\"ReadAction\",\"target\":[\"https:\/\/vosgesinfo.fr\/gerardmerinfo\/2015\/04\/les-rencontres-du-cinema-commencent-aujourdhui-2\/\"]}]},{\"@type\":\"BreadcrumbList\",\"@id\":\"https:\/\/vosgesinfo.fr\/gerardmerinfo\/2015\/04\/les-rencontres-du-cinema-commencent-aujourdhui-2\/#breadcrumb\",\"itemListElement\":[{\"@type\":\"ListItem\",\"position\":1,\"name\":\"Home\",\"item\":\"https:\/\/vosgesinfo.fr\/gerardmerinfo\/\"},{\"@type\":\"ListItem\",\"position\":2,\"name\":\"Les Rencontres du Cin\u00e9ma commencent aujourd&rsquo;hui\"}]},{\"@type\":\"WebSite\",\"@id\":\"https:\/\/vosgesinfo.fr\/gerardmerinfo\/#website\",\"url\":\"https:\/\/vosgesinfo.fr\/gerardmerinfo\/\",\"name\":\"Gerardmer Info\",\"description\":\"Toute l&#039;actualit\u00e9 de G\u00e9rardmer\",\"publisher\":{\"@id\":\"https:\/\/vosgesinfo.fr\/gerardmerinfo\/#organization\"},\"alternateName\":\"Toute l'actualit\u00e9 de G\u00e9rardmer\",\"potentialAction\":[{\"@type\":\"SearchAction\",\"target\":{\"@type\":\"EntryPoint\",\"urlTemplate\":\"https:\/\/vosgesinfo.fr\/gerardmerinfo\/?s={search_term_string}\"},\"query-input\":\"required name=search_term_string\"}],\"inLanguage\":\"fr-FR\"},{\"@type\":\"Organization\",\"@id\":\"https:\/\/vosgesinfo.fr\/gerardmerinfo\/#organization\",\"name\":\"Gerardmer Info\",\"url\":\"https:\/\/vosgesinfo.fr\/gerardmerinfo\/\",\"logo\":{\"@type\":\"ImageObject\",\"inLanguage\":\"fr-FR\",\"@id\":\"https:\/\/vosgesinfo.fr\/gerardmerinfo\/#\/schema\/logo\/image\/\",\"url\":\"https:\/\/vosgesinfo.fr\/app\/uploads\/sites\/6\/2023\/08\/favicon-gerardmerinfo.png\",\"contentUrl\":\"https:\/\/vosgesinfo.fr\/app\/uploads\/sites\/6\/2023\/08\/favicon-gerardmerinfo.png\",\"width\":512,\"height\":512,\"caption\":\"Gerardmer Info\"},\"image\":{\"@id\":\"https:\/\/vosgesinfo.fr\/gerardmerinfo\/#\/schema\/logo\/image\/\"},\"sameAs\":[\"https:\/\/www.facebook.com\/profile.php?id=100049475262660\",\"https:\/\/x.com\/VosgesInfo88\",\"https:\/\/www.youtube.com\/@vosgesinfo\"]},{\"@type\":\"Person\",\"@id\":\"https:\/\/vosgesinfo.fr\/gerardmerinfo\/#\/schema\/person\/bc5d02d71e6932e81b6dadb7386667b1\",\"name\":\"qs_admin\",\"image\":{\"@type\":\"ImageObject\",\"inLanguage\":\"fr-FR\",\"@id\":\"https:\/\/vosgesinfo.fr\/gerardmerinfo\/#\/schema\/person\/image\/\",\"url\":\"https:\/\/secure.gravatar.com\/avatar\/94b18ee0ed79e4a42ea2f2931277b6841a8999fc6fde214600c78057cf1fe1de?s=96&d=mm&r=g\",\"contentUrl\":\"https:\/\/secure.gravatar.com\/avatar\/94b18ee0ed79e4a42ea2f2931277b6841a8999fc6fde214600c78057cf1fe1de?s=96&d=mm&r=g\",\"caption\":\"qs_admin\"},\"sameAs\":[\"https:\/\/vosgesinfo.fr\/wp\"],\"url\":\"https:\/\/vosgesinfo.fr\/gerardmerinfo\/author\/qs_admin\/\"}]}<\/script>\n<!-- \/ Yoast SEO plugin. -->","yoast_head_json":{"title":"Les Rencontres du Cin\u00e9ma commencent aujourd'hui - Gerardmer Info","robots":{"index":"index","follow":"follow","max-snippet":"max-snippet:-1","max-image-preview":"max-image-preview:large","max-video-preview":"max-video-preview:-1"},"canonical":"https:\/\/vosgesinfo.fr\/gerardmerinfo\/2015\/04\/les-rencontres-du-cinema-commencent-aujourdhui-2\/","twitter_card":"summary_large_image","twitter_title":"Les Rencontres du Cin\u00e9ma commencent aujourd'hui - Gerardmer Info","twitter_description":"Rendez-vous pour les professionnels et le public. Durant quatre jours, une quinzaine de films sont projet\u00e9s en avant-premi\u00e8re nationale. Des [&hellip;]","twitter_creator":"@VosgesInfo88","twitter_site":"@VosgesInfo88","twitter_misc":{"\u00c9crit par":"qs_admin","Dur\u00e9e de lecture estim\u00e9e":"15 minutes"},"schema":{"@context":"https:\/\/schema.org","@graph":[{"@type":"Article","@id":"https:\/\/vosgesinfo.fr\/gerardmerinfo\/2015\/04\/les-rencontres-du-cinema-commencent-aujourdhui-2\/#article","isPartOf":{"@id":"https:\/\/vosgesinfo.fr\/gerardmerinfo\/2015\/04\/les-rencontres-du-cinema-commencent-aujourdhui-2\/"},"author":{"name":"qs_admin","@id":"https:\/\/vosgesinfo.fr\/gerardmerinfo\/#\/schema\/person\/bc5d02d71e6932e81b6dadb7386667b1"},"headline":"Les Rencontres du Cin\u00e9ma commencent aujourd&rsquo;hui","datePublished":"2015-04-07T03:59:39+00:00","dateModified":"2015-04-07T03:59:39+00:00","mainEntityOfPage":{"@id":"https:\/\/vosgesinfo.fr\/gerardmerinfo\/2015\/04\/les-rencontres-du-cinema-commencent-aujourdhui-2\/"},"wordCount":3029,"commentCount":0,"publisher":{"@id":"https:\/\/vosgesinfo.fr\/gerardmerinfo\/#organization"},"articleSection":["Culture","Soci\u00e9t\u00e9","Vosges"],"inLanguage":"fr-FR","potentialAction":[{"@type":"CommentAction","name":"Comment","target":["https:\/\/vosgesinfo.fr\/gerardmerinfo\/2015\/04\/les-rencontres-du-cinema-commencent-aujourdhui-2\/#respond"]}]},{"@type":"WebPage","@id":"https:\/\/vosgesinfo.fr\/gerardmerinfo\/2015\/04\/les-rencontres-du-cinema-commencent-aujourdhui-2\/","url":"https:\/\/vosgesinfo.fr\/gerardmerinfo\/2015\/04\/les-rencontres-du-cinema-commencent-aujourdhui-2\/","name":"Les Rencontres du Cin\u00e9ma commencent aujourd'hui - Gerardmer Info","isPartOf":{"@id":"https:\/\/vosgesinfo.fr\/gerardmerinfo\/#website"},"datePublished":"2015-04-07T03:59:39+00:00","dateModified":"2015-04-07T03:59:39+00:00","breadcrumb":{"@id":"https:\/\/vosgesinfo.fr\/gerardmerinfo\/2015\/04\/les-rencontres-du-cinema-commencent-aujourdhui-2\/#breadcrumb"},"inLanguage":"fr-FR","potentialAction":[{"@type":"ReadAction","target":["https:\/\/vosgesinfo.fr\/gerardmerinfo\/2015\/04\/les-rencontres-du-cinema-commencent-aujourdhui-2\/"]}]},{"@type":"BreadcrumbList","@id":"https:\/\/vosgesinfo.fr\/gerardmerinfo\/2015\/04\/les-rencontres-du-cinema-commencent-aujourdhui-2\/#breadcrumb","itemListElement":[{"@type":"ListItem","position":1,"name":"Home","item":"https:\/\/vosgesinfo.fr\/gerardmerinfo\/"},{"@type":"ListItem","position":2,"name":"Les Rencontres du Cin\u00e9ma commencent aujourd&rsquo;hui"}]},{"@type":"WebSite","@id":"https:\/\/vosgesinfo.fr\/gerardmerinfo\/#website","url":"https:\/\/vosgesinfo.fr\/gerardmerinfo\/","name":"Gerardmer Info","description":"Toute l&#039;actualit\u00e9 de G\u00e9rardmer","publisher":{"@id":"https:\/\/vosgesinfo.fr\/gerardmerinfo\/#organization"},"alternateName":"Toute l'actualit\u00e9 de G\u00e9rardmer","potentialAction":[{"@type":"SearchAction","target":{"@type":"EntryPoint","urlTemplate":"https:\/\/vosgesinfo.fr\/gerardmerinfo\/?s={search_term_string}"},"query-input":"required name=search_term_string"}],"inLanguage":"fr-FR"},{"@type":"Organization","@id":"https:\/\/vosgesinfo.fr\/gerardmerinfo\/#organization","name":"Gerardmer Info","url":"https:\/\/vosgesinfo.fr\/gerardmerinfo\/","logo":{"@type":"ImageObject","inLanguage":"fr-FR","@id":"https:\/\/vosgesinfo.fr\/gerardmerinfo\/#\/schema\/logo\/image\/","url":"https:\/\/vosgesinfo.fr\/app\/uploads\/sites\/6\/2023\/08\/favicon-gerardmerinfo.png","contentUrl":"https:\/\/vosgesinfo.fr\/app\/uploads\/sites\/6\/2023\/08\/favicon-gerardmerinfo.png","width":512,"height":512,"caption":"Gerardmer Info"},"image":{"@id":"https:\/\/vosgesinfo.fr\/gerardmerinfo\/#\/schema\/logo\/image\/"},"sameAs":["https:\/\/www.facebook.com\/profile.php?id=100049475262660","https:\/\/x.com\/VosgesInfo88","https:\/\/www.youtube.com\/@vosgesinfo"]},{"@type":"Person","@id":"https:\/\/vosgesinfo.fr\/gerardmerinfo\/#\/schema\/person\/bc5d02d71e6932e81b6dadb7386667b1","name":"qs_admin","image":{"@type":"ImageObject","inLanguage":"fr-FR","@id":"https:\/\/vosgesinfo.fr\/gerardmerinfo\/#\/schema\/person\/image\/","url":"https:\/\/secure.gravatar.com\/avatar\/94b18ee0ed79e4a42ea2f2931277b6841a8999fc6fde214600c78057cf1fe1de?s=96&d=mm&r=g","contentUrl":"https:\/\/secure.gravatar.com\/avatar\/94b18ee0ed79e4a42ea2f2931277b6841a8999fc6fde214600c78057cf1fe1de?s=96&d=mm&r=g","caption":"qs_admin"},"sameAs":["https:\/\/vosgesinfo.fr\/wp"],"url":"https:\/\/vosgesinfo.fr\/gerardmerinfo\/author\/qs_admin\/"}]}},"_links":{"self":[{"href":"https:\/\/vosgesinfo.fr\/gerardmerinfo\/wp-json\/wp\/v2\/posts\/12576","targetHints":{"allow":["GET"]}}],"collection":[{"href":"https:\/\/vosgesinfo.fr\/gerardmerinfo\/wp-json\/wp\/v2\/posts"}],"about":[{"href":"https:\/\/vosgesinfo.fr\/gerardmerinfo\/wp-json\/wp\/v2\/types\/post"}],"author":[{"embeddable":true,"href":"https:\/\/vosgesinfo.fr\/gerardmerinfo\/wp-json\/wp\/v2\/users\/1"}],"replies":[{"embeddable":true,"href":"https:\/\/vosgesinfo.fr\/gerardmerinfo\/wp-json\/wp\/v2\/comments?post=12576"}],"version-history":[{"count":0,"href":"https:\/\/vosgesinfo.fr\/gerardmerinfo\/wp-json\/wp\/v2\/posts\/12576\/revisions"}],"wp:attachment":[{"href":"https:\/\/vosgesinfo.fr\/gerardmerinfo\/wp-json\/wp\/v2\/media?parent=12576"}],"wp:term":[{"taxonomy":"category","embeddable":true,"href":"https:\/\/vosgesinfo.fr\/gerardmerinfo\/wp-json\/wp\/v2\/categories?post=12576"},{"taxonomy":"post_tag","embeddable":true,"href":"https:\/\/vosgesinfo.fr\/gerardmerinfo\/wp-json\/wp\/v2\/tags?post=12576"}],"curies":[{"name":"wp","href":"https:\/\/api.w.org\/{rel}","templated":true}]}}