{"id":12579,"date":"2015-04-07T16:19:22","date_gmt":"2015-04-07T14:19:22","guid":{"rendered":"https:\/\/vosgesinfo.fr\/gerardmerinfo\/2015\/04\/les-rpi-du-beillard-et-de-faucompierre-a-linspection-dacademie\/"},"modified":"2015-04-07T16:19:22","modified_gmt":"2015-04-07T14:19:22","slug":"les-rpi-du-beillard-et-de-faucompierre-a-linspection-dacademie","status":"publish","type":"post","link":"https:\/\/vosgesinfo.fr\/gerardmerinfo\/2015\/04\/les-rpi-du-beillard-et-de-faucompierre-a-linspection-dacademie\/","title":{"rendered":"Les RPI du Beillard et de Faucompierre \u00e0 l&rsquo;inspection d&rsquo;acad\u00e9mie"},"content":{"rendered":"<div class=\"entry-byline cf\"><\/div>\n<div class=\"entry-content cf\">\n<p>Les parents d\u2019\u00e9l\u00e8ves sont inquiets\u00a0: <em>\u00ab\u00a0O\u00f9 va-t-on devoir conduire nos enfants pour aller \u00e0 l\u2019\u00e9cole\u00a0?\u00a0\u00bb<\/em> se questionnent-ils.<\/p>\n<p>En effet, les parents d\u2019\u00e9l\u00e8ves du RPI Li\u00e9zey, Bas-Beillard, Costet-Beillard, \u00a0ont \u00e9t\u00e9 re\u00e7us par l\u2019inspecteur d\u2019acad\u00e9mie . Ils m\u00e8nent un combat pour d\u00e9fendre leurs \u00e9coles rurales et refusent la fermeture de classes.<\/p>\n<p><em>\u00ab\u00a0Les parents d\u2019\u00e9l\u00e8ves ont \u00e9t\u00e9 re\u00e7us pour la premi\u00e8re instance \u00a0et seront \u00e0 nouveau re\u00e7us pour la deuxi\u00e8me instance. La d\u00e9cision doit \u00eatre prise \u00e0 l\u2019issue, \u00a0c\u2019est-\u00e0-dire d\u00e9but mai\u00a0\u00bb <\/em>explique Remy Haydont, l\u2019adjoint de l\u2019inspecteur d\u2019acad\u00e9mie.<\/p>\n<p>Pour lui <em>\u00ab\u00a0il faut entre 4 \u00e0 6 classes pour avoir une \u00e9quipe d\u2019\u00e9coles. L\u00e0 il y a 3 \u00e9coles en RPI isol\u00e9s.\u00a0\u00bb<\/em> poursuit-il. Une vingtaine d\u2019enfants devra donc se rendre \u00e0 l\u2019\u00e9cole de G\u00e9rardmer . L\u2019\u00e9cole de Li\u00e9zey doit \u00eatre maintenue\u00a0 avec quelques 18 enfants. 10 doivent partir sur le Tholy.<\/p>\n<p><em>\u00ab\u00a0Au vue de la baisse de la d\u00e9mographie sur le d\u00e9partement, on s\u2019attendait \u00e0 perdre 500 \u00e9l\u00e8ves et on en a perdu 651 cette rentr\u00e9e. L\u2019an prochain, on s\u2019attend \u00e0 en perdre encore 500\u00a0\u00bb <\/em>t\u00e9moigne Remy Haydont accompagne de Yann Kehl, inspecteur de l\u2019\u00e9ducation nationale pour la circonscription de G\u00e9rardmer.<\/p>\n<p>C.K.N.<\/p>\n<\/div>\n","protected":false},"excerpt":{"rendered":"<p>Les parents d\u2019\u00e9l\u00e8ves sont inquiets\u00a0: \u00ab\u00a0O\u00f9 va-t-on devoir conduire nos enfants pour aller \u00e0 l\u2019\u00e9cole\u00a0?\u00a0\u00bb se questionnent-ils. En effet, les [&hellip;]<\/p>\n","protected":false},"author":1,"featured_media":0,"comment_status":"open","ping_status":"open","sticky":false,"template":"","format":"standard","meta":{"footnotes":""},"categories":[13,18],"tags":[],"class_list":["post-12579","post","type-post","status-publish","format-standard","hentry","category-societe","category-vosges"],"acf":[],"yoast_head":"<!-- This site is optimized with the Yoast SEO plugin v22.5 - https:\/\/yoast.com\/wordpress\/plugins\/seo\/ -->\n<title>Les RPI du Beillard et de Faucompierre \u00e0 l&#039;inspection d&#039;acad\u00e9mie - Gerardmer Info<\/title>\n<meta name=\"robots\" content=\"index, follow, max-snippet:-1, max-image-preview:large, max-video-preview:-1\" \/>\n<link rel=\"canonical\" href=\"https:\/\/vosgesinfo.fr\/gerardmerinfo\/2015\/04\/les-rpi-du-beillard-et-de-faucompierre-a-linspection-dacademie\/\" \/>\n<meta name=\"twitter:card\" content=\"summary_large_image\" \/>\n<meta name=\"twitter:title\" content=\"Les RPI du Beillard et de Faucompierre \u00e0 l&#039;inspection d&#039;acad\u00e9mie - Gerardmer Info\" \/>\n<meta name=\"twitter:description\" content=\"Les parents d\u2019\u00e9l\u00e8ves sont inquiets\u00a0: \u00ab\u00a0O\u00f9 va-t-on devoir conduire nos enfants pour aller \u00e0 l\u2019\u00e9cole\u00a0?\u00a0\u00bb se questionnent-ils. En effet, les [&hellip;]\" \/>\n<meta name=\"twitter:creator\" content=\"@VosgesInfo88\" \/>\n<meta name=\"twitter:site\" content=\"@VosgesInfo88\" \/>\n<meta name=\"twitter:label1\" content=\"\u00c9crit par\" \/>\n\t<meta name=\"twitter:data1\" content=\"qs_admin\" \/>\n\t<meta name=\"twitter:label2\" content=\"Dur\u00e9e de lecture estim\u00e9e\" \/>\n\t<meta name=\"twitter:data2\" content=\"1 minute\" \/>\n<script type=\"application\/ld+json\" class=\"yoast-schema-graph\">{\"@context\":\"https:\/\/schema.org\",\"@graph\":[{\"@type\":\"Article\",\"@id\":\"https:\/\/vosgesinfo.fr\/gerardmerinfo\/2015\/04\/les-rpi-du-beillard-et-de-faucompierre-a-linspection-dacademie\/#article\",\"isPartOf\":{\"@id\":\"https:\/\/vosgesinfo.fr\/gerardmerinfo\/2015\/04\/les-rpi-du-beillard-et-de-faucompierre-a-linspection-dacademie\/\"},\"author\":{\"name\":\"qs_admin\",\"@id\":\"https:\/\/vosgesinfo.fr\/gerardmerinfo\/#\/schema\/person\/bc5d02d71e6932e81b6dadb7386667b1\"},\"headline\":\"Les RPI du Beillard et de Faucompierre \u00e0 l&rsquo;inspection d&rsquo;acad\u00e9mie\",\"datePublished\":\"2015-04-07T14:19:22+00:00\",\"dateModified\":\"2015-04-07T14:19:22+00:00\",\"mainEntityOfPage\":{\"@id\":\"https:\/\/vosgesinfo.fr\/gerardmerinfo\/2015\/04\/les-rpi-du-beillard-et-de-faucompierre-a-linspection-dacademie\/\"},\"wordCount\":229,\"commentCount\":0,\"publisher\":{\"@id\":\"https:\/\/vosgesinfo.fr\/gerardmerinfo\/#organization\"},\"articleSection\":[\"Soci\u00e9t\u00e9\",\"Vosges\"],\"inLanguage\":\"fr-FR\",\"potentialAction\":[{\"@type\":\"CommentAction\",\"name\":\"Comment\",\"target\":[\"https:\/\/vosgesinfo.fr\/gerardmerinfo\/2015\/04\/les-rpi-du-beillard-et-de-faucompierre-a-linspection-dacademie\/#respond\"]}]},{\"@type\":\"WebPage\",\"@id\":\"https:\/\/vosgesinfo.fr\/gerardmerinfo\/2015\/04\/les-rpi-du-beillard-et-de-faucompierre-a-linspection-dacademie\/\",\"url\":\"https:\/\/vosgesinfo.fr\/gerardmerinfo\/2015\/04\/les-rpi-du-beillard-et-de-faucompierre-a-linspection-dacademie\/\",\"name\":\"Les RPI du Beillard et de Faucompierre \u00e0 l'inspection d'acad\u00e9mie - Gerardmer Info\",\"isPartOf\":{\"@id\":\"https:\/\/vosgesinfo.fr\/gerardmerinfo\/#website\"},\"datePublished\":\"2015-04-07T14:19:22+00:00\",\"dateModified\":\"2015-04-07T14:19:22+00:00\",\"breadcrumb\":{\"@id\":\"https:\/\/vosgesinfo.fr\/gerardmerinfo\/2015\/04\/les-rpi-du-beillard-et-de-faucompierre-a-linspection-dacademie\/#breadcrumb\"},\"inLanguage\":\"fr-FR\",\"potentialAction\":[{\"@type\":\"ReadAction\",\"target\":[\"https:\/\/vosgesinfo.fr\/gerardmerinfo\/2015\/04\/les-rpi-du-beillard-et-de-faucompierre-a-linspection-dacademie\/\"]}]},{\"@type\":\"BreadcrumbList\",\"@id\":\"https:\/\/vosgesinfo.fr\/gerardmerinfo\/2015\/04\/les-rpi-du-beillard-et-de-faucompierre-a-linspection-dacademie\/#breadcrumb\",\"itemListElement\":[{\"@type\":\"ListItem\",\"position\":1,\"name\":\"Home\",\"item\":\"https:\/\/vosgesinfo.fr\/gerardmerinfo\/\"},{\"@type\":\"ListItem\",\"position\":2,\"name\":\"Les RPI du Beillard et de Faucompierre \u00e0 l&rsquo;inspection d&rsquo;acad\u00e9mie\"}]},{\"@type\":\"WebSite\",\"@id\":\"https:\/\/vosgesinfo.fr\/gerardmerinfo\/#website\",\"url\":\"https:\/\/vosgesinfo.fr\/gerardmerinfo\/\",\"name\":\"Gerardmer Info\",\"description\":\"Toute l&#039;actualit\u00e9 de G\u00e9rardmer\",\"publisher\":{\"@id\":\"https:\/\/vosgesinfo.fr\/gerardmerinfo\/#organization\"},\"alternateName\":\"Toute l'actualit\u00e9 de G\u00e9rardmer\",\"potentialAction\":[{\"@type\":\"SearchAction\",\"target\":{\"@type\":\"EntryPoint\",\"urlTemplate\":\"https:\/\/vosgesinfo.fr\/gerardmerinfo\/?s={search_term_string}\"},\"query-input\":\"required name=search_term_string\"}],\"inLanguage\":\"fr-FR\"},{\"@type\":\"Organization\",\"@id\":\"https:\/\/vosgesinfo.fr\/gerardmerinfo\/#organization\",\"name\":\"Gerardmer Info\",\"url\":\"https:\/\/vosgesinfo.fr\/gerardmerinfo\/\",\"logo\":{\"@type\":\"ImageObject\",\"inLanguage\":\"fr-FR\",\"@id\":\"https:\/\/vosgesinfo.fr\/gerardmerinfo\/#\/schema\/logo\/image\/\",\"url\":\"https:\/\/vosgesinfo.fr\/app\/uploads\/sites\/6\/2023\/08\/favicon-gerardmerinfo.png\",\"contentUrl\":\"https:\/\/vosgesinfo.fr\/app\/uploads\/sites\/6\/2023\/08\/favicon-gerardmerinfo.png\",\"width\":512,\"height\":512,\"caption\":\"Gerardmer Info\"},\"image\":{\"@id\":\"https:\/\/vosgesinfo.fr\/gerardmerinfo\/#\/schema\/logo\/image\/\"},\"sameAs\":[\"https:\/\/www.facebook.com\/profile.php?id=100049475262660\",\"https:\/\/x.com\/VosgesInfo88\",\"https:\/\/www.youtube.com\/@vosgesinfo\"]},{\"@type\":\"Person\",\"@id\":\"https:\/\/vosgesinfo.fr\/gerardmerinfo\/#\/schema\/person\/bc5d02d71e6932e81b6dadb7386667b1\",\"name\":\"qs_admin\",\"image\":{\"@type\":\"ImageObject\",\"inLanguage\":\"fr-FR\",\"@id\":\"https:\/\/vosgesinfo.fr\/gerardmerinfo\/#\/schema\/person\/image\/\",\"url\":\"https:\/\/secure.gravatar.com\/avatar\/94b18ee0ed79e4a42ea2f2931277b6841a8999fc6fde214600c78057cf1fe1de?s=96&d=mm&r=g\",\"contentUrl\":\"https:\/\/secure.gravatar.com\/avatar\/94b18ee0ed79e4a42ea2f2931277b6841a8999fc6fde214600c78057cf1fe1de?s=96&d=mm&r=g\",\"caption\":\"qs_admin\"},\"sameAs\":[\"https:\/\/vosgesinfo.fr\/wp\"],\"url\":\"https:\/\/vosgesinfo.fr\/gerardmerinfo\/author\/qs_admin\/\"}]}<\/script>\n<!-- \/ Yoast SEO plugin. -->","yoast_head_json":{"title":"Les RPI du Beillard et de Faucompierre \u00e0 l'inspection d'acad\u00e9mie - Gerardmer Info","robots":{"index":"index","follow":"follow","max-snippet":"max-snippet:-1","max-image-preview":"max-image-preview:large","max-video-preview":"max-video-preview:-1"},"canonical":"https:\/\/vosgesinfo.fr\/gerardmerinfo\/2015\/04\/les-rpi-du-beillard-et-de-faucompierre-a-linspection-dacademie\/","twitter_card":"summary_large_image","twitter_title":"Les RPI du Beillard et de Faucompierre \u00e0 l'inspection d'acad\u00e9mie - Gerardmer Info","twitter_description":"Les parents d\u2019\u00e9l\u00e8ves sont inquiets\u00a0: \u00ab\u00a0O\u00f9 va-t-on devoir conduire nos enfants pour aller \u00e0 l\u2019\u00e9cole\u00a0?\u00a0\u00bb se questionnent-ils. En effet, les [&hellip;]","twitter_creator":"@VosgesInfo88","twitter_site":"@VosgesInfo88","twitter_misc":{"\u00c9crit par":"qs_admin","Dur\u00e9e de lecture estim\u00e9e":"1 minute"},"schema":{"@context":"https:\/\/schema.org","@graph":[{"@type":"Article","@id":"https:\/\/vosgesinfo.fr\/gerardmerinfo\/2015\/04\/les-rpi-du-beillard-et-de-faucompierre-a-linspection-dacademie\/#article","isPartOf":{"@id":"https:\/\/vosgesinfo.fr\/gerardmerinfo\/2015\/04\/les-rpi-du-beillard-et-de-faucompierre-a-linspection-dacademie\/"},"author":{"name":"qs_admin","@id":"https:\/\/vosgesinfo.fr\/gerardmerinfo\/#\/schema\/person\/bc5d02d71e6932e81b6dadb7386667b1"},"headline":"Les RPI du Beillard et de Faucompierre \u00e0 l&rsquo;inspection d&rsquo;acad\u00e9mie","datePublished":"2015-04-07T14:19:22+00:00","dateModified":"2015-04-07T14:19:22+00:00","mainEntityOfPage":{"@id":"https:\/\/vosgesinfo.fr\/gerardmerinfo\/2015\/04\/les-rpi-du-beillard-et-de-faucompierre-a-linspection-dacademie\/"},"wordCount":229,"commentCount":0,"publisher":{"@id":"https:\/\/vosgesinfo.fr\/gerardmerinfo\/#organization"},"articleSection":["Soci\u00e9t\u00e9","Vosges"],"inLanguage":"fr-FR","potentialAction":[{"@type":"CommentAction","name":"Comment","target":["https:\/\/vosgesinfo.fr\/gerardmerinfo\/2015\/04\/les-rpi-du-beillard-et-de-faucompierre-a-linspection-dacademie\/#respond"]}]},{"@type":"WebPage","@id":"https:\/\/vosgesinfo.fr\/gerardmerinfo\/2015\/04\/les-rpi-du-beillard-et-de-faucompierre-a-linspection-dacademie\/","url":"https:\/\/vosgesinfo.fr\/gerardmerinfo\/2015\/04\/les-rpi-du-beillard-et-de-faucompierre-a-linspection-dacademie\/","name":"Les RPI du Beillard et de Faucompierre \u00e0 l'inspection d'acad\u00e9mie - Gerardmer Info","isPartOf":{"@id":"https:\/\/vosgesinfo.fr\/gerardmerinfo\/#website"},"datePublished":"2015-04-07T14:19:22+00:00","dateModified":"2015-04-07T14:19:22+00:00","breadcrumb":{"@id":"https:\/\/vosgesinfo.fr\/gerardmerinfo\/2015\/04\/les-rpi-du-beillard-et-de-faucompierre-a-linspection-dacademie\/#breadcrumb"},"inLanguage":"fr-FR","potentialAction":[{"@type":"ReadAction","target":["https:\/\/vosgesinfo.fr\/gerardmerinfo\/2015\/04\/les-rpi-du-beillard-et-de-faucompierre-a-linspection-dacademie\/"]}]},{"@type":"BreadcrumbList","@id":"https:\/\/vosgesinfo.fr\/gerardmerinfo\/2015\/04\/les-rpi-du-beillard-et-de-faucompierre-a-linspection-dacademie\/#breadcrumb","itemListElement":[{"@type":"ListItem","position":1,"name":"Home","item":"https:\/\/vosgesinfo.fr\/gerardmerinfo\/"},{"@type":"ListItem","position":2,"name":"Les RPI du Beillard et de Faucompierre \u00e0 l&rsquo;inspection d&rsquo;acad\u00e9mie"}]},{"@type":"WebSite","@id":"https:\/\/vosgesinfo.fr\/gerardmerinfo\/#website","url":"https:\/\/vosgesinfo.fr\/gerardmerinfo\/","name":"Gerardmer Info","description":"Toute l&#039;actualit\u00e9 de G\u00e9rardmer","publisher":{"@id":"https:\/\/vosgesinfo.fr\/gerardmerinfo\/#organization"},"alternateName":"Toute l'actualit\u00e9 de G\u00e9rardmer","potentialAction":[{"@type":"SearchAction","target":{"@type":"EntryPoint","urlTemplate":"https:\/\/vosgesinfo.fr\/gerardmerinfo\/?s={search_term_string}"},"query-input":"required name=search_term_string"}],"inLanguage":"fr-FR"},{"@type":"Organization","@id":"https:\/\/vosgesinfo.fr\/gerardmerinfo\/#organization","name":"Gerardmer Info","url":"https:\/\/vosgesinfo.fr\/gerardmerinfo\/","logo":{"@type":"ImageObject","inLanguage":"fr-FR","@id":"https:\/\/vosgesinfo.fr\/gerardmerinfo\/#\/schema\/logo\/image\/","url":"https:\/\/vosgesinfo.fr\/app\/uploads\/sites\/6\/2023\/08\/favicon-gerardmerinfo.png","contentUrl":"https:\/\/vosgesinfo.fr\/app\/uploads\/sites\/6\/2023\/08\/favicon-gerardmerinfo.png","width":512,"height":512,"caption":"Gerardmer Info"},"image":{"@id":"https:\/\/vosgesinfo.fr\/gerardmerinfo\/#\/schema\/logo\/image\/"},"sameAs":["https:\/\/www.facebook.com\/profile.php?id=100049475262660","https:\/\/x.com\/VosgesInfo88","https:\/\/www.youtube.com\/@vosgesinfo"]},{"@type":"Person","@id":"https:\/\/vosgesinfo.fr\/gerardmerinfo\/#\/schema\/person\/bc5d02d71e6932e81b6dadb7386667b1","name":"qs_admin","image":{"@type":"ImageObject","inLanguage":"fr-FR","@id":"https:\/\/vosgesinfo.fr\/gerardmerinfo\/#\/schema\/person\/image\/","url":"https:\/\/secure.gravatar.com\/avatar\/94b18ee0ed79e4a42ea2f2931277b6841a8999fc6fde214600c78057cf1fe1de?s=96&d=mm&r=g","contentUrl":"https:\/\/secure.gravatar.com\/avatar\/94b18ee0ed79e4a42ea2f2931277b6841a8999fc6fde214600c78057cf1fe1de?s=96&d=mm&r=g","caption":"qs_admin"},"sameAs":["https:\/\/vosgesinfo.fr\/wp"],"url":"https:\/\/vosgesinfo.fr\/gerardmerinfo\/author\/qs_admin\/"}]}},"_links":{"self":[{"href":"https:\/\/vosgesinfo.fr\/gerardmerinfo\/wp-json\/wp\/v2\/posts\/12579","targetHints":{"allow":["GET"]}}],"collection":[{"href":"https:\/\/vosgesinfo.fr\/gerardmerinfo\/wp-json\/wp\/v2\/posts"}],"about":[{"href":"https:\/\/vosgesinfo.fr\/gerardmerinfo\/wp-json\/wp\/v2\/types\/post"}],"author":[{"embeddable":true,"href":"https:\/\/vosgesinfo.fr\/gerardmerinfo\/wp-json\/wp\/v2\/users\/1"}],"replies":[{"embeddable":true,"href":"https:\/\/vosgesinfo.fr\/gerardmerinfo\/wp-json\/wp\/v2\/comments?post=12579"}],"version-history":[{"count":0,"href":"https:\/\/vosgesinfo.fr\/gerardmerinfo\/wp-json\/wp\/v2\/posts\/12579\/revisions"}],"wp:attachment":[{"href":"https:\/\/vosgesinfo.fr\/gerardmerinfo\/wp-json\/wp\/v2\/media?parent=12579"}],"wp:term":[{"taxonomy":"category","embeddable":true,"href":"https:\/\/vosgesinfo.fr\/gerardmerinfo\/wp-json\/wp\/v2\/categories?post=12579"},{"taxonomy":"post_tag","embeddable":true,"href":"https:\/\/vosgesinfo.fr\/gerardmerinfo\/wp-json\/wp\/v2\/tags?post=12579"}],"curies":[{"name":"wp","href":"https:\/\/api.w.org\/{rel}","templated":true}]}}