{"id":12588,"date":"2015-04-08T19:37:11","date_gmt":"2015-04-08T17:37:11","guid":{"rendered":"https:\/\/vosgesinfo.fr\/gerardmerinfo\/2015\/04\/en-equilibre-pas-grand-chose-a-reprocher\/"},"modified":"2015-04-08T19:37:11","modified_gmt":"2015-04-08T17:37:11","slug":"en-equilibre-pas-grand-chose-a-reprocher","status":"publish","type":"post","link":"https:\/\/vosgesinfo.fr\/gerardmerinfo\/2015\/04\/en-equilibre-pas-grand-chose-a-reprocher\/","title":{"rendered":"\u00ab En \u00e9quilibre \u00bb : pas grand chose \u00e0 reprocher"},"content":{"rendered":"<p>&nbsp;<\/p>\n<p>H\u00e9 oui, sans doute attendu au coin du bois, le dernier film mettant en sc\u00e8ne Albert Dupontel est somme toute bien ficel\u00e9 par son r\u00e9alisateur Denis Dercourt. On pouvait s&rsquo;y attendre apr\u00e8s tout, l&rsquo;acteur n&rsquo;est pas du genre \u00e0 tourner pour \u00ab\u00a0payer\u00a0\u00bb ses imp\u00f4ts ou juste ne pas se faire oublier. De toute fa\u00e7on, qui serait capable de l&rsquo;oublier enfin\u00a0?! Certainement pas ceux qui ont vu \u00ab\u00a0Bernie\u00a0\u00bb\u00a0!<\/p>\n<p>En plus d&rsquo;un sc\u00e9nario pas n\u00e9cessairement ultra original mais qui ne fera pas de bonne pub aux assurances (apr\u00e8s tout, ce n&rsquo;est peut-\u00eatre que justice\u00a0?&#8230;), la bonne id\u00e9e est d&rsquo;avoir associ\u00e9 \u00e0 notre Albert national la non-moins nationale C\u00e9cile de France. Une petite surprise pour un duo qui fonctionne \u00e0 merveille bien qu&rsquo;on aurait peut-\u00eatre aim\u00e9 les voir d\u00e9velopper une toute, toute petite pointe d&rsquo;humour en plus lors de leurs associations et confrontations \u00e0 l&rsquo;\u00e9cran.<\/p>\n<p>Mais bon, cela aurait peut-\u00eatre rompu l&rsquo;\u00e9quilibre voulu par la r\u00e9alisation. Ce long-m\u00e9trage porte donc bien son nom, et c&rsquo;est pour cela qu&rsquo;il est difficile de lui reprocher grand chose. Qu&rsquo;a-t-on \u00e0 redire d&rsquo;une cr\u00e9ation dite \u00e9quilibr\u00e9e\u00a0? Ah, un petit manque de folie peut-\u00eatre, bien que les deux personnages principaux en fassent preuve, d&rsquo;une certaine mani\u00e8re, pour justement (re)trouver leur propre \u00e9quilibre, au propre comme au figur\u00e9 du reste.<\/p>\n<p>Non, tout ce que l&rsquo;on pourra vraiment reprocher \u00e0 \u00ab\u00a0\u00c9quilibre\u00a0\u00bb, \u00e0 G\u00e9rardmer en tout cas, c&rsquo;est qu&rsquo;avec un tel casting (Patrick Mille et Marie Ba\u00fcmer en plus), aucun des deux principaux acteurs n&rsquo;aient fait le d\u00e9placement. On avait le droit de r\u00eaver, mais \u00e7a n&rsquo;aura pas durer longtemps. Pas de C\u00e9cile, pas d&rsquo;Albert, snif&#8230; Le maire de la Perle avait d\u00e9j\u00e0 pr\u00e9par\u00e9 son petit carnet \u00e0 autographes (non c&rsquo;est une blague), et moi j&rsquo;en avais achet\u00e9 un juste pour une signature, enfin deux, une pour moi et une pour ma m\u00e8re\u00a0! (c&rsquo;est presque pas une blague)&#8230; c&rsquo;est un peu frustrant, et du coup sous la col\u00e8re, \u00e0 chaque fois qu&rsquo;on voit un cheval dans les heures qui suivent, on l&rsquo;imagine en tartare&#8230;<\/p>\n<p>Bon, tant pis pour notre pomme, de toute fa\u00e7on, cette ann\u00e9e n&rsquo;est pas foisonnante en mati\u00e8re d&rsquo;acteurs et actrices pour les Rencontres, ce sera peut-\u00eatre pour l&rsquo;ann\u00e9e prochaine. Sans rancune, de toute fa\u00e7on, on va dans les salles pour le 7\u00e8me art, pas pour le star syst\u00e8me quand on est un vrai passionn\u00e9 !<\/p>\n","protected":false},"excerpt":{"rendered":"<p>&nbsp; H\u00e9 oui, sans doute attendu au coin du bois, le dernier film mettant en sc\u00e8ne Albert Dupontel est somme [&hellip;]<\/p>\n","protected":false},"author":42,"featured_media":0,"comment_status":"open","ping_status":"open","sticky":false,"template":"","format":"standard","meta":{"footnotes":""},"categories":[4],"tags":[],"class_list":["post-12588","post","type-post","status-publish","format-standard","hentry","category-culture"],"acf":[],"yoast_head":"<!-- This site is optimized with the Yoast SEO plugin v22.5 - https:\/\/yoast.com\/wordpress\/plugins\/seo\/ -->\n<title>\u00ab En \u00e9quilibre \u00bb : pas grand chose \u00e0 reprocher - Gerardmer Info<\/title>\n<meta name=\"robots\" content=\"index, follow, max-snippet:-1, max-image-preview:large, max-video-preview:-1\" \/>\n<link rel=\"canonical\" href=\"https:\/\/vosgesinfo.fr\/gerardmerinfo\/2015\/04\/en-equilibre-pas-grand-chose-a-reprocher\/\" \/>\n<meta name=\"twitter:card\" content=\"summary_large_image\" \/>\n<meta name=\"twitter:title\" content=\"\u00ab En \u00e9quilibre \u00bb : pas grand chose \u00e0 reprocher - Gerardmer Info\" \/>\n<meta name=\"twitter:description\" content=\"&nbsp; H\u00e9 oui, sans doute attendu au coin du bois, le dernier film mettant en sc\u00e8ne Albert Dupontel est somme [&hellip;]\" \/>\n<meta name=\"twitter:creator\" content=\"@VosgesInfo88\" \/>\n<meta name=\"twitter:site\" content=\"@VosgesInfo88\" \/>\n<meta name=\"twitter:label1\" content=\"\u00c9crit par\" \/>\n\t<meta name=\"twitter:data1\" content=\"QG\" \/>\n\t<meta name=\"twitter:label2\" content=\"Dur\u00e9e de lecture estim\u00e9e\" \/>\n\t<meta name=\"twitter:data2\" content=\"2 minutes\" \/>\n<script type=\"application\/ld+json\" class=\"yoast-schema-graph\">{\"@context\":\"https:\/\/schema.org\",\"@graph\":[{\"@type\":\"Article\",\"@id\":\"https:\/\/vosgesinfo.fr\/gerardmerinfo\/2015\/04\/en-equilibre-pas-grand-chose-a-reprocher\/#article\",\"isPartOf\":{\"@id\":\"https:\/\/vosgesinfo.fr\/gerardmerinfo\/2015\/04\/en-equilibre-pas-grand-chose-a-reprocher\/\"},\"author\":{\"name\":\"QG\",\"@id\":\"https:\/\/vosgesinfo.fr\/gerardmerinfo\/#\/schema\/person\/db5605779a843dad16b5368f3e7613a5\"},\"headline\":\"\u00ab En \u00e9quilibre \u00bb : pas grand chose \u00e0 reprocher\",\"datePublished\":\"2015-04-08T17:37:11+00:00\",\"dateModified\":\"2015-04-08T17:37:11+00:00\",\"mainEntityOfPage\":{\"@id\":\"https:\/\/vosgesinfo.fr\/gerardmerinfo\/2015\/04\/en-equilibre-pas-grand-chose-a-reprocher\/\"},\"wordCount\":452,\"commentCount\":0,\"publisher\":{\"@id\":\"https:\/\/vosgesinfo.fr\/gerardmerinfo\/#organization\"},\"articleSection\":[\"Culture\"],\"inLanguage\":\"fr-FR\",\"potentialAction\":[{\"@type\":\"CommentAction\",\"name\":\"Comment\",\"target\":[\"https:\/\/vosgesinfo.fr\/gerardmerinfo\/2015\/04\/en-equilibre-pas-grand-chose-a-reprocher\/#respond\"]}]},{\"@type\":\"WebPage\",\"@id\":\"https:\/\/vosgesinfo.fr\/gerardmerinfo\/2015\/04\/en-equilibre-pas-grand-chose-a-reprocher\/\",\"url\":\"https:\/\/vosgesinfo.fr\/gerardmerinfo\/2015\/04\/en-equilibre-pas-grand-chose-a-reprocher\/\",\"name\":\"\u00ab En \u00e9quilibre \u00bb : pas grand chose \u00e0 reprocher - Gerardmer Info\",\"isPartOf\":{\"@id\":\"https:\/\/vosgesinfo.fr\/gerardmerinfo\/#website\"},\"datePublished\":\"2015-04-08T17:37:11+00:00\",\"dateModified\":\"2015-04-08T17:37:11+00:00\",\"breadcrumb\":{\"@id\":\"https:\/\/vosgesinfo.fr\/gerardmerinfo\/2015\/04\/en-equilibre-pas-grand-chose-a-reprocher\/#breadcrumb\"},\"inLanguage\":\"fr-FR\",\"potentialAction\":[{\"@type\":\"ReadAction\",\"target\":[\"https:\/\/vosgesinfo.fr\/gerardmerinfo\/2015\/04\/en-equilibre-pas-grand-chose-a-reprocher\/\"]}]},{\"@type\":\"BreadcrumbList\",\"@id\":\"https:\/\/vosgesinfo.fr\/gerardmerinfo\/2015\/04\/en-equilibre-pas-grand-chose-a-reprocher\/#breadcrumb\",\"itemListElement\":[{\"@type\":\"ListItem\",\"position\":1,\"name\":\"Home\",\"item\":\"https:\/\/vosgesinfo.fr\/gerardmerinfo\/\"},{\"@type\":\"ListItem\",\"position\":2,\"name\":\"\u00ab En \u00e9quilibre \u00bb : pas grand chose \u00e0 reprocher\"}]},{\"@type\":\"WebSite\",\"@id\":\"https:\/\/vosgesinfo.fr\/gerardmerinfo\/#website\",\"url\":\"https:\/\/vosgesinfo.fr\/gerardmerinfo\/\",\"name\":\"Gerardmer Info\",\"description\":\"Toute l&#039;actualit\u00e9 de G\u00e9rardmer\",\"publisher\":{\"@id\":\"https:\/\/vosgesinfo.fr\/gerardmerinfo\/#organization\"},\"alternateName\":\"Toute l'actualit\u00e9 de G\u00e9rardmer\",\"potentialAction\":[{\"@type\":\"SearchAction\",\"target\":{\"@type\":\"EntryPoint\",\"urlTemplate\":\"https:\/\/vosgesinfo.fr\/gerardmerinfo\/?s={search_term_string}\"},\"query-input\":\"required name=search_term_string\"}],\"inLanguage\":\"fr-FR\"},{\"@type\":\"Organization\",\"@id\":\"https:\/\/vosgesinfo.fr\/gerardmerinfo\/#organization\",\"name\":\"Gerardmer Info\",\"url\":\"https:\/\/vosgesinfo.fr\/gerardmerinfo\/\",\"logo\":{\"@type\":\"ImageObject\",\"inLanguage\":\"fr-FR\",\"@id\":\"https:\/\/vosgesinfo.fr\/gerardmerinfo\/#\/schema\/logo\/image\/\",\"url\":\"https:\/\/vosgesinfo.fr\/app\/uploads\/sites\/6\/2023\/08\/favicon-gerardmerinfo.png\",\"contentUrl\":\"https:\/\/vosgesinfo.fr\/app\/uploads\/sites\/6\/2023\/08\/favicon-gerardmerinfo.png\",\"width\":512,\"height\":512,\"caption\":\"Gerardmer Info\"},\"image\":{\"@id\":\"https:\/\/vosgesinfo.fr\/gerardmerinfo\/#\/schema\/logo\/image\/\"},\"sameAs\":[\"https:\/\/www.facebook.com\/profile.php?id=100049475262660\",\"https:\/\/x.com\/VosgesInfo88\",\"https:\/\/www.youtube.com\/@vosgesinfo\"]},{\"@type\":\"Person\",\"@id\":\"https:\/\/vosgesinfo.fr\/gerardmerinfo\/#\/schema\/person\/db5605779a843dad16b5368f3e7613a5\",\"name\":\"QG\",\"image\":{\"@type\":\"ImageObject\",\"inLanguage\":\"fr-FR\",\"@id\":\"https:\/\/vosgesinfo.fr\/gerardmerinfo\/#\/schema\/person\/image\/\",\"url\":\"https:\/\/secure.gravatar.com\/avatar\/ea80c42c204b534408512832fde52504ecabb9706bcb6151cf6175e5b64e6793?s=96&d=mm&r=g\",\"contentUrl\":\"https:\/\/secure.gravatar.com\/avatar\/ea80c42c204b534408512832fde52504ecabb9706bcb6151cf6175e5b64e6793?s=96&d=mm&r=g\",\"caption\":\"QG\"},\"url\":\"https:\/\/vosgesinfo.fr\/gerardmerinfo\/author\/quentin88\/\"}]}<\/script>\n<!-- \/ Yoast SEO plugin. -->","yoast_head_json":{"title":"\u00ab En \u00e9quilibre \u00bb : pas grand chose \u00e0 reprocher - Gerardmer Info","robots":{"index":"index","follow":"follow","max-snippet":"max-snippet:-1","max-image-preview":"max-image-preview:large","max-video-preview":"max-video-preview:-1"},"canonical":"https:\/\/vosgesinfo.fr\/gerardmerinfo\/2015\/04\/en-equilibre-pas-grand-chose-a-reprocher\/","twitter_card":"summary_large_image","twitter_title":"\u00ab En \u00e9quilibre \u00bb : pas grand chose \u00e0 reprocher - Gerardmer Info","twitter_description":"&nbsp; H\u00e9 oui, sans doute attendu au coin du bois, le dernier film mettant en sc\u00e8ne Albert Dupontel est somme [&hellip;]","twitter_creator":"@VosgesInfo88","twitter_site":"@VosgesInfo88","twitter_misc":{"\u00c9crit par":"QG","Dur\u00e9e de lecture estim\u00e9e":"2 minutes"},"schema":{"@context":"https:\/\/schema.org","@graph":[{"@type":"Article","@id":"https:\/\/vosgesinfo.fr\/gerardmerinfo\/2015\/04\/en-equilibre-pas-grand-chose-a-reprocher\/#article","isPartOf":{"@id":"https:\/\/vosgesinfo.fr\/gerardmerinfo\/2015\/04\/en-equilibre-pas-grand-chose-a-reprocher\/"},"author":{"name":"QG","@id":"https:\/\/vosgesinfo.fr\/gerardmerinfo\/#\/schema\/person\/db5605779a843dad16b5368f3e7613a5"},"headline":"\u00ab En \u00e9quilibre \u00bb : pas grand chose \u00e0 reprocher","datePublished":"2015-04-08T17:37:11+00:00","dateModified":"2015-04-08T17:37:11+00:00","mainEntityOfPage":{"@id":"https:\/\/vosgesinfo.fr\/gerardmerinfo\/2015\/04\/en-equilibre-pas-grand-chose-a-reprocher\/"},"wordCount":452,"commentCount":0,"publisher":{"@id":"https:\/\/vosgesinfo.fr\/gerardmerinfo\/#organization"},"articleSection":["Culture"],"inLanguage":"fr-FR","potentialAction":[{"@type":"CommentAction","name":"Comment","target":["https:\/\/vosgesinfo.fr\/gerardmerinfo\/2015\/04\/en-equilibre-pas-grand-chose-a-reprocher\/#respond"]}]},{"@type":"WebPage","@id":"https:\/\/vosgesinfo.fr\/gerardmerinfo\/2015\/04\/en-equilibre-pas-grand-chose-a-reprocher\/","url":"https:\/\/vosgesinfo.fr\/gerardmerinfo\/2015\/04\/en-equilibre-pas-grand-chose-a-reprocher\/","name":"\u00ab En \u00e9quilibre \u00bb : pas grand chose \u00e0 reprocher - Gerardmer Info","isPartOf":{"@id":"https:\/\/vosgesinfo.fr\/gerardmerinfo\/#website"},"datePublished":"2015-04-08T17:37:11+00:00","dateModified":"2015-04-08T17:37:11+00:00","breadcrumb":{"@id":"https:\/\/vosgesinfo.fr\/gerardmerinfo\/2015\/04\/en-equilibre-pas-grand-chose-a-reprocher\/#breadcrumb"},"inLanguage":"fr-FR","potentialAction":[{"@type":"ReadAction","target":["https:\/\/vosgesinfo.fr\/gerardmerinfo\/2015\/04\/en-equilibre-pas-grand-chose-a-reprocher\/"]}]},{"@type":"BreadcrumbList","@id":"https:\/\/vosgesinfo.fr\/gerardmerinfo\/2015\/04\/en-equilibre-pas-grand-chose-a-reprocher\/#breadcrumb","itemListElement":[{"@type":"ListItem","position":1,"name":"Home","item":"https:\/\/vosgesinfo.fr\/gerardmerinfo\/"},{"@type":"ListItem","position":2,"name":"\u00ab En \u00e9quilibre \u00bb : pas grand chose \u00e0 reprocher"}]},{"@type":"WebSite","@id":"https:\/\/vosgesinfo.fr\/gerardmerinfo\/#website","url":"https:\/\/vosgesinfo.fr\/gerardmerinfo\/","name":"Gerardmer Info","description":"Toute l&#039;actualit\u00e9 de G\u00e9rardmer","publisher":{"@id":"https:\/\/vosgesinfo.fr\/gerardmerinfo\/#organization"},"alternateName":"Toute l'actualit\u00e9 de G\u00e9rardmer","potentialAction":[{"@type":"SearchAction","target":{"@type":"EntryPoint","urlTemplate":"https:\/\/vosgesinfo.fr\/gerardmerinfo\/?s={search_term_string}"},"query-input":"required name=search_term_string"}],"inLanguage":"fr-FR"},{"@type":"Organization","@id":"https:\/\/vosgesinfo.fr\/gerardmerinfo\/#organization","name":"Gerardmer Info","url":"https:\/\/vosgesinfo.fr\/gerardmerinfo\/","logo":{"@type":"ImageObject","inLanguage":"fr-FR","@id":"https:\/\/vosgesinfo.fr\/gerardmerinfo\/#\/schema\/logo\/image\/","url":"https:\/\/vosgesinfo.fr\/app\/uploads\/sites\/6\/2023\/08\/favicon-gerardmerinfo.png","contentUrl":"https:\/\/vosgesinfo.fr\/app\/uploads\/sites\/6\/2023\/08\/favicon-gerardmerinfo.png","width":512,"height":512,"caption":"Gerardmer Info"},"image":{"@id":"https:\/\/vosgesinfo.fr\/gerardmerinfo\/#\/schema\/logo\/image\/"},"sameAs":["https:\/\/www.facebook.com\/profile.php?id=100049475262660","https:\/\/x.com\/VosgesInfo88","https:\/\/www.youtube.com\/@vosgesinfo"]},{"@type":"Person","@id":"https:\/\/vosgesinfo.fr\/gerardmerinfo\/#\/schema\/person\/db5605779a843dad16b5368f3e7613a5","name":"QG","image":{"@type":"ImageObject","inLanguage":"fr-FR","@id":"https:\/\/vosgesinfo.fr\/gerardmerinfo\/#\/schema\/person\/image\/","url":"https:\/\/secure.gravatar.com\/avatar\/ea80c42c204b534408512832fde52504ecabb9706bcb6151cf6175e5b64e6793?s=96&d=mm&r=g","contentUrl":"https:\/\/secure.gravatar.com\/avatar\/ea80c42c204b534408512832fde52504ecabb9706bcb6151cf6175e5b64e6793?s=96&d=mm&r=g","caption":"QG"},"url":"https:\/\/vosgesinfo.fr\/gerardmerinfo\/author\/quentin88\/"}]}},"_links":{"self":[{"href":"https:\/\/vosgesinfo.fr\/gerardmerinfo\/wp-json\/wp\/v2\/posts\/12588","targetHints":{"allow":["GET"]}}],"collection":[{"href":"https:\/\/vosgesinfo.fr\/gerardmerinfo\/wp-json\/wp\/v2\/posts"}],"about":[{"href":"https:\/\/vosgesinfo.fr\/gerardmerinfo\/wp-json\/wp\/v2\/types\/post"}],"author":[{"embeddable":true,"href":"https:\/\/vosgesinfo.fr\/gerardmerinfo\/wp-json\/wp\/v2\/users\/42"}],"replies":[{"embeddable":true,"href":"https:\/\/vosgesinfo.fr\/gerardmerinfo\/wp-json\/wp\/v2\/comments?post=12588"}],"version-history":[{"count":0,"href":"https:\/\/vosgesinfo.fr\/gerardmerinfo\/wp-json\/wp\/v2\/posts\/12588\/revisions"}],"wp:attachment":[{"href":"https:\/\/vosgesinfo.fr\/gerardmerinfo\/wp-json\/wp\/v2\/media?parent=12588"}],"wp:term":[{"taxonomy":"category","embeddable":true,"href":"https:\/\/vosgesinfo.fr\/gerardmerinfo\/wp-json\/wp\/v2\/categories?post=12588"},{"taxonomy":"post_tag","embeddable":true,"href":"https:\/\/vosgesinfo.fr\/gerardmerinfo\/wp-json\/wp\/v2\/tags?post=12588"}],"curies":[{"name":"wp","href":"https:\/\/api.w.org\/{rel}","templated":true}]}}