{"id":12591,"date":"2015-04-09T16:56:28","date_gmt":"2015-04-09T14:56:28","guid":{"rendered":"https:\/\/vosgesinfo.fr\/gerardmerinfo\/2015\/04\/j-p-didierlaurent-les-mots-pour-ciment\/"},"modified":"2015-04-09T16:56:28","modified_gmt":"2015-04-09T14:56:28","slug":"j-p-didierlaurent-les-mots-pour-ciment","status":"publish","type":"post","link":"https:\/\/vosgesinfo.fr\/gerardmerinfo\/2015\/04\/j-p-didierlaurent-les-mots-pour-ciment\/","title":{"rendered":"J-P Didierlaurent : les mots pour ciment"},"content":{"rendered":"<p>&nbsp;<\/p>\n<p><b>Lorsque l&rsquo;on a la chance d&rsquo;avoir des \u00e9crivains \u00e0 deux pas de chez soi, on aurait tort de ne pas en profiter. A plus forte raison lorsque la nouvelle r\u00e9aliste et la nouvelle fantastique sont align\u00e9es au programme de Fran\u00e7ais , comme le sp\u00e9cifiait Sylvie Douchain, professeure de la mati\u00e8re en question au coll\u00e8ge de la Haie-Griselle. <\/b><\/p>\n Jean-Paul Didierlaurent\n<p>Avec l&rsquo;appui des responsables du CDI de l&rsquo;\u00e9tablissement, cette derni\u00e8re a donc chaque ann\u00e9e le plaisir de faire participer ses \u00e9l\u00e8ves de 4\u00e8me 1 \u00e0 une rencontre litt\u00e9raire en compagnie de Davy Arturo dans le cadre du Festival du Film Fantastique. Ce fut \u00e0 nouveau le cas en janvier dernier, mais cette fois on en restera pas l\u00e0 puisque ce jeudi, les coll\u00e9giens avaient le plaisir de recevoir la visite de Jean-Paul Didierlaurent, \u00e9crivain voisin de la Perle des Vosges puisqu&rsquo;originaire de La Bresse.<\/p>\n<p>\u00ab\u00a0Dans le cadre du programme des classes de 4\u00e8me, les lecteurs les plus motiv\u00e9s parmi mes \u00e9l\u00e8ves ont lu le roman de Jean-Paul \u00ab\u00a0Le liseur du 6h27\u00a0\u00bb et les autres ont lu sa nouvelle intitul\u00e9e \u00ab\u00a0Brume\u00a0\u00bb qui a d&rsquo;ailleurs \u00e9t\u00e9 r\u00e9compens\u00e9e par le prix \u00ab\u00a0Hemingway\u00a0\u00bb. Aujourd&rsquo;hui, lors de cette rencontre, la classe a pr\u00e9par\u00e9 une petite s\u00e9rie de questions en rapport avec ces deux \u0153uvres, mais aussi avec le m\u00e9tier d&rsquo;\u00e9crivain\u00a0\u00bb, explique Sylvie Douchain.<\/p>\n<p><span style=\"color: #000000;\"><span style=\"font-family: 'Times New Roman', serif;\"><span style=\"font-size: medium;\">Pour ceux qui n&rsquo;auraient pas encore entendu parler du premier roman de Jean-Paul Didierlaurent, rappelons que \u00ab\u00a0Le liseur du 6h27\u00a0\u00bb est un comte moderne relatant l&rsquo;histoire d&rsquo;un jeune homme relativement discret travaillant au pilon o\u00f9 il est charg\u00e9 de d\u00e9truire des livres invendus \u00e0 l&rsquo;aide d&rsquo;une \u00e9norme broyeuse. Sensible \u00e0 la lecture, se sentant coupable de r\u00e9duire en poussi\u00e8re ces ouvrages, il sauve r\u00e9guli\u00e8rement quelques feuillets d&rsquo;une mort certaine qu&rsquo;il lit chaque matin aux passagers du RER qu&rsquo;il emprunte pour aller au travail. Une mani\u00e8re pour lui d&rsquo;expier ce p\u00each\u00e9<\/span><\/span><\/span><\/p>\n<p><span style=\"color: #000000;\"><span style=\"font-family: 'Times New Roman', serif;\"><span style=\"font-size: medium;\">Mais un jour, dans ce m\u00eame m\u00e9tro de 6h27, le liseur trouve une cl\u00e9 USB contenant des extraits litt\u00e9raires appartenant manifestement \u00e0 une femme qu&rsquo;il va tenter de retrouver. \u00ab\u00a0C&rsquo;est une sorte de qu\u00eate qui a pour ciment les mots. Chaque personnage a d&rsquo;ailleurs un rapport particulier aux mots. Ce sont des personnages caboss\u00e9s par la vie, ordinaires, mais caricaturaux, qui ont chacun leur(s) particularit\u00e9(s), ce qui en fait des personnages extraordinaires malgr\u00e9 eux\u00a0\u00bb, explique Jean-Paul Didierlaurent.<\/span><\/span><\/span><\/p>\n<p><span style=\"color: #000000;\"><span style=\"font-family: 'Times New Roman', serif;\"><span style=\"font-size: medium;\">Des personnages magnifiquement travaill\u00e9s, par l&rsquo;auteur, parfois improbables et qui contribuent largement \u00e0 la richesse de ce roman tout public et relativement court, ce qui n&rsquo;est pas surprenant pour un sp\u00e9cialiste de la nouvelle. Jean-Paul Didierlaurent garde cette culture de la phrase et du mot juste, de cette apparente sobri\u00e9t\u00e9 qui cache une subtilit\u00e9 certaine&#8230;<\/span><\/span><\/span><\/p>\n<p><span style=\"color: #000000;\"><span style=\"font-family: 'Times New Roman', serif;\"><span style=\"font-size: medium;\">Quant \u00e0 \u00ab\u00a0Brume\u00a0\u00bb, que dire pour ne pas vous g\u00e2cher la lecture de cette excellente nouvelle \u00e0 la g\u00e9niale chute\u00a0? Qu&rsquo;elle a pour th\u00e9\u00e2tre une maison de retraite, histoire de vous endormir et que sa lecture est comme une friandise\u00a0: le plaisir est court mais intense, donc n&rsquo;h\u00e9sitez pas une seconde \u00e0 go\u00fbter et foncez acheter le paquet entier si vous avez aim\u00e9. Le paquet\u00a0? \u00ab\u00a0Le liseur du 6h27\u00a0\u00bb bien entendu, ainsi que la compilation des prix \u00ab\u00a0Hemingway\u00a0\u00bb o\u00f9 Jean-Paul partage l&rsquo;affiche avec d&rsquo;autres auteurs.<\/span><\/span><\/span><\/p>\n","protected":false},"excerpt":{"rendered":"<p>&nbsp; Lorsque l&rsquo;on a la chance d&rsquo;avoir des \u00e9crivains \u00e0 deux pas de chez soi, on aurait tort de ne [&hellip;]<\/p>\n","protected":false},"author":42,"featured_media":0,"comment_status":"open","ping_status":"open","sticky":false,"template":"","format":"standard","meta":{"footnotes":""},"categories":[4,64],"tags":[],"class_list":["post-12591","post","type-post","status-publish","format-standard","hentry","category-culture","category-litterature"],"acf":[],"yoast_head":"<!-- This site is optimized with the Yoast SEO plugin v22.5 - https:\/\/yoast.com\/wordpress\/plugins\/seo\/ -->\n<title>J-P Didierlaurent : les mots pour ciment - Gerardmer Info<\/title>\n<meta name=\"robots\" content=\"index, follow, max-snippet:-1, max-image-preview:large, max-video-preview:-1\" \/>\n<link rel=\"canonical\" href=\"https:\/\/vosgesinfo.fr\/gerardmerinfo\/2015\/04\/j-p-didierlaurent-les-mots-pour-ciment\/\" \/>\n<meta name=\"twitter:card\" content=\"summary_large_image\" \/>\n<meta name=\"twitter:title\" content=\"J-P Didierlaurent : les mots pour ciment - Gerardmer Info\" \/>\n<meta name=\"twitter:description\" content=\"&nbsp; Lorsque l&rsquo;on a la chance d&rsquo;avoir des \u00e9crivains \u00e0 deux pas de chez soi, on aurait tort de ne [&hellip;]\" \/>\n<meta name=\"twitter:creator\" content=\"@VosgesInfo88\" \/>\n<meta name=\"twitter:site\" content=\"@VosgesInfo88\" \/>\n<meta name=\"twitter:label1\" content=\"\u00c9crit par\" \/>\n\t<meta name=\"twitter:data1\" content=\"QG\" \/>\n\t<meta name=\"twitter:label2\" content=\"Dur\u00e9e de lecture estim\u00e9e\" \/>\n\t<meta name=\"twitter:data2\" content=\"3 minutes\" \/>\n<script type=\"application\/ld+json\" class=\"yoast-schema-graph\">{\"@context\":\"https:\/\/schema.org\",\"@graph\":[{\"@type\":\"Article\",\"@id\":\"https:\/\/vosgesinfo.fr\/gerardmerinfo\/2015\/04\/j-p-didierlaurent-les-mots-pour-ciment\/#article\",\"isPartOf\":{\"@id\":\"https:\/\/vosgesinfo.fr\/gerardmerinfo\/2015\/04\/j-p-didierlaurent-les-mots-pour-ciment\/\"},\"author\":{\"name\":\"QG\",\"@id\":\"https:\/\/vosgesinfo.fr\/gerardmerinfo\/#\/schema\/person\/db5605779a843dad16b5368f3e7613a5\"},\"headline\":\"J-P Didierlaurent : les mots pour ciment\",\"datePublished\":\"2015-04-09T14:56:28+00:00\",\"dateModified\":\"2015-04-09T14:56:28+00:00\",\"mainEntityOfPage\":{\"@id\":\"https:\/\/vosgesinfo.fr\/gerardmerinfo\/2015\/04\/j-p-didierlaurent-les-mots-pour-ciment\/\"},\"wordCount\":593,\"commentCount\":0,\"publisher\":{\"@id\":\"https:\/\/vosgesinfo.fr\/gerardmerinfo\/#organization\"},\"articleSection\":[\"Culture\",\"Litt\u00e9rature\"],\"inLanguage\":\"fr-FR\",\"potentialAction\":[{\"@type\":\"CommentAction\",\"name\":\"Comment\",\"target\":[\"https:\/\/vosgesinfo.fr\/gerardmerinfo\/2015\/04\/j-p-didierlaurent-les-mots-pour-ciment\/#respond\"]}]},{\"@type\":\"WebPage\",\"@id\":\"https:\/\/vosgesinfo.fr\/gerardmerinfo\/2015\/04\/j-p-didierlaurent-les-mots-pour-ciment\/\",\"url\":\"https:\/\/vosgesinfo.fr\/gerardmerinfo\/2015\/04\/j-p-didierlaurent-les-mots-pour-ciment\/\",\"name\":\"J-P Didierlaurent : les mots pour ciment - Gerardmer Info\",\"isPartOf\":{\"@id\":\"https:\/\/vosgesinfo.fr\/gerardmerinfo\/#website\"},\"datePublished\":\"2015-04-09T14:56:28+00:00\",\"dateModified\":\"2015-04-09T14:56:28+00:00\",\"breadcrumb\":{\"@id\":\"https:\/\/vosgesinfo.fr\/gerardmerinfo\/2015\/04\/j-p-didierlaurent-les-mots-pour-ciment\/#breadcrumb\"},\"inLanguage\":\"fr-FR\",\"potentialAction\":[{\"@type\":\"ReadAction\",\"target\":[\"https:\/\/vosgesinfo.fr\/gerardmerinfo\/2015\/04\/j-p-didierlaurent-les-mots-pour-ciment\/\"]}]},{\"@type\":\"BreadcrumbList\",\"@id\":\"https:\/\/vosgesinfo.fr\/gerardmerinfo\/2015\/04\/j-p-didierlaurent-les-mots-pour-ciment\/#breadcrumb\",\"itemListElement\":[{\"@type\":\"ListItem\",\"position\":1,\"name\":\"Home\",\"item\":\"https:\/\/vosgesinfo.fr\/gerardmerinfo\/\"},{\"@type\":\"ListItem\",\"position\":2,\"name\":\"J-P Didierlaurent : les mots pour ciment\"}]},{\"@type\":\"WebSite\",\"@id\":\"https:\/\/vosgesinfo.fr\/gerardmerinfo\/#website\",\"url\":\"https:\/\/vosgesinfo.fr\/gerardmerinfo\/\",\"name\":\"Gerardmer Info\",\"description\":\"Toute l&#039;actualit\u00e9 de G\u00e9rardmer\",\"publisher\":{\"@id\":\"https:\/\/vosgesinfo.fr\/gerardmerinfo\/#organization\"},\"alternateName\":\"Toute l'actualit\u00e9 de G\u00e9rardmer\",\"potentialAction\":[{\"@type\":\"SearchAction\",\"target\":{\"@type\":\"EntryPoint\",\"urlTemplate\":\"https:\/\/vosgesinfo.fr\/gerardmerinfo\/?s={search_term_string}\"},\"query-input\":\"required name=search_term_string\"}],\"inLanguage\":\"fr-FR\"},{\"@type\":\"Organization\",\"@id\":\"https:\/\/vosgesinfo.fr\/gerardmerinfo\/#organization\",\"name\":\"Gerardmer Info\",\"url\":\"https:\/\/vosgesinfo.fr\/gerardmerinfo\/\",\"logo\":{\"@type\":\"ImageObject\",\"inLanguage\":\"fr-FR\",\"@id\":\"https:\/\/vosgesinfo.fr\/gerardmerinfo\/#\/schema\/logo\/image\/\",\"url\":\"https:\/\/vosgesinfo.fr\/app\/uploads\/sites\/6\/2023\/08\/favicon-gerardmerinfo.png\",\"contentUrl\":\"https:\/\/vosgesinfo.fr\/app\/uploads\/sites\/6\/2023\/08\/favicon-gerardmerinfo.png\",\"width\":512,\"height\":512,\"caption\":\"Gerardmer Info\"},\"image\":{\"@id\":\"https:\/\/vosgesinfo.fr\/gerardmerinfo\/#\/schema\/logo\/image\/\"},\"sameAs\":[\"https:\/\/www.facebook.com\/profile.php?id=100049475262660\",\"https:\/\/x.com\/VosgesInfo88\",\"https:\/\/www.youtube.com\/@vosgesinfo\"]},{\"@type\":\"Person\",\"@id\":\"https:\/\/vosgesinfo.fr\/gerardmerinfo\/#\/schema\/person\/db5605779a843dad16b5368f3e7613a5\",\"name\":\"QG\",\"image\":{\"@type\":\"ImageObject\",\"inLanguage\":\"fr-FR\",\"@id\":\"https:\/\/vosgesinfo.fr\/gerardmerinfo\/#\/schema\/person\/image\/\",\"url\":\"https:\/\/secure.gravatar.com\/avatar\/ea80c42c204b534408512832fde52504ecabb9706bcb6151cf6175e5b64e6793?s=96&d=mm&r=g\",\"contentUrl\":\"https:\/\/secure.gravatar.com\/avatar\/ea80c42c204b534408512832fde52504ecabb9706bcb6151cf6175e5b64e6793?s=96&d=mm&r=g\",\"caption\":\"QG\"},\"url\":\"https:\/\/vosgesinfo.fr\/gerardmerinfo\/author\/quentin88\/\"}]}<\/script>\n<!-- \/ Yoast SEO plugin. -->","yoast_head_json":{"title":"J-P Didierlaurent : les mots pour ciment - Gerardmer Info","robots":{"index":"index","follow":"follow","max-snippet":"max-snippet:-1","max-image-preview":"max-image-preview:large","max-video-preview":"max-video-preview:-1"},"canonical":"https:\/\/vosgesinfo.fr\/gerardmerinfo\/2015\/04\/j-p-didierlaurent-les-mots-pour-ciment\/","twitter_card":"summary_large_image","twitter_title":"J-P Didierlaurent : les mots pour ciment - Gerardmer Info","twitter_description":"&nbsp; Lorsque l&rsquo;on a la chance d&rsquo;avoir des \u00e9crivains \u00e0 deux pas de chez soi, on aurait tort de ne [&hellip;]","twitter_creator":"@VosgesInfo88","twitter_site":"@VosgesInfo88","twitter_misc":{"\u00c9crit par":"QG","Dur\u00e9e de lecture estim\u00e9e":"3 minutes"},"schema":{"@context":"https:\/\/schema.org","@graph":[{"@type":"Article","@id":"https:\/\/vosgesinfo.fr\/gerardmerinfo\/2015\/04\/j-p-didierlaurent-les-mots-pour-ciment\/#article","isPartOf":{"@id":"https:\/\/vosgesinfo.fr\/gerardmerinfo\/2015\/04\/j-p-didierlaurent-les-mots-pour-ciment\/"},"author":{"name":"QG","@id":"https:\/\/vosgesinfo.fr\/gerardmerinfo\/#\/schema\/person\/db5605779a843dad16b5368f3e7613a5"},"headline":"J-P Didierlaurent : les mots pour ciment","datePublished":"2015-04-09T14:56:28+00:00","dateModified":"2015-04-09T14:56:28+00:00","mainEntityOfPage":{"@id":"https:\/\/vosgesinfo.fr\/gerardmerinfo\/2015\/04\/j-p-didierlaurent-les-mots-pour-ciment\/"},"wordCount":593,"commentCount":0,"publisher":{"@id":"https:\/\/vosgesinfo.fr\/gerardmerinfo\/#organization"},"articleSection":["Culture","Litt\u00e9rature"],"inLanguage":"fr-FR","potentialAction":[{"@type":"CommentAction","name":"Comment","target":["https:\/\/vosgesinfo.fr\/gerardmerinfo\/2015\/04\/j-p-didierlaurent-les-mots-pour-ciment\/#respond"]}]},{"@type":"WebPage","@id":"https:\/\/vosgesinfo.fr\/gerardmerinfo\/2015\/04\/j-p-didierlaurent-les-mots-pour-ciment\/","url":"https:\/\/vosgesinfo.fr\/gerardmerinfo\/2015\/04\/j-p-didierlaurent-les-mots-pour-ciment\/","name":"J-P Didierlaurent : les mots pour ciment - Gerardmer Info","isPartOf":{"@id":"https:\/\/vosgesinfo.fr\/gerardmerinfo\/#website"},"datePublished":"2015-04-09T14:56:28+00:00","dateModified":"2015-04-09T14:56:28+00:00","breadcrumb":{"@id":"https:\/\/vosgesinfo.fr\/gerardmerinfo\/2015\/04\/j-p-didierlaurent-les-mots-pour-ciment\/#breadcrumb"},"inLanguage":"fr-FR","potentialAction":[{"@type":"ReadAction","target":["https:\/\/vosgesinfo.fr\/gerardmerinfo\/2015\/04\/j-p-didierlaurent-les-mots-pour-ciment\/"]}]},{"@type":"BreadcrumbList","@id":"https:\/\/vosgesinfo.fr\/gerardmerinfo\/2015\/04\/j-p-didierlaurent-les-mots-pour-ciment\/#breadcrumb","itemListElement":[{"@type":"ListItem","position":1,"name":"Home","item":"https:\/\/vosgesinfo.fr\/gerardmerinfo\/"},{"@type":"ListItem","position":2,"name":"J-P Didierlaurent : les mots pour ciment"}]},{"@type":"WebSite","@id":"https:\/\/vosgesinfo.fr\/gerardmerinfo\/#website","url":"https:\/\/vosgesinfo.fr\/gerardmerinfo\/","name":"Gerardmer Info","description":"Toute l&#039;actualit\u00e9 de G\u00e9rardmer","publisher":{"@id":"https:\/\/vosgesinfo.fr\/gerardmerinfo\/#organization"},"alternateName":"Toute l'actualit\u00e9 de G\u00e9rardmer","potentialAction":[{"@type":"SearchAction","target":{"@type":"EntryPoint","urlTemplate":"https:\/\/vosgesinfo.fr\/gerardmerinfo\/?s={search_term_string}"},"query-input":"required name=search_term_string"}],"inLanguage":"fr-FR"},{"@type":"Organization","@id":"https:\/\/vosgesinfo.fr\/gerardmerinfo\/#organization","name":"Gerardmer Info","url":"https:\/\/vosgesinfo.fr\/gerardmerinfo\/","logo":{"@type":"ImageObject","inLanguage":"fr-FR","@id":"https:\/\/vosgesinfo.fr\/gerardmerinfo\/#\/schema\/logo\/image\/","url":"https:\/\/vosgesinfo.fr\/app\/uploads\/sites\/6\/2023\/08\/favicon-gerardmerinfo.png","contentUrl":"https:\/\/vosgesinfo.fr\/app\/uploads\/sites\/6\/2023\/08\/favicon-gerardmerinfo.png","width":512,"height":512,"caption":"Gerardmer Info"},"image":{"@id":"https:\/\/vosgesinfo.fr\/gerardmerinfo\/#\/schema\/logo\/image\/"},"sameAs":["https:\/\/www.facebook.com\/profile.php?id=100049475262660","https:\/\/x.com\/VosgesInfo88","https:\/\/www.youtube.com\/@vosgesinfo"]},{"@type":"Person","@id":"https:\/\/vosgesinfo.fr\/gerardmerinfo\/#\/schema\/person\/db5605779a843dad16b5368f3e7613a5","name":"QG","image":{"@type":"ImageObject","inLanguage":"fr-FR","@id":"https:\/\/vosgesinfo.fr\/gerardmerinfo\/#\/schema\/person\/image\/","url":"https:\/\/secure.gravatar.com\/avatar\/ea80c42c204b534408512832fde52504ecabb9706bcb6151cf6175e5b64e6793?s=96&d=mm&r=g","contentUrl":"https:\/\/secure.gravatar.com\/avatar\/ea80c42c204b534408512832fde52504ecabb9706bcb6151cf6175e5b64e6793?s=96&d=mm&r=g","caption":"QG"},"url":"https:\/\/vosgesinfo.fr\/gerardmerinfo\/author\/quentin88\/"}]}},"_links":{"self":[{"href":"https:\/\/vosgesinfo.fr\/gerardmerinfo\/wp-json\/wp\/v2\/posts\/12591","targetHints":{"allow":["GET"]}}],"collection":[{"href":"https:\/\/vosgesinfo.fr\/gerardmerinfo\/wp-json\/wp\/v2\/posts"}],"about":[{"href":"https:\/\/vosgesinfo.fr\/gerardmerinfo\/wp-json\/wp\/v2\/types\/post"}],"author":[{"embeddable":true,"href":"https:\/\/vosgesinfo.fr\/gerardmerinfo\/wp-json\/wp\/v2\/users\/42"}],"replies":[{"embeddable":true,"href":"https:\/\/vosgesinfo.fr\/gerardmerinfo\/wp-json\/wp\/v2\/comments?post=12591"}],"version-history":[{"count":0,"href":"https:\/\/vosgesinfo.fr\/gerardmerinfo\/wp-json\/wp\/v2\/posts\/12591\/revisions"}],"wp:attachment":[{"href":"https:\/\/vosgesinfo.fr\/gerardmerinfo\/wp-json\/wp\/v2\/media?parent=12591"}],"wp:term":[{"taxonomy":"category","embeddable":true,"href":"https:\/\/vosgesinfo.fr\/gerardmerinfo\/wp-json\/wp\/v2\/categories?post=12591"},{"taxonomy":"post_tag","embeddable":true,"href":"https:\/\/vosgesinfo.fr\/gerardmerinfo\/wp-json\/wp\/v2\/tags?post=12591"}],"curies":[{"name":"wp","href":"https:\/\/api.w.org\/{rel}","templated":true}]}}