{"id":12624,"date":"2015-04-14T17:35:43","date_gmt":"2015-04-14T15:35:43","guid":{"rendered":"https:\/\/vosgesinfo.fr\/gerardmerinfo\/2015\/04\/palmares-de-la-fete-des-jonquilles-jimi-rafle-la-mise\/"},"modified":"2015-04-14T17:35:43","modified_gmt":"2015-04-14T15:35:43","slug":"palmares-de-la-fete-des-jonquilles-jimi-rafle-la-mise","status":"publish","type":"post","link":"https:\/\/vosgesinfo.fr\/gerardmerinfo\/2015\/04\/palmares-de-la-fete-des-jonquilles-jimi-rafle-la-mise\/","title":{"rendered":"Palmar\u00e8s de la F\u00eate des Jonquilles&#8230;.Jimi rafle la mise"},"content":{"rendered":"<p>&#8211; Le prix du Jury : N\u00b0 6 JIMI AU DERAILL\u2019STOCK. (Les D\u00e9raill\u00e9s)<br \/>\n&#8211; Le prix de la Soci\u00e9t\u00e9 Des F\u00eates : N\u00b019 LE HOBBIT : A LA RECONQU\u00caTE<br \/>\nD\u2019EREBOR ! (Les Sk\u00e9 Effousn\u00e9s)<br \/>\n<span style=\"font-size: 14pt;\"><strong>Les Tr\u00e8s Grands Chars :<\/strong><\/span><br \/>\n1er N\u00b0 35 LE PAON FAIT SA PARADE \u2026 CHAR DE LA REINE.<br \/>\n(Les Constructeurs du Neun\u00e9)<br \/>\n2\u00e8me N\u00b0 21 LE DUMPER. (MORESI Patrick et THURIOT Eric)<br \/>\n<strong>Les Grand Chars :<\/strong><\/p>\n<p>1er N\u00b0 8 DOM PERIGNON. (DEMANGE David \/ Alexandre et RONJON Nicolas)<br \/>\n2\u00e8me N\u00b0 13 PLUS DE SOUS\u2026MA TIRELIRE PEUT SE D\u00c9TENDRE !<br \/>\n(FLEURENCE Patrick)<br \/>\n3\u00e8me N\u00b0 27 LES MAINS D\u2019OR. (MOUGEL Florian)<br \/>\n4\u00e8me N\u00b0 17 DEUX FR\u00c8RES. (RIVOT Claude)<br \/>\n5\u00e8me N\u00b0 18 LEGO SCHOOL.(Les petits \u00e9coliers \u2013 Les parents d\u2019\u00e9l\u00e8ves \u00e9cole Notre Dame)<\/p>\n<p><span style=\"font-size: 14pt;\"><strong>Les Moyens Chars :<\/strong><\/span><\/p>\n<p>SERIE A :<\/p>\n<p>1er N\u00b0 15 MAYA ET WILLY. (BAUDOIN Barth\u00e9lemy et Marie et MORESI Enzo)<br \/>\n2\u00e8me N\u00b0 28 MOI, MOCHE MAIS VOSGIEN.<br \/>\n(Alex, Benjamin, Alain et Simon BEAUSIRE, Thibault EVRARD, Camile DEMANGEON et Julia CLAIR)<br \/>\n3\u00e8me N\u00b0 10 GARFIELD. (THIMONT Damien)<br \/>\n4\u00e8me N\u00b0 7 MOI, MOCHE ET M\u00c9CHANT. (RONJON Arthur, DEMANGE Tom)<br \/>\n5\u00e8me N\u00b0 32 LE BATEAU FANT\u00d4ME. (POCLET Pascal)<br \/>\n6\u00e9me N\u00b0 24 L\u00c2CHER LES CHEVAUX. (Soci\u00e9t\u00e9 des F\u00eates de Saulxures sur Moselotte)<br \/>\n7\u00e8me N\u00b0 16 LIBERTY CREW. (Association de danse Liberty Crew)<\/p>\n<p>SERIE B :<\/p>\n<p>1er N\u00b0 20 ALEXCOPT\u00c8RE. (THURIOT Alexis) \u2018\u2019 Mention Technique\u2019\u2019<br \/>\n2\u00e8me N\u00b0 34 ADIEU RALLYE DE FRANCE ALSACE.<br \/>\n(Association \u2018\u2019Le Carrosse d\u2019Or\u2019\u2019)<br \/>\n3\u00e8me N\u00b0 12 LE PIANO DU PAUVRE. (BOULAY Bertrand)<br \/>\n4\u00e8me N\u00b0 9 LA FERME DE TOM. (BADONNEL Tom)<br \/>\n5\u00e8me N\u00b0 26 QUAND J\u2019\u00c9TAIS PETIT !! (RUAUX Philippe)<br \/>\n6\u00e9me N\u00b0 25 DONALD EY DAISY EN GONDOLE. (Festivit\u00e9 Club Sarre \u2013 Union)<\/p>\n<p><span style=\"font-size: 14pt;\"><strong>Les Petits Chars :<\/strong><\/span><\/p>\n<p>1er N\u00b0 14 LE BARUPTOZOR. (Association des parents d\u2019\u00e9l\u00e8ves de l\u2019\u00e9cole des Bas &#8211; Rupts)<br \/>\n2\u00e8me N\u00b0 5 LE BON PETIT DIALE.<br \/>\n(Comit\u00e9 des F\u00eates de Plainfaing et BOULAY Jean \u2013 Pierre)<br \/>\n3\u00e8me N\u00b0 11 FORT BOYARD. (BOULAY Baptiste)<br \/>\n4\u00e8me N\u00b0 29 KARATEKA. (AGUETTAZ Th\u00e9o)<br \/>\n5\u00e8me N\u00b0 33 HAPPY. (CHRS Le Beillard)<br \/>\n6\u00e8me N\u00b0 23 LE RUCHER. (Les Constructeurs secrets)<br \/>\n7\u00e9me N\u00b0 30 LE MIEL DE SAPIN. (Association FLAC)<br \/>\n8\u00e8me N\u00b0 22 ECHEC ET MAT<br \/>\n(Association des \u00e9l\u00e8ves Lyc\u00e9e des M\u00e9tiers Pierre Gilles de Gennes)<\/p>\n<p><span style=\"font-size: 14pt;\"><strong>Hommage \u00e0 la 1\u00e8re F\u00eate des Jonquilles 1935 :<\/strong><\/span><\/p>\n<p>N\u00b0 1 D\u00c9SIR\u00c9 80 ANS APR\u00c9S. (DIDIER Bernard)<\/p>\n<p><span style=\"font-size: 14pt;\"><strong>Les Mini Chars :<\/strong><\/span><\/p>\n<p>1er N\u00b0 2 L\u2019\u00c9QUIPE DES JOYEUX CYCLISTES. (CORREIA Matt\u00e9o)<br \/>\n2\u00e8me N\u00b0 3 LE TACOT DES P\u2019TIOTS. (CLEMENT Micka\u00ebl)<br \/>\n3\u00e8me N\u00b0 4 3\u00e9me G\u00c9N\u00c9RATION. (BOULAY Jean-Pierre)<br \/>\n4\u00e8me N\u00b0 31 JONASSE LA BALEINE. (POCLET Amandine)<\/p>\n","protected":false},"excerpt":{"rendered":"<p>&#8211; Le prix du Jury : N\u00b0 6 JIMI AU DERAILL\u2019STOCK. (Les D\u00e9raill\u00e9s) &#8211; Le prix de la Soci\u00e9t\u00e9 Des [&hellip;]<\/p>\n","protected":false},"author":1,"featured_media":0,"comment_status":"open","ping_status":"open","sticky":false,"template":"","format":"standard","meta":{"footnotes":""},"categories":[24,8,13,31],"tags":[],"class_list":["post-12624","post","type-post","status-publish","format-standard","hentry","category-evenements","category-faits-divers","category-societe","category-vosges-faits-divers"],"acf":[],"yoast_head":"<!-- This site is optimized with the Yoast SEO plugin v22.5 - https:\/\/yoast.com\/wordpress\/plugins\/seo\/ -->\n<title>Palmar\u00e8s de la F\u00eate des Jonquilles....Jimi rafle la mise - Gerardmer Info<\/title>\n<meta name=\"robots\" content=\"index, follow, max-snippet:-1, max-image-preview:large, max-video-preview:-1\" \/>\n<link rel=\"canonical\" href=\"https:\/\/vosgesinfo.fr\/gerardmerinfo\/2015\/04\/palmares-de-la-fete-des-jonquilles-jimi-rafle-la-mise\/\" \/>\n<meta name=\"twitter:card\" content=\"summary_large_image\" \/>\n<meta name=\"twitter:title\" content=\"Palmar\u00e8s de la F\u00eate des Jonquilles....Jimi rafle la mise - Gerardmer Info\" \/>\n<meta name=\"twitter:description\" content=\"&#8211; Le prix du Jury : N\u00b0 6 JIMI AU DERAILL\u2019STOCK. (Les D\u00e9raill\u00e9s) &#8211; Le prix de la Soci\u00e9t\u00e9 Des [&hellip;]\" \/>\n<meta name=\"twitter:creator\" content=\"@VosgesInfo88\" \/>\n<meta name=\"twitter:site\" content=\"@VosgesInfo88\" \/>\n<meta name=\"twitter:label1\" content=\"\u00c9crit par\" \/>\n\t<meta name=\"twitter:data1\" content=\"qs_admin\" \/>\n\t<meta name=\"twitter:label2\" content=\"Dur\u00e9e de lecture estim\u00e9e\" \/>\n\t<meta name=\"twitter:data2\" content=\"2 minutes\" \/>\n<script type=\"application\/ld+json\" class=\"yoast-schema-graph\">{\"@context\":\"https:\/\/schema.org\",\"@graph\":[{\"@type\":\"Article\",\"@id\":\"https:\/\/vosgesinfo.fr\/gerardmerinfo\/2015\/04\/palmares-de-la-fete-des-jonquilles-jimi-rafle-la-mise\/#article\",\"isPartOf\":{\"@id\":\"https:\/\/vosgesinfo.fr\/gerardmerinfo\/2015\/04\/palmares-de-la-fete-des-jonquilles-jimi-rafle-la-mise\/\"},\"author\":{\"name\":\"qs_admin\",\"@id\":\"https:\/\/vosgesinfo.fr\/gerardmerinfo\/#\/schema\/person\/bc5d02d71e6932e81b6dadb7386667b1\"},\"headline\":\"Palmar\u00e8s de la F\u00eate des Jonquilles&#8230;.Jimi rafle la mise\",\"datePublished\":\"2015-04-14T15:35:43+00:00\",\"dateModified\":\"2015-04-14T15:35:43+00:00\",\"mainEntityOfPage\":{\"@id\":\"https:\/\/vosgesinfo.fr\/gerardmerinfo\/2015\/04\/palmares-de-la-fete-des-jonquilles-jimi-rafle-la-mise\/\"},\"wordCount\":416,\"commentCount\":0,\"publisher\":{\"@id\":\"https:\/\/vosgesinfo.fr\/gerardmerinfo\/#organization\"},\"articleSection\":[\"Ev\u00e8nements\",\"Faits-divers\",\"Soci\u00e9t\u00e9\",\"Vosges\"],\"inLanguage\":\"fr-FR\",\"potentialAction\":[{\"@type\":\"CommentAction\",\"name\":\"Comment\",\"target\":[\"https:\/\/vosgesinfo.fr\/gerardmerinfo\/2015\/04\/palmares-de-la-fete-des-jonquilles-jimi-rafle-la-mise\/#respond\"]}]},{\"@type\":\"WebPage\",\"@id\":\"https:\/\/vosgesinfo.fr\/gerardmerinfo\/2015\/04\/palmares-de-la-fete-des-jonquilles-jimi-rafle-la-mise\/\",\"url\":\"https:\/\/vosgesinfo.fr\/gerardmerinfo\/2015\/04\/palmares-de-la-fete-des-jonquilles-jimi-rafle-la-mise\/\",\"name\":\"Palmar\u00e8s de la F\u00eate des Jonquilles....Jimi rafle la mise - Gerardmer Info\",\"isPartOf\":{\"@id\":\"https:\/\/vosgesinfo.fr\/gerardmerinfo\/#website\"},\"datePublished\":\"2015-04-14T15:35:43+00:00\",\"dateModified\":\"2015-04-14T15:35:43+00:00\",\"breadcrumb\":{\"@id\":\"https:\/\/vosgesinfo.fr\/gerardmerinfo\/2015\/04\/palmares-de-la-fete-des-jonquilles-jimi-rafle-la-mise\/#breadcrumb\"},\"inLanguage\":\"fr-FR\",\"potentialAction\":[{\"@type\":\"ReadAction\",\"target\":[\"https:\/\/vosgesinfo.fr\/gerardmerinfo\/2015\/04\/palmares-de-la-fete-des-jonquilles-jimi-rafle-la-mise\/\"]}]},{\"@type\":\"BreadcrumbList\",\"@id\":\"https:\/\/vosgesinfo.fr\/gerardmerinfo\/2015\/04\/palmares-de-la-fete-des-jonquilles-jimi-rafle-la-mise\/#breadcrumb\",\"itemListElement\":[{\"@type\":\"ListItem\",\"position\":1,\"name\":\"Home\",\"item\":\"https:\/\/vosgesinfo.fr\/gerardmerinfo\/\"},{\"@type\":\"ListItem\",\"position\":2,\"name\":\"Palmar\u00e8s de la F\u00eate des Jonquilles&#8230;.Jimi rafle la mise\"}]},{\"@type\":\"WebSite\",\"@id\":\"https:\/\/vosgesinfo.fr\/gerardmerinfo\/#website\",\"url\":\"https:\/\/vosgesinfo.fr\/gerardmerinfo\/\",\"name\":\"Gerardmer Info\",\"description\":\"Toute l&#039;actualit\u00e9 de G\u00e9rardmer\",\"publisher\":{\"@id\":\"https:\/\/vosgesinfo.fr\/gerardmerinfo\/#organization\"},\"alternateName\":\"Toute l'actualit\u00e9 de G\u00e9rardmer\",\"potentialAction\":[{\"@type\":\"SearchAction\",\"target\":{\"@type\":\"EntryPoint\",\"urlTemplate\":\"https:\/\/vosgesinfo.fr\/gerardmerinfo\/?s={search_term_string}\"},\"query-input\":\"required name=search_term_string\"}],\"inLanguage\":\"fr-FR\"},{\"@type\":\"Organization\",\"@id\":\"https:\/\/vosgesinfo.fr\/gerardmerinfo\/#organization\",\"name\":\"Gerardmer Info\",\"url\":\"https:\/\/vosgesinfo.fr\/gerardmerinfo\/\",\"logo\":{\"@type\":\"ImageObject\",\"inLanguage\":\"fr-FR\",\"@id\":\"https:\/\/vosgesinfo.fr\/gerardmerinfo\/#\/schema\/logo\/image\/\",\"url\":\"https:\/\/vosgesinfo.fr\/app\/uploads\/sites\/6\/2023\/08\/favicon-gerardmerinfo.png\",\"contentUrl\":\"https:\/\/vosgesinfo.fr\/app\/uploads\/sites\/6\/2023\/08\/favicon-gerardmerinfo.png\",\"width\":512,\"height\":512,\"caption\":\"Gerardmer Info\"},\"image\":{\"@id\":\"https:\/\/vosgesinfo.fr\/gerardmerinfo\/#\/schema\/logo\/image\/\"},\"sameAs\":[\"https:\/\/www.facebook.com\/profile.php?id=100049475262660\",\"https:\/\/x.com\/VosgesInfo88\",\"https:\/\/www.youtube.com\/@vosgesinfo\"]},{\"@type\":\"Person\",\"@id\":\"https:\/\/vosgesinfo.fr\/gerardmerinfo\/#\/schema\/person\/bc5d02d71e6932e81b6dadb7386667b1\",\"name\":\"qs_admin\",\"image\":{\"@type\":\"ImageObject\",\"inLanguage\":\"fr-FR\",\"@id\":\"https:\/\/vosgesinfo.fr\/gerardmerinfo\/#\/schema\/person\/image\/\",\"url\":\"https:\/\/secure.gravatar.com\/avatar\/94b18ee0ed79e4a42ea2f2931277b6841a8999fc6fde214600c78057cf1fe1de?s=96&d=mm&r=g\",\"contentUrl\":\"https:\/\/secure.gravatar.com\/avatar\/94b18ee0ed79e4a42ea2f2931277b6841a8999fc6fde214600c78057cf1fe1de?s=96&d=mm&r=g\",\"caption\":\"qs_admin\"},\"sameAs\":[\"https:\/\/vosgesinfo.fr\/wp\"],\"url\":\"https:\/\/vosgesinfo.fr\/gerardmerinfo\/author\/qs_admin\/\"}]}<\/script>\n<!-- \/ Yoast SEO plugin. -->","yoast_head_json":{"title":"Palmar\u00e8s de la F\u00eate des Jonquilles....Jimi rafle la mise - Gerardmer Info","robots":{"index":"index","follow":"follow","max-snippet":"max-snippet:-1","max-image-preview":"max-image-preview:large","max-video-preview":"max-video-preview:-1"},"canonical":"https:\/\/vosgesinfo.fr\/gerardmerinfo\/2015\/04\/palmares-de-la-fete-des-jonquilles-jimi-rafle-la-mise\/","twitter_card":"summary_large_image","twitter_title":"Palmar\u00e8s de la F\u00eate des Jonquilles....Jimi rafle la mise - Gerardmer Info","twitter_description":"&#8211; Le prix du Jury : N\u00b0 6 JIMI AU DERAILL\u2019STOCK. (Les D\u00e9raill\u00e9s) &#8211; Le prix de la Soci\u00e9t\u00e9 Des [&hellip;]","twitter_creator":"@VosgesInfo88","twitter_site":"@VosgesInfo88","twitter_misc":{"\u00c9crit par":"qs_admin","Dur\u00e9e de lecture estim\u00e9e":"2 minutes"},"schema":{"@context":"https:\/\/schema.org","@graph":[{"@type":"Article","@id":"https:\/\/vosgesinfo.fr\/gerardmerinfo\/2015\/04\/palmares-de-la-fete-des-jonquilles-jimi-rafle-la-mise\/#article","isPartOf":{"@id":"https:\/\/vosgesinfo.fr\/gerardmerinfo\/2015\/04\/palmares-de-la-fete-des-jonquilles-jimi-rafle-la-mise\/"},"author":{"name":"qs_admin","@id":"https:\/\/vosgesinfo.fr\/gerardmerinfo\/#\/schema\/person\/bc5d02d71e6932e81b6dadb7386667b1"},"headline":"Palmar\u00e8s de la F\u00eate des Jonquilles&#8230;.Jimi rafle la mise","datePublished":"2015-04-14T15:35:43+00:00","dateModified":"2015-04-14T15:35:43+00:00","mainEntityOfPage":{"@id":"https:\/\/vosgesinfo.fr\/gerardmerinfo\/2015\/04\/palmares-de-la-fete-des-jonquilles-jimi-rafle-la-mise\/"},"wordCount":416,"commentCount":0,"publisher":{"@id":"https:\/\/vosgesinfo.fr\/gerardmerinfo\/#organization"},"articleSection":["Ev\u00e8nements","Faits-divers","Soci\u00e9t\u00e9","Vosges"],"inLanguage":"fr-FR","potentialAction":[{"@type":"CommentAction","name":"Comment","target":["https:\/\/vosgesinfo.fr\/gerardmerinfo\/2015\/04\/palmares-de-la-fete-des-jonquilles-jimi-rafle-la-mise\/#respond"]}]},{"@type":"WebPage","@id":"https:\/\/vosgesinfo.fr\/gerardmerinfo\/2015\/04\/palmares-de-la-fete-des-jonquilles-jimi-rafle-la-mise\/","url":"https:\/\/vosgesinfo.fr\/gerardmerinfo\/2015\/04\/palmares-de-la-fete-des-jonquilles-jimi-rafle-la-mise\/","name":"Palmar\u00e8s de la F\u00eate des Jonquilles....Jimi rafle la mise - Gerardmer Info","isPartOf":{"@id":"https:\/\/vosgesinfo.fr\/gerardmerinfo\/#website"},"datePublished":"2015-04-14T15:35:43+00:00","dateModified":"2015-04-14T15:35:43+00:00","breadcrumb":{"@id":"https:\/\/vosgesinfo.fr\/gerardmerinfo\/2015\/04\/palmares-de-la-fete-des-jonquilles-jimi-rafle-la-mise\/#breadcrumb"},"inLanguage":"fr-FR","potentialAction":[{"@type":"ReadAction","target":["https:\/\/vosgesinfo.fr\/gerardmerinfo\/2015\/04\/palmares-de-la-fete-des-jonquilles-jimi-rafle-la-mise\/"]}]},{"@type":"BreadcrumbList","@id":"https:\/\/vosgesinfo.fr\/gerardmerinfo\/2015\/04\/palmares-de-la-fete-des-jonquilles-jimi-rafle-la-mise\/#breadcrumb","itemListElement":[{"@type":"ListItem","position":1,"name":"Home","item":"https:\/\/vosgesinfo.fr\/gerardmerinfo\/"},{"@type":"ListItem","position":2,"name":"Palmar\u00e8s de la F\u00eate des Jonquilles&#8230;.Jimi rafle la mise"}]},{"@type":"WebSite","@id":"https:\/\/vosgesinfo.fr\/gerardmerinfo\/#website","url":"https:\/\/vosgesinfo.fr\/gerardmerinfo\/","name":"Gerardmer Info","description":"Toute l&#039;actualit\u00e9 de G\u00e9rardmer","publisher":{"@id":"https:\/\/vosgesinfo.fr\/gerardmerinfo\/#organization"},"alternateName":"Toute l'actualit\u00e9 de G\u00e9rardmer","potentialAction":[{"@type":"SearchAction","target":{"@type":"EntryPoint","urlTemplate":"https:\/\/vosgesinfo.fr\/gerardmerinfo\/?s={search_term_string}"},"query-input":"required name=search_term_string"}],"inLanguage":"fr-FR"},{"@type":"Organization","@id":"https:\/\/vosgesinfo.fr\/gerardmerinfo\/#organization","name":"Gerardmer Info","url":"https:\/\/vosgesinfo.fr\/gerardmerinfo\/","logo":{"@type":"ImageObject","inLanguage":"fr-FR","@id":"https:\/\/vosgesinfo.fr\/gerardmerinfo\/#\/schema\/logo\/image\/","url":"https:\/\/vosgesinfo.fr\/app\/uploads\/sites\/6\/2023\/08\/favicon-gerardmerinfo.png","contentUrl":"https:\/\/vosgesinfo.fr\/app\/uploads\/sites\/6\/2023\/08\/favicon-gerardmerinfo.png","width":512,"height":512,"caption":"Gerardmer Info"},"image":{"@id":"https:\/\/vosgesinfo.fr\/gerardmerinfo\/#\/schema\/logo\/image\/"},"sameAs":["https:\/\/www.facebook.com\/profile.php?id=100049475262660","https:\/\/x.com\/VosgesInfo88","https:\/\/www.youtube.com\/@vosgesinfo"]},{"@type":"Person","@id":"https:\/\/vosgesinfo.fr\/gerardmerinfo\/#\/schema\/person\/bc5d02d71e6932e81b6dadb7386667b1","name":"qs_admin","image":{"@type":"ImageObject","inLanguage":"fr-FR","@id":"https:\/\/vosgesinfo.fr\/gerardmerinfo\/#\/schema\/person\/image\/","url":"https:\/\/secure.gravatar.com\/avatar\/94b18ee0ed79e4a42ea2f2931277b6841a8999fc6fde214600c78057cf1fe1de?s=96&d=mm&r=g","contentUrl":"https:\/\/secure.gravatar.com\/avatar\/94b18ee0ed79e4a42ea2f2931277b6841a8999fc6fde214600c78057cf1fe1de?s=96&d=mm&r=g","caption":"qs_admin"},"sameAs":["https:\/\/vosgesinfo.fr\/wp"],"url":"https:\/\/vosgesinfo.fr\/gerardmerinfo\/author\/qs_admin\/"}]}},"_links":{"self":[{"href":"https:\/\/vosgesinfo.fr\/gerardmerinfo\/wp-json\/wp\/v2\/posts\/12624","targetHints":{"allow":["GET"]}}],"collection":[{"href":"https:\/\/vosgesinfo.fr\/gerardmerinfo\/wp-json\/wp\/v2\/posts"}],"about":[{"href":"https:\/\/vosgesinfo.fr\/gerardmerinfo\/wp-json\/wp\/v2\/types\/post"}],"author":[{"embeddable":true,"href":"https:\/\/vosgesinfo.fr\/gerardmerinfo\/wp-json\/wp\/v2\/users\/1"}],"replies":[{"embeddable":true,"href":"https:\/\/vosgesinfo.fr\/gerardmerinfo\/wp-json\/wp\/v2\/comments?post=12624"}],"version-history":[{"count":0,"href":"https:\/\/vosgesinfo.fr\/gerardmerinfo\/wp-json\/wp\/v2\/posts\/12624\/revisions"}],"wp:attachment":[{"href":"https:\/\/vosgesinfo.fr\/gerardmerinfo\/wp-json\/wp\/v2\/media?parent=12624"}],"wp:term":[{"taxonomy":"category","embeddable":true,"href":"https:\/\/vosgesinfo.fr\/gerardmerinfo\/wp-json\/wp\/v2\/categories?post=12624"},{"taxonomy":"post_tag","embeddable":true,"href":"https:\/\/vosgesinfo.fr\/gerardmerinfo\/wp-json\/wp\/v2\/tags?post=12624"}],"curies":[{"name":"wp","href":"https:\/\/api.w.org\/{rel}","templated":true}]}}