{"id":12625,"date":"2015-04-14T17:46:57","date_gmt":"2015-04-14T15:46:57","guid":{"rendered":"https:\/\/vosgesinfo.fr\/gerardmerinfo\/2015\/04\/le-palmares-des-sujets-fixes\/"},"modified":"2015-04-14T17:46:57","modified_gmt":"2015-04-14T15:46:57","slug":"le-palmares-des-sujets-fixes","status":"publish","type":"post","link":"https:\/\/vosgesinfo.fr\/gerardmerinfo\/2015\/04\/le-palmares-des-sujets-fixes\/","title":{"rendered":"Le palmar\u00e8s des sujets fixes : Le Schroumpf Boulanger vire en t\u00eate"},"content":{"rendered":"<p><span style=\"font-size: 14pt;\"><strong>\u00a0Grand prix du jury<\/strong><\/span> :<\/p>\n<p>SCHTROUMPF BOULANGER<br \/>\n(MICHEL Philippe).<\/p>\n<p><span style=\"font-size: 14pt;\"><strong>Les Grands Volumes :<\/strong><\/span><\/p>\n<p>1er La Sk\u00e9 B\u00e9cane (Les D\u00e9raill\u00e9s).<br \/>\n2\u00e8me Quoi ? Des Loutres au Lac ! (REMY Enzo).<br \/>\n3\u00e8me Raiponce (MARY Gwendeline).<br \/>\n4\u00e8me ONE \u2013 Piece Lulli au Chapeau de Paille<br \/>\n(Baudouin Barth\u00e9lemy et Marie).<br \/>\n5\u00e8me Classe de Mer (Amicale \u00c9cole Jean &#8211; Mac\u00e9).<br \/>\n6\u00e8me C\u2019est Votre Anniversaire (LORRE St\u00e9phane).<br \/>\n7\u00e9me Les Mignons (Association du Lotissement de la Cercen\u00e9).<\/p>\n<p><span style=\"font-size: 14pt;\"><strong>Les Moyens Volumes :<\/strong><\/span><\/p>\n<p>1\u00e8me B\u00e9cassine Reine d\u2019un Jour (BEDEL Michel).<br \/>\n2\u00e8me Une Colombe (POCLET Pascal).<br \/>\n3\u00e8me L\u2019\u0153uf de P\u00e2ques (BOULAY Jean &#8211; Pierre).<br \/>\n4\u00e8me Le Bouquin des Copains<br \/>\n(FSE Coll\u00e8ge Georges BRASSENS Granges sur Vologne).<br \/>\n5\u00e8me Un Dragon (MORESI Claude).<br \/>\n6\u00e8me Les As du Kayak (A.S G\u00e9rardmer Cano\u00eb &#8211; Kayak).<br \/>\n7\u00e8me Dragon Head (APEL \u00c9cole Notre Dame).<br \/>\n8\u00e8me PlayMobil (RIVOT Christian).<\/p>\n<p><span style=\"font-size: 14pt;\"><strong>Les Petits Volumes :<\/strong><\/span><\/p>\n<p>1er Le Bonnet de Mimile (ANDR\u00c9 Emil).<br \/>\n2\u00e8me \u2018\u2019 Barney Grumble ; Les Simpson (JUDE Anne &#8211; Claire).<br \/>\n3\u00e8me Cuv\u00e9e Des 80 Ans de la F\u00eate des Jonquilles (Rivot Jimmy).<br \/>\n4\u00e8me La Taverne Alsacienne (FLEURENCE Patrick).<br \/>\n5\u00e8me La Ch\u00e8vre de Monsieur Seguin (RIVOT Jimmy).<br \/>\n6\u00e8me Petit Joueur de P\u00e9tanque (RIVOT Christian).<br \/>\n7\u00e8me Aigle Royal (RUER Elise et Quentin).<br \/>\n8\u00e8me Cuv\u00e9e des Jonquilles (CROVISIER Timoth\u00e9e).<br \/>\n9\u00e8me ROMEO Gastronomie (POCLET Pascal).<br \/>\n10\u00e8me Escargots (\u2018\u2019Le DAROU\u2019\u2019 Gerbepal).<br \/>\n<span style=\"font-size: 14pt;\"><strong>Les panneaux :<\/strong><\/span><\/p>\n<p>1er SHOWTIME Festival 2016 (A.E.M. Showtime Festival).<br \/>\n2\u00e8me \u2018\u2019 Autres \u00c9changes, Autre Monde\u2019\u2019 ! (Artisans du Monde).<br \/>\n3\u00e8me Le Chrono (G\u00e9rardmer Triathlon).<br \/>\n4\u00e8me Roue Rotarienne (ROTARY Club).<br \/>\n5\u00e8me La Femme Touareg<br \/>\n(Comit\u00e9 de jumelage Coop\u00e9ration G\u00e9rardmer &#8211; Tidarm\u00e8ne).<br \/>\n6\u00e9me 80 Ans F\u00eate des Jonquilles (MOSERI Patrick).<br \/>\n7\u00e9me Petit Souvenir de la 47\u00e8me (FLEURENCE Patrick).<br \/>\n8\u00e8me \u00c9cusson du Village (\u2018\u2019Le Darou\u2019\u2019 Gerpepal).<br \/>\n9\u00e8me \u00c9cusson Montagne (Gendarmerie de G\u00e9rardmer).<br \/>\n10\u00e8me Les Copains en 4 L (Association D\u2019esstination 4L TROPHY).<br \/>\n11\u00e8me TG2V avec en Train (TG2V).<br \/>\n12\u00e8me A. S. G\u00e9rardmer Basket (Club de Basket de G\u00e9rardmer).<br \/>\n13\u00e8me Je Suis Charlie (BEAUSIRE Alex)<\/p>\n<p><span style=\"font-size: 14pt;\"><strong>Les Hors Concours :<\/strong><\/span><\/p>\n<p>El Mexicano (FLEURANCE Patrick).<br \/>\nSchlitte Vosgienne (MORESI Claude).<br \/>\nLa Lampe \u00e0 Souder (R\u00e9sidents du Centre Hospitalier).<br \/>\nLe monstre du Locn Ness (COS de la ville de G\u00e9rardmer).<br \/>\nLes Arcades de La Mairie (Ville de G\u00e9rardmer).<\/p>\n<p>Le jury remercie tout particuli\u00e8rement toutes les personnes du canton (Commer\u00e7ants et particuliers) et des alentours qui ont r\u00e9alis\u00e9 un d\u00e9cor floral sur la fa\u00e7ade de leur maison.<\/p>\n","protected":false},"excerpt":{"rendered":"<p>\u00a0Grand prix du jury : SCHTROUMPF BOULANGER (MICHEL Philippe). Les Grands Volumes : 1er La Sk\u00e9 B\u00e9cane (Les D\u00e9raill\u00e9s). 2\u00e8me [&hellip;]<\/p>\n","protected":false},"author":1,"featured_media":0,"comment_status":"open","ping_status":"open","sticky":false,"template":"","format":"standard","meta":{"footnotes":""},"categories":[24,18],"tags":[],"class_list":["post-12625","post","type-post","status-publish","format-standard","hentry","category-evenements","category-vosges"],"acf":[],"yoast_head":"<!-- This site is optimized with the Yoast SEO plugin v22.5 - https:\/\/yoast.com\/wordpress\/plugins\/seo\/ -->\n<title>Le palmar\u00e8s des sujets fixes : Le Schroumpf Boulanger vire en t\u00eate - Gerardmer Info<\/title>\n<meta name=\"robots\" content=\"index, follow, max-snippet:-1, max-image-preview:large, max-video-preview:-1\" \/>\n<link rel=\"canonical\" href=\"https:\/\/vosgesinfo.fr\/gerardmerinfo\/2015\/04\/le-palmares-des-sujets-fixes\/\" \/>\n<meta name=\"twitter:card\" content=\"summary_large_image\" \/>\n<meta name=\"twitter:title\" content=\"Le palmar\u00e8s des sujets fixes : Le Schroumpf Boulanger vire en t\u00eate - Gerardmer Info\" \/>\n<meta name=\"twitter:description\" content=\"\u00a0Grand prix du jury : SCHTROUMPF BOULANGER (MICHEL Philippe). Les Grands Volumes : 1er La Sk\u00e9 B\u00e9cane (Les D\u00e9raill\u00e9s). 2\u00e8me [&hellip;]\" \/>\n<meta name=\"twitter:creator\" content=\"@VosgesInfo88\" \/>\n<meta name=\"twitter:site\" content=\"@VosgesInfo88\" \/>\n<meta name=\"twitter:label1\" content=\"\u00c9crit par\" \/>\n\t<meta name=\"twitter:data1\" content=\"qs_admin\" \/>\n\t<meta name=\"twitter:label2\" content=\"Dur\u00e9e de lecture estim\u00e9e\" \/>\n\t<meta name=\"twitter:data2\" content=\"2 minutes\" \/>\n<script type=\"application\/ld+json\" class=\"yoast-schema-graph\">{\"@context\":\"https:\/\/schema.org\",\"@graph\":[{\"@type\":\"Article\",\"@id\":\"https:\/\/vosgesinfo.fr\/gerardmerinfo\/2015\/04\/le-palmares-des-sujets-fixes\/#article\",\"isPartOf\":{\"@id\":\"https:\/\/vosgesinfo.fr\/gerardmerinfo\/2015\/04\/le-palmares-des-sujets-fixes\/\"},\"author\":{\"name\":\"qs_admin\",\"@id\":\"https:\/\/vosgesinfo.fr\/gerardmerinfo\/#\/schema\/person\/bc5d02d71e6932e81b6dadb7386667b1\"},\"headline\":\"Le palmar\u00e8s des sujets fixes : Le Schroumpf Boulanger vire en t\u00eate\",\"datePublished\":\"2015-04-14T15:46:57+00:00\",\"dateModified\":\"2015-04-14T15:46:57+00:00\",\"mainEntityOfPage\":{\"@id\":\"https:\/\/vosgesinfo.fr\/gerardmerinfo\/2015\/04\/le-palmares-des-sujets-fixes\/\"},\"wordCount\":414,\"commentCount\":0,\"publisher\":{\"@id\":\"https:\/\/vosgesinfo.fr\/gerardmerinfo\/#organization\"},\"articleSection\":[\"Ev\u00e8nements\",\"Vosges\"],\"inLanguage\":\"fr-FR\",\"potentialAction\":[{\"@type\":\"CommentAction\",\"name\":\"Comment\",\"target\":[\"https:\/\/vosgesinfo.fr\/gerardmerinfo\/2015\/04\/le-palmares-des-sujets-fixes\/#respond\"]}]},{\"@type\":\"WebPage\",\"@id\":\"https:\/\/vosgesinfo.fr\/gerardmerinfo\/2015\/04\/le-palmares-des-sujets-fixes\/\",\"url\":\"https:\/\/vosgesinfo.fr\/gerardmerinfo\/2015\/04\/le-palmares-des-sujets-fixes\/\",\"name\":\"Le palmar\u00e8s des sujets fixes : Le Schroumpf Boulanger vire en t\u00eate - Gerardmer Info\",\"isPartOf\":{\"@id\":\"https:\/\/vosgesinfo.fr\/gerardmerinfo\/#website\"},\"datePublished\":\"2015-04-14T15:46:57+00:00\",\"dateModified\":\"2015-04-14T15:46:57+00:00\",\"breadcrumb\":{\"@id\":\"https:\/\/vosgesinfo.fr\/gerardmerinfo\/2015\/04\/le-palmares-des-sujets-fixes\/#breadcrumb\"},\"inLanguage\":\"fr-FR\",\"potentialAction\":[{\"@type\":\"ReadAction\",\"target\":[\"https:\/\/vosgesinfo.fr\/gerardmerinfo\/2015\/04\/le-palmares-des-sujets-fixes\/\"]}]},{\"@type\":\"BreadcrumbList\",\"@id\":\"https:\/\/vosgesinfo.fr\/gerardmerinfo\/2015\/04\/le-palmares-des-sujets-fixes\/#breadcrumb\",\"itemListElement\":[{\"@type\":\"ListItem\",\"position\":1,\"name\":\"Home\",\"item\":\"https:\/\/vosgesinfo.fr\/gerardmerinfo\/\"},{\"@type\":\"ListItem\",\"position\":2,\"name\":\"Le palmar\u00e8s des sujets fixes : Le Schroumpf Boulanger vire en t\u00eate\"}]},{\"@type\":\"WebSite\",\"@id\":\"https:\/\/vosgesinfo.fr\/gerardmerinfo\/#website\",\"url\":\"https:\/\/vosgesinfo.fr\/gerardmerinfo\/\",\"name\":\"Gerardmer Info\",\"description\":\"Toute l&#039;actualit\u00e9 de G\u00e9rardmer\",\"publisher\":{\"@id\":\"https:\/\/vosgesinfo.fr\/gerardmerinfo\/#organization\"},\"alternateName\":\"Toute l'actualit\u00e9 de G\u00e9rardmer\",\"potentialAction\":[{\"@type\":\"SearchAction\",\"target\":{\"@type\":\"EntryPoint\",\"urlTemplate\":\"https:\/\/vosgesinfo.fr\/gerardmerinfo\/?s={search_term_string}\"},\"query-input\":\"required name=search_term_string\"}],\"inLanguage\":\"fr-FR\"},{\"@type\":\"Organization\",\"@id\":\"https:\/\/vosgesinfo.fr\/gerardmerinfo\/#organization\",\"name\":\"Gerardmer Info\",\"url\":\"https:\/\/vosgesinfo.fr\/gerardmerinfo\/\",\"logo\":{\"@type\":\"ImageObject\",\"inLanguage\":\"fr-FR\",\"@id\":\"https:\/\/vosgesinfo.fr\/gerardmerinfo\/#\/schema\/logo\/image\/\",\"url\":\"https:\/\/vosgesinfo.fr\/app\/uploads\/sites\/6\/2023\/08\/favicon-gerardmerinfo.png\",\"contentUrl\":\"https:\/\/vosgesinfo.fr\/app\/uploads\/sites\/6\/2023\/08\/favicon-gerardmerinfo.png\",\"width\":512,\"height\":512,\"caption\":\"Gerardmer Info\"},\"image\":{\"@id\":\"https:\/\/vosgesinfo.fr\/gerardmerinfo\/#\/schema\/logo\/image\/\"},\"sameAs\":[\"https:\/\/www.facebook.com\/profile.php?id=100049475262660\",\"https:\/\/x.com\/VosgesInfo88\",\"https:\/\/www.youtube.com\/@vosgesinfo\"]},{\"@type\":\"Person\",\"@id\":\"https:\/\/vosgesinfo.fr\/gerardmerinfo\/#\/schema\/person\/bc5d02d71e6932e81b6dadb7386667b1\",\"name\":\"qs_admin\",\"image\":{\"@type\":\"ImageObject\",\"inLanguage\":\"fr-FR\",\"@id\":\"https:\/\/vosgesinfo.fr\/gerardmerinfo\/#\/schema\/person\/image\/\",\"url\":\"https:\/\/secure.gravatar.com\/avatar\/94b18ee0ed79e4a42ea2f2931277b6841a8999fc6fde214600c78057cf1fe1de?s=96&d=mm&r=g\",\"contentUrl\":\"https:\/\/secure.gravatar.com\/avatar\/94b18ee0ed79e4a42ea2f2931277b6841a8999fc6fde214600c78057cf1fe1de?s=96&d=mm&r=g\",\"caption\":\"qs_admin\"},\"sameAs\":[\"https:\/\/vosgesinfo.fr\/wp\"],\"url\":\"https:\/\/vosgesinfo.fr\/gerardmerinfo\/author\/qs_admin\/\"}]}<\/script>\n<!-- \/ Yoast SEO plugin. -->","yoast_head_json":{"title":"Le palmar\u00e8s des sujets fixes : Le Schroumpf Boulanger vire en t\u00eate - Gerardmer Info","robots":{"index":"index","follow":"follow","max-snippet":"max-snippet:-1","max-image-preview":"max-image-preview:large","max-video-preview":"max-video-preview:-1"},"canonical":"https:\/\/vosgesinfo.fr\/gerardmerinfo\/2015\/04\/le-palmares-des-sujets-fixes\/","twitter_card":"summary_large_image","twitter_title":"Le palmar\u00e8s des sujets fixes : Le Schroumpf Boulanger vire en t\u00eate - Gerardmer Info","twitter_description":"\u00a0Grand prix du jury : SCHTROUMPF BOULANGER (MICHEL Philippe). Les Grands Volumes : 1er La Sk\u00e9 B\u00e9cane (Les D\u00e9raill\u00e9s). 2\u00e8me [&hellip;]","twitter_creator":"@VosgesInfo88","twitter_site":"@VosgesInfo88","twitter_misc":{"\u00c9crit par":"qs_admin","Dur\u00e9e de lecture estim\u00e9e":"2 minutes"},"schema":{"@context":"https:\/\/schema.org","@graph":[{"@type":"Article","@id":"https:\/\/vosgesinfo.fr\/gerardmerinfo\/2015\/04\/le-palmares-des-sujets-fixes\/#article","isPartOf":{"@id":"https:\/\/vosgesinfo.fr\/gerardmerinfo\/2015\/04\/le-palmares-des-sujets-fixes\/"},"author":{"name":"qs_admin","@id":"https:\/\/vosgesinfo.fr\/gerardmerinfo\/#\/schema\/person\/bc5d02d71e6932e81b6dadb7386667b1"},"headline":"Le palmar\u00e8s des sujets fixes : Le Schroumpf Boulanger vire en t\u00eate","datePublished":"2015-04-14T15:46:57+00:00","dateModified":"2015-04-14T15:46:57+00:00","mainEntityOfPage":{"@id":"https:\/\/vosgesinfo.fr\/gerardmerinfo\/2015\/04\/le-palmares-des-sujets-fixes\/"},"wordCount":414,"commentCount":0,"publisher":{"@id":"https:\/\/vosgesinfo.fr\/gerardmerinfo\/#organization"},"articleSection":["Ev\u00e8nements","Vosges"],"inLanguage":"fr-FR","potentialAction":[{"@type":"CommentAction","name":"Comment","target":["https:\/\/vosgesinfo.fr\/gerardmerinfo\/2015\/04\/le-palmares-des-sujets-fixes\/#respond"]}]},{"@type":"WebPage","@id":"https:\/\/vosgesinfo.fr\/gerardmerinfo\/2015\/04\/le-palmares-des-sujets-fixes\/","url":"https:\/\/vosgesinfo.fr\/gerardmerinfo\/2015\/04\/le-palmares-des-sujets-fixes\/","name":"Le palmar\u00e8s des sujets fixes : Le Schroumpf Boulanger vire en t\u00eate - Gerardmer Info","isPartOf":{"@id":"https:\/\/vosgesinfo.fr\/gerardmerinfo\/#website"},"datePublished":"2015-04-14T15:46:57+00:00","dateModified":"2015-04-14T15:46:57+00:00","breadcrumb":{"@id":"https:\/\/vosgesinfo.fr\/gerardmerinfo\/2015\/04\/le-palmares-des-sujets-fixes\/#breadcrumb"},"inLanguage":"fr-FR","potentialAction":[{"@type":"ReadAction","target":["https:\/\/vosgesinfo.fr\/gerardmerinfo\/2015\/04\/le-palmares-des-sujets-fixes\/"]}]},{"@type":"BreadcrumbList","@id":"https:\/\/vosgesinfo.fr\/gerardmerinfo\/2015\/04\/le-palmares-des-sujets-fixes\/#breadcrumb","itemListElement":[{"@type":"ListItem","position":1,"name":"Home","item":"https:\/\/vosgesinfo.fr\/gerardmerinfo\/"},{"@type":"ListItem","position":2,"name":"Le palmar\u00e8s des sujets fixes : Le Schroumpf Boulanger vire en t\u00eate"}]},{"@type":"WebSite","@id":"https:\/\/vosgesinfo.fr\/gerardmerinfo\/#website","url":"https:\/\/vosgesinfo.fr\/gerardmerinfo\/","name":"Gerardmer Info","description":"Toute l&#039;actualit\u00e9 de G\u00e9rardmer","publisher":{"@id":"https:\/\/vosgesinfo.fr\/gerardmerinfo\/#organization"},"alternateName":"Toute l'actualit\u00e9 de G\u00e9rardmer","potentialAction":[{"@type":"SearchAction","target":{"@type":"EntryPoint","urlTemplate":"https:\/\/vosgesinfo.fr\/gerardmerinfo\/?s={search_term_string}"},"query-input":"required name=search_term_string"}],"inLanguage":"fr-FR"},{"@type":"Organization","@id":"https:\/\/vosgesinfo.fr\/gerardmerinfo\/#organization","name":"Gerardmer Info","url":"https:\/\/vosgesinfo.fr\/gerardmerinfo\/","logo":{"@type":"ImageObject","inLanguage":"fr-FR","@id":"https:\/\/vosgesinfo.fr\/gerardmerinfo\/#\/schema\/logo\/image\/","url":"https:\/\/vosgesinfo.fr\/app\/uploads\/sites\/6\/2023\/08\/favicon-gerardmerinfo.png","contentUrl":"https:\/\/vosgesinfo.fr\/app\/uploads\/sites\/6\/2023\/08\/favicon-gerardmerinfo.png","width":512,"height":512,"caption":"Gerardmer Info"},"image":{"@id":"https:\/\/vosgesinfo.fr\/gerardmerinfo\/#\/schema\/logo\/image\/"},"sameAs":["https:\/\/www.facebook.com\/profile.php?id=100049475262660","https:\/\/x.com\/VosgesInfo88","https:\/\/www.youtube.com\/@vosgesinfo"]},{"@type":"Person","@id":"https:\/\/vosgesinfo.fr\/gerardmerinfo\/#\/schema\/person\/bc5d02d71e6932e81b6dadb7386667b1","name":"qs_admin","image":{"@type":"ImageObject","inLanguage":"fr-FR","@id":"https:\/\/vosgesinfo.fr\/gerardmerinfo\/#\/schema\/person\/image\/","url":"https:\/\/secure.gravatar.com\/avatar\/94b18ee0ed79e4a42ea2f2931277b6841a8999fc6fde214600c78057cf1fe1de?s=96&d=mm&r=g","contentUrl":"https:\/\/secure.gravatar.com\/avatar\/94b18ee0ed79e4a42ea2f2931277b6841a8999fc6fde214600c78057cf1fe1de?s=96&d=mm&r=g","caption":"qs_admin"},"sameAs":["https:\/\/vosgesinfo.fr\/wp"],"url":"https:\/\/vosgesinfo.fr\/gerardmerinfo\/author\/qs_admin\/"}]}},"_links":{"self":[{"href":"https:\/\/vosgesinfo.fr\/gerardmerinfo\/wp-json\/wp\/v2\/posts\/12625","targetHints":{"allow":["GET"]}}],"collection":[{"href":"https:\/\/vosgesinfo.fr\/gerardmerinfo\/wp-json\/wp\/v2\/posts"}],"about":[{"href":"https:\/\/vosgesinfo.fr\/gerardmerinfo\/wp-json\/wp\/v2\/types\/post"}],"author":[{"embeddable":true,"href":"https:\/\/vosgesinfo.fr\/gerardmerinfo\/wp-json\/wp\/v2\/users\/1"}],"replies":[{"embeddable":true,"href":"https:\/\/vosgesinfo.fr\/gerardmerinfo\/wp-json\/wp\/v2\/comments?post=12625"}],"version-history":[{"count":0,"href":"https:\/\/vosgesinfo.fr\/gerardmerinfo\/wp-json\/wp\/v2\/posts\/12625\/revisions"}],"wp:attachment":[{"href":"https:\/\/vosgesinfo.fr\/gerardmerinfo\/wp-json\/wp\/v2\/media?parent=12625"}],"wp:term":[{"taxonomy":"category","embeddable":true,"href":"https:\/\/vosgesinfo.fr\/gerardmerinfo\/wp-json\/wp\/v2\/categories?post=12625"},{"taxonomy":"post_tag","embeddable":true,"href":"https:\/\/vosgesinfo.fr\/gerardmerinfo\/wp-json\/wp\/v2\/tags?post=12625"}],"curies":[{"name":"wp","href":"https:\/\/api.w.org\/{rel}","templated":true}]}}