{"id":12648,"date":"2015-04-20T17:41:37","date_gmt":"2015-04-20T15:41:37","guid":{"rendered":"https:\/\/vosgesinfo.fr\/gerardmerinfo\/2015\/04\/le-valtart-devoile-ses-nouveaux-tresors\/"},"modified":"2015-04-20T17:41:37","modified_gmt":"2015-04-20T15:41:37","slug":"le-valtart-devoile-ses-nouveaux-tresors","status":"publish","type":"post","link":"https:\/\/vosgesinfo.fr\/gerardmerinfo\/2015\/04\/le-valtart-devoile-ses-nouveaux-tresors\/","title":{"rendered":"Le Valt&rsquo;Art d\u00e9voile ses nouveaux tr\u00e9sors"},"content":{"rendered":" Le traditionnelle vernissage de l&rsquo;expsosition s&rsquo;est d\u00e9roul\u00e9e samedi apr\u00e8s-midi en pr\u00e9sence de nombreux invit\u00e9s et de repr\u00e9sentants de la municipalit\u00e9\n<p><span style=\"color: #000000;\"><span style=\"font-family: 'Times New Roman', serif;\"><span style=\"font-size: medium;\"><b>Le collectif a officiellement lanc\u00e9 son exposition annuelle \u00e0 la Villa Monplaisir ce samedi 18 avril \u00e0 l&rsquo;occasion d&rsquo;un vernissage chaleureux o\u00f9 l&rsquo;on pouvait d\u00e9couvrir en avant-premi\u00e8re les derni\u00e8res cr\u00e9ations des artistes pr\u00e9sents cette ann\u00e9e.<\/b><\/span><\/span><\/span><\/p>\n C&rsquo;est l&rsquo;ancienne pr\u00e9sidente du collectif V\u00e9ronique Cypryszczak (\u00e0 droite sur le photo), qui a pr\u00e9sent\u00e9 ce nouvel opus en compagnie de Denise Foinant (\u00e0 sa gauche)\n<p><span style=\"color: #000000;\"><span style=\"font-family: 'Times New Roman', serif;\"><span style=\"font-size: medium;\">En l&rsquo;absence de l&rsquo;actuel pr\u00e9sident du Valt&rsquo;Art Philippe Conti-Zhendre, c&rsquo;est donc V\u00e9ronique Cypryszczak qui a pris la parole afin de pr\u00e9senter cette nouvelle exposition. En tant qu&rsquo;ancienne pr\u00e9sidente du collectif, cette derni\u00e8re est en effet rompu \u00e0 l&rsquo;exercice. De mani\u00e8re efficace et concise, elle a pr\u00e9sent\u00e9 ce nouveau volet en pr\u00e9cisant que c&rsquo;\u00e9tait un plaisir de pouvoir exposer dans une salle qui avait \u00e9t\u00e9 entre temps rafra\u00eechie et met ainsi en valeur les \u0153uvres expos\u00e9es de mani\u00e8re plus significative. L&rsquo;occasion \u00e9tait donc id\u00e9ale de remercier la municipalit\u00e9 g\u00e9r\u00f4moise qui met \u00e0 disposition la Villa chaque ann\u00e9e. <\/span><\/span><\/span><\/p>\n<p><span style=\"color: #000000;\"><span style=\"font-family: 'Times New Roman', serif;\"><span style=\"font-size: medium;\">Mais apr\u00e8s le contenant, revenons-en au contenu\u00a0: \u00ab\u00a0Les diff\u00e9rents travaux qui garnissent les lieux sont le r\u00e9sultat d&rsquo;une r\u00e9flexion sur le support en le d\u00e9formant, mais en ne d\u00e9naturant pas le format. Chacun a pu aborder ce travail en toute libert\u00e9, ce qui a permis aux artistes d&rsquo;exprimer leur personnalit\u00e9 sans alt\u00e9ration culturelle, sinon la leur, et de chercher, de provoquer des exp\u00e9rimentations nouvelles avec beaucoup de fra\u00eecheur, d&rsquo;\u00e9veil et de volont\u00e9, en refusant toute facilit\u00e9\u00a0\u00bb, r\u00e9sumait ainsi le pr\u00e9sident du valt&rsquo;Art \u00e0 travers la voix de Val\u00e9rie Cypryszczak. <\/span><\/span><\/span><\/p>\n<p><span style=\"color: #000000;\"><span style=\"font-family: 'Times New Roman', serif;\"><span style=\"font-size: medium;\">De mani\u00e8re concr\u00e8te, c&rsquo;est un panach\u00e9 tr\u00e8s vari\u00e9 qui vous attend \u00e0 la Villa Monplaisir jusqu&rsquo;au 26 avril 2015\u00a0: peinture, sculpture sur gr\u00e9, collage et d\u00e9coupage, techniques mixtes etc&#8230; Il y a de quoi se faire plaisir\u00a0! <\/span><\/span><\/span><\/p>\n<p><span style=\"color: #000000;\"><span style=\"font-family: 'Times New Roman', serif;\"><span style=\"font-size: medium;\">Les exposants\u00a0: Anne B\u00e9del-Thomas, Anne Villaume, Denis Bernard, Denyse Foinant, Evelyne Rodrigu\u00e8s, Evelyne Santin-Thiriet, Nadine Michel, Olga Tisserant, Philippe Conti-Zhendre, St\u00e9phane Lalev\u00e9e, V\u00e9ronique Cypryszczak\u00a0.<\/span><\/span><\/span><\/p>\n<p><span style=\"color: #000000;\"><span style=\"font-family: 'Times New Roman', serif;\"><span style=\"font-size: medium;\">Entr\u00e9e libre du 19 au 26 avril, tous les jours de 14 h \u00e0 18 h 30 et le dimanche de 10 h \u00e0 18 h 30.<\/span><\/span><\/span><\/p>\n\n\t\t<style type=\"text\/css\">\n\t\t\t#gallery-1 {\n\t\t\t\tmargin: auto;\n\t\t\t}\n\t\t\t#gallery-1 .gallery-item {\n\t\t\t\tfloat: left;\n\t\t\t\tmargin-top: 10px;\n\t\t\t\ttext-align: center;\n\t\t\t\twidth: 50%;\n\t\t\t}\n\t\t\t#gallery-1 img {\n\t\t\t\tborder: 2px solid #cfcfcf;\n\t\t\t}\n\t\t\t#gallery-1 .gallery-caption {\n\t\t\t\tmargin-left: 0;\n\t\t\t}\n\t\t\t\/* see gallery_shortcode() in wp-includes\/media.php *\/\n\t\t<\/style>\n\t\t<div id='gallery-1' class='gallery galleryid-12648 gallery-columns-2 gallery-size-thumbnail'><dl class='gallery-item'>\n\t\t\t<dt class='gallery-icon landscape'>\n\t\t\t\t<a href='https:\/\/vosgesinfo.fr\/gerardmerinfo\/2021\/01\/trois-randonneurs-bloques-lac-blanc-secourus-nuit\/2021-01-randonneur-lac-secours\/'><img decoding=\"async\" width=\"150\" height=\"150\" src=\"https:\/\/vosgesinfo.fr\/app\/uploads\/sites\/6\/2024\/07\/202101randonneur-lac-secours-150x150.jpg\" class=\"attachment-thumbnail size-thumbnail\" alt=\"\" \/><\/a>\n\t\t\t<\/dt><\/dl><dl class='gallery-item'>\n\t\t\t<dt class='gallery-icon landscape'>\n\t\t\t\t<a href='https:\/\/vosgesinfo.fr\/gerardmerinfo\/2021\/01\/covid-19-chiffres-centre-hospitalier\/2020-03-coronavirus454-25\/'><img decoding=\"async\" width=\"150\" height=\"150\" src=\"https:\/\/vosgesinfo.fr\/app\/uploads\/sites\/6\/2024\/07\/202003coronavirus454-24-150x150.jpg\" class=\"attachment-thumbnail size-thumbnail\" alt=\"\" \/><\/a>\n\t\t\t<\/dt><\/dl><br style=\"clear: both\" \/>\n\t\t<\/div>\n\n","protected":false},"excerpt":{"rendered":"<p>Le collectif a officiellement lanc\u00e9 son exposition annuelle \u00e0 la Villa Monplaisir ce samedi 18 avril \u00e0 l&rsquo;occasion d&rsquo;un vernissage [&hellip;]<\/p>\n","protected":false},"author":42,"featured_media":0,"comment_status":"open","ping_status":"open","sticky":false,"template":"","format":"standard","meta":{"footnotes":""},"categories":[4,17],"tags":[],"class_list":["post-12648","post","type-post","status-publish","format-standard","hentry","category-culture","category-vie-associative"],"acf":[],"yoast_head":"<!-- This site is optimized with the Yoast SEO plugin v22.5 - https:\/\/yoast.com\/wordpress\/plugins\/seo\/ -->\n<title>Le Valt&#039;Art d\u00e9voile ses nouveaux tr\u00e9sors - Gerardmer Info<\/title>\n<meta name=\"robots\" content=\"index, follow, max-snippet:-1, max-image-preview:large, max-video-preview:-1\" \/>\n<link rel=\"canonical\" href=\"https:\/\/vosgesinfo.fr\/gerardmerinfo\/2015\/04\/le-valtart-devoile-ses-nouveaux-tresors\/\" \/>\n<meta name=\"twitter:card\" content=\"summary_large_image\" \/>\n<meta name=\"twitter:title\" content=\"Le Valt&#039;Art d\u00e9voile ses nouveaux tr\u00e9sors - Gerardmer Info\" \/>\n<meta name=\"twitter:description\" content=\"Le collectif a officiellement lanc\u00e9 son exposition annuelle \u00e0 la Villa Monplaisir ce samedi 18 avril \u00e0 l&rsquo;occasion d&rsquo;un vernissage [&hellip;]\" \/>\n<meta name=\"twitter:creator\" content=\"@VosgesInfo88\" \/>\n<meta name=\"twitter:site\" content=\"@VosgesInfo88\" \/>\n<meta name=\"twitter:label1\" content=\"\u00c9crit par\" \/>\n\t<meta name=\"twitter:data1\" content=\"QG\" \/>\n\t<meta name=\"twitter:label2\" content=\"Dur\u00e9e de lecture estim\u00e9e\" \/>\n\t<meta name=\"twitter:data2\" content=\"2 minutes\" \/>\n<script type=\"application\/ld+json\" class=\"yoast-schema-graph\">{\"@context\":\"https:\/\/schema.org\",\"@graph\":[{\"@type\":\"Article\",\"@id\":\"https:\/\/vosgesinfo.fr\/gerardmerinfo\/2015\/04\/le-valtart-devoile-ses-nouveaux-tresors\/#article\",\"isPartOf\":{\"@id\":\"https:\/\/vosgesinfo.fr\/gerardmerinfo\/2015\/04\/le-valtart-devoile-ses-nouveaux-tresors\/\"},\"author\":{\"name\":\"QG\",\"@id\":\"https:\/\/vosgesinfo.fr\/gerardmerinfo\/#\/schema\/person\/db5605779a843dad16b5368f3e7613a5\"},\"headline\":\"Le Valt&rsquo;Art d\u00e9voile ses nouveaux tr\u00e9sors\",\"datePublished\":\"2015-04-20T15:41:37+00:00\",\"dateModified\":\"2015-04-20T15:41:37+00:00\",\"mainEntityOfPage\":{\"@id\":\"https:\/\/vosgesinfo.fr\/gerardmerinfo\/2015\/04\/le-valtart-devoile-ses-nouveaux-tresors\/\"},\"wordCount\":432,\"commentCount\":0,\"publisher\":{\"@id\":\"https:\/\/vosgesinfo.fr\/gerardmerinfo\/#organization\"},\"articleSection\":[\"Culture\",\"Vie Associative\"],\"inLanguage\":\"fr-FR\",\"potentialAction\":[{\"@type\":\"CommentAction\",\"name\":\"Comment\",\"target\":[\"https:\/\/vosgesinfo.fr\/gerardmerinfo\/2015\/04\/le-valtart-devoile-ses-nouveaux-tresors\/#respond\"]}]},{\"@type\":\"WebPage\",\"@id\":\"https:\/\/vosgesinfo.fr\/gerardmerinfo\/2015\/04\/le-valtart-devoile-ses-nouveaux-tresors\/\",\"url\":\"https:\/\/vosgesinfo.fr\/gerardmerinfo\/2015\/04\/le-valtart-devoile-ses-nouveaux-tresors\/\",\"name\":\"Le Valt'Art d\u00e9voile ses nouveaux tr\u00e9sors - Gerardmer Info\",\"isPartOf\":{\"@id\":\"https:\/\/vosgesinfo.fr\/gerardmerinfo\/#website\"},\"datePublished\":\"2015-04-20T15:41:37+00:00\",\"dateModified\":\"2015-04-20T15:41:37+00:00\",\"breadcrumb\":{\"@id\":\"https:\/\/vosgesinfo.fr\/gerardmerinfo\/2015\/04\/le-valtart-devoile-ses-nouveaux-tresors\/#breadcrumb\"},\"inLanguage\":\"fr-FR\",\"potentialAction\":[{\"@type\":\"ReadAction\",\"target\":[\"https:\/\/vosgesinfo.fr\/gerardmerinfo\/2015\/04\/le-valtart-devoile-ses-nouveaux-tresors\/\"]}]},{\"@type\":\"BreadcrumbList\",\"@id\":\"https:\/\/vosgesinfo.fr\/gerardmerinfo\/2015\/04\/le-valtart-devoile-ses-nouveaux-tresors\/#breadcrumb\",\"itemListElement\":[{\"@type\":\"ListItem\",\"position\":1,\"name\":\"Home\",\"item\":\"https:\/\/vosgesinfo.fr\/gerardmerinfo\/\"},{\"@type\":\"ListItem\",\"position\":2,\"name\":\"Le Valt&rsquo;Art d\u00e9voile ses nouveaux tr\u00e9sors\"}]},{\"@type\":\"WebSite\",\"@id\":\"https:\/\/vosgesinfo.fr\/gerardmerinfo\/#website\",\"url\":\"https:\/\/vosgesinfo.fr\/gerardmerinfo\/\",\"name\":\"Gerardmer Info\",\"description\":\"Toute l&#039;actualit\u00e9 de G\u00e9rardmer\",\"publisher\":{\"@id\":\"https:\/\/vosgesinfo.fr\/gerardmerinfo\/#organization\"},\"alternateName\":\"Toute l'actualit\u00e9 de G\u00e9rardmer\",\"potentialAction\":[{\"@type\":\"SearchAction\",\"target\":{\"@type\":\"EntryPoint\",\"urlTemplate\":\"https:\/\/vosgesinfo.fr\/gerardmerinfo\/?s={search_term_string}\"},\"query-input\":\"required name=search_term_string\"}],\"inLanguage\":\"fr-FR\"},{\"@type\":\"Organization\",\"@id\":\"https:\/\/vosgesinfo.fr\/gerardmerinfo\/#organization\",\"name\":\"Gerardmer Info\",\"url\":\"https:\/\/vosgesinfo.fr\/gerardmerinfo\/\",\"logo\":{\"@type\":\"ImageObject\",\"inLanguage\":\"fr-FR\",\"@id\":\"https:\/\/vosgesinfo.fr\/gerardmerinfo\/#\/schema\/logo\/image\/\",\"url\":\"https:\/\/vosgesinfo.fr\/app\/uploads\/sites\/6\/2023\/08\/favicon-gerardmerinfo.png\",\"contentUrl\":\"https:\/\/vosgesinfo.fr\/app\/uploads\/sites\/6\/2023\/08\/favicon-gerardmerinfo.png\",\"width\":512,\"height\":512,\"caption\":\"Gerardmer Info\"},\"image\":{\"@id\":\"https:\/\/vosgesinfo.fr\/gerardmerinfo\/#\/schema\/logo\/image\/\"},\"sameAs\":[\"https:\/\/www.facebook.com\/profile.php?id=100049475262660\",\"https:\/\/x.com\/VosgesInfo88\",\"https:\/\/www.youtube.com\/@vosgesinfo\"]},{\"@type\":\"Person\",\"@id\":\"https:\/\/vosgesinfo.fr\/gerardmerinfo\/#\/schema\/person\/db5605779a843dad16b5368f3e7613a5\",\"name\":\"QG\",\"image\":{\"@type\":\"ImageObject\",\"inLanguage\":\"fr-FR\",\"@id\":\"https:\/\/vosgesinfo.fr\/gerardmerinfo\/#\/schema\/person\/image\/\",\"url\":\"https:\/\/secure.gravatar.com\/avatar\/ea80c42c204b534408512832fde52504ecabb9706bcb6151cf6175e5b64e6793?s=96&d=mm&r=g\",\"contentUrl\":\"https:\/\/secure.gravatar.com\/avatar\/ea80c42c204b534408512832fde52504ecabb9706bcb6151cf6175e5b64e6793?s=96&d=mm&r=g\",\"caption\":\"QG\"},\"url\":\"https:\/\/vosgesinfo.fr\/gerardmerinfo\/author\/quentin88\/\"}]}<\/script>\n<!-- \/ Yoast SEO plugin. -->","yoast_head_json":{"title":"Le Valt'Art d\u00e9voile ses nouveaux tr\u00e9sors - Gerardmer Info","robots":{"index":"index","follow":"follow","max-snippet":"max-snippet:-1","max-image-preview":"max-image-preview:large","max-video-preview":"max-video-preview:-1"},"canonical":"https:\/\/vosgesinfo.fr\/gerardmerinfo\/2015\/04\/le-valtart-devoile-ses-nouveaux-tresors\/","twitter_card":"summary_large_image","twitter_title":"Le Valt'Art d\u00e9voile ses nouveaux tr\u00e9sors - Gerardmer Info","twitter_description":"Le collectif a officiellement lanc\u00e9 son exposition annuelle \u00e0 la Villa Monplaisir ce samedi 18 avril \u00e0 l&rsquo;occasion d&rsquo;un vernissage [&hellip;]","twitter_creator":"@VosgesInfo88","twitter_site":"@VosgesInfo88","twitter_misc":{"\u00c9crit par":"QG","Dur\u00e9e de lecture estim\u00e9e":"2 minutes"},"schema":{"@context":"https:\/\/schema.org","@graph":[{"@type":"Article","@id":"https:\/\/vosgesinfo.fr\/gerardmerinfo\/2015\/04\/le-valtart-devoile-ses-nouveaux-tresors\/#article","isPartOf":{"@id":"https:\/\/vosgesinfo.fr\/gerardmerinfo\/2015\/04\/le-valtart-devoile-ses-nouveaux-tresors\/"},"author":{"name":"QG","@id":"https:\/\/vosgesinfo.fr\/gerardmerinfo\/#\/schema\/person\/db5605779a843dad16b5368f3e7613a5"},"headline":"Le Valt&rsquo;Art d\u00e9voile ses nouveaux tr\u00e9sors","datePublished":"2015-04-20T15:41:37+00:00","dateModified":"2015-04-20T15:41:37+00:00","mainEntityOfPage":{"@id":"https:\/\/vosgesinfo.fr\/gerardmerinfo\/2015\/04\/le-valtart-devoile-ses-nouveaux-tresors\/"},"wordCount":432,"commentCount":0,"publisher":{"@id":"https:\/\/vosgesinfo.fr\/gerardmerinfo\/#organization"},"articleSection":["Culture","Vie Associative"],"inLanguage":"fr-FR","potentialAction":[{"@type":"CommentAction","name":"Comment","target":["https:\/\/vosgesinfo.fr\/gerardmerinfo\/2015\/04\/le-valtart-devoile-ses-nouveaux-tresors\/#respond"]}]},{"@type":"WebPage","@id":"https:\/\/vosgesinfo.fr\/gerardmerinfo\/2015\/04\/le-valtart-devoile-ses-nouveaux-tresors\/","url":"https:\/\/vosgesinfo.fr\/gerardmerinfo\/2015\/04\/le-valtart-devoile-ses-nouveaux-tresors\/","name":"Le Valt'Art d\u00e9voile ses nouveaux tr\u00e9sors - Gerardmer Info","isPartOf":{"@id":"https:\/\/vosgesinfo.fr\/gerardmerinfo\/#website"},"datePublished":"2015-04-20T15:41:37+00:00","dateModified":"2015-04-20T15:41:37+00:00","breadcrumb":{"@id":"https:\/\/vosgesinfo.fr\/gerardmerinfo\/2015\/04\/le-valtart-devoile-ses-nouveaux-tresors\/#breadcrumb"},"inLanguage":"fr-FR","potentialAction":[{"@type":"ReadAction","target":["https:\/\/vosgesinfo.fr\/gerardmerinfo\/2015\/04\/le-valtart-devoile-ses-nouveaux-tresors\/"]}]},{"@type":"BreadcrumbList","@id":"https:\/\/vosgesinfo.fr\/gerardmerinfo\/2015\/04\/le-valtart-devoile-ses-nouveaux-tresors\/#breadcrumb","itemListElement":[{"@type":"ListItem","position":1,"name":"Home","item":"https:\/\/vosgesinfo.fr\/gerardmerinfo\/"},{"@type":"ListItem","position":2,"name":"Le Valt&rsquo;Art d\u00e9voile ses nouveaux tr\u00e9sors"}]},{"@type":"WebSite","@id":"https:\/\/vosgesinfo.fr\/gerardmerinfo\/#website","url":"https:\/\/vosgesinfo.fr\/gerardmerinfo\/","name":"Gerardmer Info","description":"Toute l&#039;actualit\u00e9 de G\u00e9rardmer","publisher":{"@id":"https:\/\/vosgesinfo.fr\/gerardmerinfo\/#organization"},"alternateName":"Toute l'actualit\u00e9 de G\u00e9rardmer","potentialAction":[{"@type":"SearchAction","target":{"@type":"EntryPoint","urlTemplate":"https:\/\/vosgesinfo.fr\/gerardmerinfo\/?s={search_term_string}"},"query-input":"required name=search_term_string"}],"inLanguage":"fr-FR"},{"@type":"Organization","@id":"https:\/\/vosgesinfo.fr\/gerardmerinfo\/#organization","name":"Gerardmer Info","url":"https:\/\/vosgesinfo.fr\/gerardmerinfo\/","logo":{"@type":"ImageObject","inLanguage":"fr-FR","@id":"https:\/\/vosgesinfo.fr\/gerardmerinfo\/#\/schema\/logo\/image\/","url":"https:\/\/vosgesinfo.fr\/app\/uploads\/sites\/6\/2023\/08\/favicon-gerardmerinfo.png","contentUrl":"https:\/\/vosgesinfo.fr\/app\/uploads\/sites\/6\/2023\/08\/favicon-gerardmerinfo.png","width":512,"height":512,"caption":"Gerardmer Info"},"image":{"@id":"https:\/\/vosgesinfo.fr\/gerardmerinfo\/#\/schema\/logo\/image\/"},"sameAs":["https:\/\/www.facebook.com\/profile.php?id=100049475262660","https:\/\/x.com\/VosgesInfo88","https:\/\/www.youtube.com\/@vosgesinfo"]},{"@type":"Person","@id":"https:\/\/vosgesinfo.fr\/gerardmerinfo\/#\/schema\/person\/db5605779a843dad16b5368f3e7613a5","name":"QG","image":{"@type":"ImageObject","inLanguage":"fr-FR","@id":"https:\/\/vosgesinfo.fr\/gerardmerinfo\/#\/schema\/person\/image\/","url":"https:\/\/secure.gravatar.com\/avatar\/ea80c42c204b534408512832fde52504ecabb9706bcb6151cf6175e5b64e6793?s=96&d=mm&r=g","contentUrl":"https:\/\/secure.gravatar.com\/avatar\/ea80c42c204b534408512832fde52504ecabb9706bcb6151cf6175e5b64e6793?s=96&d=mm&r=g","caption":"QG"},"url":"https:\/\/vosgesinfo.fr\/gerardmerinfo\/author\/quentin88\/"}]}},"_links":{"self":[{"href":"https:\/\/vosgesinfo.fr\/gerardmerinfo\/wp-json\/wp\/v2\/posts\/12648","targetHints":{"allow":["GET"]}}],"collection":[{"href":"https:\/\/vosgesinfo.fr\/gerardmerinfo\/wp-json\/wp\/v2\/posts"}],"about":[{"href":"https:\/\/vosgesinfo.fr\/gerardmerinfo\/wp-json\/wp\/v2\/types\/post"}],"author":[{"embeddable":true,"href":"https:\/\/vosgesinfo.fr\/gerardmerinfo\/wp-json\/wp\/v2\/users\/42"}],"replies":[{"embeddable":true,"href":"https:\/\/vosgesinfo.fr\/gerardmerinfo\/wp-json\/wp\/v2\/comments?post=12648"}],"version-history":[{"count":0,"href":"https:\/\/vosgesinfo.fr\/gerardmerinfo\/wp-json\/wp\/v2\/posts\/12648\/revisions"}],"wp:attachment":[{"href":"https:\/\/vosgesinfo.fr\/gerardmerinfo\/wp-json\/wp\/v2\/media?parent=12648"}],"wp:term":[{"taxonomy":"category","embeddable":true,"href":"https:\/\/vosgesinfo.fr\/gerardmerinfo\/wp-json\/wp\/v2\/categories?post=12648"},{"taxonomy":"post_tag","embeddable":true,"href":"https:\/\/vosgesinfo.fr\/gerardmerinfo\/wp-json\/wp\/v2\/tags?post=12648"}],"curies":[{"name":"wp","href":"https:\/\/api.w.org\/{rel}","templated":true}]}}