{"id":12755,"date":"2015-05-15T16:51:17","date_gmt":"2015-05-15T14:51:17","guid":{"rendered":"https:\/\/vosgesinfo.fr\/gerardmerinfo\/2015\/05\/latelier-theatre-vous-donne-rendez-vous\/"},"modified":"2015-05-15T16:51:17","modified_gmt":"2015-05-15T14:51:17","slug":"latelier-theatre-vous-donne-rendez-vous","status":"publish","type":"post","link":"https:\/\/vosgesinfo.fr\/gerardmerinfo\/2015\/05\/latelier-theatre-vous-donne-rendez-vous\/","title":{"rendered":"L&rsquo;atelier th\u00e9\u00e2tre vous donne rendez-vous"},"content":{"rendered":"<p><strong>Le mois de Mai est annonc\u00e9 comme le mois du jeu \u00e0 G\u00e9rardmer, c&rsquo;est aussi par la force des choses le mois du th\u00e9\u00e2tre avec l&rsquo;atelier de la Haie Griselle qui vous invite \u00e0 nouveau \u00e0 une s\u00e9rie de repr\u00e9sentations de fin d&rsquo;ann\u00e9e scolaire.<\/strong><\/p>\n<p><span style=\"color: #000000;\">Les r\u00e9p\u00e9titions vont bon train du c\u00f4t\u00e9 de la salle Jeanne d&rsquo;Arc o\u00f9 les \u00e9l\u00e8ves de l&rsquo;atelier th\u00e9\u00e2tre se r\u00e9unissent r\u00e9guli\u00e8rement sous le houlette des enseignants Michel joly et Mathias Roesch. Selon leur ann\u00e9e d&rsquo;\u00e9tudes, les 3 groupes ont une fois de plus travaill\u00e9 sur des pi\u00e8ces et th\u00e8mes diff\u00e9rents. Les 17 secondes vous pr\u00e9senteront donc des extraits de<span style=\"font-family: 'Times New Roman', serif;\"><span style=\"font-size: medium;\"> \u00ab\u00a0Th\u00e9\u00e2tre sans Animaux\u00a0\u00bb de Jean-Michel Ribes. Honneur au th\u00e9\u00e2tre de l&rsquo;absurde avec \u00ab\u00a0<\/span><\/span><span style=\"font-family: 'Times New Roman', serif;\"><span style=\"font-size: medium;\">Ces courtes fables, portraits, gribouillis qui sont une contribution \u00e0 l\u2019art du sursaut\u00a0\u00bb.<\/span><\/span><\/span><\/p>\n<p><span style=\"color: #000000;\"><span style=\"font-family: 'Times New Roman', serif;\"><span style=\"font-size: medium;\">Pour leur part, les 17 \u00e9l\u00e8ves de premi\u00e8res encadr\u00e9s par le professeur de philosophie Mathias Roesch se sont pench\u00e9s sur des extraits de textes de l&rsquo;\u00e9crivain et po\u00e8te fran\u00e7ais Jean Tardieu. Quant aux 18 terminales, c&rsquo;est \u00e0 travers une pi\u00e8ce judiciaire qu&rsquo;ils s&rsquo;exprimeront sur les planches de la salle Jeanne D&rsquo;Arc. Ils travaillent actuellement sur \u00ab\u00a0Zoo ou l&rsquo;assassin philanthrope\u00a0\u00bb, <\/span><\/span><\/span><a href=\"https:\/\/fr.wikipedia.org\/wiki\/Pi%C3%A8ce_de_th%C3%A9%C3%A2tre\"><span style=\"color: #000000;\"><span style=\"font-family: 'Times New Roman', serif;\"><span style=\"font-size: medium;\">pi\u00e8ce de th\u00e9\u00e2tre<\/span><\/span><\/span><\/a><span style=\"color: #000000;\"><span style=\"font-family: 'Times New Roman', serif;\"><span style=\"font-size: medium;\"> \u00e9crite et publi\u00e9e en 1959 par <\/span><\/span><\/span><a href=\"https:\/\/fr.wikipedia.org\/wiki\/Vercors_(%C3%A9crivain)\"><span style=\"color: #000000;\"><span style=\"font-family: 'Times New Roman', serif;\"><span style=\"font-size: medium;\">Vercors<\/span><\/span><\/span><\/a><span style=\"color: #000000;\"><span style=\"font-family: 'Times New Roman', serif;\"><span style=\"font-size: medium;\">. Il s&rsquo;agit d&rsquo;une adaptation de son roman <\/span><\/span><\/span><a href=\"https:\/\/fr.wikipedia.org\/wiki\/Les_Animaux_d%C3%A9natur%C3%A9s\"><span style=\"color: #000000;\"><span style=\"font-family: 'Times New Roman', serif;\"><span style=\"font-size: medium;\"><i>Les Animaux d\u00e9natur\u00e9s<\/i><\/span><\/span><\/span><\/a><span style=\"color: #000000;\"><span style=\"font-family: 'Times New Roman', serif;\"><span style=\"font-size: medium;\">. Il la d\u00e9clare comme une \u00ab\u00a0com\u00e9die judiciaire, zoologique et morale\u00a0\u00bb.<\/span><\/span><\/span><\/p>\n<p><span style=\"color: #000000;\"><span style=\"font-family: 'Times New Roman', serif;\"><span style=\"font-size: medium;\">C&rsquo;est avant tout une \u0153uvre qui pose et expose une question essentielle et complexe\u00a0: \u00ab\u00a0Qu&rsquo;est-ce qu&rsquo;un homme\u00a0?\u00a0\u00bb. Il va falloir \u00eatre bon pour rendre \u00e0 cette pi\u00e8ce tout\u00a0 son caract\u00e8re bien comique dans l\u2019exploration d&rsquo;un th\u00e8me qui n&rsquo;a pourtant rien de l\u00e9ger sur le papier. Il y aura donc un peu de pression, il y en a toujours&#8230; Et ce d&rsquo;autant plus que les terminales encha\u00eeneront le 1er et le 2 juin avec le passage de leur \u00e9preuve d&rsquo;option d&rsquo;art appliqu\u00e9 th\u00e9\u00e2tre comptant pour le baccalaur\u00e9at\u00a0!<\/span><\/span><\/span><\/p>\n<p><span style=\"color: #000000;\"><span style=\"font-family: 'Times New Roman', serif;\"><span style=\"font-size: medium;\">Heureusement, ils vont pouvoir \u00a0\u00bbr\u00e9viser\u00a0\u00bb, se mettre en condition avec plusieurs repr\u00e9sentations et ils ont pu b\u00e9n\u00e9ficier de l&rsquo;intervention pr\u00e9cieuse d&rsquo;Ulysse Barbry du th\u00e9\u00e2tre du Peuple. En effet, c&rsquo;est un partenariat pr\u00e9cieux entre l&rsquo;\u00e9tablissement scolaire g\u00e9r\u00f4mois et la structure artistique de Bussang qui se mat\u00e9rialise par 36 heures en compagnie d&rsquo;un professionnel et permet souvent aux \u00e9l\u00e8ves de franchir un cap dans leur \u00e9volution sur les planches. Maintenant, \u00e0 vos agendas, voici l&rsquo;ensemble des repr\u00e9sentations de l&rsquo;atelier th\u00e9\u00e2tre de la Haie Griselle\u00a0: <\/span><\/span><\/span><\/p>\n<p><span style=\"color: #000000;\"><span style=\"font-family: 'Times New Roman', serif;\"><span style=\"font-size: medium;\">-Le mardi 19 Mai \u00e0 20 h 30 \u00e0 la salle Jeanne D&rsquo;Arc de G\u00e9rardmer\u00a0: repr\u00e9sentation des Secondes<\/span><\/span><\/span><\/p>\n<p><span style=\"color: #000000;\"><span style=\"font-family: 'Times New Roman', serif;\"><span style=\"font-size: medium;\">-Le mercredi 20 Mai \u00e0 20 h 30 \u00e0 la salle Jeanne D&rsquo;Arc\u00a0: repr\u00e9sentation des Premi\u00e8res.<\/span><\/span><\/span><\/p>\n<p><span style=\"color: #000000;\"><span style=\"font-family: 'Times New Roman', serif;\"><span style=\"font-size: medium;\">-Le Jeudi 21 Mai \u00e0 20 h 30 \u00e0 la salle Jeanne D&rsquo;Arc\u00a0: repr\u00e9sentation des Terminales.<\/span><\/span><\/span><\/p>\n<p><span style=\"color: #000000;\"><span style=\"font-family: 'Times New Roman', serif;\"><span style=\"font-size: medium;\">-Le vendredi 22 Mai \u00e0 20 h 30 \u00e0 la salle des f\u00eates de La Bresse (derri\u00e8re la mairie)\u00a0: repr\u00e9sentation des terminales.<\/span><\/span><\/span><\/p>\n<p><span style=\"color: #000000;\"><span style=\"font-family: 'Times New Roman', serif;\"><span style=\"font-size: medium;\">-Le Dimanche 31 Mai \u00e0 15 h 00 \u00e0 la salle Jeanne D&rsquo;Arc\u00a0: repr\u00e9sentation des Terminales qui se terminera par un go\u00fbter offert par l&rsquo;atelier et un moment d&rsquo;\u00e9change avec les \u00e9l\u00e8ves et leurs professeurs.<\/span><\/span><\/span><\/p>\n<p>&nbsp;<\/p>\n<p>&nbsp;<\/p>\n","protected":false},"excerpt":{"rendered":"<p>Le mois de Mai est annonc\u00e9 comme le mois du jeu \u00e0 G\u00e9rardmer, c&rsquo;est aussi par la force des choses [&hellip;]<\/p>\n","protected":false},"author":42,"featured_media":0,"comment_status":"open","ping_status":"open","sticky":false,"template":"","format":"standard","meta":{"footnotes":""},"categories":[4,24,25],"tags":[],"class_list":["post-12755","post","type-post","status-publish","format-standard","hentry","category-culture","category-evenements","category-gerardmer"],"acf":[],"yoast_head":"<!-- This site is optimized with the Yoast SEO plugin v22.5 - https:\/\/yoast.com\/wordpress\/plugins\/seo\/ -->\n<title>L&#039;atelier th\u00e9\u00e2tre vous donne rendez-vous - Gerardmer Info<\/title>\n<meta name=\"robots\" content=\"index, follow, max-snippet:-1, max-image-preview:large, max-video-preview:-1\" \/>\n<link rel=\"canonical\" href=\"https:\/\/vosgesinfo.fr\/gerardmerinfo\/2015\/05\/latelier-theatre-vous-donne-rendez-vous\/\" \/>\n<meta name=\"twitter:card\" content=\"summary_large_image\" \/>\n<meta name=\"twitter:title\" content=\"L&#039;atelier th\u00e9\u00e2tre vous donne rendez-vous - Gerardmer Info\" \/>\n<meta name=\"twitter:description\" content=\"Le mois de Mai est annonc\u00e9 comme le mois du jeu \u00e0 G\u00e9rardmer, c&rsquo;est aussi par la force des choses [&hellip;]\" \/>\n<meta name=\"twitter:creator\" content=\"@VosgesInfo88\" \/>\n<meta name=\"twitter:site\" content=\"@VosgesInfo88\" \/>\n<meta name=\"twitter:label1\" content=\"\u00c9crit par\" \/>\n\t<meta name=\"twitter:data1\" content=\"QG\" \/>\n\t<meta name=\"twitter:label2\" content=\"Dur\u00e9e de lecture estim\u00e9e\" \/>\n\t<meta name=\"twitter:data2\" content=\"3 minutes\" \/>\n<script type=\"application\/ld+json\" class=\"yoast-schema-graph\">{\"@context\":\"https:\/\/schema.org\",\"@graph\":[{\"@type\":\"Article\",\"@id\":\"https:\/\/vosgesinfo.fr\/gerardmerinfo\/2015\/05\/latelier-theatre-vous-donne-rendez-vous\/#article\",\"isPartOf\":{\"@id\":\"https:\/\/vosgesinfo.fr\/gerardmerinfo\/2015\/05\/latelier-theatre-vous-donne-rendez-vous\/\"},\"author\":{\"name\":\"QG\",\"@id\":\"https:\/\/vosgesinfo.fr\/gerardmerinfo\/#\/schema\/person\/db5605779a843dad16b5368f3e7613a5\"},\"headline\":\"L&rsquo;atelier th\u00e9\u00e2tre vous donne rendez-vous\",\"datePublished\":\"2015-05-15T14:51:17+00:00\",\"dateModified\":\"2015-05-15T14:51:17+00:00\",\"mainEntityOfPage\":{\"@id\":\"https:\/\/vosgesinfo.fr\/gerardmerinfo\/2015\/05\/latelier-theatre-vous-donne-rendez-vous\/\"},\"wordCount\":565,\"commentCount\":0,\"publisher\":{\"@id\":\"https:\/\/vosgesinfo.fr\/gerardmerinfo\/#organization\"},\"articleSection\":[\"Culture\",\"Ev\u00e8nements\",\"G\u00e9rardmer\"],\"inLanguage\":\"fr-FR\",\"potentialAction\":[{\"@type\":\"CommentAction\",\"name\":\"Comment\",\"target\":[\"https:\/\/vosgesinfo.fr\/gerardmerinfo\/2015\/05\/latelier-theatre-vous-donne-rendez-vous\/#respond\"]}]},{\"@type\":\"WebPage\",\"@id\":\"https:\/\/vosgesinfo.fr\/gerardmerinfo\/2015\/05\/latelier-theatre-vous-donne-rendez-vous\/\",\"url\":\"https:\/\/vosgesinfo.fr\/gerardmerinfo\/2015\/05\/latelier-theatre-vous-donne-rendez-vous\/\",\"name\":\"L'atelier th\u00e9\u00e2tre vous donne rendez-vous - Gerardmer Info\",\"isPartOf\":{\"@id\":\"https:\/\/vosgesinfo.fr\/gerardmerinfo\/#website\"},\"datePublished\":\"2015-05-15T14:51:17+00:00\",\"dateModified\":\"2015-05-15T14:51:17+00:00\",\"breadcrumb\":{\"@id\":\"https:\/\/vosgesinfo.fr\/gerardmerinfo\/2015\/05\/latelier-theatre-vous-donne-rendez-vous\/#breadcrumb\"},\"inLanguage\":\"fr-FR\",\"potentialAction\":[{\"@type\":\"ReadAction\",\"target\":[\"https:\/\/vosgesinfo.fr\/gerardmerinfo\/2015\/05\/latelier-theatre-vous-donne-rendez-vous\/\"]}]},{\"@type\":\"BreadcrumbList\",\"@id\":\"https:\/\/vosgesinfo.fr\/gerardmerinfo\/2015\/05\/latelier-theatre-vous-donne-rendez-vous\/#breadcrumb\",\"itemListElement\":[{\"@type\":\"ListItem\",\"position\":1,\"name\":\"Home\",\"item\":\"https:\/\/vosgesinfo.fr\/gerardmerinfo\/\"},{\"@type\":\"ListItem\",\"position\":2,\"name\":\"L&rsquo;atelier th\u00e9\u00e2tre vous donne rendez-vous\"}]},{\"@type\":\"WebSite\",\"@id\":\"https:\/\/vosgesinfo.fr\/gerardmerinfo\/#website\",\"url\":\"https:\/\/vosgesinfo.fr\/gerardmerinfo\/\",\"name\":\"Gerardmer Info\",\"description\":\"Toute l&#039;actualit\u00e9 de G\u00e9rardmer\",\"publisher\":{\"@id\":\"https:\/\/vosgesinfo.fr\/gerardmerinfo\/#organization\"},\"alternateName\":\"Toute l'actualit\u00e9 de G\u00e9rardmer\",\"potentialAction\":[{\"@type\":\"SearchAction\",\"target\":{\"@type\":\"EntryPoint\",\"urlTemplate\":\"https:\/\/vosgesinfo.fr\/gerardmerinfo\/?s={search_term_string}\"},\"query-input\":\"required name=search_term_string\"}],\"inLanguage\":\"fr-FR\"},{\"@type\":\"Organization\",\"@id\":\"https:\/\/vosgesinfo.fr\/gerardmerinfo\/#organization\",\"name\":\"Gerardmer Info\",\"url\":\"https:\/\/vosgesinfo.fr\/gerardmerinfo\/\",\"logo\":{\"@type\":\"ImageObject\",\"inLanguage\":\"fr-FR\",\"@id\":\"https:\/\/vosgesinfo.fr\/gerardmerinfo\/#\/schema\/logo\/image\/\",\"url\":\"https:\/\/vosgesinfo.fr\/app\/uploads\/sites\/6\/2023\/08\/favicon-gerardmerinfo.png\",\"contentUrl\":\"https:\/\/vosgesinfo.fr\/app\/uploads\/sites\/6\/2023\/08\/favicon-gerardmerinfo.png\",\"width\":512,\"height\":512,\"caption\":\"Gerardmer Info\"},\"image\":{\"@id\":\"https:\/\/vosgesinfo.fr\/gerardmerinfo\/#\/schema\/logo\/image\/\"},\"sameAs\":[\"https:\/\/www.facebook.com\/profile.php?id=100049475262660\",\"https:\/\/x.com\/VosgesInfo88\",\"https:\/\/www.youtube.com\/@vosgesinfo\"]},{\"@type\":\"Person\",\"@id\":\"https:\/\/vosgesinfo.fr\/gerardmerinfo\/#\/schema\/person\/db5605779a843dad16b5368f3e7613a5\",\"name\":\"QG\",\"image\":{\"@type\":\"ImageObject\",\"inLanguage\":\"fr-FR\",\"@id\":\"https:\/\/vosgesinfo.fr\/gerardmerinfo\/#\/schema\/person\/image\/\",\"url\":\"https:\/\/secure.gravatar.com\/avatar\/ea80c42c204b534408512832fde52504ecabb9706bcb6151cf6175e5b64e6793?s=96&d=mm&r=g\",\"contentUrl\":\"https:\/\/secure.gravatar.com\/avatar\/ea80c42c204b534408512832fde52504ecabb9706bcb6151cf6175e5b64e6793?s=96&d=mm&r=g\",\"caption\":\"QG\"},\"url\":\"https:\/\/vosgesinfo.fr\/gerardmerinfo\/author\/quentin88\/\"}]}<\/script>\n<!-- \/ Yoast SEO plugin. -->","yoast_head_json":{"title":"L'atelier th\u00e9\u00e2tre vous donne rendez-vous - Gerardmer Info","robots":{"index":"index","follow":"follow","max-snippet":"max-snippet:-1","max-image-preview":"max-image-preview:large","max-video-preview":"max-video-preview:-1"},"canonical":"https:\/\/vosgesinfo.fr\/gerardmerinfo\/2015\/05\/latelier-theatre-vous-donne-rendez-vous\/","twitter_card":"summary_large_image","twitter_title":"L'atelier th\u00e9\u00e2tre vous donne rendez-vous - Gerardmer Info","twitter_description":"Le mois de Mai est annonc\u00e9 comme le mois du jeu \u00e0 G\u00e9rardmer, c&rsquo;est aussi par la force des choses [&hellip;]","twitter_creator":"@VosgesInfo88","twitter_site":"@VosgesInfo88","twitter_misc":{"\u00c9crit par":"QG","Dur\u00e9e de lecture estim\u00e9e":"3 minutes"},"schema":{"@context":"https:\/\/schema.org","@graph":[{"@type":"Article","@id":"https:\/\/vosgesinfo.fr\/gerardmerinfo\/2015\/05\/latelier-theatre-vous-donne-rendez-vous\/#article","isPartOf":{"@id":"https:\/\/vosgesinfo.fr\/gerardmerinfo\/2015\/05\/latelier-theatre-vous-donne-rendez-vous\/"},"author":{"name":"QG","@id":"https:\/\/vosgesinfo.fr\/gerardmerinfo\/#\/schema\/person\/db5605779a843dad16b5368f3e7613a5"},"headline":"L&rsquo;atelier th\u00e9\u00e2tre vous donne rendez-vous","datePublished":"2015-05-15T14:51:17+00:00","dateModified":"2015-05-15T14:51:17+00:00","mainEntityOfPage":{"@id":"https:\/\/vosgesinfo.fr\/gerardmerinfo\/2015\/05\/latelier-theatre-vous-donne-rendez-vous\/"},"wordCount":565,"commentCount":0,"publisher":{"@id":"https:\/\/vosgesinfo.fr\/gerardmerinfo\/#organization"},"articleSection":["Culture","Ev\u00e8nements","G\u00e9rardmer"],"inLanguage":"fr-FR","potentialAction":[{"@type":"CommentAction","name":"Comment","target":["https:\/\/vosgesinfo.fr\/gerardmerinfo\/2015\/05\/latelier-theatre-vous-donne-rendez-vous\/#respond"]}]},{"@type":"WebPage","@id":"https:\/\/vosgesinfo.fr\/gerardmerinfo\/2015\/05\/latelier-theatre-vous-donne-rendez-vous\/","url":"https:\/\/vosgesinfo.fr\/gerardmerinfo\/2015\/05\/latelier-theatre-vous-donne-rendez-vous\/","name":"L'atelier th\u00e9\u00e2tre vous donne rendez-vous - Gerardmer Info","isPartOf":{"@id":"https:\/\/vosgesinfo.fr\/gerardmerinfo\/#website"},"datePublished":"2015-05-15T14:51:17+00:00","dateModified":"2015-05-15T14:51:17+00:00","breadcrumb":{"@id":"https:\/\/vosgesinfo.fr\/gerardmerinfo\/2015\/05\/latelier-theatre-vous-donne-rendez-vous\/#breadcrumb"},"inLanguage":"fr-FR","potentialAction":[{"@type":"ReadAction","target":["https:\/\/vosgesinfo.fr\/gerardmerinfo\/2015\/05\/latelier-theatre-vous-donne-rendez-vous\/"]}]},{"@type":"BreadcrumbList","@id":"https:\/\/vosgesinfo.fr\/gerardmerinfo\/2015\/05\/latelier-theatre-vous-donne-rendez-vous\/#breadcrumb","itemListElement":[{"@type":"ListItem","position":1,"name":"Home","item":"https:\/\/vosgesinfo.fr\/gerardmerinfo\/"},{"@type":"ListItem","position":2,"name":"L&rsquo;atelier th\u00e9\u00e2tre vous donne rendez-vous"}]},{"@type":"WebSite","@id":"https:\/\/vosgesinfo.fr\/gerardmerinfo\/#website","url":"https:\/\/vosgesinfo.fr\/gerardmerinfo\/","name":"Gerardmer Info","description":"Toute l&#039;actualit\u00e9 de G\u00e9rardmer","publisher":{"@id":"https:\/\/vosgesinfo.fr\/gerardmerinfo\/#organization"},"alternateName":"Toute l'actualit\u00e9 de G\u00e9rardmer","potentialAction":[{"@type":"SearchAction","target":{"@type":"EntryPoint","urlTemplate":"https:\/\/vosgesinfo.fr\/gerardmerinfo\/?s={search_term_string}"},"query-input":"required name=search_term_string"}],"inLanguage":"fr-FR"},{"@type":"Organization","@id":"https:\/\/vosgesinfo.fr\/gerardmerinfo\/#organization","name":"Gerardmer Info","url":"https:\/\/vosgesinfo.fr\/gerardmerinfo\/","logo":{"@type":"ImageObject","inLanguage":"fr-FR","@id":"https:\/\/vosgesinfo.fr\/gerardmerinfo\/#\/schema\/logo\/image\/","url":"https:\/\/vosgesinfo.fr\/app\/uploads\/sites\/6\/2023\/08\/favicon-gerardmerinfo.png","contentUrl":"https:\/\/vosgesinfo.fr\/app\/uploads\/sites\/6\/2023\/08\/favicon-gerardmerinfo.png","width":512,"height":512,"caption":"Gerardmer Info"},"image":{"@id":"https:\/\/vosgesinfo.fr\/gerardmerinfo\/#\/schema\/logo\/image\/"},"sameAs":["https:\/\/www.facebook.com\/profile.php?id=100049475262660","https:\/\/x.com\/VosgesInfo88","https:\/\/www.youtube.com\/@vosgesinfo"]},{"@type":"Person","@id":"https:\/\/vosgesinfo.fr\/gerardmerinfo\/#\/schema\/person\/db5605779a843dad16b5368f3e7613a5","name":"QG","image":{"@type":"ImageObject","inLanguage":"fr-FR","@id":"https:\/\/vosgesinfo.fr\/gerardmerinfo\/#\/schema\/person\/image\/","url":"https:\/\/secure.gravatar.com\/avatar\/ea80c42c204b534408512832fde52504ecabb9706bcb6151cf6175e5b64e6793?s=96&d=mm&r=g","contentUrl":"https:\/\/secure.gravatar.com\/avatar\/ea80c42c204b534408512832fde52504ecabb9706bcb6151cf6175e5b64e6793?s=96&d=mm&r=g","caption":"QG"},"url":"https:\/\/vosgesinfo.fr\/gerardmerinfo\/author\/quentin88\/"}]}},"_links":{"self":[{"href":"https:\/\/vosgesinfo.fr\/gerardmerinfo\/wp-json\/wp\/v2\/posts\/12755","targetHints":{"allow":["GET"]}}],"collection":[{"href":"https:\/\/vosgesinfo.fr\/gerardmerinfo\/wp-json\/wp\/v2\/posts"}],"about":[{"href":"https:\/\/vosgesinfo.fr\/gerardmerinfo\/wp-json\/wp\/v2\/types\/post"}],"author":[{"embeddable":true,"href":"https:\/\/vosgesinfo.fr\/gerardmerinfo\/wp-json\/wp\/v2\/users\/42"}],"replies":[{"embeddable":true,"href":"https:\/\/vosgesinfo.fr\/gerardmerinfo\/wp-json\/wp\/v2\/comments?post=12755"}],"version-history":[{"count":0,"href":"https:\/\/vosgesinfo.fr\/gerardmerinfo\/wp-json\/wp\/v2\/posts\/12755\/revisions"}],"wp:attachment":[{"href":"https:\/\/vosgesinfo.fr\/gerardmerinfo\/wp-json\/wp\/v2\/media?parent=12755"}],"wp:term":[{"taxonomy":"category","embeddable":true,"href":"https:\/\/vosgesinfo.fr\/gerardmerinfo\/wp-json\/wp\/v2\/categories?post=12755"},{"taxonomy":"post_tag","embeddable":true,"href":"https:\/\/vosgesinfo.fr\/gerardmerinfo\/wp-json\/wp\/v2\/tags?post=12755"}],"curies":[{"name":"wp","href":"https:\/\/api.w.org\/{rel}","templated":true}]}}