{"id":12758,"date":"2015-05-14T09:30:00","date_gmt":"2015-05-14T07:30:00","guid":{"rendered":"https:\/\/vosgesinfo.fr\/gerardmerinfo\/2015\/05\/redecouvrez-la-perle-des-vosges-grace-au-club-cartophile\/"},"modified":"2015-05-14T09:30:00","modified_gmt":"2015-05-14T07:30:00","slug":"redecouvrez-la-perle-des-vosges-grace-au-club-cartophile","status":"publish","type":"post","link":"https:\/\/vosgesinfo.fr\/gerardmerinfo\/2015\/05\/redecouvrez-la-perle-des-vosges-grace-au-club-cartophile\/","title":{"rendered":"Red\u00e9couvrez la Perle des Vosges gr\u00e2ce au Club Cartophile"},"content":{"rendered":"<p>&nbsp;<\/p>\n<p><b>\u00ab\u00a0Si ce n&rsquo;est de G\u00e9rardmer, un peu Nancy, que serait la Lorraine\u00a0?\u00a0\u00bb Une phrase d&rsquo;Henri Gutton prononc\u00e9e ce mercredi par le pr\u00e9sident du Club Cartophile Patrick M\u00e9ny et qui illustre sans doute bien ce 25\u00e8me salon sans toutefois le r\u00e9sumer totalement. <\/b><\/p>\n Patrick M\u00e9ny, Jean-Fran\u00e7ois Duval et Stessy Speissmann lors du vernissage de ce 25\u00e9me salon de la carte postale organis\u00e9 par le club cartophile G\u00e9r\u00f4mois\n<p>Comme toujours, il y avait foule \u00e0 la m\u00e9diath\u00e8que du Tilleul pour assister \u00e0 l&rsquo;incontournable vernissage de l&rsquo;exposition annuelle du club g\u00e9r\u00f4mois. Une 25\u00e8me \u00e9dition en deux volets que nous vous avions pr\u00e9c\u00e9demment pr\u00e9sent\u00e9e avec, d&rsquo;un c\u00f4t\u00e9, les villas de la Perle des Vosges, et de l&rsquo;autre son tramway. Tramway dont vous pourrez d\u00e9couvrir la naissance en 1897 sous l&rsquo;impulsion du Nanc\u00e9ien Henri Gutton avec la ligne G\u00e9rardmer-Xonrupt. Vous aurez ensuite le plaisir de suivre son \u00e9volution \u00e0 travers les \u00e2ges (avec la cr\u00e9ation progressive de nouvelles lignes) gr\u00e2ce \u00e0 un parcours savamment \u00e9tudi\u00e9 par les membres du club. Cette partie d\u00e9di\u00e9e au tram s&rsquo;ach\u00e8vera enfin avec son d\u00e9montage par les Allemands en 1939.<\/p>\n Micha\u00ebl Cl\u00e9ment a r\u00e9alis\u00e9 une splendide maquette du site de la gare du tram pendant l&rsquo;occupation \u00e0 partir de cartes postales d&rsquo;\u00e9poque : plus vraie que nature !\n<p>Toute une aventure ferroviaire retrac\u00e9e \u00e0 l&rsquo;aide de nombreux documents passionnants et in\u00e9dits. Une aventure qui fera dire au maire de la Perle, Stessy Speissmann, qu&rsquo;il est essentiel de s&rsquo;appuyer sur le pass\u00e9 et de ne pas d\u00e9consid\u00e9rer ce que l&rsquo;on poss\u00e8de pour pouvoir construire le futur. \u00ab\u00a0Nous ne pouvons que regretter l&rsquo;arr\u00eat de la ligne qui, si elle \u00e9tait encore en fonctionnement aujourd&rsquo;hui, apporterait sans aucun doute un plus ind\u00e9niable \u00e0 G\u00e9rardmer\u00a0\u00bb. Et d&rsquo;ajouter\u00a0: \u00ab\u00a0C&rsquo;est dans cet esprit que la Municipalit\u00e9 a entrepris une d\u00e9marche de pr\u00e9servation du patrimoine de la ville. Une d\u00e9marche de pr\u00e9servation mais aussi de mise en valeur de ce patrimoine si riche\u00a0\u00bb.<\/p>\n Les maquettes des villas sont sign\u00e9es Catherine Georgel\n<p>Englob\u00e9e dans ce fameux patrimoine, l&rsquo;autre partie de ce 25\u00e8me salon est donc consacr\u00e9e aux villas g\u00e9r\u00f4moises qui ont commenc\u00e9 \u00e0 voir le jour au 19\u00e9me si\u00e8cle avec le concept m\u00eame de vill\u00e9giature. 64 clich\u00e9s, des maquettes de quelques unes de ces fameuses b\u00e2tisses, \u00e0 vous de vous plonger dans l&rsquo;histoire et l&rsquo;architecture locale \u00e0 travers cette richesse g\u00e9r\u00f4moise faite de granit, de tuiles, de bois, de m\u00e9tal et de briques. Des villas qui nous rappellent que la perle des Vosges \u00e9tait alors consid\u00e9r\u00e9e comme une station climatique et que des \u00e9tablissements d&rsquo;hydroth\u00e9rapie ont m\u00eame vu le jour \u00e0 cette \u00e9poque.<\/p>\n<p>Bref, une fois de plus, le travail du club est consid\u00e9rable et il est surtout de qualit\u00e9. Un travail forc\u00e9ment salu\u00e9 par le premier magistrat de la Perle dans son intervention lors du vernissage, un travail source d&rsquo;inspiration pour la Municipalit\u00e9. En effet, l&rsquo;an dernier \u00e0 la m\u00eame \u00e9poque, Patrick M\u00e9ny mettait \u00e0 l&rsquo;honneur le Dr Claudius Regaud en ouverture du 24\u00e8me salon, sugg\u00e9rant peu de temps apr\u00e8s \u00e0 Stessy Speissman d&rsquo;en faire autant mais de mani\u00e8re, dirons-nous&#8230; plus officielle\u00a0! La suite vous la connaissez et vous la vivrez puisque l&rsquo;h\u00f4pital de G\u00e9rardmer sera baptis\u00e9 du nom de cet illustre citoyen g\u00e9r\u00f4mois le 25 septembre prochain. \u00ab\u00a0J&rsquo;attends votre proposition pour Henri Gutton\u00a0\u00bb, conclura avec esprit le premier magistrat avant le traditionnel pot de l&rsquo;amiti\u00e9.<\/p>\n<p>&nbsp;<\/p>\n<p align=\"LEFT\">Salon de la Carte Postale et Bourse d\u2019\u00e9change de vieux papiers d\u2019archives, organis\u00e9 par le Club Cartophile G\u00e9r\u00f4mois sur le th\u00e8me : le Tramway et les Villas \u00e0 G\u00e9rardmer<\/p>\n<p align=\"LEFT\">Ouverture <b>du jeudi 14 au dimanche 17 mai<\/b> <b>\u00e0 l\u2019Espace Tilleul, tous les jours de 9 h \u00e0 18 h non stop<\/b>.<\/p>\n<p align=\"LEFT\"><b>Entr\u00e9e libre.<\/b><\/p>\n","protected":false},"excerpt":{"rendered":"<p>&nbsp; \u00ab\u00a0Si ce n&rsquo;est de G\u00e9rardmer, un peu Nancy, que serait la Lorraine\u00a0?\u00a0\u00bb Une phrase d&rsquo;Henri Gutton prononc\u00e9e ce mercredi [&hellip;]<\/p>\n","protected":false},"author":42,"featured_media":0,"comment_status":"open","ping_status":"open","sticky":false,"template":"","format":"standard","meta":{"footnotes":""},"categories":[4,17],"tags":[],"class_list":["post-12758","post","type-post","status-publish","format-standard","hentry","category-culture","category-vie-associative"],"acf":[],"yoast_head":"<!-- This site is optimized with the Yoast SEO plugin v22.5 - https:\/\/yoast.com\/wordpress\/plugins\/seo\/ -->\n<title>Red\u00e9couvrez la Perle des Vosges gr\u00e2ce au Club Cartophile - Gerardmer Info<\/title>\n<meta name=\"robots\" content=\"index, follow, max-snippet:-1, max-image-preview:large, max-video-preview:-1\" \/>\n<link rel=\"canonical\" href=\"https:\/\/vosgesinfo.fr\/gerardmerinfo\/2015\/05\/redecouvrez-la-perle-des-vosges-grace-au-club-cartophile\/\" \/>\n<meta name=\"twitter:card\" content=\"summary_large_image\" \/>\n<meta name=\"twitter:title\" content=\"Red\u00e9couvrez la Perle des Vosges gr\u00e2ce au Club Cartophile - Gerardmer Info\" \/>\n<meta name=\"twitter:description\" content=\"&nbsp; \u00ab\u00a0Si ce n&rsquo;est de G\u00e9rardmer, un peu Nancy, que serait la Lorraine\u00a0?\u00a0\u00bb Une phrase d&rsquo;Henri Gutton prononc\u00e9e ce mercredi [&hellip;]\" \/>\n<meta name=\"twitter:creator\" content=\"@VosgesInfo88\" \/>\n<meta name=\"twitter:site\" content=\"@VosgesInfo88\" \/>\n<meta name=\"twitter:label1\" content=\"\u00c9crit par\" \/>\n\t<meta name=\"twitter:data1\" content=\"QG\" \/>\n\t<meta name=\"twitter:label2\" content=\"Dur\u00e9e de lecture estim\u00e9e\" \/>\n\t<meta name=\"twitter:data2\" content=\"3 minutes\" \/>\n<script type=\"application\/ld+json\" class=\"yoast-schema-graph\">{\"@context\":\"https:\/\/schema.org\",\"@graph\":[{\"@type\":\"Article\",\"@id\":\"https:\/\/vosgesinfo.fr\/gerardmerinfo\/2015\/05\/redecouvrez-la-perle-des-vosges-grace-au-club-cartophile\/#article\",\"isPartOf\":{\"@id\":\"https:\/\/vosgesinfo.fr\/gerardmerinfo\/2015\/05\/redecouvrez-la-perle-des-vosges-grace-au-club-cartophile\/\"},\"author\":{\"name\":\"QG\",\"@id\":\"https:\/\/vosgesinfo.fr\/gerardmerinfo\/#\/schema\/person\/db5605779a843dad16b5368f3e7613a5\"},\"headline\":\"Red\u00e9couvrez la Perle des Vosges gr\u00e2ce au Club Cartophile\",\"datePublished\":\"2015-05-14T07:30:00+00:00\",\"dateModified\":\"2015-05-14T07:30:00+00:00\",\"mainEntityOfPage\":{\"@id\":\"https:\/\/vosgesinfo.fr\/gerardmerinfo\/2015\/05\/redecouvrez-la-perle-des-vosges-grace-au-club-cartophile\/\"},\"wordCount\":714,\"commentCount\":0,\"publisher\":{\"@id\":\"https:\/\/vosgesinfo.fr\/gerardmerinfo\/#organization\"},\"articleSection\":[\"Culture\",\"Vie Associative\"],\"inLanguage\":\"fr-FR\",\"potentialAction\":[{\"@type\":\"CommentAction\",\"name\":\"Comment\",\"target\":[\"https:\/\/vosgesinfo.fr\/gerardmerinfo\/2015\/05\/redecouvrez-la-perle-des-vosges-grace-au-club-cartophile\/#respond\"]}]},{\"@type\":\"WebPage\",\"@id\":\"https:\/\/vosgesinfo.fr\/gerardmerinfo\/2015\/05\/redecouvrez-la-perle-des-vosges-grace-au-club-cartophile\/\",\"url\":\"https:\/\/vosgesinfo.fr\/gerardmerinfo\/2015\/05\/redecouvrez-la-perle-des-vosges-grace-au-club-cartophile\/\",\"name\":\"Red\u00e9couvrez la Perle des Vosges gr\u00e2ce au Club Cartophile - Gerardmer Info\",\"isPartOf\":{\"@id\":\"https:\/\/vosgesinfo.fr\/gerardmerinfo\/#website\"},\"datePublished\":\"2015-05-14T07:30:00+00:00\",\"dateModified\":\"2015-05-14T07:30:00+00:00\",\"breadcrumb\":{\"@id\":\"https:\/\/vosgesinfo.fr\/gerardmerinfo\/2015\/05\/redecouvrez-la-perle-des-vosges-grace-au-club-cartophile\/#breadcrumb\"},\"inLanguage\":\"fr-FR\",\"potentialAction\":[{\"@type\":\"ReadAction\",\"target\":[\"https:\/\/vosgesinfo.fr\/gerardmerinfo\/2015\/05\/redecouvrez-la-perle-des-vosges-grace-au-club-cartophile\/\"]}]},{\"@type\":\"BreadcrumbList\",\"@id\":\"https:\/\/vosgesinfo.fr\/gerardmerinfo\/2015\/05\/redecouvrez-la-perle-des-vosges-grace-au-club-cartophile\/#breadcrumb\",\"itemListElement\":[{\"@type\":\"ListItem\",\"position\":1,\"name\":\"Home\",\"item\":\"https:\/\/vosgesinfo.fr\/gerardmerinfo\/\"},{\"@type\":\"ListItem\",\"position\":2,\"name\":\"Red\u00e9couvrez la Perle des Vosges gr\u00e2ce au Club Cartophile\"}]},{\"@type\":\"WebSite\",\"@id\":\"https:\/\/vosgesinfo.fr\/gerardmerinfo\/#website\",\"url\":\"https:\/\/vosgesinfo.fr\/gerardmerinfo\/\",\"name\":\"Gerardmer Info\",\"description\":\"Toute l&#039;actualit\u00e9 de G\u00e9rardmer\",\"publisher\":{\"@id\":\"https:\/\/vosgesinfo.fr\/gerardmerinfo\/#organization\"},\"alternateName\":\"Toute l'actualit\u00e9 de G\u00e9rardmer\",\"potentialAction\":[{\"@type\":\"SearchAction\",\"target\":{\"@type\":\"EntryPoint\",\"urlTemplate\":\"https:\/\/vosgesinfo.fr\/gerardmerinfo\/?s={search_term_string}\"},\"query-input\":\"required name=search_term_string\"}],\"inLanguage\":\"fr-FR\"},{\"@type\":\"Organization\",\"@id\":\"https:\/\/vosgesinfo.fr\/gerardmerinfo\/#organization\",\"name\":\"Gerardmer Info\",\"url\":\"https:\/\/vosgesinfo.fr\/gerardmerinfo\/\",\"logo\":{\"@type\":\"ImageObject\",\"inLanguage\":\"fr-FR\",\"@id\":\"https:\/\/vosgesinfo.fr\/gerardmerinfo\/#\/schema\/logo\/image\/\",\"url\":\"https:\/\/vosgesinfo.fr\/app\/uploads\/sites\/6\/2023\/08\/favicon-gerardmerinfo.png\",\"contentUrl\":\"https:\/\/vosgesinfo.fr\/app\/uploads\/sites\/6\/2023\/08\/favicon-gerardmerinfo.png\",\"width\":512,\"height\":512,\"caption\":\"Gerardmer Info\"},\"image\":{\"@id\":\"https:\/\/vosgesinfo.fr\/gerardmerinfo\/#\/schema\/logo\/image\/\"},\"sameAs\":[\"https:\/\/www.facebook.com\/profile.php?id=100049475262660\",\"https:\/\/x.com\/VosgesInfo88\",\"https:\/\/www.youtube.com\/@vosgesinfo\"]},{\"@type\":\"Person\",\"@id\":\"https:\/\/vosgesinfo.fr\/gerardmerinfo\/#\/schema\/person\/db5605779a843dad16b5368f3e7613a5\",\"name\":\"QG\",\"image\":{\"@type\":\"ImageObject\",\"inLanguage\":\"fr-FR\",\"@id\":\"https:\/\/vosgesinfo.fr\/gerardmerinfo\/#\/schema\/person\/image\/\",\"url\":\"https:\/\/secure.gravatar.com\/avatar\/ea80c42c204b534408512832fde52504ecabb9706bcb6151cf6175e5b64e6793?s=96&d=mm&r=g\",\"contentUrl\":\"https:\/\/secure.gravatar.com\/avatar\/ea80c42c204b534408512832fde52504ecabb9706bcb6151cf6175e5b64e6793?s=96&d=mm&r=g\",\"caption\":\"QG\"},\"url\":\"https:\/\/vosgesinfo.fr\/gerardmerinfo\/author\/quentin88\/\"}]}<\/script>\n<!-- \/ Yoast SEO plugin. -->","yoast_head_json":{"title":"Red\u00e9couvrez la Perle des Vosges gr\u00e2ce au Club Cartophile - Gerardmer Info","robots":{"index":"index","follow":"follow","max-snippet":"max-snippet:-1","max-image-preview":"max-image-preview:large","max-video-preview":"max-video-preview:-1"},"canonical":"https:\/\/vosgesinfo.fr\/gerardmerinfo\/2015\/05\/redecouvrez-la-perle-des-vosges-grace-au-club-cartophile\/","twitter_card":"summary_large_image","twitter_title":"Red\u00e9couvrez la Perle des Vosges gr\u00e2ce au Club Cartophile - Gerardmer Info","twitter_description":"&nbsp; \u00ab\u00a0Si ce n&rsquo;est de G\u00e9rardmer, un peu Nancy, que serait la Lorraine\u00a0?\u00a0\u00bb Une phrase d&rsquo;Henri Gutton prononc\u00e9e ce mercredi [&hellip;]","twitter_creator":"@VosgesInfo88","twitter_site":"@VosgesInfo88","twitter_misc":{"\u00c9crit par":"QG","Dur\u00e9e de lecture estim\u00e9e":"3 minutes"},"schema":{"@context":"https:\/\/schema.org","@graph":[{"@type":"Article","@id":"https:\/\/vosgesinfo.fr\/gerardmerinfo\/2015\/05\/redecouvrez-la-perle-des-vosges-grace-au-club-cartophile\/#article","isPartOf":{"@id":"https:\/\/vosgesinfo.fr\/gerardmerinfo\/2015\/05\/redecouvrez-la-perle-des-vosges-grace-au-club-cartophile\/"},"author":{"name":"QG","@id":"https:\/\/vosgesinfo.fr\/gerardmerinfo\/#\/schema\/person\/db5605779a843dad16b5368f3e7613a5"},"headline":"Red\u00e9couvrez la Perle des Vosges gr\u00e2ce au Club Cartophile","datePublished":"2015-05-14T07:30:00+00:00","dateModified":"2015-05-14T07:30:00+00:00","mainEntityOfPage":{"@id":"https:\/\/vosgesinfo.fr\/gerardmerinfo\/2015\/05\/redecouvrez-la-perle-des-vosges-grace-au-club-cartophile\/"},"wordCount":714,"commentCount":0,"publisher":{"@id":"https:\/\/vosgesinfo.fr\/gerardmerinfo\/#organization"},"articleSection":["Culture","Vie Associative"],"inLanguage":"fr-FR","potentialAction":[{"@type":"CommentAction","name":"Comment","target":["https:\/\/vosgesinfo.fr\/gerardmerinfo\/2015\/05\/redecouvrez-la-perle-des-vosges-grace-au-club-cartophile\/#respond"]}]},{"@type":"WebPage","@id":"https:\/\/vosgesinfo.fr\/gerardmerinfo\/2015\/05\/redecouvrez-la-perle-des-vosges-grace-au-club-cartophile\/","url":"https:\/\/vosgesinfo.fr\/gerardmerinfo\/2015\/05\/redecouvrez-la-perle-des-vosges-grace-au-club-cartophile\/","name":"Red\u00e9couvrez la Perle des Vosges gr\u00e2ce au Club Cartophile - Gerardmer Info","isPartOf":{"@id":"https:\/\/vosgesinfo.fr\/gerardmerinfo\/#website"},"datePublished":"2015-05-14T07:30:00+00:00","dateModified":"2015-05-14T07:30:00+00:00","breadcrumb":{"@id":"https:\/\/vosgesinfo.fr\/gerardmerinfo\/2015\/05\/redecouvrez-la-perle-des-vosges-grace-au-club-cartophile\/#breadcrumb"},"inLanguage":"fr-FR","potentialAction":[{"@type":"ReadAction","target":["https:\/\/vosgesinfo.fr\/gerardmerinfo\/2015\/05\/redecouvrez-la-perle-des-vosges-grace-au-club-cartophile\/"]}]},{"@type":"BreadcrumbList","@id":"https:\/\/vosgesinfo.fr\/gerardmerinfo\/2015\/05\/redecouvrez-la-perle-des-vosges-grace-au-club-cartophile\/#breadcrumb","itemListElement":[{"@type":"ListItem","position":1,"name":"Home","item":"https:\/\/vosgesinfo.fr\/gerardmerinfo\/"},{"@type":"ListItem","position":2,"name":"Red\u00e9couvrez la Perle des Vosges gr\u00e2ce au Club Cartophile"}]},{"@type":"WebSite","@id":"https:\/\/vosgesinfo.fr\/gerardmerinfo\/#website","url":"https:\/\/vosgesinfo.fr\/gerardmerinfo\/","name":"Gerardmer Info","description":"Toute l&#039;actualit\u00e9 de G\u00e9rardmer","publisher":{"@id":"https:\/\/vosgesinfo.fr\/gerardmerinfo\/#organization"},"alternateName":"Toute l'actualit\u00e9 de G\u00e9rardmer","potentialAction":[{"@type":"SearchAction","target":{"@type":"EntryPoint","urlTemplate":"https:\/\/vosgesinfo.fr\/gerardmerinfo\/?s={search_term_string}"},"query-input":"required name=search_term_string"}],"inLanguage":"fr-FR"},{"@type":"Organization","@id":"https:\/\/vosgesinfo.fr\/gerardmerinfo\/#organization","name":"Gerardmer Info","url":"https:\/\/vosgesinfo.fr\/gerardmerinfo\/","logo":{"@type":"ImageObject","inLanguage":"fr-FR","@id":"https:\/\/vosgesinfo.fr\/gerardmerinfo\/#\/schema\/logo\/image\/","url":"https:\/\/vosgesinfo.fr\/app\/uploads\/sites\/6\/2023\/08\/favicon-gerardmerinfo.png","contentUrl":"https:\/\/vosgesinfo.fr\/app\/uploads\/sites\/6\/2023\/08\/favicon-gerardmerinfo.png","width":512,"height":512,"caption":"Gerardmer Info"},"image":{"@id":"https:\/\/vosgesinfo.fr\/gerardmerinfo\/#\/schema\/logo\/image\/"},"sameAs":["https:\/\/www.facebook.com\/profile.php?id=100049475262660","https:\/\/x.com\/VosgesInfo88","https:\/\/www.youtube.com\/@vosgesinfo"]},{"@type":"Person","@id":"https:\/\/vosgesinfo.fr\/gerardmerinfo\/#\/schema\/person\/db5605779a843dad16b5368f3e7613a5","name":"QG","image":{"@type":"ImageObject","inLanguage":"fr-FR","@id":"https:\/\/vosgesinfo.fr\/gerardmerinfo\/#\/schema\/person\/image\/","url":"https:\/\/secure.gravatar.com\/avatar\/ea80c42c204b534408512832fde52504ecabb9706bcb6151cf6175e5b64e6793?s=96&d=mm&r=g","contentUrl":"https:\/\/secure.gravatar.com\/avatar\/ea80c42c204b534408512832fde52504ecabb9706bcb6151cf6175e5b64e6793?s=96&d=mm&r=g","caption":"QG"},"url":"https:\/\/vosgesinfo.fr\/gerardmerinfo\/author\/quentin88\/"}]}},"_links":{"self":[{"href":"https:\/\/vosgesinfo.fr\/gerardmerinfo\/wp-json\/wp\/v2\/posts\/12758","targetHints":{"allow":["GET"]}}],"collection":[{"href":"https:\/\/vosgesinfo.fr\/gerardmerinfo\/wp-json\/wp\/v2\/posts"}],"about":[{"href":"https:\/\/vosgesinfo.fr\/gerardmerinfo\/wp-json\/wp\/v2\/types\/post"}],"author":[{"embeddable":true,"href":"https:\/\/vosgesinfo.fr\/gerardmerinfo\/wp-json\/wp\/v2\/users\/42"}],"replies":[{"embeddable":true,"href":"https:\/\/vosgesinfo.fr\/gerardmerinfo\/wp-json\/wp\/v2\/comments?post=12758"}],"version-history":[{"count":0,"href":"https:\/\/vosgesinfo.fr\/gerardmerinfo\/wp-json\/wp\/v2\/posts\/12758\/revisions"}],"wp:attachment":[{"href":"https:\/\/vosgesinfo.fr\/gerardmerinfo\/wp-json\/wp\/v2\/media?parent=12758"}],"wp:term":[{"taxonomy":"category","embeddable":true,"href":"https:\/\/vosgesinfo.fr\/gerardmerinfo\/wp-json\/wp\/v2\/categories?post=12758"},{"taxonomy":"post_tag","embeddable":true,"href":"https:\/\/vosgesinfo.fr\/gerardmerinfo\/wp-json\/wp\/v2\/tags?post=12758"}],"curies":[{"name":"wp","href":"https:\/\/api.w.org\/{rel}","templated":true}]}}