{"id":12771,"date":"2015-05-17T17:08:15","date_gmt":"2015-05-17T15:08:15","guid":{"rendered":"https:\/\/vosgesinfo.fr\/gerardmerinfo\/2015\/05\/gt-ou-2-lettres-pour-un-mobile-apparent\/"},"modified":"2015-05-17T17:08:15","modified_gmt":"2015-05-17T15:08:15","slug":"gt-ou-2-lettres-pour-un-mobile-apparent","status":"publish","type":"post","link":"https:\/\/vosgesinfo.fr\/gerardmerinfo\/2015\/05\/gt-ou-2-lettres-pour-un-mobile-apparent\/","title":{"rendered":"GT ou 2 lettres pour un mobile&#8230;apparent"},"content":{"rendered":"<p>&nbsp;<\/p>\n<p><strong>GT ou Garnier-Thi\u00e9baut, l&rsquo;entreprise textile ch\u00e8re \u00e0 son PDG Paul De Monclos se positionne comme un v\u00e9ritable m\u00e9c\u00e8ne tout en confirmant son assise mark\u00e9ting.<\/strong><\/p>\n<p>Les rencontres modifient parfois le cours d&rsquo;une vie. D&rsquo;une vie int\u00e9rieure, celle d&rsquo;un artiste et celle d&rsquo;une entreprise. Le r\u00e9sultat est plut\u00f4t probant en\u00a0 t\u00e9moigne aujourd&rsquo;hui le mobile qui flotte sur le devant de l&rsquo;entr\u00e9e du tisseur g\u00e9r\u00f4mois install\u00e9 dans les faubourgs de la ville. Le lettrage a \u00e9t\u00e9 sensiblement adapt\u00e9 \u00e0 la sculpture, ajour\u00e9 sur son support aluminium en \u00e9poxy afin de permettre \u00e0 l\u2019objet de s&rsquo;adapter aux caprices du vent et de la pluie. Depuis quelques heures, le mobile est visible\u00a0 de tous, depuis que l\u2019\u0153uvre de Jos\u00e8phe Chapuis a \u00e9t\u00e9 inaugur\u00e9e par un ar\u00e9opage de personnalit\u00e9s locales etde\u00a0 proches\u00a0 dont le maire de G\u00e9rardmer Stessy Speissmann.<\/p>\n <span style=\"color: #000000;\"><strong>Paul de Monclos et Jos\u00e8phe Chapuis<\/strong><\/span>\n<p>\u00a0\u00bb C<em>e jour est un cadeau , la convergence de diff\u00e9rents mondes que nous avons en nous<\/em> \u00a0\u00bb confesse l&rsquo;artiste \u00a0\u00bb <em>continuons la trame de cette chaine qu&rsquo;est la vie. J&rsquo;ai cr\u00e9\u00e9 plusieurs \u0153uvres pour Paul de Monclos \u00e0 partir de navettes ou de mat\u00e9riaux oubli\u00e9s mais c&rsquo;est cette derni\u00e8re \u0153uvre qui a retenu son attention. J&rsquo;ai souhait\u00e9 tisser quelque chose de solide et durable dans le temps\u00a0\u00bb.<br \/>\n<\/em><\/p>\n<p>Entre hier et aujourd&rsquo;hui, la volont\u00e9 de l&rsquo;artiste \u00e9tait de refaire le chemin d&rsquo;une terre textile et d&rsquo;une entreprise install\u00e9e sur les bords du lac depuis des lustres. C&rsquo;est chose faite gr\u00e2ce \u00e0 une collaboration \u00e9troite men\u00e9e avec Claire Poirot, architecte de son \u00e9tat et Benoit Ruer soudeur d&rsquo;art&#8230;mais pas seulement.<\/p>\n<p>\u00ab\u00a0<em>Cette \u0153uvre\u00a0 est le r\u00e9sultat d&rsquo;un parcours artistique et industriel r\u00e9ussi<\/em> \u00ab\u00a0commentait pour sa part Stessy Speissamnn alors que Anne <span style=\"font-size: 10pt;\">CHWALISZWESKI <\/span>adjointe \u00e0 la culture mettait en \u00e9vidence la compl\u00e9mentarit\u00e9\u00a0 \u00ab\u00a0<em>h<\/em><em>omme, artistique\u00a0 et lndustrie\u00a0\u00bb<\/em>.<\/p>\n <strong><span style=\"color: #000000;\">Architecte, soudeur, toutes les personnes qui ont particip\u00e9 \u00e0 la conception<\/span><\/strong>\n<p>C&rsquo;est Paul de Monclos qui avait le dernier mot avant de glisser les invit\u00e9s vers un pot de l&rsquo;amiti\u00e9. \u00a0\u00bb J<em>e ne suis pas un homme de lettre, mais ce sont pourtant 2 lettres qui sont \u00e0 l&rsquo;honneur ce qui permet de mettre\u00a0 en avant la fili\u00e8re textile tout en tirant tout le monde dans des univers tr\u00e8s diff\u00e9rents\u00a0\u00bb<\/em>.<\/p>\n<p>La suite de la vie de la sculpture li\u00e9e \u00e0 jamais \u00e0\u00a0 Garnier-Thibaut s&rsquo;\u00e9crira \u00e0 bien des niveaux. En fonction de l&rsquo;\u00e9volution de l&rsquo;artiste, de l&rsquo;entreprise et des conditions climatiques. Le mobile expos\u00e9 aux quatre vents devra affronter les affres de la m\u00e9t\u00e9o vosgienne parfois aussi dures que ses hommes.. .Mais les rudes montagnards du textile triomphent toujours du plus terrible. GT ou 2 lettres pour un mobile&#8230;apparent et significatif !<\/p>\n\n\t\t<style type=\"text\/css\">\n\t\t\t#gallery-1 {\n\t\t\t\tmargin: auto;\n\t\t\t}\n\t\t\t#gallery-1 .gallery-item {\n\t\t\t\tfloat: left;\n\t\t\t\tmargin-top: 10px;\n\t\t\t\ttext-align: center;\n\t\t\t\twidth: 50%;\n\t\t\t}\n\t\t\t#gallery-1 img {\n\t\t\t\tborder: 2px solid #cfcfcf;\n\t\t\t}\n\t\t\t#gallery-1 .gallery-caption {\n\t\t\t\tmargin-left: 0;\n\t\t\t}\n\t\t\t\/* see gallery_shortcode() in wp-includes\/media.php *\/\n\t\t<\/style>\n\t\t<div id='gallery-1' class='gallery galleryid-12771 gallery-columns-2 gallery-size-large'><dl class='gallery-item'>\n\t\t\t<dt class='gallery-icon landscape'>\n\t\t\t\t<a href='https:\/\/vosgesinfo.fr\/gerardmerinfo\/2021\/07\/col-de-schlucht-ouverture-poste-de-secours-pompiers-1er-week-end-de-juillet\/2021-07-poste-de-secours-pompiers-schlucht-6\/'><img decoding=\"async\" width=\"800\" height=\"600\" src=\"https:\/\/vosgesinfo.fr\/app\/uploads\/sites\/6\/2024\/07\/202107poste-de-secours-pompiers-schlucht-6.jpg\" class=\"attachment-large size-large\" alt=\"\" srcset=\"https:\/\/vosgesinfo.fr\/app\/uploads\/sites\/6\/2024\/07\/202107poste-de-secours-pompiers-schlucht-6.jpg 800w, https:\/\/vosgesinfo.fr\/app\/uploads\/sites\/6\/2024\/07\/202107poste-de-secours-pompiers-schlucht-6-300x225.jpg 300w, https:\/\/vosgesinfo.fr\/app\/uploads\/sites\/6\/2024\/07\/202107poste-de-secours-pompiers-schlucht-6-768x576.jpg 768w\" sizes=\"(max-width: 800px) 100vw, 800px\" \/><\/a>\n\t\t\t<\/dt><\/dl><dl class='gallery-item'>\n\t\t\t<dt class='gallery-icon landscape'>\n\t\t\t\t<a href='https:\/\/vosgesinfo.fr\/gerardmerinfo\/2021\/07\/col-de-schlucht-ouverture-poste-de-secours-pompiers-1er-week-end-de-juillet\/2021-07-poste-de-secours-pompiers-schlucht-4\/'><img decoding=\"async\" width=\"800\" height=\"600\" src=\"https:\/\/vosgesinfo.fr\/app\/uploads\/sites\/6\/2024\/07\/202107poste-de-secours-pompiers-schlucht-4.jpg\" class=\"attachment-large size-large\" alt=\"\" srcset=\"https:\/\/vosgesinfo.fr\/app\/uploads\/sites\/6\/2024\/07\/202107poste-de-secours-pompiers-schlucht-4.jpg 800w, https:\/\/vosgesinfo.fr\/app\/uploads\/sites\/6\/2024\/07\/202107poste-de-secours-pompiers-schlucht-4-300x225.jpg 300w, https:\/\/vosgesinfo.fr\/app\/uploads\/sites\/6\/2024\/07\/202107poste-de-secours-pompiers-schlucht-4-768x576.jpg 768w\" sizes=\"(max-width: 800px) 100vw, 800px\" \/><\/a>\n\t\t\t<\/dt><\/dl><br style=\"clear: both\" \/>\n\t\t<\/div>\n\n","protected":false},"excerpt":{"rendered":"<p>&nbsp; GT ou Garnier-Thi\u00e9baut, l&rsquo;entreprise textile ch\u00e8re \u00e0 son PDG Paul De Monclos se positionne comme un v\u00e9ritable m\u00e9c\u00e8ne tout [&hellip;]<\/p>\n","protected":false},"author":1,"featured_media":0,"comment_status":"open","ping_status":"open","sticky":false,"template":"","format":"standard","meta":{"footnotes":""},"categories":[4,13],"tags":[],"class_list":["post-12771","post","type-post","status-publish","format-standard","hentry","category-culture","category-societe"],"acf":[],"yoast_head":"<!-- This site is optimized with the Yoast SEO plugin v22.5 - https:\/\/yoast.com\/wordpress\/plugins\/seo\/ -->\n<title>GT ou 2 lettres pour un mobile...apparent - Gerardmer Info<\/title>\n<meta name=\"robots\" content=\"index, follow, max-snippet:-1, max-image-preview:large, max-video-preview:-1\" \/>\n<link rel=\"canonical\" href=\"https:\/\/vosgesinfo.fr\/gerardmerinfo\/2015\/05\/gt-ou-2-lettres-pour-un-mobile-apparent\/\" \/>\n<meta name=\"twitter:card\" content=\"summary_large_image\" \/>\n<meta name=\"twitter:title\" content=\"GT ou 2 lettres pour un mobile...apparent - Gerardmer Info\" \/>\n<meta name=\"twitter:description\" content=\"&nbsp; GT ou Garnier-Thi\u00e9baut, l&rsquo;entreprise textile ch\u00e8re \u00e0 son PDG Paul De Monclos se positionne comme un v\u00e9ritable m\u00e9c\u00e8ne tout [&hellip;]\" \/>\n<meta name=\"twitter:creator\" content=\"@VosgesInfo88\" \/>\n<meta name=\"twitter:site\" content=\"@VosgesInfo88\" \/>\n<meta name=\"twitter:label1\" content=\"\u00c9crit par\" \/>\n\t<meta name=\"twitter:data1\" content=\"qs_admin\" \/>\n\t<meta name=\"twitter:label2\" content=\"Dur\u00e9e de lecture estim\u00e9e\" \/>\n\t<meta name=\"twitter:data2\" content=\"2 minutes\" \/>\n<script type=\"application\/ld+json\" class=\"yoast-schema-graph\">{\"@context\":\"https:\/\/schema.org\",\"@graph\":[{\"@type\":\"Article\",\"@id\":\"https:\/\/vosgesinfo.fr\/gerardmerinfo\/2015\/05\/gt-ou-2-lettres-pour-un-mobile-apparent\/#article\",\"isPartOf\":{\"@id\":\"https:\/\/vosgesinfo.fr\/gerardmerinfo\/2015\/05\/gt-ou-2-lettres-pour-un-mobile-apparent\/\"},\"author\":{\"name\":\"qs_admin\",\"@id\":\"https:\/\/vosgesinfo.fr\/gerardmerinfo\/#\/schema\/person\/bc5d02d71e6932e81b6dadb7386667b1\"},\"headline\":\"GT ou 2 lettres pour un mobile&#8230;apparent\",\"datePublished\":\"2015-05-17T15:08:15+00:00\",\"dateModified\":\"2015-05-17T15:08:15+00:00\",\"mainEntityOfPage\":{\"@id\":\"https:\/\/vosgesinfo.fr\/gerardmerinfo\/2015\/05\/gt-ou-2-lettres-pour-un-mobile-apparent\/\"},\"wordCount\":509,\"commentCount\":0,\"publisher\":{\"@id\":\"https:\/\/vosgesinfo.fr\/gerardmerinfo\/#organization\"},\"articleSection\":[\"Culture\",\"Soci\u00e9t\u00e9\"],\"inLanguage\":\"fr-FR\",\"potentialAction\":[{\"@type\":\"CommentAction\",\"name\":\"Comment\",\"target\":[\"https:\/\/vosgesinfo.fr\/gerardmerinfo\/2015\/05\/gt-ou-2-lettres-pour-un-mobile-apparent\/#respond\"]}]},{\"@type\":\"WebPage\",\"@id\":\"https:\/\/vosgesinfo.fr\/gerardmerinfo\/2015\/05\/gt-ou-2-lettres-pour-un-mobile-apparent\/\",\"url\":\"https:\/\/vosgesinfo.fr\/gerardmerinfo\/2015\/05\/gt-ou-2-lettres-pour-un-mobile-apparent\/\",\"name\":\"GT ou 2 lettres pour un mobile...apparent - Gerardmer Info\",\"isPartOf\":{\"@id\":\"https:\/\/vosgesinfo.fr\/gerardmerinfo\/#website\"},\"datePublished\":\"2015-05-17T15:08:15+00:00\",\"dateModified\":\"2015-05-17T15:08:15+00:00\",\"breadcrumb\":{\"@id\":\"https:\/\/vosgesinfo.fr\/gerardmerinfo\/2015\/05\/gt-ou-2-lettres-pour-un-mobile-apparent\/#breadcrumb\"},\"inLanguage\":\"fr-FR\",\"potentialAction\":[{\"@type\":\"ReadAction\",\"target\":[\"https:\/\/vosgesinfo.fr\/gerardmerinfo\/2015\/05\/gt-ou-2-lettres-pour-un-mobile-apparent\/\"]}]},{\"@type\":\"BreadcrumbList\",\"@id\":\"https:\/\/vosgesinfo.fr\/gerardmerinfo\/2015\/05\/gt-ou-2-lettres-pour-un-mobile-apparent\/#breadcrumb\",\"itemListElement\":[{\"@type\":\"ListItem\",\"position\":1,\"name\":\"Home\",\"item\":\"https:\/\/vosgesinfo.fr\/gerardmerinfo\/\"},{\"@type\":\"ListItem\",\"position\":2,\"name\":\"GT ou 2 lettres pour un mobile&#8230;apparent\"}]},{\"@type\":\"WebSite\",\"@id\":\"https:\/\/vosgesinfo.fr\/gerardmerinfo\/#website\",\"url\":\"https:\/\/vosgesinfo.fr\/gerardmerinfo\/\",\"name\":\"Gerardmer Info\",\"description\":\"Toute l&#039;actualit\u00e9 de G\u00e9rardmer\",\"publisher\":{\"@id\":\"https:\/\/vosgesinfo.fr\/gerardmerinfo\/#organization\"},\"alternateName\":\"Toute l'actualit\u00e9 de G\u00e9rardmer\",\"potentialAction\":[{\"@type\":\"SearchAction\",\"target\":{\"@type\":\"EntryPoint\",\"urlTemplate\":\"https:\/\/vosgesinfo.fr\/gerardmerinfo\/?s={search_term_string}\"},\"query-input\":\"required name=search_term_string\"}],\"inLanguage\":\"fr-FR\"},{\"@type\":\"Organization\",\"@id\":\"https:\/\/vosgesinfo.fr\/gerardmerinfo\/#organization\",\"name\":\"Gerardmer Info\",\"url\":\"https:\/\/vosgesinfo.fr\/gerardmerinfo\/\",\"logo\":{\"@type\":\"ImageObject\",\"inLanguage\":\"fr-FR\",\"@id\":\"https:\/\/vosgesinfo.fr\/gerardmerinfo\/#\/schema\/logo\/image\/\",\"url\":\"https:\/\/vosgesinfo.fr\/app\/uploads\/sites\/6\/2023\/08\/favicon-gerardmerinfo.png\",\"contentUrl\":\"https:\/\/vosgesinfo.fr\/app\/uploads\/sites\/6\/2023\/08\/favicon-gerardmerinfo.png\",\"width\":512,\"height\":512,\"caption\":\"Gerardmer Info\"},\"image\":{\"@id\":\"https:\/\/vosgesinfo.fr\/gerardmerinfo\/#\/schema\/logo\/image\/\"},\"sameAs\":[\"https:\/\/www.facebook.com\/profile.php?id=100049475262660\",\"https:\/\/x.com\/VosgesInfo88\",\"https:\/\/www.youtube.com\/@vosgesinfo\"]},{\"@type\":\"Person\",\"@id\":\"https:\/\/vosgesinfo.fr\/gerardmerinfo\/#\/schema\/person\/bc5d02d71e6932e81b6dadb7386667b1\",\"name\":\"qs_admin\",\"image\":{\"@type\":\"ImageObject\",\"inLanguage\":\"fr-FR\",\"@id\":\"https:\/\/vosgesinfo.fr\/gerardmerinfo\/#\/schema\/person\/image\/\",\"url\":\"https:\/\/secure.gravatar.com\/avatar\/94b18ee0ed79e4a42ea2f2931277b6841a8999fc6fde214600c78057cf1fe1de?s=96&d=mm&r=g\",\"contentUrl\":\"https:\/\/secure.gravatar.com\/avatar\/94b18ee0ed79e4a42ea2f2931277b6841a8999fc6fde214600c78057cf1fe1de?s=96&d=mm&r=g\",\"caption\":\"qs_admin\"},\"sameAs\":[\"https:\/\/vosgesinfo.fr\/wp\"],\"url\":\"https:\/\/vosgesinfo.fr\/gerardmerinfo\/author\/qs_admin\/\"}]}<\/script>\n<!-- \/ Yoast SEO plugin. -->","yoast_head_json":{"title":"GT ou 2 lettres pour un mobile...apparent - Gerardmer Info","robots":{"index":"index","follow":"follow","max-snippet":"max-snippet:-1","max-image-preview":"max-image-preview:large","max-video-preview":"max-video-preview:-1"},"canonical":"https:\/\/vosgesinfo.fr\/gerardmerinfo\/2015\/05\/gt-ou-2-lettres-pour-un-mobile-apparent\/","twitter_card":"summary_large_image","twitter_title":"GT ou 2 lettres pour un mobile...apparent - Gerardmer Info","twitter_description":"&nbsp; GT ou Garnier-Thi\u00e9baut, l&rsquo;entreprise textile ch\u00e8re \u00e0 son PDG Paul De Monclos se positionne comme un v\u00e9ritable m\u00e9c\u00e8ne tout [&hellip;]","twitter_creator":"@VosgesInfo88","twitter_site":"@VosgesInfo88","twitter_misc":{"\u00c9crit par":"qs_admin","Dur\u00e9e de lecture estim\u00e9e":"2 minutes"},"schema":{"@context":"https:\/\/schema.org","@graph":[{"@type":"Article","@id":"https:\/\/vosgesinfo.fr\/gerardmerinfo\/2015\/05\/gt-ou-2-lettres-pour-un-mobile-apparent\/#article","isPartOf":{"@id":"https:\/\/vosgesinfo.fr\/gerardmerinfo\/2015\/05\/gt-ou-2-lettres-pour-un-mobile-apparent\/"},"author":{"name":"qs_admin","@id":"https:\/\/vosgesinfo.fr\/gerardmerinfo\/#\/schema\/person\/bc5d02d71e6932e81b6dadb7386667b1"},"headline":"GT ou 2 lettres pour un mobile&#8230;apparent","datePublished":"2015-05-17T15:08:15+00:00","dateModified":"2015-05-17T15:08:15+00:00","mainEntityOfPage":{"@id":"https:\/\/vosgesinfo.fr\/gerardmerinfo\/2015\/05\/gt-ou-2-lettres-pour-un-mobile-apparent\/"},"wordCount":509,"commentCount":0,"publisher":{"@id":"https:\/\/vosgesinfo.fr\/gerardmerinfo\/#organization"},"articleSection":["Culture","Soci\u00e9t\u00e9"],"inLanguage":"fr-FR","potentialAction":[{"@type":"CommentAction","name":"Comment","target":["https:\/\/vosgesinfo.fr\/gerardmerinfo\/2015\/05\/gt-ou-2-lettres-pour-un-mobile-apparent\/#respond"]}]},{"@type":"WebPage","@id":"https:\/\/vosgesinfo.fr\/gerardmerinfo\/2015\/05\/gt-ou-2-lettres-pour-un-mobile-apparent\/","url":"https:\/\/vosgesinfo.fr\/gerardmerinfo\/2015\/05\/gt-ou-2-lettres-pour-un-mobile-apparent\/","name":"GT ou 2 lettres pour un mobile...apparent - Gerardmer Info","isPartOf":{"@id":"https:\/\/vosgesinfo.fr\/gerardmerinfo\/#website"},"datePublished":"2015-05-17T15:08:15+00:00","dateModified":"2015-05-17T15:08:15+00:00","breadcrumb":{"@id":"https:\/\/vosgesinfo.fr\/gerardmerinfo\/2015\/05\/gt-ou-2-lettres-pour-un-mobile-apparent\/#breadcrumb"},"inLanguage":"fr-FR","potentialAction":[{"@type":"ReadAction","target":["https:\/\/vosgesinfo.fr\/gerardmerinfo\/2015\/05\/gt-ou-2-lettres-pour-un-mobile-apparent\/"]}]},{"@type":"BreadcrumbList","@id":"https:\/\/vosgesinfo.fr\/gerardmerinfo\/2015\/05\/gt-ou-2-lettres-pour-un-mobile-apparent\/#breadcrumb","itemListElement":[{"@type":"ListItem","position":1,"name":"Home","item":"https:\/\/vosgesinfo.fr\/gerardmerinfo\/"},{"@type":"ListItem","position":2,"name":"GT ou 2 lettres pour un mobile&#8230;apparent"}]},{"@type":"WebSite","@id":"https:\/\/vosgesinfo.fr\/gerardmerinfo\/#website","url":"https:\/\/vosgesinfo.fr\/gerardmerinfo\/","name":"Gerardmer Info","description":"Toute l&#039;actualit\u00e9 de G\u00e9rardmer","publisher":{"@id":"https:\/\/vosgesinfo.fr\/gerardmerinfo\/#organization"},"alternateName":"Toute l'actualit\u00e9 de G\u00e9rardmer","potentialAction":[{"@type":"SearchAction","target":{"@type":"EntryPoint","urlTemplate":"https:\/\/vosgesinfo.fr\/gerardmerinfo\/?s={search_term_string}"},"query-input":"required name=search_term_string"}],"inLanguage":"fr-FR"},{"@type":"Organization","@id":"https:\/\/vosgesinfo.fr\/gerardmerinfo\/#organization","name":"Gerardmer Info","url":"https:\/\/vosgesinfo.fr\/gerardmerinfo\/","logo":{"@type":"ImageObject","inLanguage":"fr-FR","@id":"https:\/\/vosgesinfo.fr\/gerardmerinfo\/#\/schema\/logo\/image\/","url":"https:\/\/vosgesinfo.fr\/app\/uploads\/sites\/6\/2023\/08\/favicon-gerardmerinfo.png","contentUrl":"https:\/\/vosgesinfo.fr\/app\/uploads\/sites\/6\/2023\/08\/favicon-gerardmerinfo.png","width":512,"height":512,"caption":"Gerardmer Info"},"image":{"@id":"https:\/\/vosgesinfo.fr\/gerardmerinfo\/#\/schema\/logo\/image\/"},"sameAs":["https:\/\/www.facebook.com\/profile.php?id=100049475262660","https:\/\/x.com\/VosgesInfo88","https:\/\/www.youtube.com\/@vosgesinfo"]},{"@type":"Person","@id":"https:\/\/vosgesinfo.fr\/gerardmerinfo\/#\/schema\/person\/bc5d02d71e6932e81b6dadb7386667b1","name":"qs_admin","image":{"@type":"ImageObject","inLanguage":"fr-FR","@id":"https:\/\/vosgesinfo.fr\/gerardmerinfo\/#\/schema\/person\/image\/","url":"https:\/\/secure.gravatar.com\/avatar\/94b18ee0ed79e4a42ea2f2931277b6841a8999fc6fde214600c78057cf1fe1de?s=96&d=mm&r=g","contentUrl":"https:\/\/secure.gravatar.com\/avatar\/94b18ee0ed79e4a42ea2f2931277b6841a8999fc6fde214600c78057cf1fe1de?s=96&d=mm&r=g","caption":"qs_admin"},"sameAs":["https:\/\/vosgesinfo.fr\/wp"],"url":"https:\/\/vosgesinfo.fr\/gerardmerinfo\/author\/qs_admin\/"}]}},"_links":{"self":[{"href":"https:\/\/vosgesinfo.fr\/gerardmerinfo\/wp-json\/wp\/v2\/posts\/12771","targetHints":{"allow":["GET"]}}],"collection":[{"href":"https:\/\/vosgesinfo.fr\/gerardmerinfo\/wp-json\/wp\/v2\/posts"}],"about":[{"href":"https:\/\/vosgesinfo.fr\/gerardmerinfo\/wp-json\/wp\/v2\/types\/post"}],"author":[{"embeddable":true,"href":"https:\/\/vosgesinfo.fr\/gerardmerinfo\/wp-json\/wp\/v2\/users\/1"}],"replies":[{"embeddable":true,"href":"https:\/\/vosgesinfo.fr\/gerardmerinfo\/wp-json\/wp\/v2\/comments?post=12771"}],"version-history":[{"count":0,"href":"https:\/\/vosgesinfo.fr\/gerardmerinfo\/wp-json\/wp\/v2\/posts\/12771\/revisions"}],"wp:attachment":[{"href":"https:\/\/vosgesinfo.fr\/gerardmerinfo\/wp-json\/wp\/v2\/media?parent=12771"}],"wp:term":[{"taxonomy":"category","embeddable":true,"href":"https:\/\/vosgesinfo.fr\/gerardmerinfo\/wp-json\/wp\/v2\/categories?post=12771"},{"taxonomy":"post_tag","embeddable":true,"href":"https:\/\/vosgesinfo.fr\/gerardmerinfo\/wp-json\/wp\/v2\/tags?post=12771"}],"curies":[{"name":"wp","href":"https:\/\/api.w.org\/{rel}","templated":true}]}}