{"id":12785,"date":"2015-05-20T06:26:47","date_gmt":"2015-05-20T04:26:47","guid":{"rendered":"https:\/\/vosgesinfo.fr\/gerardmerinfo\/2015\/05\/aeroport-epinal-mirecourt-decollage-immediat-vers-la-turquie-peut-etre-un-jour-vers-istamboul\/"},"modified":"2015-05-20T06:26:47","modified_gmt":"2015-05-20T04:26:47","slug":"aeroport-epinal-mirecourt-decollage-immediat-vers-la-turquie-peut-etre-un-jour-vers-istamboul","status":"publish","type":"post","link":"https:\/\/vosgesinfo.fr\/gerardmerinfo\/2015\/05\/aeroport-epinal-mirecourt-decollage-immediat-vers-la-turquie-peut-etre-un-jour-vers-istamboul\/","title":{"rendered":"A\u00e9roport Epinal-Mirecourt \u2013 D\u00e9collage imm\u00e9diat vers la Turquie, peut \u00eatre un jour vers Istamboul ?"},"content":{"rendered":"<div class=\"entry-content cf\">\n<p><strong>Le tout premier vol pour la Turquie au d\u00e9part de l\u2019a\u00e9roport Epinal-Mirecourt a d\u00e9coll\u00e9 ce soir. Les premiers passagers ont pu embarquer direction Izmir.\u00a0<\/strong><\/p>\n<p>L\u2019op\u00e9ration se reproduira, puisque un vol est pr\u00e9vu <strong>tous les mardis jusqu\u2019au 9 septembre<\/strong>. Ces vols sont assur\u00e9s par <strong>la compagnie turco-allemande Sun Express<\/strong> et organis\u00e9s par le <strong>tour-op\u00e9rateur New Horizon<\/strong>. <em>\u00a0\u00ab\u00a0C\u2019\u00e9tait un vrai challenge d\u2019ouvrir une nouvelle ligne. Il aura fallu un an de travail pour y arriver. Mais, mon objectif c\u2019est d\u2019accompagner les entreprises et fermer l\u2019a\u00e9roport c\u2019\u00e9tait fermer les entreprises aux alentours. Ce qu\u2019il faut maintenant c\u2019est mutualiser les infrastructures et le personnel \u00ab\u00a0<\/em> t\u00e9moigne G\u00e9rard Claudel, le pr\u00e9sident de la Chambre de Commerce et d\u2019Industrie des Vosges.<\/p>\n<p>Apr\u00e8s la mise en place de vols vers Tunis en 2012, une ligne r\u00e9guli\u00e8re \u00e0 destination de Nice a vu le jour en 2013, puis a \u00e9t\u00e9 p\u00e9rennis\u00e9e en 2014.\u00a0<\/p>\n<p><strong>Si le taux de remplissage atteint les 70% pour Izmir, il sera envisag\u00e9 un nouveau vol. <\/strong><em>\u00ab\u00a0Probablement vers <strong>Istambul<\/strong> car la destination offre 140 autres destinations \u00e0 partir de l\u2019a\u00e9roport. Et d\u2019Istambul, on peut imaginer\u00a0rebondir\u00a0vers l\u2019Inde.\u00a0\u00bb<\/em> commente le tour op\u00e9rateur.<\/p>\n<p>Les premiers passagers \u00e9taient ravis de pouvoir embarquer \u00e0 Epinal. <em>\u00ab\u00a0On habite dans les Vosges, c\u2019est beaucoup plus rapide de prendre l\u2019avion ici. On gagne du temps sur le trajet mais aussi \u00e0 l\u2019embarquement. On \u00e9vite la foule et c\u2019est bien plus agr\u00e9able\u00a0\u00bb<\/em> t\u00e9moigne une passag\u00e8re, la valise \u00e0 la main.<\/p>\n<p>Pour permettre l\u2019accueil de vols moyens courriers et d\u2019avions de <strong>189 places<\/strong>, des <strong>travaux de r\u00e9novation et d\u2019extension de l\u2019a\u00e9rogare<\/strong> ont \u00e9t\u00e9 r\u00e9alis\u00e9s en 2014-2015, pour un co\u00fbt total de <strong>515 000 euros<\/strong>.<\/p>\n<p>De <strong>nouveaux mat\u00e9riels<\/strong> ont \u00e9t\u00e9 install\u00e9s, comme <strong>une machine de d\u00e9tection des bagages \u00e0 rayon X<\/strong>, un <strong>syst\u00e8me de traitement informatis\u00e9 des cartes d\u2019embarquements<\/strong>\u00a0et du <strong>nouveau mobilier <\/strong>pour la\u00a0salle d\u2019embarquement.<\/p>\n<p>L\u2019acc\u00e8s \u00e0 l\u2019a\u00e9roport a \u00e9t\u00e9 repens\u00e9 et de nouvelles places de parking ont \u00e9t\u00e9 cr\u00e9\u00e9es.<\/p>\n<p>C.K.N.<\/p>\n<div class=\"tiled-gallery type-rectangular\" data-original-width=\"545\" data-carousel-extra=\"null\">\n<div class=\"gallery-row\" data-original-width=\"545\" data-original-height=\"274\">\n<div class=\"gallery-group images-1\" data-original-width=\"364\" data-original-height=\"274\">\n<div class=\"tiled-gallery-item tiled-gallery-item-large\">  <\/div>\n<\/div>\n<div class=\"gallery-group images-2\" data-original-width=\"181\" data-original-height=\"274\">\n<div class=\"tiled-gallery-item tiled-gallery-item-small\">  <\/div>\n<div class=\"tiled-gallery-item tiled-gallery-item-small\">  <\/div>\n<\/div>\n<\/div>\n<div class=\"gallery-row\" data-original-width=\"545\" data-original-height=\"137\">\n<div class=\"gallery-group images-1\" data-original-width=\"181\" data-original-height=\"137\">\n<div class=\"tiled-gallery-item tiled-gallery-item-small\">  <\/div>\n<\/div>\n<div class=\"gallery-group images-1\" data-original-width=\"182\" data-original-height=\"137\">\n<div class=\"tiled-gallery-item tiled-gallery-item-small\">  <\/div>\n<\/div>\n<div class=\"gallery-group images-1\" data-original-width=\"182\" data-original-height=\"137\">\n<div class=\"tiled-gallery-item tiled-gallery-item-small\">  <\/div>\n<\/div>\n<\/div>\n<div class=\"gallery-row\" data-original-width=\"545\" data-original-height=\"274\">\n<div class=\"gallery-group images-2\" data-original-width=\"181\" data-original-height=\"274\">\n<div class=\"tiled-gallery-item tiled-gallery-item-small\">  <\/div>\n<div class=\"tiled-gallery-item tiled-gallery-item-small\">  <\/div>\n<\/div>\n<div class=\"gallery-group images-1\" data-original-width=\"364\" data-original-height=\"274\">\n<div class=\"tiled-gallery-item tiled-gallery-item-large\">  <\/div>\n<\/div>\n<\/div>\n<div class=\"gallery-row\" data-original-width=\"545\" data-original-height=\"205\">\n<div class=\"gallery-group images-1\" data-original-width=\"272\" data-original-height=\"205\">\n<div class=\"tiled-gallery-item tiled-gallery-item-large\">  <\/div>\n<\/div>\n<div class=\"gallery-group images-1\" data-original-width=\"273\" data-original-height=\"205\">\n<div class=\"tiled-gallery-item tiled-gallery-item-large\">  <\/div>\n<\/div>\n<\/div>\n<div class=\"gallery-row\" data-original-width=\"545\" data-original-height=\"410\">\n<div class=\"gallery-group images-1\" data-original-width=\"545\" data-original-height=\"410\">\n<div class=\"tiled-gallery-item tiled-gallery-item-large\">  <\/div>\n<\/div>\n<\/div>\n<\/div>\n<div class=\"pdfprnt-bottom-right\"><a href=\"http:\/\/epinalinfos.fr\/?p=56582&amp;print=pdf\" target=\"_blank\" rel=\"noopener\"><img decoding=\"async\" title=\"View PDF\" src=\"http:\/\/epinalinfos.fr\/wp-content\/plugins\/pdf-print\/images\/pdf.png\" alt=\"image_pdf\" \/><\/a><\/div>\n<\/div>\n","protected":false},"excerpt":{"rendered":"<p>Le tout premier vol pour la Turquie au d\u00e9part de l\u2019a\u00e9roport Epinal-Mirecourt a d\u00e9coll\u00e9 ce soir. Les premiers passagers ont [&hellip;]<\/p>\n","protected":false},"author":1,"featured_media":0,"comment_status":"open","ping_status":"open","sticky":false,"template":"","format":"standard","meta":{"footnotes":""},"categories":[13],"tags":[],"class_list":["post-12785","post","type-post","status-publish","format-standard","hentry","category-societe"],"acf":[],"yoast_head":"<!-- This site is optimized with the Yoast SEO plugin v22.5 - https:\/\/yoast.com\/wordpress\/plugins\/seo\/ -->\n<title>A\u00e9roport Epinal-Mirecourt \u2013 D\u00e9collage imm\u00e9diat vers la Turquie, peut \u00eatre un jour vers Istamboul ? - Gerardmer Info<\/title>\n<meta name=\"robots\" content=\"index, follow, max-snippet:-1, max-image-preview:large, max-video-preview:-1\" \/>\n<link rel=\"canonical\" href=\"https:\/\/vosgesinfo.fr\/gerardmerinfo\/2015\/05\/aeroport-epinal-mirecourt-decollage-immediat-vers-la-turquie-peut-etre-un-jour-vers-istamboul\/\" \/>\n<meta name=\"twitter:card\" content=\"summary_large_image\" \/>\n<meta name=\"twitter:title\" content=\"A\u00e9roport Epinal-Mirecourt \u2013 D\u00e9collage imm\u00e9diat vers la Turquie, peut \u00eatre un jour vers Istamboul ? - Gerardmer Info\" \/>\n<meta name=\"twitter:description\" content=\"Le tout premier vol pour la Turquie au d\u00e9part de l\u2019a\u00e9roport Epinal-Mirecourt a d\u00e9coll\u00e9 ce soir. Les premiers passagers ont [&hellip;]\" \/>\n<meta name=\"twitter:image\" content=\"http:\/\/epinalinfos.fr\/wp-content\/plugins\/pdf-print\/images\/pdf.png\" \/>\n<meta name=\"twitter:creator\" content=\"@VosgesInfo88\" \/>\n<meta name=\"twitter:site\" content=\"@VosgesInfo88\" \/>\n<meta name=\"twitter:label1\" content=\"\u00c9crit par\" \/>\n\t<meta name=\"twitter:data1\" content=\"qs_admin\" \/>\n\t<meta name=\"twitter:label2\" content=\"Dur\u00e9e de lecture estim\u00e9e\" \/>\n\t<meta name=\"twitter:data2\" content=\"2 minutes\" \/>\n<script type=\"application\/ld+json\" class=\"yoast-schema-graph\">{\"@context\":\"https:\/\/schema.org\",\"@graph\":[{\"@type\":\"Article\",\"@id\":\"https:\/\/vosgesinfo.fr\/gerardmerinfo\/2015\/05\/aeroport-epinal-mirecourt-decollage-immediat-vers-la-turquie-peut-etre-un-jour-vers-istamboul\/#article\",\"isPartOf\":{\"@id\":\"https:\/\/vosgesinfo.fr\/gerardmerinfo\/2015\/05\/aeroport-epinal-mirecourt-decollage-immediat-vers-la-turquie-peut-etre-un-jour-vers-istamboul\/\"},\"author\":{\"name\":\"qs_admin\",\"@id\":\"https:\/\/vosgesinfo.fr\/gerardmerinfo\/#\/schema\/person\/bc5d02d71e6932e81b6dadb7386667b1\"},\"headline\":\"A\u00e9roport Epinal-Mirecourt \u2013 D\u00e9collage imm\u00e9diat vers la Turquie, peut \u00eatre un jour vers Istamboul ?\",\"datePublished\":\"2015-05-20T04:26:47+00:00\",\"dateModified\":\"2015-05-20T04:26:47+00:00\",\"mainEntityOfPage\":{\"@id\":\"https:\/\/vosgesinfo.fr\/gerardmerinfo\/2015\/05\/aeroport-epinal-mirecourt-decollage-immediat-vers-la-turquie-peut-etre-un-jour-vers-istamboul\/\"},\"wordCount\":381,\"commentCount\":0,\"publisher\":{\"@id\":\"https:\/\/vosgesinfo.fr\/gerardmerinfo\/#organization\"},\"image\":{\"@id\":\"https:\/\/vosgesinfo.fr\/gerardmerinfo\/2015\/05\/aeroport-epinal-mirecourt-decollage-immediat-vers-la-turquie-peut-etre-un-jour-vers-istamboul\/#primaryimage\"},\"thumbnailUrl\":\"http:\/\/epinalinfos.fr\/wp-content\/plugins\/pdf-print\/images\/pdf.png\",\"articleSection\":[\"Soci\u00e9t\u00e9\"],\"inLanguage\":\"fr-FR\",\"potentialAction\":[{\"@type\":\"CommentAction\",\"name\":\"Comment\",\"target\":[\"https:\/\/vosgesinfo.fr\/gerardmerinfo\/2015\/05\/aeroport-epinal-mirecourt-decollage-immediat-vers-la-turquie-peut-etre-un-jour-vers-istamboul\/#respond\"]}]},{\"@type\":\"WebPage\",\"@id\":\"https:\/\/vosgesinfo.fr\/gerardmerinfo\/2015\/05\/aeroport-epinal-mirecourt-decollage-immediat-vers-la-turquie-peut-etre-un-jour-vers-istamboul\/\",\"url\":\"https:\/\/vosgesinfo.fr\/gerardmerinfo\/2015\/05\/aeroport-epinal-mirecourt-decollage-immediat-vers-la-turquie-peut-etre-un-jour-vers-istamboul\/\",\"name\":\"A\u00e9roport Epinal-Mirecourt \u2013 D\u00e9collage imm\u00e9diat vers la Turquie, peut \u00eatre un jour vers Istamboul ? - Gerardmer Info\",\"isPartOf\":{\"@id\":\"https:\/\/vosgesinfo.fr\/gerardmerinfo\/#website\"},\"primaryImageOfPage\":{\"@id\":\"https:\/\/vosgesinfo.fr\/gerardmerinfo\/2015\/05\/aeroport-epinal-mirecourt-decollage-immediat-vers-la-turquie-peut-etre-un-jour-vers-istamboul\/#primaryimage\"},\"image\":{\"@id\":\"https:\/\/vosgesinfo.fr\/gerardmerinfo\/2015\/05\/aeroport-epinal-mirecourt-decollage-immediat-vers-la-turquie-peut-etre-un-jour-vers-istamboul\/#primaryimage\"},\"thumbnailUrl\":\"http:\/\/epinalinfos.fr\/wp-content\/plugins\/pdf-print\/images\/pdf.png\",\"datePublished\":\"2015-05-20T04:26:47+00:00\",\"dateModified\":\"2015-05-20T04:26:47+00:00\",\"breadcrumb\":{\"@id\":\"https:\/\/vosgesinfo.fr\/gerardmerinfo\/2015\/05\/aeroport-epinal-mirecourt-decollage-immediat-vers-la-turquie-peut-etre-un-jour-vers-istamboul\/#breadcrumb\"},\"inLanguage\":\"fr-FR\",\"potentialAction\":[{\"@type\":\"ReadAction\",\"target\":[\"https:\/\/vosgesinfo.fr\/gerardmerinfo\/2015\/05\/aeroport-epinal-mirecourt-decollage-immediat-vers-la-turquie-peut-etre-un-jour-vers-istamboul\/\"]}]},{\"@type\":\"ImageObject\",\"inLanguage\":\"fr-FR\",\"@id\":\"https:\/\/vosgesinfo.fr\/gerardmerinfo\/2015\/05\/aeroport-epinal-mirecourt-decollage-immediat-vers-la-turquie-peut-etre-un-jour-vers-istamboul\/#primaryimage\",\"url\":\"http:\/\/epinalinfos.fr\/wp-content\/plugins\/pdf-print\/images\/pdf.png\",\"contentUrl\":\"http:\/\/epinalinfos.fr\/wp-content\/plugins\/pdf-print\/images\/pdf.png\"},{\"@type\":\"BreadcrumbList\",\"@id\":\"https:\/\/vosgesinfo.fr\/gerardmerinfo\/2015\/05\/aeroport-epinal-mirecourt-decollage-immediat-vers-la-turquie-peut-etre-un-jour-vers-istamboul\/#breadcrumb\",\"itemListElement\":[{\"@type\":\"ListItem\",\"position\":1,\"name\":\"Home\",\"item\":\"https:\/\/vosgesinfo.fr\/gerardmerinfo\/\"},{\"@type\":\"ListItem\",\"position\":2,\"name\":\"A\u00e9roport Epinal-Mirecourt \u2013 D\u00e9collage imm\u00e9diat vers la Turquie, peut \u00eatre un jour vers Istamboul ?\"}]},{\"@type\":\"WebSite\",\"@id\":\"https:\/\/vosgesinfo.fr\/gerardmerinfo\/#website\",\"url\":\"https:\/\/vosgesinfo.fr\/gerardmerinfo\/\",\"name\":\"Gerardmer Info\",\"description\":\"Toute l&#039;actualit\u00e9 de G\u00e9rardmer\",\"publisher\":{\"@id\":\"https:\/\/vosgesinfo.fr\/gerardmerinfo\/#organization\"},\"alternateName\":\"Toute l'actualit\u00e9 de G\u00e9rardmer\",\"potentialAction\":[{\"@type\":\"SearchAction\",\"target\":{\"@type\":\"EntryPoint\",\"urlTemplate\":\"https:\/\/vosgesinfo.fr\/gerardmerinfo\/?s={search_term_string}\"},\"query-input\":\"required name=search_term_string\"}],\"inLanguage\":\"fr-FR\"},{\"@type\":\"Organization\",\"@id\":\"https:\/\/vosgesinfo.fr\/gerardmerinfo\/#organization\",\"name\":\"Gerardmer Info\",\"url\":\"https:\/\/vosgesinfo.fr\/gerardmerinfo\/\",\"logo\":{\"@type\":\"ImageObject\",\"inLanguage\":\"fr-FR\",\"@id\":\"https:\/\/vosgesinfo.fr\/gerardmerinfo\/#\/schema\/logo\/image\/\",\"url\":\"https:\/\/vosgesinfo.fr\/app\/uploads\/sites\/6\/2023\/08\/favicon-gerardmerinfo.png\",\"contentUrl\":\"https:\/\/vosgesinfo.fr\/app\/uploads\/sites\/6\/2023\/08\/favicon-gerardmerinfo.png\",\"width\":512,\"height\":512,\"caption\":\"Gerardmer Info\"},\"image\":{\"@id\":\"https:\/\/vosgesinfo.fr\/gerardmerinfo\/#\/schema\/logo\/image\/\"},\"sameAs\":[\"https:\/\/www.facebook.com\/profile.php?id=100049475262660\",\"https:\/\/x.com\/VosgesInfo88\",\"https:\/\/www.youtube.com\/@vosgesinfo\"]},{\"@type\":\"Person\",\"@id\":\"https:\/\/vosgesinfo.fr\/gerardmerinfo\/#\/schema\/person\/bc5d02d71e6932e81b6dadb7386667b1\",\"name\":\"qs_admin\",\"image\":{\"@type\":\"ImageObject\",\"inLanguage\":\"fr-FR\",\"@id\":\"https:\/\/vosgesinfo.fr\/gerardmerinfo\/#\/schema\/person\/image\/\",\"url\":\"https:\/\/secure.gravatar.com\/avatar\/94b18ee0ed79e4a42ea2f2931277b6841a8999fc6fde214600c78057cf1fe1de?s=96&d=mm&r=g\",\"contentUrl\":\"https:\/\/secure.gravatar.com\/avatar\/94b18ee0ed79e4a42ea2f2931277b6841a8999fc6fde214600c78057cf1fe1de?s=96&d=mm&r=g\",\"caption\":\"qs_admin\"},\"sameAs\":[\"https:\/\/vosgesinfo.fr\/wp\"],\"url\":\"https:\/\/vosgesinfo.fr\/gerardmerinfo\/author\/qs_admin\/\"}]}<\/script>\n<!-- \/ Yoast SEO plugin. -->","yoast_head_json":{"title":"A\u00e9roport Epinal-Mirecourt \u2013 D\u00e9collage imm\u00e9diat vers la Turquie, peut \u00eatre un jour vers Istamboul ? - Gerardmer Info","robots":{"index":"index","follow":"follow","max-snippet":"max-snippet:-1","max-image-preview":"max-image-preview:large","max-video-preview":"max-video-preview:-1"},"canonical":"https:\/\/vosgesinfo.fr\/gerardmerinfo\/2015\/05\/aeroport-epinal-mirecourt-decollage-immediat-vers-la-turquie-peut-etre-un-jour-vers-istamboul\/","twitter_card":"summary_large_image","twitter_title":"A\u00e9roport Epinal-Mirecourt \u2013 D\u00e9collage imm\u00e9diat vers la Turquie, peut \u00eatre un jour vers Istamboul ? - Gerardmer Info","twitter_description":"Le tout premier vol pour la Turquie au d\u00e9part de l\u2019a\u00e9roport Epinal-Mirecourt a d\u00e9coll\u00e9 ce soir. Les premiers passagers ont [&hellip;]","twitter_image":"http:\/\/epinalinfos.fr\/wp-content\/plugins\/pdf-print\/images\/pdf.png","twitter_creator":"@VosgesInfo88","twitter_site":"@VosgesInfo88","twitter_misc":{"\u00c9crit par":"qs_admin","Dur\u00e9e de lecture estim\u00e9e":"2 minutes"},"schema":{"@context":"https:\/\/schema.org","@graph":[{"@type":"Article","@id":"https:\/\/vosgesinfo.fr\/gerardmerinfo\/2015\/05\/aeroport-epinal-mirecourt-decollage-immediat-vers-la-turquie-peut-etre-un-jour-vers-istamboul\/#article","isPartOf":{"@id":"https:\/\/vosgesinfo.fr\/gerardmerinfo\/2015\/05\/aeroport-epinal-mirecourt-decollage-immediat-vers-la-turquie-peut-etre-un-jour-vers-istamboul\/"},"author":{"name":"qs_admin","@id":"https:\/\/vosgesinfo.fr\/gerardmerinfo\/#\/schema\/person\/bc5d02d71e6932e81b6dadb7386667b1"},"headline":"A\u00e9roport Epinal-Mirecourt \u2013 D\u00e9collage imm\u00e9diat vers la Turquie, peut \u00eatre un jour vers Istamboul ?","datePublished":"2015-05-20T04:26:47+00:00","dateModified":"2015-05-20T04:26:47+00:00","mainEntityOfPage":{"@id":"https:\/\/vosgesinfo.fr\/gerardmerinfo\/2015\/05\/aeroport-epinal-mirecourt-decollage-immediat-vers-la-turquie-peut-etre-un-jour-vers-istamboul\/"},"wordCount":381,"commentCount":0,"publisher":{"@id":"https:\/\/vosgesinfo.fr\/gerardmerinfo\/#organization"},"image":{"@id":"https:\/\/vosgesinfo.fr\/gerardmerinfo\/2015\/05\/aeroport-epinal-mirecourt-decollage-immediat-vers-la-turquie-peut-etre-un-jour-vers-istamboul\/#primaryimage"},"thumbnailUrl":"http:\/\/epinalinfos.fr\/wp-content\/plugins\/pdf-print\/images\/pdf.png","articleSection":["Soci\u00e9t\u00e9"],"inLanguage":"fr-FR","potentialAction":[{"@type":"CommentAction","name":"Comment","target":["https:\/\/vosgesinfo.fr\/gerardmerinfo\/2015\/05\/aeroport-epinal-mirecourt-decollage-immediat-vers-la-turquie-peut-etre-un-jour-vers-istamboul\/#respond"]}]},{"@type":"WebPage","@id":"https:\/\/vosgesinfo.fr\/gerardmerinfo\/2015\/05\/aeroport-epinal-mirecourt-decollage-immediat-vers-la-turquie-peut-etre-un-jour-vers-istamboul\/","url":"https:\/\/vosgesinfo.fr\/gerardmerinfo\/2015\/05\/aeroport-epinal-mirecourt-decollage-immediat-vers-la-turquie-peut-etre-un-jour-vers-istamboul\/","name":"A\u00e9roport Epinal-Mirecourt \u2013 D\u00e9collage imm\u00e9diat vers la Turquie, peut \u00eatre un jour vers Istamboul ? - Gerardmer Info","isPartOf":{"@id":"https:\/\/vosgesinfo.fr\/gerardmerinfo\/#website"},"primaryImageOfPage":{"@id":"https:\/\/vosgesinfo.fr\/gerardmerinfo\/2015\/05\/aeroport-epinal-mirecourt-decollage-immediat-vers-la-turquie-peut-etre-un-jour-vers-istamboul\/#primaryimage"},"image":{"@id":"https:\/\/vosgesinfo.fr\/gerardmerinfo\/2015\/05\/aeroport-epinal-mirecourt-decollage-immediat-vers-la-turquie-peut-etre-un-jour-vers-istamboul\/#primaryimage"},"thumbnailUrl":"http:\/\/epinalinfos.fr\/wp-content\/plugins\/pdf-print\/images\/pdf.png","datePublished":"2015-05-20T04:26:47+00:00","dateModified":"2015-05-20T04:26:47+00:00","breadcrumb":{"@id":"https:\/\/vosgesinfo.fr\/gerardmerinfo\/2015\/05\/aeroport-epinal-mirecourt-decollage-immediat-vers-la-turquie-peut-etre-un-jour-vers-istamboul\/#breadcrumb"},"inLanguage":"fr-FR","potentialAction":[{"@type":"ReadAction","target":["https:\/\/vosgesinfo.fr\/gerardmerinfo\/2015\/05\/aeroport-epinal-mirecourt-decollage-immediat-vers-la-turquie-peut-etre-un-jour-vers-istamboul\/"]}]},{"@type":"ImageObject","inLanguage":"fr-FR","@id":"https:\/\/vosgesinfo.fr\/gerardmerinfo\/2015\/05\/aeroport-epinal-mirecourt-decollage-immediat-vers-la-turquie-peut-etre-un-jour-vers-istamboul\/#primaryimage","url":"http:\/\/epinalinfos.fr\/wp-content\/plugins\/pdf-print\/images\/pdf.png","contentUrl":"http:\/\/epinalinfos.fr\/wp-content\/plugins\/pdf-print\/images\/pdf.png"},{"@type":"BreadcrumbList","@id":"https:\/\/vosgesinfo.fr\/gerardmerinfo\/2015\/05\/aeroport-epinal-mirecourt-decollage-immediat-vers-la-turquie-peut-etre-un-jour-vers-istamboul\/#breadcrumb","itemListElement":[{"@type":"ListItem","position":1,"name":"Home","item":"https:\/\/vosgesinfo.fr\/gerardmerinfo\/"},{"@type":"ListItem","position":2,"name":"A\u00e9roport Epinal-Mirecourt \u2013 D\u00e9collage imm\u00e9diat vers la Turquie, peut \u00eatre un jour vers Istamboul ?"}]},{"@type":"WebSite","@id":"https:\/\/vosgesinfo.fr\/gerardmerinfo\/#website","url":"https:\/\/vosgesinfo.fr\/gerardmerinfo\/","name":"Gerardmer Info","description":"Toute l&#039;actualit\u00e9 de G\u00e9rardmer","publisher":{"@id":"https:\/\/vosgesinfo.fr\/gerardmerinfo\/#organization"},"alternateName":"Toute l'actualit\u00e9 de G\u00e9rardmer","potentialAction":[{"@type":"SearchAction","target":{"@type":"EntryPoint","urlTemplate":"https:\/\/vosgesinfo.fr\/gerardmerinfo\/?s={search_term_string}"},"query-input":"required name=search_term_string"}],"inLanguage":"fr-FR"},{"@type":"Organization","@id":"https:\/\/vosgesinfo.fr\/gerardmerinfo\/#organization","name":"Gerardmer Info","url":"https:\/\/vosgesinfo.fr\/gerardmerinfo\/","logo":{"@type":"ImageObject","inLanguage":"fr-FR","@id":"https:\/\/vosgesinfo.fr\/gerardmerinfo\/#\/schema\/logo\/image\/","url":"https:\/\/vosgesinfo.fr\/app\/uploads\/sites\/6\/2023\/08\/favicon-gerardmerinfo.png","contentUrl":"https:\/\/vosgesinfo.fr\/app\/uploads\/sites\/6\/2023\/08\/favicon-gerardmerinfo.png","width":512,"height":512,"caption":"Gerardmer Info"},"image":{"@id":"https:\/\/vosgesinfo.fr\/gerardmerinfo\/#\/schema\/logo\/image\/"},"sameAs":["https:\/\/www.facebook.com\/profile.php?id=100049475262660","https:\/\/x.com\/VosgesInfo88","https:\/\/www.youtube.com\/@vosgesinfo"]},{"@type":"Person","@id":"https:\/\/vosgesinfo.fr\/gerardmerinfo\/#\/schema\/person\/bc5d02d71e6932e81b6dadb7386667b1","name":"qs_admin","image":{"@type":"ImageObject","inLanguage":"fr-FR","@id":"https:\/\/vosgesinfo.fr\/gerardmerinfo\/#\/schema\/person\/image\/","url":"https:\/\/secure.gravatar.com\/avatar\/94b18ee0ed79e4a42ea2f2931277b6841a8999fc6fde214600c78057cf1fe1de?s=96&d=mm&r=g","contentUrl":"https:\/\/secure.gravatar.com\/avatar\/94b18ee0ed79e4a42ea2f2931277b6841a8999fc6fde214600c78057cf1fe1de?s=96&d=mm&r=g","caption":"qs_admin"},"sameAs":["https:\/\/vosgesinfo.fr\/wp"],"url":"https:\/\/vosgesinfo.fr\/gerardmerinfo\/author\/qs_admin\/"}]}},"_links":{"self":[{"href":"https:\/\/vosgesinfo.fr\/gerardmerinfo\/wp-json\/wp\/v2\/posts\/12785","targetHints":{"allow":["GET"]}}],"collection":[{"href":"https:\/\/vosgesinfo.fr\/gerardmerinfo\/wp-json\/wp\/v2\/posts"}],"about":[{"href":"https:\/\/vosgesinfo.fr\/gerardmerinfo\/wp-json\/wp\/v2\/types\/post"}],"author":[{"embeddable":true,"href":"https:\/\/vosgesinfo.fr\/gerardmerinfo\/wp-json\/wp\/v2\/users\/1"}],"replies":[{"embeddable":true,"href":"https:\/\/vosgesinfo.fr\/gerardmerinfo\/wp-json\/wp\/v2\/comments?post=12785"}],"version-history":[{"count":0,"href":"https:\/\/vosgesinfo.fr\/gerardmerinfo\/wp-json\/wp\/v2\/posts\/12785\/revisions"}],"wp:attachment":[{"href":"https:\/\/vosgesinfo.fr\/gerardmerinfo\/wp-json\/wp\/v2\/media?parent=12785"}],"wp:term":[{"taxonomy":"category","embeddable":true,"href":"https:\/\/vosgesinfo.fr\/gerardmerinfo\/wp-json\/wp\/v2\/categories?post=12785"},{"taxonomy":"post_tag","embeddable":true,"href":"https:\/\/vosgesinfo.fr\/gerardmerinfo\/wp-json\/wp\/v2\/tags?post=12785"}],"curies":[{"name":"wp","href":"https:\/\/api.w.org\/{rel}","templated":true}]}}