{"id":12832,"date":"2015-05-29T16:05:06","date_gmt":"2015-05-29T14:05:06","guid":{"rendered":"https:\/\/vosgesinfo.fr\/gerardmerinfo\/2015\/05\/championnats-deurope-juniors-daviron-paul-tixier-aux-avant-postes\/"},"modified":"2015-05-29T16:05:06","modified_gmt":"2015-05-29T14:05:06","slug":"championnats-deurope-juniors-daviron-paul-tixier-aux-avant-postes","status":"publish","type":"post","link":"https:\/\/vosgesinfo.fr\/gerardmerinfo\/2015\/05\/championnats-deurope-juniors-daviron-paul-tixier-aux-avant-postes\/","title":{"rendered":"Championnats d\u2019Europe Juniors d\u2019aviron : Paul Tixier aux avant-postes."},"content":{"rendered":" Paul Tixier (\u00e0 gauche) et ses co\u00e9quipiers de l&rsquo;\u00e9quipe de France d&rsquo;aviron\n<p><strong>R\u00e9cemment qualifi\u00e9 en \u00e9quipe de France, le jeune Paul Tixier a particip\u00e9 le week-end dernier \u00e0 Racice en R\u00e9publique Tch\u00e8que aux championnats d\u2019Europe juniors avec ses co\u00e9quipiers dans la cat\u00e9gorie 4 sans barreur.<\/strong><\/p>\n<p>Qualifi\u00e9 apr\u00e8s les s\u00e9ries du samedi matin, le bateau fran\u00e7ais se classe cinqui\u00e8me de la demi-finale et acc\u00e8de ainsi \u00e0 la finale B du dimanche. Durant la course, les jeunes tricolores \u00c9tienne Juillet, Paul Tixier, Lucas Rubaud et Jean Bottero ne se sont pas laiss\u00e9s faire et parviennent sur la fin de parcours \u00e0 passer les autrichiens terminant en deuxi\u00e8me position derri\u00e8re les jeunes hongrois. Ils se classent donc huiti\u00e8me de ce championnat, r\u00e9sultat encourageant compte-tenu de la marge de progression prometteuse et se forgent ainsi une belle exp\u00e9rience \u00e0 l\u2019international.<\/p>\n<p>Ce championnat est l\u2019aboutissement d\u2019un long travail commenc\u00e9 trois semaines auparavant aux r\u00e9gates internationales de Munich o\u00f9 le jeune G\u00e9r\u00f4mois et ses partenaires terminaient respectivement quatri\u00e8me et troisi\u00e8me d\u2019une s\u00e9rie de r\u00e9gates. S\u2019en suit un stage de pr\u00e9paration avec l\u2019\u00e9quipe de France sur le bassin de Gravelines. Au programme entra\u00eenement et derniers r\u00e9glages avant de s\u2019envoler pour la R\u00e9publique Tch\u00e8que dont on conna\u00eet d\u00e9sormais le beau r\u00e9sultat.<\/p>\n<p>Paul Tixier devrait retrouver ses co\u00e9quipiers aux championnats de France bateaux longs \u00e0 Mantes la Jolie et pourrait leur permettre de d\u00e9crocher, si les r\u00e9sultats suivent, une qualification pour les mondiaux\u00a0 \u00e0 Rio de Janeiro ! De quoi motiver nos jeunes rameurs si besoin \u00e9tait !<\/p>\n<p>&nbsp;<\/p>\n<p><strong>B.C<\/strong><\/p>\n","protected":false},"excerpt":{"rendered":"<p>R\u00e9cemment qualifi\u00e9 en \u00e9quipe de France, le jeune Paul Tixier a particip\u00e9 le week-end dernier \u00e0 Racice en R\u00e9publique Tch\u00e8que [&hellip;]<\/p>\n","protected":false},"author":1,"featured_media":0,"comment_status":"open","ping_status":"open","sticky":false,"template":"","format":"standard","meta":{"footnotes":""},"categories":[14,18],"tags":[],"class_list":["post-12832","post","type-post","status-publish","format-standard","hentry","category-sport","category-vosges"],"acf":[],"yoast_head":"<!-- This site is optimized with the Yoast SEO plugin v22.5 - https:\/\/yoast.com\/wordpress\/plugins\/seo\/ -->\n<title>Championnats d\u2019Europe Juniors d\u2019aviron : Paul Tixier aux avant-postes. - Gerardmer Info<\/title>\n<meta name=\"robots\" content=\"index, follow, max-snippet:-1, max-image-preview:large, max-video-preview:-1\" \/>\n<link rel=\"canonical\" href=\"https:\/\/vosgesinfo.fr\/gerardmerinfo\/2015\/05\/championnats-deurope-juniors-daviron-paul-tixier-aux-avant-postes\/\" \/>\n<meta name=\"twitter:card\" content=\"summary_large_image\" \/>\n<meta name=\"twitter:title\" content=\"Championnats d\u2019Europe Juniors d\u2019aviron : Paul Tixier aux avant-postes. - Gerardmer Info\" \/>\n<meta name=\"twitter:description\" content=\"R\u00e9cemment qualifi\u00e9 en \u00e9quipe de France, le jeune Paul Tixier a particip\u00e9 le week-end dernier \u00e0 Racice en R\u00e9publique Tch\u00e8que [&hellip;]\" \/>\n<meta name=\"twitter:creator\" content=\"@VosgesInfo88\" \/>\n<meta name=\"twitter:site\" content=\"@VosgesInfo88\" \/>\n<meta name=\"twitter:label1\" content=\"\u00c9crit par\" \/>\n\t<meta name=\"twitter:data1\" content=\"qs_admin\" \/>\n\t<meta name=\"twitter:label2\" content=\"Dur\u00e9e de lecture estim\u00e9e\" \/>\n\t<meta name=\"twitter:data2\" content=\"1 minute\" \/>\n<script type=\"application\/ld+json\" class=\"yoast-schema-graph\">{\"@context\":\"https:\/\/schema.org\",\"@graph\":[{\"@type\":\"Article\",\"@id\":\"https:\/\/vosgesinfo.fr\/gerardmerinfo\/2015\/05\/championnats-deurope-juniors-daviron-paul-tixier-aux-avant-postes\/#article\",\"isPartOf\":{\"@id\":\"https:\/\/vosgesinfo.fr\/gerardmerinfo\/2015\/05\/championnats-deurope-juniors-daviron-paul-tixier-aux-avant-postes\/\"},\"author\":{\"name\":\"qs_admin\",\"@id\":\"https:\/\/vosgesinfo.fr\/gerardmerinfo\/#\/schema\/person\/bc5d02d71e6932e81b6dadb7386667b1\"},\"headline\":\"Championnats d\u2019Europe Juniors d\u2019aviron : Paul Tixier aux avant-postes.\",\"datePublished\":\"2015-05-29T14:05:06+00:00\",\"dateModified\":\"2015-05-29T14:05:06+00:00\",\"mainEntityOfPage\":{\"@id\":\"https:\/\/vosgesinfo.fr\/gerardmerinfo\/2015\/05\/championnats-deurope-juniors-daviron-paul-tixier-aux-avant-postes\/\"},\"wordCount\":304,\"commentCount\":0,\"publisher\":{\"@id\":\"https:\/\/vosgesinfo.fr\/gerardmerinfo\/#organization\"},\"articleSection\":[\"Sport\",\"Vosges\"],\"inLanguage\":\"fr-FR\",\"potentialAction\":[{\"@type\":\"CommentAction\",\"name\":\"Comment\",\"target\":[\"https:\/\/vosgesinfo.fr\/gerardmerinfo\/2015\/05\/championnats-deurope-juniors-daviron-paul-tixier-aux-avant-postes\/#respond\"]}]},{\"@type\":\"WebPage\",\"@id\":\"https:\/\/vosgesinfo.fr\/gerardmerinfo\/2015\/05\/championnats-deurope-juniors-daviron-paul-tixier-aux-avant-postes\/\",\"url\":\"https:\/\/vosgesinfo.fr\/gerardmerinfo\/2015\/05\/championnats-deurope-juniors-daviron-paul-tixier-aux-avant-postes\/\",\"name\":\"Championnats d\u2019Europe Juniors d\u2019aviron : Paul Tixier aux avant-postes. - Gerardmer Info\",\"isPartOf\":{\"@id\":\"https:\/\/vosgesinfo.fr\/gerardmerinfo\/#website\"},\"datePublished\":\"2015-05-29T14:05:06+00:00\",\"dateModified\":\"2015-05-29T14:05:06+00:00\",\"breadcrumb\":{\"@id\":\"https:\/\/vosgesinfo.fr\/gerardmerinfo\/2015\/05\/championnats-deurope-juniors-daviron-paul-tixier-aux-avant-postes\/#breadcrumb\"},\"inLanguage\":\"fr-FR\",\"potentialAction\":[{\"@type\":\"ReadAction\",\"target\":[\"https:\/\/vosgesinfo.fr\/gerardmerinfo\/2015\/05\/championnats-deurope-juniors-daviron-paul-tixier-aux-avant-postes\/\"]}]},{\"@type\":\"BreadcrumbList\",\"@id\":\"https:\/\/vosgesinfo.fr\/gerardmerinfo\/2015\/05\/championnats-deurope-juniors-daviron-paul-tixier-aux-avant-postes\/#breadcrumb\",\"itemListElement\":[{\"@type\":\"ListItem\",\"position\":1,\"name\":\"Home\",\"item\":\"https:\/\/vosgesinfo.fr\/gerardmerinfo\/\"},{\"@type\":\"ListItem\",\"position\":2,\"name\":\"Championnats d\u2019Europe Juniors d\u2019aviron : Paul Tixier aux avant-postes.\"}]},{\"@type\":\"WebSite\",\"@id\":\"https:\/\/vosgesinfo.fr\/gerardmerinfo\/#website\",\"url\":\"https:\/\/vosgesinfo.fr\/gerardmerinfo\/\",\"name\":\"Gerardmer Info\",\"description\":\"Toute l&#039;actualit\u00e9 de G\u00e9rardmer\",\"publisher\":{\"@id\":\"https:\/\/vosgesinfo.fr\/gerardmerinfo\/#organization\"},\"alternateName\":\"Toute l'actualit\u00e9 de G\u00e9rardmer\",\"potentialAction\":[{\"@type\":\"SearchAction\",\"target\":{\"@type\":\"EntryPoint\",\"urlTemplate\":\"https:\/\/vosgesinfo.fr\/gerardmerinfo\/?s={search_term_string}\"},\"query-input\":\"required name=search_term_string\"}],\"inLanguage\":\"fr-FR\"},{\"@type\":\"Organization\",\"@id\":\"https:\/\/vosgesinfo.fr\/gerardmerinfo\/#organization\",\"name\":\"Gerardmer Info\",\"url\":\"https:\/\/vosgesinfo.fr\/gerardmerinfo\/\",\"logo\":{\"@type\":\"ImageObject\",\"inLanguage\":\"fr-FR\",\"@id\":\"https:\/\/vosgesinfo.fr\/gerardmerinfo\/#\/schema\/logo\/image\/\",\"url\":\"https:\/\/vosgesinfo.fr\/app\/uploads\/sites\/6\/2023\/08\/favicon-gerardmerinfo.png\",\"contentUrl\":\"https:\/\/vosgesinfo.fr\/app\/uploads\/sites\/6\/2023\/08\/favicon-gerardmerinfo.png\",\"width\":512,\"height\":512,\"caption\":\"Gerardmer Info\"},\"image\":{\"@id\":\"https:\/\/vosgesinfo.fr\/gerardmerinfo\/#\/schema\/logo\/image\/\"},\"sameAs\":[\"https:\/\/www.facebook.com\/profile.php?id=100049475262660\",\"https:\/\/x.com\/VosgesInfo88\",\"https:\/\/www.youtube.com\/@vosgesinfo\"]},{\"@type\":\"Person\",\"@id\":\"https:\/\/vosgesinfo.fr\/gerardmerinfo\/#\/schema\/person\/bc5d02d71e6932e81b6dadb7386667b1\",\"name\":\"qs_admin\",\"image\":{\"@type\":\"ImageObject\",\"inLanguage\":\"fr-FR\",\"@id\":\"https:\/\/vosgesinfo.fr\/gerardmerinfo\/#\/schema\/person\/image\/\",\"url\":\"https:\/\/secure.gravatar.com\/avatar\/94b18ee0ed79e4a42ea2f2931277b6841a8999fc6fde214600c78057cf1fe1de?s=96&d=mm&r=g\",\"contentUrl\":\"https:\/\/secure.gravatar.com\/avatar\/94b18ee0ed79e4a42ea2f2931277b6841a8999fc6fde214600c78057cf1fe1de?s=96&d=mm&r=g\",\"caption\":\"qs_admin\"},\"sameAs\":[\"https:\/\/vosgesinfo.fr\/wp\"],\"url\":\"https:\/\/vosgesinfo.fr\/gerardmerinfo\/author\/qs_admin\/\"}]}<\/script>\n<!-- \/ Yoast SEO plugin. -->","yoast_head_json":{"title":"Championnats d\u2019Europe Juniors d\u2019aviron : Paul Tixier aux avant-postes. - Gerardmer Info","robots":{"index":"index","follow":"follow","max-snippet":"max-snippet:-1","max-image-preview":"max-image-preview:large","max-video-preview":"max-video-preview:-1"},"canonical":"https:\/\/vosgesinfo.fr\/gerardmerinfo\/2015\/05\/championnats-deurope-juniors-daviron-paul-tixier-aux-avant-postes\/","twitter_card":"summary_large_image","twitter_title":"Championnats d\u2019Europe Juniors d\u2019aviron : Paul Tixier aux avant-postes. - Gerardmer Info","twitter_description":"R\u00e9cemment qualifi\u00e9 en \u00e9quipe de France, le jeune Paul Tixier a particip\u00e9 le week-end dernier \u00e0 Racice en R\u00e9publique Tch\u00e8que [&hellip;]","twitter_creator":"@VosgesInfo88","twitter_site":"@VosgesInfo88","twitter_misc":{"\u00c9crit par":"qs_admin","Dur\u00e9e de lecture estim\u00e9e":"1 minute"},"schema":{"@context":"https:\/\/schema.org","@graph":[{"@type":"Article","@id":"https:\/\/vosgesinfo.fr\/gerardmerinfo\/2015\/05\/championnats-deurope-juniors-daviron-paul-tixier-aux-avant-postes\/#article","isPartOf":{"@id":"https:\/\/vosgesinfo.fr\/gerardmerinfo\/2015\/05\/championnats-deurope-juniors-daviron-paul-tixier-aux-avant-postes\/"},"author":{"name":"qs_admin","@id":"https:\/\/vosgesinfo.fr\/gerardmerinfo\/#\/schema\/person\/bc5d02d71e6932e81b6dadb7386667b1"},"headline":"Championnats d\u2019Europe Juniors d\u2019aviron : Paul Tixier aux avant-postes.","datePublished":"2015-05-29T14:05:06+00:00","dateModified":"2015-05-29T14:05:06+00:00","mainEntityOfPage":{"@id":"https:\/\/vosgesinfo.fr\/gerardmerinfo\/2015\/05\/championnats-deurope-juniors-daviron-paul-tixier-aux-avant-postes\/"},"wordCount":304,"commentCount":0,"publisher":{"@id":"https:\/\/vosgesinfo.fr\/gerardmerinfo\/#organization"},"articleSection":["Sport","Vosges"],"inLanguage":"fr-FR","potentialAction":[{"@type":"CommentAction","name":"Comment","target":["https:\/\/vosgesinfo.fr\/gerardmerinfo\/2015\/05\/championnats-deurope-juniors-daviron-paul-tixier-aux-avant-postes\/#respond"]}]},{"@type":"WebPage","@id":"https:\/\/vosgesinfo.fr\/gerardmerinfo\/2015\/05\/championnats-deurope-juniors-daviron-paul-tixier-aux-avant-postes\/","url":"https:\/\/vosgesinfo.fr\/gerardmerinfo\/2015\/05\/championnats-deurope-juniors-daviron-paul-tixier-aux-avant-postes\/","name":"Championnats d\u2019Europe Juniors d\u2019aviron : Paul Tixier aux avant-postes. - Gerardmer Info","isPartOf":{"@id":"https:\/\/vosgesinfo.fr\/gerardmerinfo\/#website"},"datePublished":"2015-05-29T14:05:06+00:00","dateModified":"2015-05-29T14:05:06+00:00","breadcrumb":{"@id":"https:\/\/vosgesinfo.fr\/gerardmerinfo\/2015\/05\/championnats-deurope-juniors-daviron-paul-tixier-aux-avant-postes\/#breadcrumb"},"inLanguage":"fr-FR","potentialAction":[{"@type":"ReadAction","target":["https:\/\/vosgesinfo.fr\/gerardmerinfo\/2015\/05\/championnats-deurope-juniors-daviron-paul-tixier-aux-avant-postes\/"]}]},{"@type":"BreadcrumbList","@id":"https:\/\/vosgesinfo.fr\/gerardmerinfo\/2015\/05\/championnats-deurope-juniors-daviron-paul-tixier-aux-avant-postes\/#breadcrumb","itemListElement":[{"@type":"ListItem","position":1,"name":"Home","item":"https:\/\/vosgesinfo.fr\/gerardmerinfo\/"},{"@type":"ListItem","position":2,"name":"Championnats d\u2019Europe Juniors d\u2019aviron : Paul Tixier aux avant-postes."}]},{"@type":"WebSite","@id":"https:\/\/vosgesinfo.fr\/gerardmerinfo\/#website","url":"https:\/\/vosgesinfo.fr\/gerardmerinfo\/","name":"Gerardmer Info","description":"Toute l&#039;actualit\u00e9 de G\u00e9rardmer","publisher":{"@id":"https:\/\/vosgesinfo.fr\/gerardmerinfo\/#organization"},"alternateName":"Toute l'actualit\u00e9 de G\u00e9rardmer","potentialAction":[{"@type":"SearchAction","target":{"@type":"EntryPoint","urlTemplate":"https:\/\/vosgesinfo.fr\/gerardmerinfo\/?s={search_term_string}"},"query-input":"required name=search_term_string"}],"inLanguage":"fr-FR"},{"@type":"Organization","@id":"https:\/\/vosgesinfo.fr\/gerardmerinfo\/#organization","name":"Gerardmer Info","url":"https:\/\/vosgesinfo.fr\/gerardmerinfo\/","logo":{"@type":"ImageObject","inLanguage":"fr-FR","@id":"https:\/\/vosgesinfo.fr\/gerardmerinfo\/#\/schema\/logo\/image\/","url":"https:\/\/vosgesinfo.fr\/app\/uploads\/sites\/6\/2023\/08\/favicon-gerardmerinfo.png","contentUrl":"https:\/\/vosgesinfo.fr\/app\/uploads\/sites\/6\/2023\/08\/favicon-gerardmerinfo.png","width":512,"height":512,"caption":"Gerardmer Info"},"image":{"@id":"https:\/\/vosgesinfo.fr\/gerardmerinfo\/#\/schema\/logo\/image\/"},"sameAs":["https:\/\/www.facebook.com\/profile.php?id=100049475262660","https:\/\/x.com\/VosgesInfo88","https:\/\/www.youtube.com\/@vosgesinfo"]},{"@type":"Person","@id":"https:\/\/vosgesinfo.fr\/gerardmerinfo\/#\/schema\/person\/bc5d02d71e6932e81b6dadb7386667b1","name":"qs_admin","image":{"@type":"ImageObject","inLanguage":"fr-FR","@id":"https:\/\/vosgesinfo.fr\/gerardmerinfo\/#\/schema\/person\/image\/","url":"https:\/\/secure.gravatar.com\/avatar\/94b18ee0ed79e4a42ea2f2931277b6841a8999fc6fde214600c78057cf1fe1de?s=96&d=mm&r=g","contentUrl":"https:\/\/secure.gravatar.com\/avatar\/94b18ee0ed79e4a42ea2f2931277b6841a8999fc6fde214600c78057cf1fe1de?s=96&d=mm&r=g","caption":"qs_admin"},"sameAs":["https:\/\/vosgesinfo.fr\/wp"],"url":"https:\/\/vosgesinfo.fr\/gerardmerinfo\/author\/qs_admin\/"}]}},"_links":{"self":[{"href":"https:\/\/vosgesinfo.fr\/gerardmerinfo\/wp-json\/wp\/v2\/posts\/12832","targetHints":{"allow":["GET"]}}],"collection":[{"href":"https:\/\/vosgesinfo.fr\/gerardmerinfo\/wp-json\/wp\/v2\/posts"}],"about":[{"href":"https:\/\/vosgesinfo.fr\/gerardmerinfo\/wp-json\/wp\/v2\/types\/post"}],"author":[{"embeddable":true,"href":"https:\/\/vosgesinfo.fr\/gerardmerinfo\/wp-json\/wp\/v2\/users\/1"}],"replies":[{"embeddable":true,"href":"https:\/\/vosgesinfo.fr\/gerardmerinfo\/wp-json\/wp\/v2\/comments?post=12832"}],"version-history":[{"count":0,"href":"https:\/\/vosgesinfo.fr\/gerardmerinfo\/wp-json\/wp\/v2\/posts\/12832\/revisions"}],"wp:attachment":[{"href":"https:\/\/vosgesinfo.fr\/gerardmerinfo\/wp-json\/wp\/v2\/media?parent=12832"}],"wp:term":[{"taxonomy":"category","embeddable":true,"href":"https:\/\/vosgesinfo.fr\/gerardmerinfo\/wp-json\/wp\/v2\/categories?post=12832"},{"taxonomy":"post_tag","embeddable":true,"href":"https:\/\/vosgesinfo.fr\/gerardmerinfo\/wp-json\/wp\/v2\/tags?post=12832"}],"curies":[{"name":"wp","href":"https:\/\/api.w.org\/{rel}","templated":true}]}}